{"id":7523,"date":"2017-12-13T23:03:24","date_gmt":"2017-12-13T23:03:24","guid":{"rendered":"http:\/\/historiografija.hr\/?p=7523"},"modified":"2017-12-13T23:03:24","modified_gmt":"2017-12-13T23:03:24","slug":"predstavljanja-povijesnih-knjiga-u-srbiji","status":"publish","type":"post","link":"https:\/\/historiografija.hr\/?p=7523","title":{"rendered":"Predstavljanja povijesnih knjiga u Srbiji"},"content":{"rendered":"<p>Ovih dana su predstavljene ili \u0107e to uskoro biti knjige \u201cDnevnik iz I svetskog rata\u201d Mom\u010dila Jeroti\u0107a, \u201cBeograd u Velikom ratu \u2013 o\u010dima savremenika\u201d, \u201cSrbi 1903-1914: Istorija ideja\u201d i \u201cSusreti i sukobi \u2013 Ogledi o srpsko-ma\u0111arskim odnosima\u201d.<\/p>\n<p>&nbsp;<\/p>\n<p>&nbsp;<\/p>\n<p>&#8212;-<\/p>\n<p>&nbsp;<\/p>\n<p>&nbsp;<\/p>\n<p><strong>Predstavljanje knjige <em>Dnevnik iz I svetskog rata<\/em> Mom\u010dilo Jeroti\u0107<\/strong><\/p>\n<p>(Ars libri, Zadu\u017ebina Vladete Jeroti\u0107a, 2017)<\/p>\n<p>&nbsp;<\/p>\n<p>&nbsp;<\/p>\n<p>14.12.2017. u 19:00 h<\/p>\n<p>&nbsp;<\/p>\n<p>U\u010destvuju:<br \/>\nakademik Vladeta Jeroti\u0107<br \/>\nprof. dr Aleksandar Rastovi\u0107 i<br \/>\ndr Biljana Vu\u010deti\u0107<\/p>\n<p>&nbsp;<\/p>\n<p>&nbsp;<\/p>\n<p>Amfiteatar Narodne biblioteke Srbije<\/p>\n<p>&nbsp;<\/p>\n<p>&nbsp;<\/p>\n<p>Pozivamo vas 14. decembra, u 19 sati, u Amfiteatar Narodne biblioteke Srbije, na predstavljanje knjige Dnevnik iz I svetskog rata Mom\u010dila Jeroti\u0107a (Ars libri, Zadu\u017ebina Vladete Jeroti\u0107a, 2017).<\/p>\n<p>&nbsp;<\/p>\n<p>&nbsp;<\/p>\n<p>U\u010destvuju:<br \/>\nakademik Vladeta Jeroti\u0107<br \/>\nprof. dr Aleksandar Rastovi\u0107 i<br \/>\ndr Biljana Vu\u010deti\u0107<\/p>\n<p>&nbsp;<\/p>\n<p>&nbsp;<\/p>\n<p>Mom\u010dilo Jeroti\u0107, otac akademika Vladete Jeroti\u0107a, kao podnarednik-\u0111ak svoje dnevni\u010dke zabele\u0161ke vodio je od novembra 1916. do februara 1917. godine i pisan je na 4 razli\u010dita mesta. Dnevnik sadr\u017ei 497 stranica teksta, a ostalih 23 strana sadr\u017ee imenik Jeroti\u0107evih \u0111aka, prijatelja i drugova iz bolnice u Vertekopu, kao i re\u010dnik i gramatiku francuskog jezika.<\/p>\n<p>&nbsp;<\/p>\n<p>&nbsp;<\/p>\n<p>Pored dnevnih i redovnih doga\u0111aja, autor je opisivao i situaciju na Solunskom frontu i stanje na evropskim rati\u0161tima. Zanimljive su i njegove analize diplomatskih akcija i zakulisnih igara velikih sila kao i osvrti na pojedine li\u010dnosti poput Aleksandra Deroka. Osim navedenog, dnevnik sadr\u017ei i prepiske autora sa \u010dlanovima porodice i prijateljima . Bele\u0161ke su pisane naizmeni\u010dno crnim mastilom i grafitnom olovkom, \u010ditkim \u0107irilinim rukopisom u svesci malog formata.<\/p>\n<p>&nbsp;<\/p>\n<p>&nbsp;<\/p>\n<p>Dnevnik iz I svetskog rata priredio je prof. dr Aleksandar Rastovi\u0107 na osnovu originalnog rukopisa dnevnika koji je dao na uvid akademik Vladeta Jeroti\u0107.<\/p>\n<p>&nbsp;<\/p>\n<p>&nbsp;<\/p>\n<p>Izvor: <a href=\"https:\/\/www.nb.rs\/events\/event.php?id=32547\">https:\/\/www.nb.rs\/events\/event.php?id=32547<\/a><\/p>\n<p>&nbsp;<\/p>\n<p>&nbsp;<\/p>\n<p>&#8212;<\/p>\n<p>&nbsp;<\/p>\n<p>&nbsp;<\/p>\n<p><strong>Predstavljena knjiga <em>Beograd u Velikom ratu \u2013 o\u010dima savremenika<\/em> Milo\u0161a Bruna<\/strong><br \/>\n(Arhipelag, 2017).<\/p>\n<p>12.12.2017. u 19:00 h<\/p>\n<p>&nbsp;<\/p>\n<p>U\u010destvovali:<br \/>\nprof. dr Suzana Raji\u0107, rezenzent,<br \/>\ndr Danilo \u0160arenac, recenzent,<br \/>\nGojko Bo\u017eovi\u0107, izdava\u010d, i<br \/>\nMilo\u0161 Brun, autor<\/p>\n<p>U Atrijumu Narodne biblioteke Srbije, predstavljena je knjiga Beograd u Velikom ratu \u2013 o\u010dima savremenika Milo\u0161a Bruna (Arhipelag, 2017).<\/p>\n<p>&nbsp;<\/p>\n<p>&nbsp;<\/p>\n<p>U\u010destvovali:<br \/>\nprof. dr Suzana Raji\u0107, rezenzent,<br \/>\ndr Danilo \u0160arenac, recenzent,<br \/>\nGojko Bo\u017eovi\u0107, izdava\u010d, i<br \/>\nMilo\u0161 Brun, autor.<\/p>\n<p>&nbsp;<\/p>\n<p>&nbsp;<\/p>\n<p><em>Beograd u Velikom ratu \u2013 o\u010dima savremenika<\/em> Milo\u0161a Bruna nastala je kroz trogodi\u0161nji istra\u017eiva\u010dki rad, u kojem je raznorodna gra\u0111a tretirana kao izvor za prou\u010davanje svakodnevnog \u017eivota stanovni\u0161tva Beograda tokom Prvog svetskog rata. Autor se opredelio za istra\u017eivanje percepcije rata iz ugla obi\u010dnog \u010doveka. Do\u0161av\u0161i u dodir sa \u0161tampom, dokumentima i razli\u010ditom vrstom artefakata, Brun je, izme\u0111u ostalog, \u017eamor ulice, odjeke kafanskih abrova pija\u010dno gun\u0111anje na visoke cene preselio na hartiju i poku\u0161ao da upotpuni znanja o burnoj pro\u0161losti Beograda.<\/p>\n<p>&nbsp;<\/p>\n<p>&nbsp;<\/p>\n<p>Prema re\u010dima jednog od recenzenata izdanja dr Danila \u0160arenca, ova knjiga je prva dru\u0161tvena istorija Beograda u Prvom svetskom ratu. Pri tome, nije re\u010d o klasi\u010dnoj rekonstrukciji ratnih sudbina stanovnika Beograda, ve\u0107, mnogo \u0161ire, o svemu \u0161to \u010dini \u017eivot u jednom gradu bilo da je on u ratnom ili mirnodopskom kontekstu.<\/p>\n<p>&nbsp;<\/p>\n<p>Milo\u0161 Brun je diplomirao istoriju na Filozofskom fakultetu u Beogradu. Polje interesovanja mu je dru\u0161tveni i kulturni \u017eivot rodnoga grada, kao i o\u010duvanje spomeni\u010dke ba\u0161tine srpske prestonice. Svoje zanimanje za srpsku \u0161tampu druge polovine 19. i prvu polovinu 20.veka iskoristio je za pisanje prve dru\u0161tvene istorije Beograda u Prvom svetskom ratu i svoj istoriografski prvenac.<\/p>\n<p>&nbsp;<\/p>\n<p>&nbsp;<\/p>\n<p>Izvor: <a href=\"https:\/\/www.nb.rs\/events\/event.php?id=32551\">https:\/\/www.nb.rs\/events\/event.php?id=32551<\/a><\/p>\n<p>&nbsp;<\/p>\n<p>&nbsp;<\/p>\n<p>&#8212;<\/p>\n<p>&nbsp;<\/p>\n<p>\u0411\u0438\u0431\u043b\u0438\u043e\u0442\u0435\u043a\u0430 \u201c\u0413\u043b\u0438\u0433\u043e\u0440\u0438\u0458\u0435 \u0412\u043e\u0437\u0430\u0440\u043e\u0432\u0438\u045b\u201d \u0438 \u0418\u0437\u0434\u0430\u0432\u0430\u0447\u043a\u0430 \u043a\u0443\u045b\u0430 \u041a\u041b\u0418\u041e<br \/>\n\u043f\u043e\u0437\u0438\u0432\u0430\u0458\u0443 \u0432\u0430\u0441 \u043d\u0430 \u043f\u0440\u0435\u0434\u0441\u0442\u0430\u0432\u0459\u0430\u045a\u0435 \u043a\u045a\u0438\u0433\u0435<\/p>\n<p>&nbsp;<\/p>\n<p><strong>\u0421\u0420\u0411\u0418 1903-1914<\/strong><br \/>\n<strong>\u0418\u0441\u0442\u043e\u0440\u0438\u0458\u0430 \u0438\u0434\u0435\u0458\u0430<\/strong><\/p>\n<p>\u043f\u0440\u0438\u0440\u0435\u0434\u0438\u043e \u041c\u0438\u043b\u043e\u0448 \u041a\u043e\u0432\u0438\u045b<\/p>\n<p>&nbsp;<\/p>\n<p>&nbsp;<\/p>\n<p>\u0433\u043e\u0432\u043e\u0440\u0435<br \/>\n\u041c\u0438\u043b\u043e\u0448 \u041a\u043e\u0432\u0438\u045b, \u0438\u0441\u0442\u043e\u0440\u0438\u0447\u0430\u0440<br \/>\n\u0417\u043e\u0440\u0430\u043d \u0425\u0430\u043c\u043e\u0432\u0438\u045b, \u0433\u043b\u0430\u0432\u043d\u0438 \u0443\u0440\u0435\u0434\u043d\u0438\u043a \u0418\u041f \u041a\u043b\u0438\u043e<\/p>\n<p>&nbsp;<\/p>\n<p>&nbsp;<\/p>\n<p>\u043f\u0435\u0442\u0430\u043a, 15. \u0434\u0435\u0446\u0435\u043c\u0431\u0430\u0440, 18 \u0441\u0430\u0442\u0438, \u0411\u0438\u0431\u043b\u0438\u043e\u0442\u0435\u043a\u0430 \u201c\u0413\u043b\u0438\u0433\u043e\u0440\u0438\u0458\u0435 \u0412\u043e\u0437\u0430\u0440\u043e\u0432\u0438\u045b\u201d<br \/>\n(\u0412\u0443\u043a\u0430 \u041a\u0430\u0440\u0430\u045f\u0438\u045b\u0430 1, \u0421\u0440\u0435\u043c\u0441\u043a\u0430 \u041c\u0438\u0442\u0440\u043e\u0432\u0438\u0446\u0430)<\/p>\n<p>&nbsp;<\/p>\n<p>&nbsp;<\/p>\n<p>Vezane knjige:<br \/>\n<strong>SRBI 1903\u20131914: Istorija ideja<\/strong><\/p>\n<p>&nbsp;<\/p>\n<p>&nbsp;<\/p>\n<p>Izvor: <a href=\"http:\/\/clio.rs\/CLIO-U-SREMSKOJ-MITROVICI_Vest_86493\">http:\/\/clio.rs\/CLIO-U-SREMSKOJ-MITROVICI_Vest_86493<\/a><\/p>\n<p>&nbsp;<\/p>\n<p>&nbsp;<\/p>\n<p>&#8212;<\/p>\n<p>&nbsp;<\/p>\n<p>&nbsp;<\/p>\n<p>\u0418\u0441\u0442\u043e\u0440\u0438\u0458\u0441\u043a\u0438 \u043c\u0443\u0437\u0435\u0458 \u0421\u0440\u0431\u0438\u0458\u0435 \u0438 \u0418\u0437\u0434\u0430\u0432\u0430\u0447\u043a\u0430 \u043a\u0443\u045b\u0430 \u041a\u041b\u0418\u041e<br \/>\n\u043f\u043e\u0437\u0438\u0432\u0430\u0458\u0443 \u0432\u0430\u0441 \u043d\u0430 \u043f\u0440\u0435\u0434\u0441\u0442\u0430\u0432\u0459\u0430\u045a\u0435 \u043a\u045a\u0438\u0433\u0435<\/p>\n<p>&nbsp;<\/p>\n<p>&nbsp;<\/p>\n<p>\u0410\u0440\u043f\u0430\u0434 \u0425\u043e\u0440\u045a\u0430\u043a<br \/>\n<strong>\u0421\u0423\u0421\u0420\u0415\u0422\u0418 \u0418 \u0421\u0423\u041a\u041e\u0411\u0418 <\/strong><br \/>\n<strong>\u041e\u0433\u043b\u0435\u0434\u0438 \u043e \u0441\u0440\u043f\u0441\u043a\u043e-\u043c\u0430\u0452\u0430\u0440\u0441\u043a\u0438\u043c \u043e\u0434\u043d\u043e\u0441\u0438\u043c\u0430<\/strong><\/p>\n<p>&nbsp;<\/p>\n<p>&nbsp;<\/p>\n<p>\u0433\u043e\u0432\u043e\u0440\u0435<br \/>\n\u0434\u0440 \u0410\u0440\u043f\u0430\u0434 \u0425\u043e\u0440\u045a\u0430\u043a, \u0438\u0441\u0442\u043e\u0440\u0438\u0447\u0430\u0440, \u0423\u043d\u0438\u0432\u0435\u0440\u0437\u0438\u0442\u0435\u0442 \u0443 \u041f\u0435\u0447\u0443\u0458\u0443<br \/>\n\u0434\u0440 \u0421\u043c\u0438\u0459\u0430 \u041c\u0430\u0440\u0458\u0430\u043d\u043e\u0432\u0438\u045b \u0414\u0443\u0448\u0430\u043d\u0438\u045b, \u0438\u0441\u0442\u043e\u0440\u0438\u0447\u0430\u0440\u043a\u0430, \u0423\u043d\u0438\u0432\u0435\u0440\u0437\u0438\u0442\u0435\u0442 \u0443 \u0411\u0435\u043e\u0433\u0440\u0430\u0434\u0443, \u0443\u0440\u0435\u0434\u043d\u0438\u0446\u0430 \u0435\u0434\u0438\u0446\u0438\u0458\u0435 \u041f\u043e\u043b\u0438\u0441<br \/>\n\u0434\u0440 \u0417\u043e\u0440\u0430\u043d \u0408\u0430\u045a\u0435\u0442\u043e\u0432\u0438\u045b, \u0438\u0441\u0442\u043e\u0440\u0438\u0447\u0430\u0440, \u0418\u043d\u0441\u0442\u0438\u0442\u0443\u0442 \u0437\u0430 \u043d\u043e\u0432\u0438\u0458\u0443 \u0438\u0441\u0442\u043e\u0440\u0438\u0458\u0443 \u0421\u0440\u0431\u0438\u0458\u0435<br \/>\n\u0434\u0440 \u0414\u0440\u0430\u0433\u0430\u043d \u0411\u0430\u043a\u0438\u045b, \u0438\u0441\u0442\u043e\u0440\u0438\u0447\u0430\u0440, \u0411\u0430\u043b\u043a\u0430\u043d\u043e\u043b\u043e\u0448\u043a\u0438 \u0438\u043d\u0441\u0442\u0438\u0442\u0443\u0442 \u0421\u0410\u041d\u0423<br \/>\n\u0412\u0435\u0459\u043a\u043e \u0421\u0442\u0430\u043d\u0438\u045b, \u0438\u0441\u0442\u043e\u0440\u0438\u0447\u0430\u0440, \u0411\u0430\u043b\u043a\u0430\u043d\u043e\u043b\u043e\u0448\u043a\u0438 \u0438\u043d\u0441\u0442\u0438\u0442\u0443\u0442 \u0421\u0410\u041d\u0423<\/p>\n<p>&nbsp;<\/p>\n<p>&nbsp;<\/p>\n<p>\u0441\u0440\u0435\u0434\u0430, 6. \u0434\u0435\u0446\u0435\u043c\u0431\u0430\u0440, 18 \u0441\u0430\u0442\u0438, \u0418\u0441\u0442\u043e\u0440\u0438\u0458\u0441\u043a\u0438 \u043c\u0443\u0437\u0435\u0458 \u0421\u0440\u0431\u0438\u0458\u0435<br \/>\n(\u0422\u0440\u0433 \u041d\u0438\u043a\u043e\u043b\u0435 \u041f\u0430\u0448\u0438\u045b\u0430 11, \u0411\u0435\u043e\u0433\u0440\u0430\u0434)<\/p>\n<p>&nbsp;<\/p>\n<p>Vezane knjige:<br \/>\n<strong>SUSRETI I SUKOBI \u2013 Ogledi o srpsko-ma\u0111arskim odnosima<\/strong><\/p>\n<p>&nbsp;<\/p>\n<p>&nbsp;<\/p>\n<p>Izvor: <a href=\"http:\/\/clio.rs\/SUSRETI-I-SUKOBI-U-ISTORIJSKOM-MUZEJU-SRBIJE_Vest_86114\">http:\/\/clio.rs\/SUSRETI-I-SUKOBI-U-ISTORIJSKOM-MUZEJU-SRBIJE_Vest_86114<\/a><\/p>\n<p>&nbsp;<\/p>\n<p>&nbsp;<\/p>\n","protected":false},"excerpt":{"rendered":"","protected":false},"author":2,"featured_media":7524,"comment_status":"open","ping_status":"open","sticky":false,"template":"","format":"standard","meta":{"_acf_changed":false,"jetpack_post_was_ever_published":false,"_jetpack_newsletter_access":"","_jetpack_dont_email_post_to_subs":false,"_jetpack_newsletter_tier_id":0,"_jetpack_memberships_contains_paywalled_content":false,"_jetpack_memberships_contains_paid_content":false,"footnotes":"","jetpack_publicize_message":"","jetpack_publicize_feature_enabled":true,"jetpack_social_post_already_shared":true,"jetpack_social_options":{"image_generator_settings":{"template":"highway","default_image_id":0,"font":"","enabled":false},"version":2}},"categories":[3],"tags":[],"class_list":["post-7523","post","type-post","status-publish","format-standard","has-post-thumbnail","hentry","category-novosti"],"acf":{"facebook_opis":""},"jetpack_publicize_connections":[],"jetpack_featured_media_url":"https:\/\/i0.wp.com\/historiografija.hr\/wp-content\/uploads\/2017\/12\/Dnevnik-rat.png?fit=800%2C450&ssl=1","jetpack_sharing_enabled":true,"jetpack-related-posts":[{"id":52675,"url":"https:\/\/historiografija.hr\/?p=52675","url_meta":{"origin":7523,"position":0},"title":"Predstavljanje knjige Luke Peji\u0107a &#8220;U taboru anarhista: \u017divot Ivana Zeppa&#8221; u Osijeku","author":"Branimir Jankovi\u0107","date":"27. travnja 2026.","format":false,"excerpt":"U \u010detvrtak, 30. travnja 2026.\u00a0u\u00a019.00 sati\u00a0u Klubu knji\u017eare Nova\u00a0(Trg Ante Star\u010devi\u0107a 4, Osijek) odr\u017eat \u0107e se predstavljanje nove knjige Luke Peji\u0107a U taboru anarhista: \u017divot Ivana Zeppa (DAF, 2025.). Uz autora o knjizi \u0107e govoriti recenzent i povjesni\u010dar Nikola Toma\u0161egovi\u0107 te povjesni\u010darka Ana Rajkovi\u0107 Peji\u0107. Razgovor \u0107e moderirati doktorandica\u00a0Valentina Kezi\u0107.\u2026","rel":"","context":"U &quot;Novosti&quot;","block_context":{"text":"Novosti","link":"https:\/\/historiografija.hr\/?cat=3"},"img":{"alt_text":"","src":"https:\/\/i0.wp.com\/historiografija.hr\/wp-content\/uploads\/2025\/11\/Pejic.jpg?fit=574%2C790&ssl=1&resize=350%2C200","width":350,"height":200,"srcset":"https:\/\/i0.wp.com\/historiografija.hr\/wp-content\/uploads\/2025\/11\/Pejic.jpg?fit=574%2C790&ssl=1&resize=350%2C200 1x, https:\/\/i0.wp.com\/historiografija.hr\/wp-content\/uploads\/2025\/11\/Pejic.jpg?fit=574%2C790&ssl=1&resize=525%2C300 1.5x"},"classes":[]},{"id":52520,"url":"https:\/\/historiografija.hr\/?p=52520","url_meta":{"origin":7523,"position":1},"title":"Predstavljanje knjige &#8220;Socialist Economics in Yugoslavia: A Critical History&#8221; u Zagrebu","author":"Branimir Jankovi\u0107","date":"17. travnja 2026.","format":false,"excerpt":"Pozivamo vas na predstavljanje knjige \"Socialist Economics in Yugoslavia: A Critical History\", autora Mislava \u00a0\u017ditka i Marka Grde\u0161i\u0107a (Routledge, 2026). Na predstavljanju \u0107e govoriti Branko Milanovi\u0107 (CUNY), Milica Uvali\u0107 (EUI), Zdravko Petak (FPZG) te autori.\u00a0 Predstavljanje \u0107e se odr\u017eati u srijedu 22. travnja u 16:00 sati na Fakultetu politi\u010dkih znanosti\u2026","rel":"","context":"U &quot;Novosti&quot;","block_context":{"text":"Novosti","link":"https:\/\/historiografija.hr\/?cat=3"},"img":{"alt_text":"","src":"https:\/\/i0.wp.com\/historiografija.hr\/wp-content\/uploads\/2026\/04\/Poziv-na-predstavljanje.png?fit=800%2C652&ssl=1&resize=350%2C200","width":350,"height":200,"srcset":"https:\/\/i0.wp.com\/historiografija.hr\/wp-content\/uploads\/2026\/04\/Poziv-na-predstavljanje.png?fit=800%2C652&ssl=1&resize=350%2C200 1x, https:\/\/i0.wp.com\/historiografija.hr\/wp-content\/uploads\/2026\/04\/Poziv-na-predstavljanje.png?fit=800%2C652&ssl=1&resize=525%2C300 1.5x, https:\/\/i0.wp.com\/historiografija.hr\/wp-content\/uploads\/2026\/04\/Poziv-na-predstavljanje.png?fit=800%2C652&ssl=1&resize=700%2C400 2x"},"classes":[]},{"id":52613,"url":"https:\/\/historiografija.hr\/?p=52613","url_meta":{"origin":7523,"position":2},"title":"No\u0107 knjige u Hrvatskom dr\u017eavnom arhivu","author":"Branimir Jankovi\u0107","date":"22. travnja 2026.","format":false,"excerpt":"Predstavljanje knjige Rajke Bu\u0107in \u201dLije\u010denje i zbrinjavanje \u017didova u Bolnici sestara milosrdnica u Zagrebu 1941. \u2013 1945.\u201d u \u010detvrtak, 23. travnja 2026. u 13 sati u Hrvatskom dr\u017eavnom arhivu u Zagrebu. Izvor: https:\/\/www.arhiv.hr\/hr-hr\/Kulturno-prosvjetne-aktivnosti\/ArticleId\/1986\/oamid\/1633","rel":"","context":"U &quot;Novosti&quot;","block_context":{"text":"Novosti","link":"https:\/\/historiografija.hr\/?cat=3"},"img":{"alt_text":"","src":"https:\/\/i0.wp.com\/historiografija.hr\/wp-content\/uploads\/2026\/04\/noc_knjige_2026.jpg?fit=680%2C276&ssl=1&resize=350%2C200","width":350,"height":200,"srcset":"https:\/\/i0.wp.com\/historiografija.hr\/wp-content\/uploads\/2026\/04\/noc_knjige_2026.jpg?fit=680%2C276&ssl=1&resize=350%2C200 1x, https:\/\/i0.wp.com\/historiografija.hr\/wp-content\/uploads\/2026\/04\/noc_knjige_2026.jpg?fit=680%2C276&ssl=1&resize=525%2C300 1.5x"},"classes":[]},{"id":52589,"url":"https:\/\/historiografija.hr\/?p=52589","url_meta":{"origin":7523,"position":3},"title":"Predstavljena knjiga Miomira \u017du\u017eula &#8220;Dayton: Diplomacija &#8211; druga strana rata&#8221;","author":"Branimir Jankovi\u0107","date":"22. travnja 2026.","format":false,"excerpt":"Knjiga Miomira \u017du\u017eula \u201eDayton: Diplomacija \u2013 druga strana rata\u201d predstavljena je u srijedu, 22. travnja 2026. godine u foajeu Hrvatskoga narodnog kazali\u0161ta u Zagrebu. Op\u0161irnije: https:\/\/vijesti.hrt.hr\/hrvatska\/predstavljena-knjiga-miomira-zuzula-dayton-diplomacija-druga-strana-rata-12683259 https:\/\/www.vecernji.ba\/amp\/vijesti\/zuzulova-knjiga-o-daytonu-predstavljena-u-zagrebu-diplomacija-kao-druga-strana-rata-1953700 https:\/\/www.tportal.hr\/vijesti\/clanak\/bivsi-sanaderov-ministar-odrzao-promociju-evo-tko-je-sve-dosao-na-predstavljanje-knjige-miomira-zuzula-foto-20260422 https:\/\/direktno.hr\/zivot\/kultura\/zuzul-otkrio-sve-o-drugoj-strani-rata-za-hrvatsku-se-nije-libio-povuci-nekoga-i-za-kosu-395042 https:\/\/www.24sata.hr\/news\/miomir-zuzul-predstavio-je-knjigu-o-daytonu-diplomacija-je-bila-druga-strana-rata-1123152 https:\/\/www.vecernji.hr\/kultura\/kolinda-grabar-kitarovic-otvoreno-miomir-zuzul-nije-vukao-samo-za-rukav-nego-i-za-kosu-1953722 https:\/\/www.vecernji.hr\/kultura\/i-papa-lav-xiv-eksplicitno-je-daytonski-sporazum-istaknuo-kao-primjer-uspjesna-rjesavanja-sukoba-1952215","rel":"","context":"U &quot;Novosti&quot;","block_context":{"text":"Novosti","link":"https:\/\/historiografija.hr\/?cat=3"},"img":{"alt_text":"","src":"https:\/\/i0.wp.com\/historiografija.hr\/wp-content\/uploads\/2026\/04\/Dayton.jpg?fit=1024%2C683&ssl=1&resize=350%2C200","width":350,"height":200,"srcset":"https:\/\/i0.wp.com\/historiografija.hr\/wp-content\/uploads\/2026\/04\/Dayton.jpg?fit=1024%2C683&ssl=1&resize=350%2C200 1x, https:\/\/i0.wp.com\/historiografija.hr\/wp-content\/uploads\/2026\/04\/Dayton.jpg?fit=1024%2C683&ssl=1&resize=525%2C300 1.5x, https:\/\/i0.wp.com\/historiografija.hr\/wp-content\/uploads\/2026\/04\/Dayton.jpg?fit=1024%2C683&ssl=1&resize=700%2C400 2x"},"classes":[]},{"id":52592,"url":"https:\/\/historiografija.hr\/?p=52592","url_meta":{"origin":7523,"position":4},"title":"Predstavljanje knjige &#8220;Turska ku\u0107a u Rijeci&#8221; u Zagrebu","author":"Branimir Jankovi\u0107","date":"22. travnja 2026.","format":false,"excerpt":"U prostorijama Turskog kulturnog centra Yunus Emre u Zagrebu, u utorak 21. travnja 2026. godine, odr\u017eano je sve\u010dano predstavljanje dopunjenog izdanja knjige Turska ku\u0107a u Rijeci, u organizaciji Hrvatsko-turskog dru\u0161tva Rijeka i partnerstvu sa Skupinom prijateljstva Hrvatska-Turska Hrvatskog sabora, Veleposlanstvom Republike Turske u Republici Hrvatskoj te Turskim kulturnim centrom Yunus\u2026","rel":"","context":"U &quot;Novosti&quot;","block_context":{"text":"Novosti","link":"https:\/\/historiografija.hr\/?cat=3"},"img":{"alt_text":"","src":"https:\/\/i0.wp.com\/historiografija.hr\/wp-content\/uploads\/2026\/04\/Turska-kuca-ZG.jpg?fit=1200%2C800&ssl=1&resize=350%2C200","width":350,"height":200,"srcset":"https:\/\/i0.wp.com\/historiografija.hr\/wp-content\/uploads\/2026\/04\/Turska-kuca-ZG.jpg?fit=1200%2C800&ssl=1&resize=350%2C200 1x, https:\/\/i0.wp.com\/historiografija.hr\/wp-content\/uploads\/2026\/04\/Turska-kuca-ZG.jpg?fit=1200%2C800&ssl=1&resize=525%2C300 1.5x, https:\/\/i0.wp.com\/historiografija.hr\/wp-content\/uploads\/2026\/04\/Turska-kuca-ZG.jpg?fit=1200%2C800&ssl=1&resize=700%2C400 2x, https:\/\/i0.wp.com\/historiografija.hr\/wp-content\/uploads\/2026\/04\/Turska-kuca-ZG.jpg?fit=1200%2C800&ssl=1&resize=1050%2C600 3x"},"classes":[]},{"id":52603,"url":"https:\/\/historiografija.hr\/?p=52603","url_meta":{"origin":7523,"position":5},"title":"No\u0107 knjige: Carska i kraljevska kuhinja","author":"Branimir Jankovi\u0107","date":"22. travnja 2026.","format":false,"excerpt":"Pozivamo vas da nam se pridru\u017eite 23. travnja 2026. u 18 sati u obilje\u017eavanju No\u0107i knjige u Pivnici Bobi&Rudi na Trgu Ivana Me\u0161trovi\u0107a u Zapru\u0111u u Zagrebu gdje uz kavu \u010ditamo recepte iz zemalja Austro-Ugarske Monarhije iz knjige Carska i kraljevska kuhinja, autora Roberta Mak\u0142owicza, u prijevodu Damira Agi\u010di\u0107a. Izvor:\u2026","rel":"","context":"U &quot;Novosti&quot;","block_context":{"text":"Novosti","link":"https:\/\/historiografija.hr\/?cat=3"},"img":{"alt_text":"","src":"https:\/\/i0.wp.com\/historiografija.hr\/wp-content\/uploads\/2026\/04\/Noc-knjige-Carska-i-kraljevska.jpg?fit=1200%2C1200&ssl=1&resize=350%2C200","width":350,"height":200,"srcset":"https:\/\/i0.wp.com\/historiografija.hr\/wp-content\/uploads\/2026\/04\/Noc-knjige-Carska-i-kraljevska.jpg?fit=1200%2C1200&ssl=1&resize=350%2C200 1x, https:\/\/i0.wp.com\/historiografija.hr\/wp-content\/uploads\/2026\/04\/Noc-knjige-Carska-i-kraljevska.jpg?fit=1200%2C1200&ssl=1&resize=525%2C300 1.5x, https:\/\/i0.wp.com\/historiografija.hr\/wp-content\/uploads\/2026\/04\/Noc-knjige-Carska-i-kraljevska.jpg?fit=1200%2C1200&ssl=1&resize=700%2C400 2x, https:\/\/i0.wp.com\/historiografija.hr\/wp-content\/uploads\/2026\/04\/Noc-knjige-Carska-i-kraljevska.jpg?fit=1200%2C1200&ssl=1&resize=1050%2C600 3x"},"classes":[]}],"_links":{"self":[{"href":"https:\/\/historiografija.hr\/index.php?rest_route=\/wp\/v2\/posts\/7523","targetHints":{"allow":["GET"]}}],"collection":[{"href":"https:\/\/historiografija.hr\/index.php?rest_route=\/wp\/v2\/posts"}],"about":[{"href":"https:\/\/historiografija.hr\/index.php?rest_route=\/wp\/v2\/types\/post"}],"author":[{"embeddable":true,"href":"https:\/\/historiografija.hr\/index.php?rest_route=\/wp\/v2\/users\/2"}],"replies":[{"embeddable":true,"href":"https:\/\/historiografija.hr\/index.php?rest_route=%2Fwp%2Fv2%2Fcomments&post=7523"}],"version-history":[{"count":1,"href":"https:\/\/historiografija.hr\/index.php?rest_route=\/wp\/v2\/posts\/7523\/revisions"}],"predecessor-version":[{"id":7525,"href":"https:\/\/historiografija.hr\/index.php?rest_route=\/wp\/v2\/posts\/7523\/revisions\/7525"}],"wp:featuredmedia":[{"embeddable":true,"href":"https:\/\/historiografija.hr\/index.php?rest_route=\/wp\/v2\/media\/7524"}],"wp:attachment":[{"href":"https:\/\/historiografija.hr\/index.php?rest_route=%2Fwp%2Fv2%2Fmedia&parent=7523"}],"wp:term":[{"taxonomy":"category","embeddable":true,"href":"https:\/\/historiografija.hr\/index.php?rest_route=%2Fwp%2Fv2%2Fcategories&post=7523"},{"taxonomy":"post_tag","embeddable":true,"href":"https:\/\/historiografija.hr\/index.php?rest_route=%2Fwp%2Fv2%2Ftags&post=7523"}],"curies":[{"name":"wp","href":"https:\/\/api.w.org\/{rel}","templated":true}]}}