{"id":7474,"date":"2017-12-09T16:53:17","date_gmt":"2017-12-09T16:53:17","guid":{"rendered":"http:\/\/historiografija.hr\/?p=7474"},"modified":"2017-12-09T17:03:06","modified_gmt":"2017-12-09T17:03:06","slug":"ana-miskovska-kajevska-feminist-activism-at-war-belgrade-and-zagreb-feminists-in-the-1990s","status":"publish","type":"post","link":"https:\/\/historiografija.hr\/?p=7474","title":{"rendered":"Ana Mi\u0161kovska Kajevska, \u201cFeminist Activism at War: Belgrade and Zagreb Feminists in the 1990s\u201d"},"content":{"rendered":"<p>Izdava\u010d Routledge objavio je 2017. knjigu Ane Mi\u0161kovske Kajevske koja obra\u0111uje pozicioniranje feministica u Beogradu i Zagrebu 1990-ih godina prema (poslije)jugoslavenskim ratovima.<\/p>\n<p>&nbsp;<\/p>\n<p>&nbsp;<\/p>\n<p>&#8212;<\/p>\n<p>&nbsp;<\/p>\n<p>&nbsp;<\/p>\n<p><strong>Feminist Activism at War: Belgrade and Zagreb Feminists in the 1990s<\/strong><\/p>\n<p>&nbsp;<\/p>\n<p>&nbsp;<\/p>\n<p>May 25, 2017 by Routledge<\/p>\n<p>186 Pages<\/p>\n<p>&nbsp;<\/p>\n<p>&nbsp;<\/p>\n<p>Preview<\/p>\n<p>&nbsp;<\/p>\n<p><a href=\"https:\/\/www.crcpress.com\/Feminist-Activism-at-War-Belgrade-and-Zagreb-Feminists-in-the-1990s\/Kajevska\/p\/book\/9781138697683\">https:\/\/www.crcpress.com\/Feminist-Activism-at-War-Belgrade-and-Zagreb-Feminists-in-the-1990s\/Kajevska\/p\/book\/9781138697683<\/a><\/p>\n<p>&nbsp;<\/p>\n<p><strong>Summary<\/strong><\/p>\n<p>&nbsp;<\/p>\n<p>This book describes, compares, explains, and contextualises the positionings, i.e. discourses and activities, which feminists in Belgrade, Serbia and Zagreb, Croatia produced in relation to the (post-)Yugoslav wars of the 1990s. Two types of positionings are analysed: those which the feminists have produced on the (sexual) war violence and those which they have produced on each other.<\/p>\n<p>&nbsp;<\/p>\n<p>Applying a Bourdieuian framework and using interviews with key feminist and peace activists in the region alongside a thorough examination of organisational documents and printed media articles, Ana Mi\u0161kovska Kajevska challenges the common suggestion that the outbreak of the war violence in 1991 led to the same reorganisation of the Belgrade and Zagreb feminist fields. She corrects the understanding that the activists in each city, who had up until then worked together without tensions, divided at the same time and in the same manner into antinationalists and nationalists and began clashing with each other because of the different war-related positionings. Mi\u0161kovska Kajevska explains further that the terms \u2018antinationalist\u2019 and \u2018nationalist\u2019 were not completely value-free and objective, and had different meanings attached to them. These designations were an essential part not only of the local and international efforts to stop the (sexual) war violence, but also of the struggle for legitimacy among the feminists in each city \u2013 endeavours in which many Western (feminist) academics, activists, and funders were involved, too.<\/p>\n<p>&nbsp;<\/p>\n<p>In addition to providing insights into the situation in Croatia and Serbia, this book will also help increase the understanding of intra-feminist dynamics in other regions of the world which are dominated by nationalism and war violence, and where the work of the local feminists is closely intertwined with \u2013 and often dependent on \u2013 these activists\u2019 contacts with foreign academic, funding, activist, and\/or political entities.<\/p>\n<p>&nbsp;<\/p>\n<p>&nbsp;<\/p>\n<p><strong>Table of Contents<\/strong><\/p>\n<p>&nbsp;<\/p>\n<p>&nbsp;<\/p>\n<p>Acknowledgements<\/p>\n<p>Chapter One: Feminism at War: An Introduction<\/p>\n<p>Chapter Two: Portrayals of Feminist NGOs<\/p>\n<p>Chapter Three: A Time to Examine the Common Scholarly Narrative<\/p>\n<p>Chapter Four: Positioning as a Process: Nine Episodes of Interaction<\/p>\n<p>Chapter Five: Revisiting the 1990s: A View from a Distance?<\/p>\n<p>Chapter Six: A Critical Novel Look at the Old Dynamics and Knowledge<\/p>\n<p>Index<\/p>\n<p>&nbsp;<\/p>\n<p>&nbsp;<\/p>\n<p><strong>Author(s) Bio<\/strong><\/p>\n<p>&nbsp;<\/p>\n<p>&nbsp;<\/p>\n<p>Ana Mi\u0161kovska Kajevska is a researcher, peaceworker, and activist affiliated with the Department of Political Science of the University of Amsterdam.<\/p>\n<p>&nbsp;<\/p>\n<p>&nbsp;<\/p>\n<p><strong>Reviews<\/strong><\/p>\n<p>&nbsp;<\/p>\n<p>&#8216;It will be difficult to overstate the relevance of this book beyond its apparent narrow regional focus \u2013 capitals of the two former Yugoslav republics. As the second decade of the 21st century ebbs towards its end, the populism, nationalism, racism and misogyny that marked the violent disintegration of Yugoslavia are back with a vengeance on a global scale. It appears easy to unite as feminists \u2013 nationally and internationally \u2013 against the most visible and most infamous populist icons. But, it is the nitty-gritty of daily work against the \u2018us-and-them\u2019 politics where the conflicting positioning, contesting interpretations, and labelling and silencing occur. We would be wise to learn \u2013 in this book &#8211; how this happens, if not how to prevent it from happening.&#8217; &#8211; <em>Dr. Dubravka Zarkov, International Institute of Social Studies<\/em><\/p>\n<p>&nbsp;<\/p>\n<p>&#8216;Mi\u0161kovska Kajevska\u2019s book challenges simplistic dichotomies that come with nationalism and war. Her incisive analysis dissects divisions that cut across and within Croatian and Serbian feminist groups in the 1990s. It offers a novel perspective on the feminist response to conflict, by conducting a rigorous comparison and marshalling persuasive evidence, and provides a lucid account of fragmentation and restructuring of civil society in the context of nationalism and war. It will be of great value to scholars of nationalism, democratisation and ethnic politics.&#8217; &#8211; <em>Dr. Denisa Kostovicova, Associate Professor in Global Politics, London School of Economics and Political Science<\/em><\/p>\n<p>&nbsp;<\/p>\n<p>&nbsp;<\/p>\n","protected":false},"excerpt":{"rendered":"","protected":false},"author":2,"featured_media":7477,"comment_status":"open","ping_status":"open","sticky":false,"template":"","format":"standard","meta":{"_acf_changed":false,"jetpack_post_was_ever_published":false,"_jetpack_newsletter_access":"","_jetpack_dont_email_post_to_subs":false,"_jetpack_newsletter_tier_id":0,"_jetpack_memberships_contains_paywalled_content":false,"_jetpack_memberships_contains_paid_content":false,"footnotes":"","jetpack_publicize_message":"","jetpack_publicize_feature_enabled":true,"jetpack_social_post_already_shared":true,"jetpack_social_options":{"image_generator_settings":{"template":"highway","default_image_id":0,"font":"","enabled":false},"version":2}},"categories":[8,3],"tags":[],"class_list":["post-7474","post","type-post","status-publish","format-standard","has-post-thumbnail","hentry","category-knjige","category-novosti"],"acf":{"facebook_opis":""},"jetpack_publicize_connections":[],"jetpack_featured_media_url":"https:\/\/i0.wp.com\/historiografija.hr\/wp-content\/uploads\/2017\/12\/war.jpg?fit=314%2C274&ssl=1","jetpack_sharing_enabled":true,"jetpack-related-posts":[{"id":52516,"url":"https:\/\/historiografija.hr\/?p=52516","url_meta":{"origin":7474,"position":0},"title":"Marko Grde\u0161i\u0107, Mislav \u017ditko, \u201eSocialist Economics in Yugoslavia: A Critical History\u201c","author":"Branimir Jankovi\u0107","date":"17. travnja 2026.","format":false,"excerpt":"This book presents a critical history of Yugoslav socialist economics, from its inception in the late 1940s to its dissolution in the late 1980s. After the dramatic break with the Soviet Union in 1948, Yugoslavia found itself in urgent need of a third way: A socialist trajectory which would not\u2026","rel":"","context":"U &quot;Knjige&quot;","block_context":{"text":"Knjige","link":"https:\/\/historiografija.hr\/?cat=8"},"img":{"alt_text":"","src":"https:\/\/i0.wp.com\/historiografija.hr\/wp-content\/uploads\/2026\/04\/Zitko_Grdesic.jpg?fit=350%2C535&ssl=1&resize=350%2C200","width":350,"height":200},"classes":[]},{"id":52580,"url":"https:\/\/historiografija.hr\/?p=52580","url_meta":{"origin":7474,"position":1},"title":"Conference &#8220;Living in the aftermaths: Trauma, politics and survival in Yugoslavia and successor states, 1945 \u2013 present&#8221;","author":"Branimir Jankovi\u0107","date":"21. travnja 2026.","format":false,"excerpt":"The conference aims to explore how war-related psychological distress was experienced, narrated, debated and reframed in Yugoslavia in the second half of the twentieth century. It asks how the theme of wounded psyche and wartime suffering was addressed and acknowledged in political, psychiatric and broader cultural discourses of socialist Yugoslavia,\u2026","rel":"","context":"U &quot;Novosti&quot;","block_context":{"text":"Novosti","link":"https:\/\/historiografija.hr\/?cat=3"},"img":{"alt_text":"","src":"https:\/\/i0.wp.com\/historiografija.hr\/wp-content\/uploads\/2026\/04\/Battle_of_Neretva_Picasso_poster-Conference-Living-in-the-aftermaths.webp?fit=564%2C954&ssl=1&resize=350%2C200","width":350,"height":200,"srcset":"https:\/\/i0.wp.com\/historiografija.hr\/wp-content\/uploads\/2026\/04\/Battle_of_Neretva_Picasso_poster-Conference-Living-in-the-aftermaths.webp?fit=564%2C954&ssl=1&resize=350%2C200 1x, https:\/\/i0.wp.com\/historiografija.hr\/wp-content\/uploads\/2026\/04\/Battle_of_Neretva_Picasso_poster-Conference-Living-in-the-aftermaths.webp?fit=564%2C954&ssl=1&resize=525%2C300 1.5x"},"classes":[]},{"id":52547,"url":"https:\/\/historiografija.hr\/?p=52547","url_meta":{"origin":7474,"position":2},"title":"ISHA Zagreb \u2013 Filmska ve\u010der: Povratak Martina Guerrea","author":"Branimir Jankovi\u0107","date":"20. travnja 2026.","format":false,"excerpt":"Klub studenata povijesti \u2013 ISHA Zagreb poziva Vas na filmsku ve\u010der na kojoj \u0107e se prikazivati \u201ePovratak Martina Guerrea\u201c, povijesna drama iz 1982. godine s radnjom smje\u0161tenom u 16. stolje\u0107u. Radnja je utemeljena na stvarnoj povijesnoj li\u010dnosti Martina Guerrea koji se nakon mnogo godina izbivanja vra\u0107a u svoje rodno mjesto\u2026","rel":"","context":"U &quot;Filmovi i serije&quot;","block_context":{"text":"Filmovi i serije","link":"https:\/\/historiografija.hr\/?cat=13"},"img":{"alt_text":"","src":"https:\/\/i0.wp.com\/historiografija.hr\/wp-content\/uploads\/2026\/04\/M-Guerre.png?fit=702%2C1006&ssl=1&resize=350%2C200","width":350,"height":200,"srcset":"https:\/\/i0.wp.com\/historiografija.hr\/wp-content\/uploads\/2026\/04\/M-Guerre.png?fit=702%2C1006&ssl=1&resize=350%2C200 1x, https:\/\/i0.wp.com\/historiografija.hr\/wp-content\/uploads\/2026\/04\/M-Guerre.png?fit=702%2C1006&ssl=1&resize=525%2C300 1.5x, https:\/\/i0.wp.com\/historiografija.hr\/wp-content\/uploads\/2026\/04\/M-Guerre.png?fit=702%2C1006&ssl=1&resize=700%2C400 2x"},"classes":[]},{"id":52556,"url":"https:\/\/historiografija.hr\/?p=52556","url_meta":{"origin":7474,"position":3},"title":"ZagrebDox 2026.","author":"Branimir Jankovi\u0107","date":"20. travnja 2026.","format":false,"excerpt":"Me\u0111unarodni festival dokumentarnog filma 19. - 26. travnja 2026. Kaptol Boutique Cinema, Zagreb Program i dodatne obavijesti: https:\/\/zagrebdox.net\/hr","rel":"","context":"U &quot;Filmovi i serije&quot;","block_context":{"text":"Filmovi i serije","link":"https:\/\/historiografija.hr\/?cat=13"},"img":{"alt_text":"","src":"https:\/\/i0.wp.com\/historiografija.hr\/wp-content\/uploads\/2026\/04\/DOX-logo.jpg?fit=600%2C600&ssl=1&resize=350%2C200","width":350,"height":200,"srcset":"https:\/\/i0.wp.com\/historiografija.hr\/wp-content\/uploads\/2026\/04\/DOX-logo.jpg?fit=600%2C600&ssl=1&resize=350%2C200 1x, https:\/\/i0.wp.com\/historiografija.hr\/wp-content\/uploads\/2026\/04\/DOX-logo.jpg?fit=600%2C600&ssl=1&resize=525%2C300 1.5x"},"classes":[]},{"id":52592,"url":"https:\/\/historiografija.hr\/?p=52592","url_meta":{"origin":7474,"position":4},"title":"Predstavljanje knjige &#8220;Turska ku\u0107a u Rijeci&#8221; u Zagrebu","author":"Branimir Jankovi\u0107","date":"22. travnja 2026.","format":false,"excerpt":"U prostorijama Turskog kulturnog centra Yunus Emre u Zagrebu, u utorak 21. travnja 2026. godine, odr\u017eano je sve\u010dano predstavljanje dopunjenog izdanja knjige Turska ku\u0107a u Rijeci, u organizaciji Hrvatsko-turskog dru\u0161tva Rijeka i partnerstvu sa Skupinom prijateljstva Hrvatska-Turska Hrvatskog sabora, Veleposlanstvom Republike Turske u Republici Hrvatskoj te Turskim kulturnim centrom Yunus\u2026","rel":"","context":"U &quot;Novosti&quot;","block_context":{"text":"Novosti","link":"https:\/\/historiografija.hr\/?cat=3"},"img":{"alt_text":"","src":"https:\/\/i0.wp.com\/historiografija.hr\/wp-content\/uploads\/2026\/04\/Turska-kuca-ZG.jpg?fit=1200%2C800&ssl=1&resize=350%2C200","width":350,"height":200,"srcset":"https:\/\/i0.wp.com\/historiografija.hr\/wp-content\/uploads\/2026\/04\/Turska-kuca-ZG.jpg?fit=1200%2C800&ssl=1&resize=350%2C200 1x, https:\/\/i0.wp.com\/historiografija.hr\/wp-content\/uploads\/2026\/04\/Turska-kuca-ZG.jpg?fit=1200%2C800&ssl=1&resize=525%2C300 1.5x, https:\/\/i0.wp.com\/historiografija.hr\/wp-content\/uploads\/2026\/04\/Turska-kuca-ZG.jpg?fit=1200%2C800&ssl=1&resize=700%2C400 2x, https:\/\/i0.wp.com\/historiografija.hr\/wp-content\/uploads\/2026\/04\/Turska-kuca-ZG.jpg?fit=1200%2C800&ssl=1&resize=1050%2C600 3x"},"classes":[]},{"id":52631,"url":"https:\/\/historiografija.hr\/?p=52631","url_meta":{"origin":7474,"position":5},"title":"Predavanje Ivana Tepe\u0161a: Djelovanje hrvatske politi\u010dke emigracije","author":"Branimir Jankovi\u0107","date":"23. travnja 2026.","format":false,"excerpt":"Odjel za me\u0111unarodnu suradnju i iseljeni\u0161tvo Matice hrvatske Predavanje Ivana Tepe\u0161a: Djelovanje hrvatske politi\u010dke emigracije Utorak, 28. travnja 2026. u 18:00 sati, Dvorana Ljudevita Jonkea (Mala dvorana MH), Strossmayerov trg 4, Zagreb dr. sc. Ivan Tepe\u0161, Institut za istra\u017eivanje migracija Hrvatska politi\u010dka emigracija obilje\u017eila je polustoljetnu hrvatsku povijest u drugoj\u2026","rel":"","context":"U &quot;Novosti&quot;","block_context":{"text":"Novosti","link":"https:\/\/historiografija.hr\/?cat=3"},"img":{"alt_text":"","src":"","width":0,"height":0},"classes":[]}],"_links":{"self":[{"href":"https:\/\/historiografija.hr\/index.php?rest_route=\/wp\/v2\/posts\/7474","targetHints":{"allow":["GET"]}}],"collection":[{"href":"https:\/\/historiografija.hr\/index.php?rest_route=\/wp\/v2\/posts"}],"about":[{"href":"https:\/\/historiografija.hr\/index.php?rest_route=\/wp\/v2\/types\/post"}],"author":[{"embeddable":true,"href":"https:\/\/historiografija.hr\/index.php?rest_route=\/wp\/v2\/users\/2"}],"replies":[{"embeddable":true,"href":"https:\/\/historiografija.hr\/index.php?rest_route=%2Fwp%2Fv2%2Fcomments&post=7474"}],"version-history":[{"count":2,"href":"https:\/\/historiografija.hr\/index.php?rest_route=\/wp\/v2\/posts\/7474\/revisions"}],"predecessor-version":[{"id":7478,"href":"https:\/\/historiografija.hr\/index.php?rest_route=\/wp\/v2\/posts\/7474\/revisions\/7478"}],"wp:featuredmedia":[{"embeddable":true,"href":"https:\/\/historiografija.hr\/index.php?rest_route=\/wp\/v2\/media\/7477"}],"wp:attachment":[{"href":"https:\/\/historiografija.hr\/index.php?rest_route=%2Fwp%2Fv2%2Fmedia&parent=7474"}],"wp:term":[{"taxonomy":"category","embeddable":true,"href":"https:\/\/historiografija.hr\/index.php?rest_route=%2Fwp%2Fv2%2Fcategories&post=7474"},{"taxonomy":"post_tag","embeddable":true,"href":"https:\/\/historiografija.hr\/index.php?rest_route=%2Fwp%2Fv2%2Ftags&post=7474"}],"curies":[{"name":"wp","href":"https:\/\/api.w.org\/{rel}","templated":true}]}}