{"id":7463,"date":"2017-12-09T16:18:54","date_gmt":"2017-12-09T16:18:54","guid":{"rendered":"http:\/\/historiografija.hr\/?p=7463"},"modified":"2017-12-09T16:18:54","modified_gmt":"2017-12-09T16:18:54","slug":"izlozba-30-godina-univerzijade-87","status":"publish","type":"post","link":"https:\/\/historiografija.hr\/?p=7463","title":{"rendered":"Izlo\u017eba \u201c30 godina Univerzijade &#8217;87\u201d"},"content":{"rendered":"<p>Izlo\u017eba \u201c30 godina Univerzijade &#8217;87\u201d otvorena je od 7. prosinca 2017. do 4. velja\u010de 2018. u Tehni\u010dkom muzeju Nikola Tesla u Zagrebu.<\/p>\n<p>&nbsp;<\/p>\n<p>&nbsp;<\/p>\n<p>&#8212;-<\/p>\n<p>&nbsp;<\/p>\n<p>&nbsp;<\/p>\n<p>mjesto odr\u017eavanja: Tehni\u010dki muzej Nikola Tesla, Savska cesta 18, Zagreb<br \/>\ndatum po\u010detka\/zavr\u0161etka: 07.12.2017. \/ 04.02.2018.<br \/>\nautor stru\u010dne koncepcije: Igor Novakovi\u0107<br \/>\nautor likovnog postava: Igor Novakovi\u0107<br \/>\norganizator: Tehni\u010dki muzej Nikola Tesla i udruga Random<\/p>\n<p>Izlo\u017ebom kolekcije memorabilija prisjetiti \u0107emo se Univerzijade 87 i njezinog zna\u010daja za Zagreb<\/p>\n<p>&nbsp;<\/p>\n<p>&nbsp;<\/p>\n<p>Iz \u017eelje za o\u010duvanjem suvenira Zagija autor izlo\u017ebe i kolekcionar Igor Novakovi\u0107 krenuo je u skupljanje suvenira vezanih za tu maskotu. S vremenom se tematika pro\u0161irila na medalje, plakate, marame, priznanja, plakete, ambala\u017eu sponzora i niz drugih proizvoda koji su izra\u0111eni za samu manifestaciju, ali i kojima su doma\u0107e tvrtke pratile i promovirale te sponzorirale Univerzijadu. Rije\u010d je o vi\u0161e od tisu\u0107u izlo\u017eaka koji svjedo\u010de o veli\u010dini doga\u0111aja i koji su dijelom javnosti predstavljene upravo ovom izlo\u017ebom.<\/p>\n<p>&nbsp;<\/p>\n<p>&nbsp;<\/p>\n<p>Danas, trideset godina od odr\u017eavanja Univerzijade u Zagrebu, niz kulturnih, infrastrukturnih i sportskih objekata i sadr\u017eaja va\u017ean su i neizostavan dio na\u0161eg \u017eivota, \u0161to je dodatan razlog da je se prisjetimo izlo\u017ebom kolekcije memorabilija posve\u0107enih ovoj \u201dzagreba\u010dkoj pri\u010di\u201d.<\/p>\n<p>&nbsp;<\/p>\n<p>&nbsp;<\/p>\n<p>Od 8. do 19. srpnja 1987. godine, u Zagrebu su odr\u017eane 14. me\u0111unarodne studentske sportske igre Univerzijada \u201887. Pod geslom \u201cSvijet mladih za svijet mira\u201d i u znaku Dragi\u0107eve simpati\u010dne vjeverice \u201dZagija\u201d, 122 reprezentacije s vi\u0161e od pet tisu\u0107a sporta\u0161a natjecalo se u dvanaest sportova.<\/p>\n<p>&nbsp;<\/p>\n<p>&nbsp;<\/p>\n<p>Odr\u017eano je ukupno 1.299 natjecanja u 130 pojedinac\u030cnih disciplina i na 6 turnira dok su se pripreme i treninzi, zajedno s natjecanjima, odr\u017eavali na 26 objekata u Zagrebu i 14 objekata u gradovima suorganizatorima. Najvi\u0161e medalja osvojili su sporta\u0161i SAD-a za kojima su slijedili SSSR te Rumunjska.<\/p>\n<p>&nbsp;<\/p>\n<p>&nbsp;<\/p>\n<p>Zagrebac\u030cka Univerzijada smatra se najvec\u0301om sportskom manifestacijom odr\u017eanom u Zagrebu i Hrvatskoj. No ona nije bila samo veliko sportsko doga\u0111anje nego je zna\u010dila intenzivnu izgradnju i obnovu sportske, kao i cjelokupne gradske infrastrukture, okvir za niz va\u017enih kulturnih doga\u0111anja dugoro\u010dnog dosega.<\/p>\n<p>&nbsp;<\/p>\n<p>&nbsp;<\/p>\n<p>Spektakularno otvaranje igara u re\u017eiji Paola Magellija, 8. srpnja 1987., na kojemu je sudjelovalo oko 12.500 sudionika, odr\u017eano je na Dinamovu stadionu pred 50.000 gledatelja. U kreiranju programa otvaranja i zatvaranja igara sudjelovao je niz uglednih umjetnika iz cijele dr\u017eave.<\/p>\n<p>&nbsp;<\/p>\n<p>&nbsp;<\/p>\n<p>Me\u0111u izgra\u0111enim sportskim objektima izdvajaju se sportski centar na Jarunu, kompleks bazena Mladost, dvorana Cibona. Obnovljeni su sportski centar \u0160alata, stadion Dinamo, niz sportskih objekata u Zagrebu i gradovima suorganizatorima: Bjelovaru, C\u030cakovcu, Jastrebarskom, Karlovcu, Petrinji, Sisku, Vara\u017edinu i Svetom Ivanu Zelini.<\/p>\n<p>&nbsp;<\/p>\n<p>&nbsp;<\/p>\n<p>Gradska infrastruktura oboga\u0107ena je obnovljenim studentski domovima Stjepan Radi\u0107 i Cvjetno naselje, novim autobusnim kolodvorom i obnovljenim \u017eeljeznic\u030ckim kolodvorom, ure\u0111enjem niza pro\u010delja u sredi\u0161tu grada, osobito na Trgu bana Jela\u010di\u0107a, izgradnjom Centra za automatsku obradu podataka, otvaranjem niza novih trgovina, obnovom i otvaranjem novih hotela.<\/p>\n<p>&nbsp;<\/p>\n<p>&nbsp;<\/p>\n<p>Otvoren je Omladinski kulturni centar u Teslinoj s obnovljenim Zagreba\u010dkim kazali\u0161tem mladih i nizom novih sadr\u017eaja, za\u017eivjela je Tkal\u010di\u0107eva ulica kao atraktivno mjesto ve\u010dernjih izlazaka.<\/p>\n<p>&nbsp;<\/p>\n<p>&nbsp;<\/p>\n<p>U razdoblju za vrijeme te neposredno prije i nakon Univerzijade, u gradu je odr\u017eano pedesetak koncerata, niz predstava i izlo\u017ebi, otvoren je Muzej \u201dMimara\u201d, odr\u017eano je prvo izdanje me\u0111unarodnog kazali\u0161nog festivala Eurokaz koji \u0107e postati relevantan u svjetskim razmjerima.<\/p>\n<p>&nbsp;<\/p>\n<p>&nbsp;<\/p>\n<p>U Zagrebu je za vrijeme Univerzijade ro\u0111en petmilijarditi stanovnik planeta Zemlje, \u0161to je obilje\u017eeno sve\u010danim koncertom kojemu je prisustvovao i tada\u0161nji glavni tajnik UN-a, P\u00e9res de Cu\u00e9llar. O anga\u017eiranosti gra\u0111ana svjedo\u010di i brojka od 25.682 volontera koji su sudjelovali u programima Univerzijade.<\/p>\n<p>&nbsp;<\/p>\n<p>&nbsp;<\/p>\n<p>Izvor: <a href=\"http:\/\/tehnicki-muzej.hr\/hr\/kalendar\/30-godina-univerzijade-''87,19717.html?t=i\">http:\/\/tehnicki-muzej.hr\/hr\/kalendar\/30-godina-univerzijade-&#8221;87,19717.html?t=i<\/a><\/p>\n<p>&nbsp;<\/p>\n<p>&nbsp;<\/p>\n","protected":false},"excerpt":{"rendered":"","protected":false},"author":2,"featured_media":7464,"comment_status":"open","ping_status":"open","sticky":false,"template":"","format":"standard","meta":{"_acf_changed":false,"jetpack_post_was_ever_published":false,"_jetpack_newsletter_access":"","_jetpack_dont_email_post_to_subs":false,"_jetpack_newsletter_tier_id":0,"_jetpack_memberships_contains_paywalled_content":false,"_jetpack_memberships_contains_paid_content":false,"footnotes":"","jetpack_publicize_message":"","jetpack_publicize_feature_enabled":true,"jetpack_social_post_already_shared":true,"jetpack_social_options":{"image_generator_settings":{"template":"highway","default_image_id":0,"font":"","enabled":false},"version":2}},"categories":[10,3],"tags":[],"class_list":["post-7463","post","type-post","status-publish","format-standard","has-post-thumbnail","hentry","category-izlozbe","category-novosti"],"acf":{"facebook_opis":""},"jetpack_publicize_connections":[],"jetpack_featured_media_url":"https:\/\/i0.wp.com\/historiografija.hr\/wp-content\/uploads\/2017\/12\/univerzijada_zagreb.jpg?fit=400%2C300&ssl=1","jetpack_sharing_enabled":true,"jetpack-related-posts":[{"id":52511,"url":"https:\/\/historiografija.hr\/?p=52511","url_meta":{"origin":7463,"position":0},"title":"Izlo\u017eba &#8220;Lica Sljemena&#8221;","author":"Branimir Jankovi\u0107","date":"17. travnja 2026.","format":false,"excerpt":"Srda\u010dno vas pozivamo na otvorenje izlo\u017ebe Lica Sljemena koje \u0107e se odr\u017eati u srijedu 22. travnja 2026. u 18 h ispred Muzeja Prigorja (Trg Dragutina Domjani\u0107a 5, Sesvete). Izlo\u017eba proizlazi iz istra\u017eivanja Nevene \u0160krbi\u0107 Alempijevi\u0107, Petre Kelemen i Sanje Potkonjak te intervjua sa Sljemena\u0161icama i Sljemena\u0161ima, koji su provedeni u\u2026","rel":"","context":"U &quot;Izlo\u017ebe&quot;","block_context":{"text":"Izlo\u017ebe","link":"https:\/\/historiografija.hr\/?cat=10"},"img":{"alt_text":"","src":"https:\/\/i0.wp.com\/historiografija.hr\/wp-content\/uploads\/2026\/04\/Izlozba-Lica-Sljemena.png?fit=1080%2C686&ssl=1&resize=350%2C200","width":350,"height":200,"srcset":"https:\/\/i0.wp.com\/historiografija.hr\/wp-content\/uploads\/2026\/04\/Izlozba-Lica-Sljemena.png?fit=1080%2C686&ssl=1&resize=350%2C200 1x, https:\/\/i0.wp.com\/historiografija.hr\/wp-content\/uploads\/2026\/04\/Izlozba-Lica-Sljemena.png?fit=1080%2C686&ssl=1&resize=525%2C300 1.5x, https:\/\/i0.wp.com\/historiografija.hr\/wp-content\/uploads\/2026\/04\/Izlozba-Lica-Sljemena.png?fit=1080%2C686&ssl=1&resize=700%2C400 2x, https:\/\/i0.wp.com\/historiografija.hr\/wp-content\/uploads\/2026\/04\/Izlozba-Lica-Sljemena.png?fit=1080%2C686&ssl=1&resize=1050%2C600 3x"},"classes":[]},{"id":52505,"url":"https:\/\/historiografija.hr\/?p=52505","url_meta":{"origin":7463,"position":1},"title":"Izlo\u017eba &#8220;Eschenstock \/ Jasenov prut&#8221;","author":"Branimir Jankovi\u0107","date":"17. travnja 2026.","format":false,"excerpt":"Srpsko narodno vije\u0107e (SNV) i Vizura aperta postavljaju izlo\u017ebu \u0161vicarskog slikara Velimira Ili\u0161evi\u0107a: Eschenstock \/ Jasenov prut. Izlo\u017eba se uz prisustvo autora otvara povodom 81. godi\u0161njice proboja logora\u0161a iz usta\u0161kog logora smrti Jasenovac 22. aprila 2026. u 19 sati u Srpskom kulturnom centru (SKC) u Preradovi\u0107evoj ulici 21 u Zagrebu.\u2026","rel":"","context":"U &quot;Izlo\u017ebe&quot;","block_context":{"text":"Izlo\u017ebe","link":"https:\/\/historiografija.hr\/?cat=10"},"img":{"alt_text":"","src":"https:\/\/i0.wp.com\/historiografija.hr\/wp-content\/uploads\/2026\/04\/Jasenov_prut.jpg?fit=1024%2C640&ssl=1&resize=350%2C200","width":350,"height":200,"srcset":"https:\/\/i0.wp.com\/historiografija.hr\/wp-content\/uploads\/2026\/04\/Jasenov_prut.jpg?fit=1024%2C640&ssl=1&resize=350%2C200 1x, https:\/\/i0.wp.com\/historiografija.hr\/wp-content\/uploads\/2026\/04\/Jasenov_prut.jpg?fit=1024%2C640&ssl=1&resize=525%2C300 1.5x, https:\/\/i0.wp.com\/historiografija.hr\/wp-content\/uploads\/2026\/04\/Jasenov_prut.jpg?fit=1024%2C640&ssl=1&resize=700%2C400 2x"},"classes":[]},{"id":52633,"url":"https:\/\/historiografija.hr\/?p=52633","url_meta":{"origin":7463,"position":2},"title":"POVIJEST TRE\u0160NJEVA\u010cKE GLAZBE: prikupljanje virtualnog fundusa Muzeja susjedstva Tre\u0161njevka","author":"Branimir Jankovi\u0107","date":"23. travnja 2026.","format":false,"excerpt":"utorak 28. 4. 2026. 14 - 18 h Nova BAZA, Nova cesta 66, Zagreb Prvi su dani ljeta 1957. godine. Bo\u017eica Kalafati\u0107 poha\u0111a drugi razred Osnovne \u0161kole Bratstvo i jedinstvo, danas kralja Tomislava, a ide i na muzi\u010dke satove u Mo\u0161\u0107eni\u010dkoj ulici. Na fotografiji s harmonikom u rukama stoji u\u2026","rel":"","context":"U &quot;Novosti&quot;","block_context":{"text":"Novosti","link":"https:\/\/historiografija.hr\/?cat=3"},"img":{"alt_text":"","src":"https:\/\/i0.wp.com\/historiografija.hr\/wp-content\/uploads\/2026\/04\/MST_prikupljanje.jpg?fit=380%2C475&ssl=1&resize=350%2C200","width":350,"height":200},"classes":[]},{"id":52575,"url":"https:\/\/historiografija.hr\/?p=52575","url_meta":{"origin":7463,"position":3},"title":"Izlo\u017eba dje\u010djih radova \u201cU po\u010detku bija\u0161e crte\u017e\u2026\u201d","author":"Branimir Jankovi\u0107","date":"21. travnja 2026.","format":false,"excerpt":"U subotu, 25. travnja 2026. u 11 sati u Galeriji Klovi\u0107evi dvori sve\u010dano otvaramo izlo\u017ebu dje\u010djih radova pod nazivom U po\u010detku bija\u0161e crte\u017e\u2026 Radovi su nastali u sklopu likovnih radionica uz izlo\u017ebu U po\u010detku bija\u0161e kraljevstvo \u2013 izlo\u017eba povodom 1100 godina Hrvatskoga Kraljevstva. Na brojnim likovnim radionicama, uz \u0161kolsku djecu,\u2026","rel":"","context":"U &quot;Izlo\u017ebe&quot;","block_context":{"text":"Izlo\u017ebe","link":"https:\/\/historiografija.hr\/?cat=10"},"img":{"alt_text":"","src":"https:\/\/i0.wp.com\/historiografija.hr\/wp-content\/uploads\/2025\/10\/Klovicevi_sluzbeni-plakat.png?fit=840%2C1200&ssl=1&resize=350%2C200","width":350,"height":200,"srcset":"https:\/\/i0.wp.com\/historiografija.hr\/wp-content\/uploads\/2025\/10\/Klovicevi_sluzbeni-plakat.png?fit=840%2C1200&ssl=1&resize=350%2C200 1x, https:\/\/i0.wp.com\/historiografija.hr\/wp-content\/uploads\/2025\/10\/Klovicevi_sluzbeni-plakat.png?fit=840%2C1200&ssl=1&resize=525%2C300 1.5x, https:\/\/i0.wp.com\/historiografija.hr\/wp-content\/uploads\/2025\/10\/Klovicevi_sluzbeni-plakat.png?fit=840%2C1200&ssl=1&resize=700%2C400 2x"},"classes":[]},{"id":52607,"url":"https:\/\/historiografija.hr\/?p=52607","url_meta":{"origin":7463,"position":4},"title":"No\u0107 knjige: Kako je prije 410 godina smr\u0107u Shakespearea i Cervantesa zavr\u0161ilo razdoblje renesanse u knji\u017eevnosti","author":"Branimir Jankovi\u0107","date":"22. travnja 2026.","format":false,"excerpt":"\u010cetvrtak, 23. travnja 2026. u 18:00 sati, Knji\u017eara Matice hrvatske, Ulica Matice hrvatske 2, Zagreb Uvodna rije\u010d: dr. sc.\u00a0Dubravka Brezak Stama\u0107, pro\u010delnica Odjela za knji\u017eevnost Matice hrvatske Prof. dr. sc. Ivan Lupi\u0107, redoviti profesor u Odsjeku za anglistiku i Odsjeku za kroatistiku Sveu\u010dili\u0161ta u RijeciShakespeare, kazali\u0161te, glazbaKada se susre\u0107emo sa\u2026","rel":"","context":"U &quot;Novosti&quot;","block_context":{"text":"Novosti","link":"https:\/\/historiografija.hr\/?cat=3"},"img":{"alt_text":"","src":"https:\/\/i0.wp.com\/historiografija.hr\/wp-content\/uploads\/2026\/04\/noc_knjige_2026.jpg?fit=680%2C276&ssl=1&resize=350%2C200","width":350,"height":200,"srcset":"https:\/\/i0.wp.com\/historiografija.hr\/wp-content\/uploads\/2026\/04\/noc_knjige_2026.jpg?fit=680%2C276&ssl=1&resize=350%2C200 1x, https:\/\/i0.wp.com\/historiografija.hr\/wp-content\/uploads\/2026\/04\/noc_knjige_2026.jpg?fit=680%2C276&ssl=1&resize=525%2C300 1.5x"},"classes":[]},{"id":52666,"url":"https:\/\/historiografija.hr\/?p=52666","url_meta":{"origin":7463,"position":5},"title":"Najava programa Festivala povijesti Kliofest (5-8. V. 2026)","author":"Branimir Jankovi\u0107","date":"24. travnja 2026.","format":false,"excerpt":"Po trinaesti put odr\u017eava se Festival povijesti Kliofest! Do petka \u0107emo odr\u017eati osam okruglih stolova i dva kolokvija te niz predstavljanja knjiga i projekata razli\u010dite tematike, od antike do suvremenosti. Bit \u0107e predstavljeno i nekoliko izlo\u017ebi te odr\u017ean jedan povijesni kviz. Prikazat \u0107emo i jedan film \u2013 o generalu Boroevi\u0107u.\u2026","rel":"","context":"U &quot;Novosti&quot;","block_context":{"text":"Novosti","link":"https:\/\/historiografija.hr\/?cat=3"},"img":{"alt_text":"","src":"https:\/\/i0.wp.com\/historiografija.hr\/wp-content\/uploads\/2026\/04\/Kliofest-2026.jpg?fit=526%2C526&ssl=1&resize=350%2C200","width":350,"height":200,"srcset":"https:\/\/i0.wp.com\/historiografija.hr\/wp-content\/uploads\/2026\/04\/Kliofest-2026.jpg?fit=526%2C526&ssl=1&resize=350%2C200 1x, https:\/\/i0.wp.com\/historiografija.hr\/wp-content\/uploads\/2026\/04\/Kliofest-2026.jpg?fit=526%2C526&ssl=1&resize=525%2C300 1.5x"},"classes":[]}],"_links":{"self":[{"href":"https:\/\/historiografija.hr\/index.php?rest_route=\/wp\/v2\/posts\/7463","targetHints":{"allow":["GET"]}}],"collection":[{"href":"https:\/\/historiografija.hr\/index.php?rest_route=\/wp\/v2\/posts"}],"about":[{"href":"https:\/\/historiografija.hr\/index.php?rest_route=\/wp\/v2\/types\/post"}],"author":[{"embeddable":true,"href":"https:\/\/historiografija.hr\/index.php?rest_route=\/wp\/v2\/users\/2"}],"replies":[{"embeddable":true,"href":"https:\/\/historiografija.hr\/index.php?rest_route=%2Fwp%2Fv2%2Fcomments&post=7463"}],"version-history":[{"count":1,"href":"https:\/\/historiografija.hr\/index.php?rest_route=\/wp\/v2\/posts\/7463\/revisions"}],"predecessor-version":[{"id":7465,"href":"https:\/\/historiografija.hr\/index.php?rest_route=\/wp\/v2\/posts\/7463\/revisions\/7465"}],"wp:featuredmedia":[{"embeddable":true,"href":"https:\/\/historiografija.hr\/index.php?rest_route=\/wp\/v2\/media\/7464"}],"wp:attachment":[{"href":"https:\/\/historiografija.hr\/index.php?rest_route=%2Fwp%2Fv2%2Fmedia&parent=7463"}],"wp:term":[{"taxonomy":"category","embeddable":true,"href":"https:\/\/historiografija.hr\/index.php?rest_route=%2Fwp%2Fv2%2Fcategories&post=7463"},{"taxonomy":"post_tag","embeddable":true,"href":"https:\/\/historiografija.hr\/index.php?rest_route=%2Fwp%2Fv2%2Ftags&post=7463"}],"curies":[{"name":"wp","href":"https:\/\/api.w.org\/{rel}","templated":true}]}}