{"id":7425,"date":"2017-12-08T12:37:45","date_gmt":"2017-12-08T12:37:45","guid":{"rendered":"http:\/\/historiografija.hr\/?p=7425"},"modified":"2017-12-08T12:37:45","modified_gmt":"2017-12-08T12:37:45","slug":"berislav-majhut-stefka-batinic-hrvatska-slikovnica-do-1945","status":"publish","type":"post","link":"https:\/\/historiografija.hr\/?p=7425","title":{"rendered":"Berislav Majhut, \u0160tefka Batini\u0107, \u201eHrvatska slikovnica do 1945.\u201c"},"content":{"rendered":"<p>Hrvatski \u0161kolski muzej promovirao je opse\u017enu knjigu \u201eHrvatska slikovnica do 1945.\u201c Berislava Majhuta i \u0160tefke Batini\u0107 koju je objavio zajedno sa U\u010diteljskim fakultetom Sveu\u010dili\u0161ta u Zagrebu.<\/p>\n<p>&nbsp;<\/p>\n<p>&#8212;<\/p>\n<p>&nbsp;<\/p>\n<p><strong>U \u010dast najva\u017enijoj knjizi \u2013 povijest hrvatske slikovnice<\/strong><\/p>\n<p>&nbsp;<\/p>\n<p>Hrvatski \u0161kolski muzej promovirao je 21. studenoga knjigu Hrvatska slikovnica do 1945. prof. dr. sc. Berislava Majhuta i dr. sc. \u0160tefke Batini\u0107 koju je objavio zajedno sa U\u010diteljskim fakultetom Sveu\u010dili\u0161ta u Zagrebu.<\/p>\n<p>&nbsp;<\/p>\n<p>Bogato ilustrirana monografija rezultat je dugogodi\u0161njega bavljenja autora povijesnim razvojem slikovnica u hrvatskoj dje\u010djoj knji\u017eevnosti. Ona je znanstvena kruna izlo\u017ebe Od slikovnjaka do vragobe: hrvatske slikovnice do 1945. koja je od postavljanja 2001. u Hrvatskome \u0161kolskom muzeju obi\u0161la mnoge hrvatske muzeje.<\/p>\n<p>&nbsp;<\/p>\n<p>Sadr\u017eaj knjige koncipiran je u 11 tematskih poglavlja koja okupljena \u010dine sintezu istra\u017eiva\u010dkoga i znanstvenoga rada, ali se mogu i i\u0161\u010ditavati kao zasebne cjeline.<\/p>\n<p>&nbsp;<\/p>\n<p>U Uvodnom poglavlju dan je povijesni tijek istra\u017eivanja slikovnica u Hrvatskoj te predstavljen istra\u017eiva\u010dki korpus od 506 slikovnica koje su objavljene do kraja 1945. godine i zadovoljavaju barem jedan od tri osnovna kriterija \u2013 nacionalni, jezi\u010dni i teritorijalni. Drugo poglavlje Teorijska polazi\u0161ta povijesti slikovnice tuma\u010di povijest termina, fenomen autorstva, razlikovne elemente ilustriranih knjiga i slikovnica. U poglavlju Put do prvih slikovnica opisan je povijesni razvoj slikovnice od 19. stolje\u0107a, a u poglavlju Povijesni pregled hrvatske ilustrirane dje\u010dje knjige istra\u017eivanje je su\u017eeno na hrvatski knji\u017eevni korpus namijenjen djeci koji zapo\u010dinje 1572. godine s prvom tiskanom ilustriranom dje\u010djom knjigom Hrvatska glagoljska po\u010detnica. Peto je poglavlje posve\u0107eno slikovnicama u Hrvatskoj i zapo\u010dinje opisom prve slikovnice na hrvatskome jeziku Mala obrazna Biblia iz 1854. godine koju je napisao ma\u0111arski katoli\u010dki pisac Alajos Grynaeus, a objavljena je u Pe\u0161ti. Povijesni razvoj slikovnice opisan je unutar tri razdoblja: 1854. \u2013 1880., 1880. \u2013 1918., 1918. \u2013 1945. Tekstu u slikovnicama i njegovim zna\u010dajkama posve\u0107eno je \u0161esto poglavlje, a manje istra\u017eivanoj temi \u2013 likovnoj komponenti slikovnica posve\u0107eno je sedmo poglavlje. Naime, autori upozoravaju kako je likovni izraz dugi niz godina bio bez pomaka i inspiracije kako se pribli\u017eiti djetetu za razliku od tekstualnoga koji se uvijek, bez obzira na umjetni\u010dku uspje\u0161nost, obra\u0107ao dje\u010djoj publici. Naslovom osmoga poglavlja Nije \u0161ala dati djetetu u ruke knjigu za zabavu obra\u0111eno je pedago\u0161ko gledi\u0161te slikovnice kroz razvoj pedago\u0161ke misli i prakse u Hrvatskoj. Deveto poglavlje bavi se Temama slikovnica me\u0111u kojima su prepoznate tri najva\u017enije i najdugovje\u010dnije\u2013 religiozna, abeceda i \u017eivotinje \u2013 iako su obra\u0111ene i one manje zastupljene s bajkama i pjesmama, o prijevoznim sredstvima ili sportu i dje\u010djim igrama. Zaklju\u010dku prethodi poglavlje koje je nastojalo odgovoriti na pitanje P. Ariesa \u2013 O \u010demu govorimo kada govorimo o djetinjstvu?<\/p>\n<p>&nbsp;<\/p>\n<p>Uz Izvore i literaturu knjiga donosi i bibliografiju hrvatskih slikovnica do 1945., popis autora tekstova i slika u slikovnicama, popis vi\u0161e od 300 ilustracija u knjizi, imensko kazalo te sa\u017eetak na engleskome jeziku. (Snje\u017eana Radovanlija Mileusni\u0107)<\/p>\n<p>&nbsp;<\/p>\n<p>Ova je knjiga nezaobilazan izvor informacija i novih spoznaja te temeljna studija za sva daljnja istra\u017eivanja hrvatske slikovnice, nakladni\u0161tva u dje\u010djoj knji\u017eevnosti, ilustracije, kulturnih studija djetinjstva, dje\u010dje recepcije pripovjedi u dijakronijskom kontekstu i srodnih tema. (iz Recenzije doc. dr. sc. Smiljane Naran\u010di\u0107 Kova\u010d)<\/p>\n<p>&nbsp;<\/p>\n<p>&nbsp;<\/p>\n<p>Hrvatska slikovnica do 1945. \/ Berislav Majhut, \u0160tefka Batini\u0107.- Zagreb : Hrvatski \u0161kolski muzej : U\u010diteljski fakultet Sveu\u010dili\u0161ta u Zagrebu, 2017.- 443 str. : ilustr. u boji ; 25 cm<\/p>\n<p>Bibliograf. bilj. uz tekst.- Bibliografija.- Summary.- Kazalo.<\/p>\n<p>ISBN 978-953-7262-19-8<\/p>\n<p>&nbsp;<\/p>\n<p>Dodatne informacije:<\/p>\n<p><a href=\"http:\/\/www.hsmuzej.hr\/include\/pdf\/Hrvatska_slikovnica.pdf\">http:\/\/www.hsmuzej.hr\/include\/pdf\/Hrvatska_slikovnica.pdf<\/a><\/p>\n<p>&nbsp;<\/p>\n<p>&nbsp;<\/p>\n<p>Izvori:<\/p>\n<p>&nbsp;<\/p>\n<p><a href=\"http:\/\/www.mdc.hr\/hr\/mdc\/publikacije\/newsletter\/#HRSlikovnica\">http:\/\/www.mdc.hr\/hr\/mdc\/publikacije\/newsletter\/#HRSlikovnica<\/a><\/p>\n<p>&nbsp;<\/p>\n<p><a href=\"http:\/\/www.hsmuzej.hr\/\">http:\/\/www.hsmuzej.hr\/<\/a><\/p>\n<p>&nbsp;<\/p>\n<p>&nbsp;<\/p>\n<p>&nbsp;<\/p>\n","protected":false},"excerpt":{"rendered":"","protected":false},"author":2,"featured_media":7426,"comment_status":"open","ping_status":"open","sticky":false,"template":"","format":"standard","meta":{"_acf_changed":false,"jetpack_post_was_ever_published":false,"_jetpack_newsletter_access":"","_jetpack_dont_email_post_to_subs":false,"_jetpack_newsletter_tier_id":0,"_jetpack_memberships_contains_paywalled_content":false,"_jetpack_memberships_contains_paid_content":false,"footnotes":"","jetpack_publicize_message":"","jetpack_publicize_feature_enabled":true,"jetpack_social_post_already_shared":true,"jetpack_social_options":{"image_generator_settings":{"template":"highway","default_image_id":0,"font":"","enabled":false},"version":2}},"categories":[8,3],"tags":[],"class_list":["post-7425","post","type-post","status-publish","format-standard","has-post-thumbnail","hentry","category-knjige","category-novosti"],"acf":{"facebook_opis":""},"jetpack_publicize_connections":[],"jetpack_featured_media_url":"https:\/\/i0.wp.com\/historiografija.hr\/wp-content\/uploads\/2017\/12\/HrvSlikovnica.jpg?fit=444%2C565&ssl=1","jetpack_sharing_enabled":true,"jetpack-related-posts":[{"id":52552,"url":"https:\/\/historiografija.hr\/?p=52552","url_meta":{"origin":7425,"position":0},"title":"Besplatni glazbeni antikvarijat","author":"Branimir Jankovi\u0107","date":"20. travnja 2026.","format":false,"excerpt":"Muzi\u010dka akademija Sveu\u010dili\u0161ta u Zagrebu 23. travnja 2026. od 10 do 17 sati Pozivamo Vas na Besplatni glazbeni antikvarijat, koji u sklopu manifestacije No\u0107 knjige 2026. organizira Hrvatska udruga muzi\u010dkih knji\u017enica, arhiva i dokumentacijskih centara (HUMKAD). Antikvarijat \u0107e se odr\u017eati na Svjetski dan knjige \u2013 u \u010detvrtak 23. travnja 2026.\u2026","rel":"","context":"U &quot;Novosti&quot;","block_context":{"text":"Novosti","link":"https:\/\/historiografija.hr\/?cat=3"},"img":{"alt_text":"","src":"https:\/\/i0.wp.com\/historiografija.hr\/wp-content\/uploads\/2026\/04\/Besplatni-glazbeni-antikvarijat-23.-4.-2026.jpg?fit=1200%2C848&ssl=1&resize=350%2C200","width":350,"height":200,"srcset":"https:\/\/i0.wp.com\/historiografija.hr\/wp-content\/uploads\/2026\/04\/Besplatni-glazbeni-antikvarijat-23.-4.-2026.jpg?fit=1200%2C848&ssl=1&resize=350%2C200 1x, https:\/\/i0.wp.com\/historiografija.hr\/wp-content\/uploads\/2026\/04\/Besplatni-glazbeni-antikvarijat-23.-4.-2026.jpg?fit=1200%2C848&ssl=1&resize=525%2C300 1.5x, https:\/\/i0.wp.com\/historiografija.hr\/wp-content\/uploads\/2026\/04\/Besplatni-glazbeni-antikvarijat-23.-4.-2026.jpg?fit=1200%2C848&ssl=1&resize=700%2C400 2x, https:\/\/i0.wp.com\/historiografija.hr\/wp-content\/uploads\/2026\/04\/Besplatni-glazbeni-antikvarijat-23.-4.-2026.jpg?fit=1200%2C848&ssl=1&resize=1050%2C600 3x"},"classes":[]},{"id":52607,"url":"https:\/\/historiografija.hr\/?p=52607","url_meta":{"origin":7425,"position":1},"title":"No\u0107 knjige: Kako je prije 410 godina smr\u0107u Shakespearea i Cervantesa zavr\u0161ilo razdoblje renesanse u knji\u017eevnosti","author":"Branimir Jankovi\u0107","date":"22. travnja 2026.","format":false,"excerpt":"\u010cetvrtak, 23. travnja 2026. u 18:00 sati, Knji\u017eara Matice hrvatske, Ulica Matice hrvatske 2, Zagreb Uvodna rije\u010d: dr. sc.\u00a0Dubravka Brezak Stama\u0107, pro\u010delnica Odjela za knji\u017eevnost Matice hrvatske Prof. dr. sc. Ivan Lupi\u0107, redoviti profesor u Odsjeku za anglistiku i Odsjeku za kroatistiku Sveu\u010dili\u0161ta u RijeciShakespeare, kazali\u0161te, glazbaKada se susre\u0107emo sa\u2026","rel":"","context":"U &quot;Novosti&quot;","block_context":{"text":"Novosti","link":"https:\/\/historiografija.hr\/?cat=3"},"img":{"alt_text":"","src":"https:\/\/i0.wp.com\/historiografija.hr\/wp-content\/uploads\/2026\/04\/noc_knjige_2026.jpg?fit=680%2C276&ssl=1&resize=350%2C200","width":350,"height":200,"srcset":"https:\/\/i0.wp.com\/historiografija.hr\/wp-content\/uploads\/2026\/04\/noc_knjige_2026.jpg?fit=680%2C276&ssl=1&resize=350%2C200 1x, https:\/\/i0.wp.com\/historiografija.hr\/wp-content\/uploads\/2026\/04\/noc_knjige_2026.jpg?fit=680%2C276&ssl=1&resize=525%2C300 1.5x"},"classes":[]},{"id":52499,"url":"https:\/\/historiografija.hr\/?p=52499","url_meta":{"origin":7425,"position":2},"title":"POTPISAN UGOVOR O ZNANSTVENO-ISTRA\u017dIVA\u010cKOJ SURADNJI: PROJEKT \u201eTEMELJI HRVATSKE SAMOSTALNOSTI\u201d","author":"Branimir Jankovi\u0107","date":"17. travnja 2026.","format":false,"excerpt":"Hrvatski institut za povijest, Sveu\u010dili\u0161te obrane i sigurnosti \u201eDr. Franjo Tu\u0111man\u201d, Institut dru\u0161tvenih znanosti Ivo Pilar i Hrvatski dr\u017eavni arhiv\u00a0potpisali su 23. o\u017eujka 2026.\u00a0Ugovor o znanstveno-istra\u017eiva\u010dkoj suradnji s ciljem provedbe projekta \u201eTemelji hrvatske samostalnosti\u201d. Tim projektom obuhva\u0107a se istra\u017eivanje arhivskoga gradiva, priprema znanstvenih publikacija, digitalizacija i javna prezentacija rezultata istra\u017eivanja\u2026","rel":"","context":"U &quot;Novosti&quot;","block_context":{"text":"Novosti","link":"https:\/\/historiografija.hr\/?cat=3"},"img":{"alt_text":"","src":"https:\/\/i0.wp.com\/historiografija.hr\/wp-content\/uploads\/2026\/04\/THS_sporazum.jpg?fit=1200%2C583&ssl=1&resize=350%2C200","width":350,"height":200,"srcset":"https:\/\/i0.wp.com\/historiografija.hr\/wp-content\/uploads\/2026\/04\/THS_sporazum.jpg?fit=1200%2C583&ssl=1&resize=350%2C200 1x, https:\/\/i0.wp.com\/historiografija.hr\/wp-content\/uploads\/2026\/04\/THS_sporazum.jpg?fit=1200%2C583&ssl=1&resize=525%2C300 1.5x, https:\/\/i0.wp.com\/historiografija.hr\/wp-content\/uploads\/2026\/04\/THS_sporazum.jpg?fit=1200%2C583&ssl=1&resize=700%2C400 2x, https:\/\/i0.wp.com\/historiografija.hr\/wp-content\/uploads\/2026\/04\/THS_sporazum.jpg?fit=1200%2C583&ssl=1&resize=1050%2C600 3x"},"classes":[]},{"id":52631,"url":"https:\/\/historiografija.hr\/?p=52631","url_meta":{"origin":7425,"position":3},"title":"Predavanje Ivana Tepe\u0161a: Djelovanje hrvatske politi\u010dke emigracije","author":"Branimir Jankovi\u0107","date":"23. travnja 2026.","format":false,"excerpt":"Odjel za me\u0111unarodnu suradnju i iseljeni\u0161tvo Matice hrvatske Predavanje Ivana Tepe\u0161a: Djelovanje hrvatske politi\u010dke emigracije Utorak, 28. travnja 2026. u 18:00 sati, Dvorana Ljudevita Jonkea (Mala dvorana MH), Strossmayerov trg 4, Zagreb dr. sc. Ivan Tepe\u0161, Institut za istra\u017eivanje migracija Hrvatska politi\u010dka emigracija obilje\u017eila je polustoljetnu hrvatsku povijest u drugoj\u2026","rel":"","context":"U &quot;Novosti&quot;","block_context":{"text":"Novosti","link":"https:\/\/historiografija.hr\/?cat=3"},"img":{"alt_text":"","src":"","width":0,"height":0},"classes":[]},{"id":52589,"url":"https:\/\/historiografija.hr\/?p=52589","url_meta":{"origin":7425,"position":4},"title":"Predstavljena knjiga Miomira \u017du\u017eula &#8220;Dayton: Diplomacija &#8211; druga strana rata&#8221;","author":"Branimir Jankovi\u0107","date":"22. travnja 2026.","format":false,"excerpt":"Knjiga Miomira \u017du\u017eula \u201eDayton: Diplomacija \u2013 druga strana rata\u201d predstavljena je u srijedu, 22. travnja 2026. godine u foajeu Hrvatskoga narodnog kazali\u0161ta u Zagrebu. Op\u0161irnije: https:\/\/vijesti.hrt.hr\/hrvatska\/predstavljena-knjiga-miomira-zuzula-dayton-diplomacija-druga-strana-rata-12683259 https:\/\/www.vecernji.ba\/amp\/vijesti\/zuzulova-knjiga-o-daytonu-predstavljena-u-zagrebu-diplomacija-kao-druga-strana-rata-1953700 https:\/\/www.tportal.hr\/vijesti\/clanak\/bivsi-sanaderov-ministar-odrzao-promociju-evo-tko-je-sve-dosao-na-predstavljanje-knjige-miomira-zuzula-foto-20260422 https:\/\/direktno.hr\/zivot\/kultura\/zuzul-otkrio-sve-o-drugoj-strani-rata-za-hrvatsku-se-nije-libio-povuci-nekoga-i-za-kosu-395042 https:\/\/www.24sata.hr\/news\/miomir-zuzul-predstavio-je-knjigu-o-daytonu-diplomacija-je-bila-druga-strana-rata-1123152 https:\/\/www.vecernji.hr\/kultura\/kolinda-grabar-kitarovic-otvoreno-miomir-zuzul-nije-vukao-samo-za-rukav-nego-i-za-kosu-1953722 https:\/\/www.vecernji.hr\/kultura\/i-papa-lav-xiv-eksplicitno-je-daytonski-sporazum-istaknuo-kao-primjer-uspjesna-rjesavanja-sukoba-1952215","rel":"","context":"U &quot;Novosti&quot;","block_context":{"text":"Novosti","link":"https:\/\/historiografija.hr\/?cat=3"},"img":{"alt_text":"","src":"https:\/\/i0.wp.com\/historiografija.hr\/wp-content\/uploads\/2026\/04\/Dayton.jpg?fit=1024%2C683&ssl=1&resize=350%2C200","width":350,"height":200,"srcset":"https:\/\/i0.wp.com\/historiografija.hr\/wp-content\/uploads\/2026\/04\/Dayton.jpg?fit=1024%2C683&ssl=1&resize=350%2C200 1x, https:\/\/i0.wp.com\/historiografija.hr\/wp-content\/uploads\/2026\/04\/Dayton.jpg?fit=1024%2C683&ssl=1&resize=525%2C300 1.5x, https:\/\/i0.wp.com\/historiografija.hr\/wp-content\/uploads\/2026\/04\/Dayton.jpg?fit=1024%2C683&ssl=1&resize=700%2C400 2x"},"classes":[]},{"id":52592,"url":"https:\/\/historiografija.hr\/?p=52592","url_meta":{"origin":7425,"position":5},"title":"Predstavljanje knjige &#8220;Turska ku\u0107a u Rijeci&#8221; u Zagrebu","author":"Branimir Jankovi\u0107","date":"22. travnja 2026.","format":false,"excerpt":"U prostorijama Turskog kulturnog centra Yunus Emre u Zagrebu, u utorak 21. travnja 2026. godine, odr\u017eano je sve\u010dano predstavljanje dopunjenog izdanja knjige Turska ku\u0107a u Rijeci, u organizaciji Hrvatsko-turskog dru\u0161tva Rijeka i partnerstvu sa Skupinom prijateljstva Hrvatska-Turska Hrvatskog sabora, Veleposlanstvom Republike Turske u Republici Hrvatskoj te Turskim kulturnim centrom Yunus\u2026","rel":"","context":"U &quot;Novosti&quot;","block_context":{"text":"Novosti","link":"https:\/\/historiografija.hr\/?cat=3"},"img":{"alt_text":"","src":"https:\/\/i0.wp.com\/historiografija.hr\/wp-content\/uploads\/2026\/04\/Turska-kuca-ZG.jpg?fit=1200%2C800&ssl=1&resize=350%2C200","width":350,"height":200,"srcset":"https:\/\/i0.wp.com\/historiografija.hr\/wp-content\/uploads\/2026\/04\/Turska-kuca-ZG.jpg?fit=1200%2C800&ssl=1&resize=350%2C200 1x, https:\/\/i0.wp.com\/historiografija.hr\/wp-content\/uploads\/2026\/04\/Turska-kuca-ZG.jpg?fit=1200%2C800&ssl=1&resize=525%2C300 1.5x, https:\/\/i0.wp.com\/historiografija.hr\/wp-content\/uploads\/2026\/04\/Turska-kuca-ZG.jpg?fit=1200%2C800&ssl=1&resize=700%2C400 2x, https:\/\/i0.wp.com\/historiografija.hr\/wp-content\/uploads\/2026\/04\/Turska-kuca-ZG.jpg?fit=1200%2C800&ssl=1&resize=1050%2C600 3x"},"classes":[]}],"_links":{"self":[{"href":"https:\/\/historiografija.hr\/index.php?rest_route=\/wp\/v2\/posts\/7425","targetHints":{"allow":["GET"]}}],"collection":[{"href":"https:\/\/historiografija.hr\/index.php?rest_route=\/wp\/v2\/posts"}],"about":[{"href":"https:\/\/historiografija.hr\/index.php?rest_route=\/wp\/v2\/types\/post"}],"author":[{"embeddable":true,"href":"https:\/\/historiografija.hr\/index.php?rest_route=\/wp\/v2\/users\/2"}],"replies":[{"embeddable":true,"href":"https:\/\/historiografija.hr\/index.php?rest_route=%2Fwp%2Fv2%2Fcomments&post=7425"}],"version-history":[{"count":1,"href":"https:\/\/historiografija.hr\/index.php?rest_route=\/wp\/v2\/posts\/7425\/revisions"}],"predecessor-version":[{"id":7427,"href":"https:\/\/historiografija.hr\/index.php?rest_route=\/wp\/v2\/posts\/7425\/revisions\/7427"}],"wp:featuredmedia":[{"embeddable":true,"href":"https:\/\/historiografija.hr\/index.php?rest_route=\/wp\/v2\/media\/7426"}],"wp:attachment":[{"href":"https:\/\/historiografija.hr\/index.php?rest_route=%2Fwp%2Fv2%2Fmedia&parent=7425"}],"wp:term":[{"taxonomy":"category","embeddable":true,"href":"https:\/\/historiografija.hr\/index.php?rest_route=%2Fwp%2Fv2%2Fcategories&post=7425"},{"taxonomy":"post_tag","embeddable":true,"href":"https:\/\/historiografija.hr\/index.php?rest_route=%2Fwp%2Fv2%2Ftags&post=7425"}],"curies":[{"name":"wp","href":"https:\/\/api.w.org\/{rel}","templated":true}]}}