{"id":7419,"date":"2017-12-08T12:12:43","date_gmt":"2017-12-08T12:12:43","guid":{"rendered":"http:\/\/historiografija.hr\/?p=7419"},"modified":"2017-12-08T12:12:43","modified_gmt":"2017-12-08T12:12:43","slug":"koncert-glazbeni-ukusi-terezijanskog-doba-u-slavonskom-brodu","status":"publish","type":"post","link":"https:\/\/historiografija.hr\/?p=7419","title":{"rendered":"Koncert &#8216;Glazbeni ukusi terezijanskog doba&#8217; u Slavonskom Brodu"},"content":{"rendered":"<p>U Muzeju Brodskog Posavlja, u okviru izlo\u017ebe \u201cHrvatska kraljica i carica Marija Terezija\u201d, u petak 8. prosinca 2017. u 19.30 sati odr\u017eat \u0107e se koncert &#8216;Glazbeni ukusi terezijanskog doba&#8217;.<\/p>\n<p>&nbsp;<\/p>\n<p>&#8212;<\/p>\n<p>&nbsp;<\/p>\n<p>Muzej Brodskog Posavlja i Glazbena \u0161kola Slavonski Brod<\/p>\n<p>&nbsp;<\/p>\n<p>pozivaju vas na koncert<\/p>\n<p>&nbsp;<\/p>\n<p>\u201eGLAZBENI UKUSI TEREZIJANSKOG DOBA\u201c<\/p>\n<p>&nbsp;<\/p>\n<p>U Muzeju Brodskog Posavlja, u okviru izlo\u017ebe \u201cHrvatska kraljica i carica Marija Terezija\u201d, u petak 8. prosinca 2017. godine u 19.30 sati odr\u017eati \u0107e se koncert<\/p>\n<p>&nbsp;<\/p>\n<p><strong>\u201eGLAZBENI UKUSI TEREZIJANSKOG DOBA\u201c<\/strong><\/p>\n<p>&nbsp;<\/p>\n<p>&nbsp;<\/p>\n<p>Izme\u0111u sutona feudalnog apsolutizma i praskozorja gra\u0111anske revolucije, Europa je u 18. stolje\u0107u iznjedrila jedno od najuzbudljivijih doba u povijesti glazbe. Nijedno razdoblje do tada nije u tako kratkom vremenskom odsje\u010dku bilo toliko stilski heterogeno obuhva\u0107aju\u0107i sve finese zrelosti, mladosti i prijelaznosti. \u201cOd stare barokne kompleksnosti put vodi k novoj (osje\u0107ajnoj) jednos- tavnosti, od artificijelnoga do prirodnoga, od u\u010denoga, preko galantnoga do originalnoga i genijalnoga\u201d, opisao je njema\u010dki muzikolog Peter Rummenh\u00f6ller duh 18. stolje\u0107a koje je dopustilo \u201cda se divlja bujica Sturm und Dranga ulije u vedru opu\u0161tenost be\u010dkog klasicizma te ne\u0161to kasnije u obzirnost glazbene romantike.\u201d<\/p>\n<p>&nbsp;<\/p>\n<p>&nbsp;<\/p>\n<p>Glazba na dvoru bila je pravi pokazatelj vladarske mo\u0107i, \u0161to je dinastija Habsburg obilato koristila. Kao djevoj\u010dica Marija Terezija pjevala je i glumila u rasko\u0161nim opernim izvedbama i predstavama, a tijekom vladavine iskazala se kao velika ljubiteljica i pokroviteljica umjetnosti. I svojoj je djeci omogu\u0107ila glazbeno obrazovanje &#8211; poduku iz klavira i violine, a djevoj\u010dicama jo\u0161 u pjevanju i plesu. No, i habsbur\u0161ki je dvor do\u017eivio povla\u010denje iz aristokratske rasko\u0161i u ozra\u010dje ku\u0107noga muziciranja. Znakovit primjer \u201cnovog duha vremena\u201d prikazuje slika nastupa \u0161estogodi\u0161njeg Wolfganga i njegove desetogodi\u0161nje sestre Marije Anne u Dvorani ogledala Pala\u010de Sch\u00f6nbrunn 13. listopada 1762. godine. \u201cWolferl je sko\u010dio u cari\u010dino krilo, bacio ruke oko njezinoga vrata i srda\u010dno ju poljubio\u201d, opisao je susret otac Leopold. U Mariji Tereziji i njezinom aristokratskom dru\u0161tvu vidjeli su mecene, ali, zanemarimo li ucifrane frizure i rasko\u0161ne haljine, prizor je doista \u201cnov\u201d &#8211; intiman.<\/p>\n<p>&nbsp;<\/p>\n<p>&nbsp;<\/p>\n<p>Rasko\u0161ni barokni vokalni stil talijanskih opernih skladatelja Francesca Gasparinija i Alessandra Scarlattija, polifono instrumentalno majstorstvo Johanna Sebastiana Bacha, lepr\u0161ava galantnost francuske provenijencije iz pera Fran\u00e7oisa \u201cle Grand\u201d Couperina, neizreciva \u010disto\u0107a i sklad klasicisti\u010dke biti Wolfganga Amadeusa Mozarta i skica onoga \u0161to \u0107e u Ludwigu van Beethovenu evoluirati k misli da je \u2018\u2018knezova bilo i bit \u0107e, ali je samo jedan Beethoven\u201d &#8211; tek je oris glazbenog bogatstva 18. stolje\u0107a. A ono je, pak, omogu\u0107ilo stvaranje bogatstva ukusa. Marija Terezija voljela je talijansku glazbu. \u201cSvim doma\u0107im skla-dateljima pretpostavljam najmanjeg Talijana!\u201d De gustibus non est disputandum.<\/p>\n<p>&nbsp;<\/p>\n<p>&nbsp;<\/p>\n<p>&nbsp;<\/p>\n<p>Petak 8. prosinca u 19.30 sati<\/p>\n<p>&nbsp;<\/p>\n<p>Izlo\u017ebena dvorana Muzeja Brodskog Posavlja<\/p>\n<p>&nbsp;<\/p>\n<p>Star\u010devi\u0107eva 40, Slavonski Brod<\/p>\n<p>&nbsp;<\/p>\n<p>PROGRAM<\/p>\n<p>&nbsp;<\/p>\n<p>Lara Smoli\u0107, harmonika, 6. o. Ivan Horvat, harmonika, 2. s: Johann Sebastian Bach: Air, iz Orkestralne suite br. 3 u D-duru, BWV 1068<\/p>\n<p>&nbsp;<\/p>\n<p>Ana Lovi\u0107, sopran, 1. s. Andrej \u0160eper, klavir, prof.: Francesco Gasparini: Caro laccio dolce nodo, iz Komornih kantata za glas solo i continuo, op. 1<\/p>\n<p>&nbsp;<\/p>\n<p>Josip Greguri\u0107, klavir, 3. o.: Johann Sebastian Bach: Sarabande, iz Francuske suite br. 3 u h-molu, BWV 814<\/p>\n<p>&nbsp;<\/p>\n<p>Dominik Tomi\u010di\u0107,violina, 6. o. Andrej \u0160eper, klavir, prof.: Fran\u00e7ois Couperin: Le Bavolet flottant, iz 9. suite u 2. knjizi Komada za \u010dembalo<\/p>\n<p>&nbsp;<\/p>\n<p>Elena Wachtler, klavir, 3. s.: Johann Sebastian Bach: Troglasna invencija br. 6 u E-duru, BWV 792<\/p>\n<p>&nbsp;<\/p>\n<p>Lana \u0106ato, sopran, 2. s. Andrej \u0160eper, klavir, prof.: Wolfgang Amadeus Mozart: Das Veilchen, KV 476<\/p>\n<p>&nbsp;<\/p>\n<p>Katarina Ara\u010di\u0107, klavir, 2. s.: Fran\u00e7ois Couperin: La Charolaise, iz 2. suite u 1. knjizi Komada za \u010dembalo<\/p>\n<p>&nbsp;<\/p>\n<p>Sandra B\u00f6hm, sopran, 2. s. Andrej \u0160eper, klavir, prof.: Alessandro Scarlatti: Gi\u00e0 il sole dal Gange, arija iz opere L\u2019honest\u00e0 negli amori<\/p>\n<p>&nbsp;<\/p>\n<p>Bono Pei\u0107, flauta, 2. o. Ramona Bi\u0107ani\u0107, klavir, 2. o.: Ludwig van Beethoven: Romanze, iz Sonatine u G-duru, Anh. 5 br. 2<\/p>\n<p>&nbsp;<\/p>\n<p>Kre\u0161imir Ivan\u010di\u0107, violina, prof. Andrej \u0160eper, klavir, prof.: Wolfgang Amadeus Mozart: Allegro aperto (1. stavak) iz Violinskog koncerta br. 5 u A-duru, KV 219<\/p>\n<p>&nbsp;<\/p>\n<p>Izvor: <a href=\"http:\/\/www.muzejbp.hr\/hr\/aktualno\/dogadjanja\/koncert-%e2%80%9eglazbeni-ukusi-terezijanskog-doba%e2%80%9c,125.html\">http:\/\/www.muzejbp.hr\/hr\/aktualno\/dogadjanja\/koncert-%e2%80%9eglazbeni-ukusi-terezijanskog-doba%e2%80%9c,125.html<\/a><\/p>\n<p>&nbsp;<\/p>\n<p>&nbsp;<\/p>\n","protected":false},"excerpt":{"rendered":"","protected":false},"author":2,"featured_media":7420,"comment_status":"open","ping_status":"open","sticky":false,"template":"","format":"standard","meta":{"_acf_changed":false,"jetpack_post_was_ever_published":false,"_jetpack_newsletter_access":"","_jetpack_dont_email_post_to_subs":false,"_jetpack_newsletter_tier_id":0,"_jetpack_memberships_contains_paywalled_content":false,"_jetpack_memberships_contains_paid_content":false,"footnotes":"","jetpack_publicize_message":"","jetpack_publicize_feature_enabled":true,"jetpack_social_post_already_shared":true,"jetpack_social_options":{"image_generator_settings":{"template":"highway","default_image_id":0,"font":"","enabled":false},"version":2}},"categories":[3],"tags":[],"class_list":["post-7419","post","type-post","status-publish","format-standard","has-post-thumbnail","hentry","category-novosti"],"acf":{"facebook_opis":""},"jetpack_publicize_connections":[],"jetpack_featured_media_url":"https:\/\/i0.wp.com\/historiografija.hr\/wp-content\/uploads\/2017\/12\/Koncert.png?fit=236%2C276&ssl=1","jetpack_sharing_enabled":true,"jetpack-related-posts":[{"id":52573,"url":"https:\/\/historiografija.hr\/?p=52573","url_meta":{"origin":7419,"position":0},"title":"Znanstvena konferencija &#8220;Filozofija odgoja: povijest, praksa, perspektive&#8221;","author":"Branimir Jankovi\u0107","date":"21. travnja 2026.","format":false,"excerpt":"Znanstvena konferencija \"Filozofija odgoja: povijest, praksa, perspektive\" odr\u017eat \u0107e se 23. i 24. travnja 2026. u Konferencijskoj dvorani Knji\u017enice Filozofskog fakulteta u Zagrebu (2. kat).\u00a0Konferencija je organizirana u okviru projekta\u00a0SUMKOS (voditeljica prof. dr. sc. Ivana Zagorac, financiran\u00a0sredstvima NextGenerationEU), uz potporu Odsjeka za filozofiju.\u00a0 Uz izlaga\u010dki dio, konferencija obuhva\u0107a i izlo\u017ebu\u2026","rel":"","context":"U &quot;Novosti&quot;","block_context":{"text":"Novosti","link":"https:\/\/historiografija.hr\/?cat=3"},"img":{"alt_text":"","src":"","width":0,"height":0},"classes":[]},{"id":52552,"url":"https:\/\/historiografija.hr\/?p=52552","url_meta":{"origin":7419,"position":1},"title":"Besplatni glazbeni antikvarijat","author":"Branimir Jankovi\u0107","date":"20. travnja 2026.","format":false,"excerpt":"Muzi\u010dka akademija Sveu\u010dili\u0161ta u Zagrebu 23. travnja 2026. od 10 do 17 sati Pozivamo Vas na Besplatni glazbeni antikvarijat, koji u sklopu manifestacije No\u0107 knjige 2026. organizira Hrvatska udruga muzi\u010dkih knji\u017enica, arhiva i dokumentacijskih centara (HUMKAD). Antikvarijat \u0107e se odr\u017eati na Svjetski dan knjige \u2013 u \u010detvrtak 23. travnja 2026.\u2026","rel":"","context":"U &quot;Novosti&quot;","block_context":{"text":"Novosti","link":"https:\/\/historiografija.hr\/?cat=3"},"img":{"alt_text":"","src":"https:\/\/i0.wp.com\/historiografija.hr\/wp-content\/uploads\/2026\/04\/Besplatni-glazbeni-antikvarijat-23.-4.-2026.jpg?fit=1200%2C848&ssl=1&resize=350%2C200","width":350,"height":200,"srcset":"https:\/\/i0.wp.com\/historiografija.hr\/wp-content\/uploads\/2026\/04\/Besplatni-glazbeni-antikvarijat-23.-4.-2026.jpg?fit=1200%2C848&ssl=1&resize=350%2C200 1x, https:\/\/i0.wp.com\/historiografija.hr\/wp-content\/uploads\/2026\/04\/Besplatni-glazbeni-antikvarijat-23.-4.-2026.jpg?fit=1200%2C848&ssl=1&resize=525%2C300 1.5x, https:\/\/i0.wp.com\/historiografija.hr\/wp-content\/uploads\/2026\/04\/Besplatni-glazbeni-antikvarijat-23.-4.-2026.jpg?fit=1200%2C848&ssl=1&resize=700%2C400 2x, https:\/\/i0.wp.com\/historiografija.hr\/wp-content\/uploads\/2026\/04\/Besplatni-glazbeni-antikvarijat-23.-4.-2026.jpg?fit=1200%2C848&ssl=1&resize=1050%2C600 3x"},"classes":[]},{"id":52505,"url":"https:\/\/historiografija.hr\/?p=52505","url_meta":{"origin":7419,"position":2},"title":"Izlo\u017eba &#8220;Eschenstock \/ Jasenov prut&#8221;","author":"Branimir Jankovi\u0107","date":"17. travnja 2026.","format":false,"excerpt":"Srpsko narodno vije\u0107e (SNV) i Vizura aperta postavljaju izlo\u017ebu \u0161vicarskog slikara Velimira Ili\u0161evi\u0107a: Eschenstock \/ Jasenov prut. Izlo\u017eba se uz prisustvo autora otvara povodom 81. godi\u0161njice proboja logora\u0161a iz usta\u0161kog logora smrti Jasenovac 22. aprila 2026. u 19 sati u Srpskom kulturnom centru (SKC) u Preradovi\u0107evoj ulici 21 u Zagrebu.\u2026","rel":"","context":"U &quot;Izlo\u017ebe&quot;","block_context":{"text":"Izlo\u017ebe","link":"https:\/\/historiografija.hr\/?cat=10"},"img":{"alt_text":"","src":"https:\/\/i0.wp.com\/historiografija.hr\/wp-content\/uploads\/2026\/04\/Jasenov_prut.jpg?fit=1024%2C640&ssl=1&resize=350%2C200","width":350,"height":200,"srcset":"https:\/\/i0.wp.com\/historiografija.hr\/wp-content\/uploads\/2026\/04\/Jasenov_prut.jpg?fit=1024%2C640&ssl=1&resize=350%2C200 1x, https:\/\/i0.wp.com\/historiografija.hr\/wp-content\/uploads\/2026\/04\/Jasenov_prut.jpg?fit=1024%2C640&ssl=1&resize=525%2C300 1.5x, https:\/\/i0.wp.com\/historiografija.hr\/wp-content\/uploads\/2026\/04\/Jasenov_prut.jpg?fit=1024%2C640&ssl=1&resize=700%2C400 2x"},"classes":[]},{"id":52520,"url":"https:\/\/historiografija.hr\/?p=52520","url_meta":{"origin":7419,"position":3},"title":"Predstavljanje knjige &#8220;Socialist Economics in Yugoslavia: A Critical History&#8221; u Zagrebu","author":"Branimir Jankovi\u0107","date":"17. travnja 2026.","format":false,"excerpt":"Pozivamo vas na predstavljanje knjige \"Socialist Economics in Yugoslavia: A Critical History\", autora Mislava \u00a0\u017ditka i Marka Grde\u0161i\u0107a (Routledge, 2026). Na predstavljanju \u0107e govoriti Branko Milanovi\u0107 (CUNY), Milica Uvali\u0107 (EUI), Zdravko Petak (FPZG) te autori.\u00a0 Predstavljanje \u0107e se odr\u017eati u srijedu 22. travnja u 16:00 sati na Fakultetu politi\u010dkih znanosti\u2026","rel":"","context":"U &quot;Novosti&quot;","block_context":{"text":"Novosti","link":"https:\/\/historiografija.hr\/?cat=3"},"img":{"alt_text":"","src":"https:\/\/i0.wp.com\/historiografija.hr\/wp-content\/uploads\/2026\/04\/Poziv-na-predstavljanje.png?fit=800%2C652&ssl=1&resize=350%2C200","width":350,"height":200,"srcset":"https:\/\/i0.wp.com\/historiografija.hr\/wp-content\/uploads\/2026\/04\/Poziv-na-predstavljanje.png?fit=800%2C652&ssl=1&resize=350%2C200 1x, https:\/\/i0.wp.com\/historiografija.hr\/wp-content\/uploads\/2026\/04\/Poziv-na-predstavljanje.png?fit=800%2C652&ssl=1&resize=525%2C300 1.5x, https:\/\/i0.wp.com\/historiografija.hr\/wp-content\/uploads\/2026\/04\/Poziv-na-predstavljanje.png?fit=800%2C652&ssl=1&resize=700%2C400 2x"},"classes":[]},{"id":52511,"url":"https:\/\/historiografija.hr\/?p=52511","url_meta":{"origin":7419,"position":4},"title":"Izlo\u017eba &#8220;Lica Sljemena&#8221;","author":"Branimir Jankovi\u0107","date":"17. travnja 2026.","format":false,"excerpt":"Srda\u010dno vas pozivamo na otvorenje izlo\u017ebe Lica Sljemena koje \u0107e se odr\u017eati u srijedu 22. travnja 2026. u 18 h ispred Muzeja Prigorja (Trg Dragutina Domjani\u0107a 5, Sesvete). Izlo\u017eba proizlazi iz istra\u017eivanja Nevene \u0160krbi\u0107 Alempijevi\u0107, Petre Kelemen i Sanje Potkonjak te intervjua sa Sljemena\u0161icama i Sljemena\u0161ima, koji su provedeni u\u2026","rel":"","context":"U &quot;Izlo\u017ebe&quot;","block_context":{"text":"Izlo\u017ebe","link":"https:\/\/historiografija.hr\/?cat=10"},"img":{"alt_text":"","src":"https:\/\/i0.wp.com\/historiografija.hr\/wp-content\/uploads\/2026\/04\/Izlozba-Lica-Sljemena.png?fit=1080%2C686&ssl=1&resize=350%2C200","width":350,"height":200,"srcset":"https:\/\/i0.wp.com\/historiografija.hr\/wp-content\/uploads\/2026\/04\/Izlozba-Lica-Sljemena.png?fit=1080%2C686&ssl=1&resize=350%2C200 1x, https:\/\/i0.wp.com\/historiografija.hr\/wp-content\/uploads\/2026\/04\/Izlozba-Lica-Sljemena.png?fit=1080%2C686&ssl=1&resize=525%2C300 1.5x, https:\/\/i0.wp.com\/historiografija.hr\/wp-content\/uploads\/2026\/04\/Izlozba-Lica-Sljemena.png?fit=1080%2C686&ssl=1&resize=700%2C400 2x, https:\/\/i0.wp.com\/historiografija.hr\/wp-content\/uploads\/2026\/04\/Izlozba-Lica-Sljemena.png?fit=1080%2C686&ssl=1&resize=1050%2C600 3x"},"classes":[]},{"id":52575,"url":"https:\/\/historiografija.hr\/?p=52575","url_meta":{"origin":7419,"position":5},"title":"Izlo\u017eba dje\u010djih radova \u201cU po\u010detku bija\u0161e crte\u017e\u2026\u201d","author":"Branimir Jankovi\u0107","date":"21. travnja 2026.","format":false,"excerpt":"U subotu, 25. travnja 2026. u 11 sati u Galeriji Klovi\u0107evi dvori sve\u010dano otvaramo izlo\u017ebu dje\u010djih radova pod nazivom U po\u010detku bija\u0161e crte\u017e\u2026 Radovi su nastali u sklopu likovnih radionica uz izlo\u017ebu U po\u010detku bija\u0161e kraljevstvo \u2013 izlo\u017eba povodom 1100 godina Hrvatskoga Kraljevstva. Na brojnim likovnim radionicama, uz \u0161kolsku djecu,\u2026","rel":"","context":"U &quot;Izlo\u017ebe&quot;","block_context":{"text":"Izlo\u017ebe","link":"https:\/\/historiografija.hr\/?cat=10"},"img":{"alt_text":"","src":"https:\/\/i0.wp.com\/historiografija.hr\/wp-content\/uploads\/2025\/10\/Klovicevi_sluzbeni-plakat.png?fit=840%2C1200&ssl=1&resize=350%2C200","width":350,"height":200,"srcset":"https:\/\/i0.wp.com\/historiografija.hr\/wp-content\/uploads\/2025\/10\/Klovicevi_sluzbeni-plakat.png?fit=840%2C1200&ssl=1&resize=350%2C200 1x, https:\/\/i0.wp.com\/historiografija.hr\/wp-content\/uploads\/2025\/10\/Klovicevi_sluzbeni-plakat.png?fit=840%2C1200&ssl=1&resize=525%2C300 1.5x, https:\/\/i0.wp.com\/historiografija.hr\/wp-content\/uploads\/2025\/10\/Klovicevi_sluzbeni-plakat.png?fit=840%2C1200&ssl=1&resize=700%2C400 2x"},"classes":[]}],"_links":{"self":[{"href":"https:\/\/historiografija.hr\/index.php?rest_route=\/wp\/v2\/posts\/7419","targetHints":{"allow":["GET"]}}],"collection":[{"href":"https:\/\/historiografija.hr\/index.php?rest_route=\/wp\/v2\/posts"}],"about":[{"href":"https:\/\/historiografija.hr\/index.php?rest_route=\/wp\/v2\/types\/post"}],"author":[{"embeddable":true,"href":"https:\/\/historiografija.hr\/index.php?rest_route=\/wp\/v2\/users\/2"}],"replies":[{"embeddable":true,"href":"https:\/\/historiografija.hr\/index.php?rest_route=%2Fwp%2Fv2%2Fcomments&post=7419"}],"version-history":[{"count":1,"href":"https:\/\/historiografija.hr\/index.php?rest_route=\/wp\/v2\/posts\/7419\/revisions"}],"predecessor-version":[{"id":7421,"href":"https:\/\/historiografija.hr\/index.php?rest_route=\/wp\/v2\/posts\/7419\/revisions\/7421"}],"wp:featuredmedia":[{"embeddable":true,"href":"https:\/\/historiografija.hr\/index.php?rest_route=\/wp\/v2\/media\/7420"}],"wp:attachment":[{"href":"https:\/\/historiografija.hr\/index.php?rest_route=%2Fwp%2Fv2%2Fmedia&parent=7419"}],"wp:term":[{"taxonomy":"category","embeddable":true,"href":"https:\/\/historiografija.hr\/index.php?rest_route=%2Fwp%2Fv2%2Fcategories&post=7419"},{"taxonomy":"post_tag","embeddable":true,"href":"https:\/\/historiografija.hr\/index.php?rest_route=%2Fwp%2Fv2%2Ftags&post=7419"}],"curies":[{"name":"wp","href":"https:\/\/api.w.org\/{rel}","templated":true}]}}