{"id":7358,"date":"2017-12-05T10:32:35","date_gmt":"2017-12-05T10:32:35","guid":{"rendered":"http:\/\/historiografija.hr\/?p=7358"},"modified":"2018-01-04T10:10:29","modified_gmt":"2018-01-04T10:10:29","slug":"tribina-oktobarska-revolucija-iz-rodne-perspektive","status":"publish","type":"post","link":"https:\/\/historiografija.hr\/?p=7358","title":{"rendered":"Tribina \u201dOktobarska revolucija iz rodne perspektive\u201d"},"content":{"rendered":"<p>Inicijativa za feministi\u010dki Filozofski poziva na tribinu \u201dOktobarska revolucija iz rodne perspektive\u201d koja \u0107e se odr\u017eati u petak, 8. prosinca 2017. u 19 sati u dvorani D1 Filozofskog fakulteta u Zagrebu.<\/p>\n<p>&nbsp;<\/p>\n<p>&nbsp;<\/p>\n<p>&#8212;<\/p>\n<p>&nbsp;<\/p>\n<p>&nbsp;<\/p>\n<p>Poziv na tribinu<\/p>\n<p>&nbsp;<\/p>\n<p>Inicijativa za feministi\u010dki Filozofski poziva na tribinu \u201dOktobarska revolucija iz rodne perspektive\u201d koja \u0107e se odr\u017eati u petak, 8. prosinca 2017., u 19 sati u dvorani D1 Filozofskog fakulteta u Zagrebu. Na tribini \u0107e govoriti prof. Ankica \u010cakardi\u0107, Mia Gonan i Andrea An\u0111elini\u0107, a njihov \u0107e razgovor moderirati Ante Andabak.<\/p>\n<p>&nbsp;<\/p>\n<p>Nakon tribine dru\u017eit \u0107emo se u prostoru KSFF-a.<\/p>\n<p>&nbsp;<\/p>\n<p>Vi\u0161e o govornicama i njihovim izlaganjima:<\/p>\n<p>&nbsp;<\/p>\n<p><strong>Andrea An\u0111elini\u0107, \u017dene i Oktobar<\/strong><\/p>\n<p>&nbsp;<\/p>\n<p>Cilj ovoga izlaganja bit \u0107e dati sa\u017eet i jezgrovit pregled uloge i pozicije \u017eena u kontekstu Oktobarske revolucije i situacije u Sovjetskom Savezu koja je uslijedila. Okosnicu izlaganja \u010dinit \u0107e \u010dlanak The women of 1917. Megan Trudell, objavljen u \u010dasopisu Jacobin, u kojemu se ocrtava jezgra povijesnoga aspekta polo\u017eaja \u017eena, ponajprije radnica, unutar Revolucije. U fokusu \u0107e razmatranja pri tome biti na\u010dini organizacije \u017eena i njihova anga\u017eiranost u politi\u010dkim pitanjima koja je kulminirala u Februarskoj revoluciji, poti\u010du\u0107i time revolucionarni naboj koji je u kasnije doveo do uspostave socijalizma. Nu\u017eno se pri tom osvrnuti na materijalne uvjete u kojima su se \u017eene nalazile i na na\u010din na koji je Komunisti\u010dka partija planirala djelovati u svrhu pobolj\u0161anja istih. Bit \u0107e razmotreni stavovi i spisi Vladimira Lenjina i Lava Trockog o \u017eenskome pitanju, ideje o reorganizaciji obitelji i na\u010dinima na koje bi se neutralizirala represivnost te zajednice, ali i konkretni potezi poduzeti po tom pitanju, a koji \u0107e se zadr\u017eati ve\u0107inom na pravnim aspektima potla\u010denosti \u017eena i LGBT+ manjine, dok su svakodnevne pote\u0161ko\u0107e s kojima su suo\u010dene ostavljene, uslijed ekonomskih problema i rata, za kasnije propitivanje. Problematizirat \u0107e se ukratko i razlozi regresije zakonskih prava \u017eena nakon Lenjinove smrti, ali i posljedice zanemarivanja materijalnoga polo\u017eaja \u017eena unutar obitelji i unutar javne sfere.<\/p>\n<p>&nbsp;<\/p>\n<p><strong>Mia Gonan<\/strong><\/p>\n<p>&nbsp;<\/p>\n<p>Izlaganje \u0107e se fokusirati na kritiku Oktobarske revolucije iz perspektive koja za dokidanje kapitalizma, a s njime i opresije \u017eena i LGBTIQ+ osoba, smatra nu\u017enim radikalno mijenjanje samog procesa proizvodnje. Nadovezuju\u0107i se na kritike koje su se javljale nakon revolucije, od strane Lava Trockog i Aleksandre Kollontai, u vezi postepenog napu\u0161tanja \u017eenskog pitanja i rada na dokidanju obitelji, u izlaganju \u0107e biti nagla\u0161eno za\u0161to je nedovoljno fokusirati se na promjenu \u201eprivatne\u201c sfere istovremeno zadr\u017eavaju\u0107i i pobolj\u0161avaju\u0107i kapitalisti\u010dki na\u010din proizvodnje. Iz rodne perspektive, kao i iz perspektive koja dokidanje apstraktnog rada, forme vrijednosti i robne proizvodnje smatra nu\u017enima, kritizirat \u0107e se pozicija prema kojoj kapitalizam u nekoj fazi mo\u017ee biti osloba\u0111aju\u0107i, odnosno pozicija prema kojoj \u201eproduktivni\u201c rad mo\u017ee osloboditi \u017eene od \u201eneproduktivnog\u201c ku\u0107anskog rada. Budu\u0107i da sam taj sustav proizvodnje zahtijeva odre\u0111ene dru\u0161tvene odnose, izme\u0111u ostalog patrijarhalnu obitelj, nasilje prema \u017eenama i LGBTIQ+ osobama itd., ne mo\u017ee biti dovoljno fokusirati se samo na puko pobolj\u0161anje uvjeta \u017eivota radni\u010dke klase i redistribuciju vi\u0161ka vrijednosti. Osim kritike produktivizma iz perspektive dokidanja apstraktnog rada i vrijednosti, izlaganje \u0107e se kratko dotaknuti i suvremene ideje dokidanja roda, te onda razmotriti koliko su neka pisanja Aleksandre Kollontai korisna za tu anti-cisheteronormativnu perspektivu.<\/p>\n<p>&nbsp;<\/p>\n<p><strong>Ankica \u010cakardi\u0107, Pri\u010da o Ruskoj revoluciji: Ni\u0161ta bez \u017eena<\/strong><\/p>\n<p>&nbsp;<\/p>\n<p>Ovaj kratki prilog bi poku\u0161ao ukazati na izrazito va\u017enu ulogu \u017eena, u prvom redu proleterki i bolj\u0161evikinja u pokretanju Oktobarske revolucije. Uzimaju\u0107i dostupni historijski i empirijski kontekst u obzir, predlo\u017eenu temu \u0107u graditi uz napomenu da je Ruska revolucija bila nu\u017eni ishod brojnih \u017eenskih februarskih \u0161trajkova (u sferi produkcije i reprodukcije) i Me\u0111unarodnog dana \u017eena organiziranih u Petrogradu, mahom u \u010detvrti Vyborg, 1917. Htjela bih naglasiti da se tu nije radilo tek o nekoj revolucionarno-\u017eenskoj \u201ciskri\u201d kratkog daha, ve\u0107 da su \u017eene bile klju\u010dne nositeljice, dakle \u201cmotor\u201d Ruske revolucije. Uz to, poku\u0161ala bih dekonstruirati mit o \u201cpasivnosti\u201d ili \u201cizostanku\u201d \u017eena iz politi\u010dkog \u017eivota onda\u0161nje Rusije, ali istovremeno ilustrirati kako je proboj \u017eena u tradicionalno \u201cmu\u0161ki\u201dpoliti\u010dki svijet bio mukotrpan, kako se to obi\u010dno ka\u017ee, \u201cjedan korak naprijed, dva koraka nazad\u201d. Zaklju\u010dno, iskoristila bih distinkciju izme\u0111u \u201csocijalne reforme i revolucije\u201d kako ju je u svojim radovima razvila Rosa Luxemburg, ne bih li argumentirala tezu da su, historijski govore\u0107i, opresirane klase ili grupe svoja emancipatorna prava ostvarivale revolucionarnim strategijama, a ne samorazumljivim liberalno-pravnim instrumentima. Sto godina poslije, neka nam i ova historija bude lekcija za budu\u0107nost.<\/p>\n<p>&nbsp;<\/p>\n<p>&nbsp;<\/p>\n<p>Izvor: <a href=\"http:\/\/www.ffzg.unizg.hr\/?p=7878#more-7878\">http:\/\/www.ffzg.unizg.hr\/?p=7878#more-7878<\/a><\/p>\n<p>&nbsp;<\/p>\n<p>&#8212;<\/p>\n<p>&nbsp;<\/p>\n<p><strong>Tekst o tribini:<\/strong><\/p>\n<p>&nbsp;<\/p>\n<p><a href=\"http:\/\/www.kulturpunkt.hr\/content\/revolucija-i-zensko-pitanje\">http:\/\/www.kulturpunkt.hr\/content\/revolucija-i-zensko-pitanje<\/a><\/p>\n<p>&nbsp;<\/p>\n<p>&nbsp;<\/p>\n","protected":false},"excerpt":{"rendered":"","protected":false},"author":2,"featured_media":7359,"comment_status":"open","ping_status":"open","sticky":false,"template":"","format":"standard","meta":{"_acf_changed":false,"jetpack_post_was_ever_published":false,"_jetpack_newsletter_access":"","_jetpack_dont_email_post_to_subs":false,"_jetpack_newsletter_tier_id":0,"_jetpack_memberships_contains_paywalled_content":false,"_jetpack_memberships_contains_paid_content":false,"footnotes":"","jetpack_publicize_message":"","jetpack_publicize_feature_enabled":true,"jetpack_social_post_already_shared":true,"jetpack_social_options":{"image_generator_settings":{"template":"highway","default_image_id":0,"font":"","enabled":false},"version":2}},"categories":[3],"tags":[],"class_list":["post-7358","post","type-post","status-publish","format-standard","has-post-thumbnail","hentry","category-novosti"],"acf":{"facebook_opis":""},"jetpack_publicize_connections":[],"jetpack_featured_media_url":"https:\/\/i0.wp.com\/historiografija.hr\/wp-content\/uploads\/2017\/12\/inicijativa-za-feministicki-filozofski.jpg?fit=960%2C544&ssl=1","jetpack_sharing_enabled":true,"jetpack-related-posts":[{"id":52573,"url":"https:\/\/historiografija.hr\/?p=52573","url_meta":{"origin":7358,"position":0},"title":"Znanstvena konferencija &#8220;Filozofija odgoja: povijest, praksa, perspektive&#8221;","author":"Branimir Jankovi\u0107","date":"21. travnja 2026.","format":false,"excerpt":"Znanstvena konferencija \"Filozofija odgoja: povijest, praksa, perspektive\" odr\u017eat \u0107e se 23. i 24. travnja 2026. u Konferencijskoj dvorani Knji\u017enice Filozofskog fakulteta u Zagrebu (2. kat).\u00a0Konferencija je organizirana u okviru projekta\u00a0SUMKOS (voditeljica prof. dr. sc. Ivana Zagorac, financiran\u00a0sredstvima NextGenerationEU), uz potporu Odsjeka za filozofiju.\u00a0 Uz izlaga\u010dki dio, konferencija obuhva\u0107a i izlo\u017ebu\u2026","rel":"","context":"U &quot;Novosti&quot;","block_context":{"text":"Novosti","link":"https:\/\/historiografija.hr\/?cat=3"},"img":{"alt_text":"","src":"","width":0,"height":0},"classes":[]},{"id":52547,"url":"https:\/\/historiografija.hr\/?p=52547","url_meta":{"origin":7358,"position":1},"title":"ISHA Zagreb \u2013 Filmska ve\u010der: Povratak Martina Guerrea","author":"Branimir Jankovi\u0107","date":"20. travnja 2026.","format":false,"excerpt":"Klub studenata povijesti \u2013 ISHA Zagreb poziva Vas na filmsku ve\u010der na kojoj \u0107e se prikazivati \u201ePovratak Martina Guerrea\u201c, povijesna drama iz 1982. godine s radnjom smje\u0161tenom u 16. stolje\u0107u. Radnja je utemeljena na stvarnoj povijesnoj li\u010dnosti Martina Guerrea koji se nakon mnogo godina izbivanja vra\u0107a u svoje rodno mjesto\u2026","rel":"","context":"U &quot;Filmovi i serije&quot;","block_context":{"text":"Filmovi i serije","link":"https:\/\/historiografija.hr\/?cat=13"},"img":{"alt_text":"","src":"https:\/\/i0.wp.com\/historiografija.hr\/wp-content\/uploads\/2026\/04\/M-Guerre.png?fit=702%2C1006&ssl=1&resize=350%2C200","width":350,"height":200,"srcset":"https:\/\/i0.wp.com\/historiografija.hr\/wp-content\/uploads\/2026\/04\/M-Guerre.png?fit=702%2C1006&ssl=1&resize=350%2C200 1x, https:\/\/i0.wp.com\/historiografija.hr\/wp-content\/uploads\/2026\/04\/M-Guerre.png?fit=702%2C1006&ssl=1&resize=525%2C300 1.5x, https:\/\/i0.wp.com\/historiografija.hr\/wp-content\/uploads\/2026\/04\/M-Guerre.png?fit=702%2C1006&ssl=1&resize=700%2C400 2x"},"classes":[]},{"id":52654,"url":"https:\/\/historiografija.hr\/?p=52654","url_meta":{"origin":7358,"position":2},"title":"Gostuju\u0107e predavanje &#8211; Danijel D\u017eino \u201eKasnoanti\u010dke i ranosrednjovjekovne gra\u0111evine u Brezi: Spomenici nepotpune biografije\u201c","author":"Branimir Jankovi\u0107","date":"24. travnja 2026.","format":false,"excerpt":"Doktorski studij predmoderne povijesti poziva na predavanje \"Kasnoanti\u010dke i ranosrednjovjekovne gra\u0111evine u Brezi: Spomenici nepotpune biografije\u201d koje \u0107e odr\u017eati profesor Danijel D\u017eino sa Sveu\u010dili\u0161ta Macquarie u Sydneyu u\u00a0utorak 28. travnja 2026. u 17h u Konferencijskoj dvorani Knji\u017enice Filozofskog fakulteta u Zagrebu. Predavanje \u0107e predo\u010diti nova saznanja dobivena kroz arhivsko-dokumentarna istra\u017eivanja\u2026","rel":"","context":"U &quot;Novosti&quot;","block_context":{"text":"Novosti","link":"https:\/\/historiografija.hr\/?cat=3"},"img":{"alt_text":"","src":"https:\/\/i0.wp.com\/historiografija.hr\/wp-content\/uploads\/2026\/04\/Dzino.jpg?fit=980%2C819&ssl=1&resize=350%2C200","width":350,"height":200,"srcset":"https:\/\/i0.wp.com\/historiografija.hr\/wp-content\/uploads\/2026\/04\/Dzino.jpg?fit=980%2C819&ssl=1&resize=350%2C200 1x, https:\/\/i0.wp.com\/historiografija.hr\/wp-content\/uploads\/2026\/04\/Dzino.jpg?fit=980%2C819&ssl=1&resize=525%2C300 1.5x, https:\/\/i0.wp.com\/historiografija.hr\/wp-content\/uploads\/2026\/04\/Dzino.jpg?fit=980%2C819&ssl=1&resize=700%2C400 2x"},"classes":[]},{"id":52520,"url":"https:\/\/historiografija.hr\/?p=52520","url_meta":{"origin":7358,"position":3},"title":"Predstavljanje knjige &#8220;Socialist Economics in Yugoslavia: A Critical History&#8221; u Zagrebu","author":"Branimir Jankovi\u0107","date":"17. travnja 2026.","format":false,"excerpt":"Pozivamo vas na predstavljanje knjige \"Socialist Economics in Yugoslavia: A Critical History\", autora Mislava \u00a0\u017ditka i Marka Grde\u0161i\u0107a (Routledge, 2026). Na predstavljanju \u0107e govoriti Branko Milanovi\u0107 (CUNY), Milica Uvali\u0107 (EUI), Zdravko Petak (FPZG) te autori.\u00a0 Predstavljanje \u0107e se odr\u017eati u srijedu 22. travnja u 16:00 sati na Fakultetu politi\u010dkih znanosti\u2026","rel":"","context":"U &quot;Novosti&quot;","block_context":{"text":"Novosti","link":"https:\/\/historiografija.hr\/?cat=3"},"img":{"alt_text":"","src":"https:\/\/i0.wp.com\/historiografija.hr\/wp-content\/uploads\/2026\/04\/Poziv-na-predstavljanje.png?fit=800%2C652&ssl=1&resize=350%2C200","width":350,"height":200,"srcset":"https:\/\/i0.wp.com\/historiografija.hr\/wp-content\/uploads\/2026\/04\/Poziv-na-predstavljanje.png?fit=800%2C652&ssl=1&resize=350%2C200 1x, https:\/\/i0.wp.com\/historiografija.hr\/wp-content\/uploads\/2026\/04\/Poziv-na-predstavljanje.png?fit=800%2C652&ssl=1&resize=525%2C300 1.5x, https:\/\/i0.wp.com\/historiografija.hr\/wp-content\/uploads\/2026\/04\/Poziv-na-predstavljanje.png?fit=800%2C652&ssl=1&resize=700%2C400 2x"},"classes":[]},{"id":52651,"url":"https:\/\/historiografija.hr\/?p=52651","url_meta":{"origin":7358,"position":4},"title":"Promocija knjige Emira O. Filipovi\u0107a \u201cVite\u0161tvo u srednjovjekovnoj Bosni\u201d u Sarajevu","author":"Branimir Jankovi\u0107","date":"24. travnja 2026.","format":false,"excerpt":"Knji\u017eevni korner poziva na promociju knjige Emira O. Filipovi\u0107a \u201cVite\u0161tvo u srednjovjekovnoj Bosni\u201d koja \u0107e se odr\u017eati u srijedu, 29. aprila 2026. u 18 sati u Evropskoj ku\u0107i kulture i nacionalnih manjina (Austrijska ku\u0107a) u Sarajevu. Na promociji \u0107e govoriti Mirsad Sijari\u0107, Ema Mazrak i autor, a moderirat \u0107e Nikola\u2026","rel":"","context":"U &quot;Novosti&quot;","block_context":{"text":"Novosti","link":"https:\/\/historiografija.hr\/?cat=3"},"img":{"alt_text":"","src":"https:\/\/i0.wp.com\/historiografija.hr\/wp-content\/uploads\/2026\/04\/Vitestvo.jpg?fit=1080%2C565&ssl=1&resize=350%2C200","width":350,"height":200,"srcset":"https:\/\/i0.wp.com\/historiografija.hr\/wp-content\/uploads\/2026\/04\/Vitestvo.jpg?fit=1080%2C565&ssl=1&resize=350%2C200 1x, https:\/\/i0.wp.com\/historiografija.hr\/wp-content\/uploads\/2026\/04\/Vitestvo.jpg?fit=1080%2C565&ssl=1&resize=525%2C300 1.5x, https:\/\/i0.wp.com\/historiografija.hr\/wp-content\/uploads\/2026\/04\/Vitestvo.jpg?fit=1080%2C565&ssl=1&resize=700%2C400 2x, https:\/\/i0.wp.com\/historiografija.hr\/wp-content\/uploads\/2026\/04\/Vitestvo.jpg?fit=1080%2C565&ssl=1&resize=1050%2C600 3x"},"classes":[]},{"id":52669,"url":"https:\/\/historiografija.hr\/?p=52669","url_meta":{"origin":7358,"position":5},"title":"Predavanje Igora Dude &#8220;Odmor kao \u017eivotna potreba: o slobodnom vremenu u socijalisti\u010dkoj Jugoslaviji&#8221;","author":"Branimir Jankovi\u0107","date":"27. travnja 2026.","format":false,"excerpt":"U sklopu proljetnog ciklusa programa\u00a0Kriti\u010dka dramaturgija: pauza, u\u00a0subotu, 25. travnja 2026. u 19 sati\u00a0u prostoru Udru\u017eenja hrvatskih arhitekata povjesni\u010dar Igor Duda\u00a0odr\u017eao je predavanje naslovljeno\u00a0Odmor kao \u017eivotna potreba: o slobodnom vremenu u socijalisti\u010dkoj Jugoslaviji. Industrijalizacija i urbanizacija dru\u0161tava u povijesti su zna\u010dile i prelazak s predindustrijskog na industrijsko shva\u0107anje vremena. Ono\u2026","rel":"","context":"U &quot;Novosti&quot;","block_context":{"text":"Novosti","link":"https:\/\/historiografija.hr\/?cat=3"},"img":{"alt_text":"","src":"https:\/\/i0.wp.com\/historiografija.hr\/wp-content\/uploads\/2026\/04\/Duda.png?fit=1200%2C628&ssl=1&resize=350%2C200","width":350,"height":200,"srcset":"https:\/\/i0.wp.com\/historiografija.hr\/wp-content\/uploads\/2026\/04\/Duda.png?fit=1200%2C628&ssl=1&resize=350%2C200 1x, https:\/\/i0.wp.com\/historiografija.hr\/wp-content\/uploads\/2026\/04\/Duda.png?fit=1200%2C628&ssl=1&resize=525%2C300 1.5x, https:\/\/i0.wp.com\/historiografija.hr\/wp-content\/uploads\/2026\/04\/Duda.png?fit=1200%2C628&ssl=1&resize=700%2C400 2x, https:\/\/i0.wp.com\/historiografija.hr\/wp-content\/uploads\/2026\/04\/Duda.png?fit=1200%2C628&ssl=1&resize=1050%2C600 3x"},"classes":[]}],"_links":{"self":[{"href":"https:\/\/historiografija.hr\/index.php?rest_route=\/wp\/v2\/posts\/7358","targetHints":{"allow":["GET"]}}],"collection":[{"href":"https:\/\/historiografija.hr\/index.php?rest_route=\/wp\/v2\/posts"}],"about":[{"href":"https:\/\/historiografija.hr\/index.php?rest_route=\/wp\/v2\/types\/post"}],"author":[{"embeddable":true,"href":"https:\/\/historiografija.hr\/index.php?rest_route=\/wp\/v2\/users\/2"}],"replies":[{"embeddable":true,"href":"https:\/\/historiografija.hr\/index.php?rest_route=%2Fwp%2Fv2%2Fcomments&post=7358"}],"version-history":[{"count":2,"href":"https:\/\/historiografija.hr\/index.php?rest_route=\/wp\/v2\/posts\/7358\/revisions"}],"predecessor-version":[{"id":7761,"href":"https:\/\/historiografija.hr\/index.php?rest_route=\/wp\/v2\/posts\/7358\/revisions\/7761"}],"wp:featuredmedia":[{"embeddable":true,"href":"https:\/\/historiografija.hr\/index.php?rest_route=\/wp\/v2\/media\/7359"}],"wp:attachment":[{"href":"https:\/\/historiografija.hr\/index.php?rest_route=%2Fwp%2Fv2%2Fmedia&parent=7358"}],"wp:term":[{"taxonomy":"category","embeddable":true,"href":"https:\/\/historiografija.hr\/index.php?rest_route=%2Fwp%2Fv2%2Fcategories&post=7358"},{"taxonomy":"post_tag","embeddable":true,"href":"https:\/\/historiografija.hr\/index.php?rest_route=%2Fwp%2Fv2%2Ftags&post=7358"}],"curies":[{"name":"wp","href":"https:\/\/api.w.org\/{rel}","templated":true}]}}