{"id":7295,"date":"2017-12-02T14:42:05","date_gmt":"2017-12-02T14:42:05","guid":{"rendered":"http:\/\/historiografija.hr\/?p=7295"},"modified":"2017-12-02T14:42:05","modified_gmt":"2017-12-02T14:42:05","slug":"izlozba-tresnjevka-prostor-i-ljudi","status":"publish","type":"post","link":"https:\/\/historiografija.hr\/?p=7295","title":{"rendered":"Izlo\u017eba \u201cTre\u0161njevka \u2013 prostor i ljudi\u201d"},"content":{"rendered":"<p>Studijska izlo\u017eba \u201cTre\u0161njevka \u2013 prostor i ljudi\u201d otvorena je u Muzeju grada Zagreba od 29. studenog 2017. do 25. velja\u010de 2018. godine.<\/p>\n<p>&nbsp;<\/p>\n<p>&#8212;<\/p>\n<p>&nbsp;<\/p>\n<p><strong>Otvorenjem izlo\u017ebe <em>Tre\u0161njevka &#8211; prostor i ljudi<\/em> nastavlja se \u010detvrta etapa projekta Muzeja grada Zagreba <em>Zagreba\u010dki kvartovi<\/em><\/strong><\/p>\n<p>&nbsp;<\/p>\n<p>&nbsp;<\/p>\n<p>U srijedu 29. studenog 2017. u 19 sati u Muzeju grada Zagreba (Opati\u010dka 20) otvara se studijska izlo\u017eba <em>Tre\u0161njevka &#8211; prostor i ljudi<\/em>.<\/p>\n<p>&nbsp;<\/p>\n<p>&nbsp;<\/p>\n<p>Izlo\u017eba je dio \u010detvrte etape vi\u0161egodi\u0161njeg interdisciplinarnog projekta Zagreba\u010dki kvartovi koji je zapo\u010deo 2009. U \u010detvrtoj dionici Projekta bavimo se zagreba\u010dkom periferijom i njezinom preobrazbom od druge polovine 19. stolje\u0107a do danas.<\/p>\n<p>&nbsp;<\/p>\n<p>&nbsp;<\/p>\n<p>Voditelj projekta je kustos Muzeja grada Zagreba Kristian Struki\u0107. Koncepciju izlo\u017ebe izradili su Kristian Struki\u0107 i Goran Ar\u010dabi\u0107, a oblikovanje izlo\u017ebe potpisuje Nikolina Jelavi\u0107 Mitrovi\u0107.<\/p>\n<p>&nbsp;<\/p>\n<p>&nbsp;<\/p>\n<p>Studijske izlo\u017ebe u sklopu projekta nastoje posjetiteljima predstaviti kvart i stanovnike spajaju\u0107i pogled izvana (prostorni razvoj, izgradnja, dru\u0161tveni \u017eivot, privreda, svakodnevica) s osobnim iskustvom. Pristup u kojem sje\u0107anja pojedinaca i fotografije iz obiteljskih albuma postaju va\u017enim sadr\u017eajima scenarija izlo\u017ebi doprinosi otvaranju i povezivanju Muzeja s gra\u0111anima. Pri\u010de ispri\u010dane iz perspektive stvarnih aktera prenose na izlo\u017ebe djeli\u0107 atmosfere kvartovske svakodnevice te pru\u017eaju pogled iznutra na prostor, doga\u0111aje i vrijednosti.<\/p>\n<p>&nbsp;<\/p>\n<p>&nbsp;<\/p>\n<p>Nekad periferija, a na po\u010detku 21. stolje\u0107a prostor dviju gradskih \u010detvrti, Tre\u0161njevka je mjesto brojnih metamorfoza. Od pojave toponima \u010cre\u0161njevka i Tre\u0161njevka, preko nastanka sela i rasta radni\u010dkih naseobina ju\u017eno i zapadno od pruge u smjeru Siska, do njihove integracije u grad, izlo\u017eba nastoji kompleksno \u201ezaroniti\u201d u povijest prostora dana\u0161njih gradskih \u010detvrti Tre\u0161njevka sjever i Tre\u0161njevka jug. Urbanizam, arhitektura, modernizacija te dru\u0161tveni \u017eivot i svakodnevica zastupljeni su u ve\u0107im i dvjema manjim temama (o rijeci Savi i Savskoj cesti).<\/p>\n<p>&nbsp;<\/p>\n<p>&nbsp;<\/p>\n<p>Tre\u0161njevku predstavljamo kao cjelinu, ali nastojimo u\u010diniti vidljivim i razne dijelove gradskih \u010detvrti, povijesna naselja i prostore s vlastitim (pod)identitetom: Ciglenicu, Gajevo, Gredice, Horvate, Jarun, Kne\u017eiju, Ljubljanicu, Pongra\u010devo, Pre\u010dko, Remizu, Rude\u0161, Srednjake, Stagli\u0161\u0107e, Staru Tre\u0161njevku, Voltino i Vrbane. U tom segmentu koristili smo sje\u0107anja stanovnika i fotografije iz obiteljskih albuma.<\/p>\n<p>&nbsp;<\/p>\n<p>&nbsp;<\/p>\n<p>Izlo\u017eba Tre\u0161njevka &#8211; prostor i ljudi nadovezuje se na prethodne studijske izlo\u017ebe: Pola stolje\u0107a Trnskog \u2013 pri\u010da jedna generacije (2010.), Zagreba\u010dka Dubrava \u2013 od predgra\u0111a do grada (2012.) i Maksimir \u2013 povijest i kvartovski simboli (2014.).<\/p>\n<p>&nbsp;<\/p>\n<p>&nbsp;<\/p>\n<p>Kao i na prethodnim izlo\u017ebama projekta Zagreba\u010dki kvartovi, entuzijasti i institucije koje djeluju na Tre\u0161njevci pru\u017eili su pomo\u0107 u stvaranju \u0161to potpunije slike kvarta. Ovaj su put partneri Muzeja u realizaciji izlo\u017ebe Centar za kulturu Tre\u0161njevka i projekt Mapiranje Tre\u0161njevke.<\/p>\n<p>&nbsp;<\/p>\n<p>&nbsp;<\/p>\n<p>Nakon izlo\u017ebe <em>Tre\u0161njevka \u2013 prostor i ljudi<\/em> (studeni 2017. \u2013 velja\u010da 2018.) u Muzeju grada Zagreba bit \u0107e postavljena studijska izlo\u017eba koja \u0107e predstaviti Trnje (o\u017eujak \u2013 svibanj 2018.). Tim izlo\u017ebama istovjetnog koncepta usporedit \u0107emo povijest kvartova povezanih dramati\u010dnim prostornim transformacijama i promjenama \u017eivotnih okolnosti u posljednjih stotinjak godina.<\/p>\n<p>&nbsp;<\/p>\n<p>&nbsp;<\/p>\n<p>Izlo\u017ebu <em>Tre\u0161njevka \u2013 prostor i ljudi<\/em> mogu\u0107e je razgledati od 29. studenoga 2017. do 25. velja\u010de 2018.<\/p>\n<p>&nbsp;<\/p>\n<p>&nbsp;<\/p>\n<p>Izlo\u017eba:<\/p>\n<p>&nbsp;<\/p>\n<p><a href=\"http:\/\/www.mgz.hr\/hr\/izlozbe\/Tre\u0161njevka%20-%20prostor%20i%20ljudi,1560.html\">http:\/\/www.mgz.hr\/hr\/izlozbe\/Tre\u0161njevka%20-%20prostor%20i%20ljudi,1560.html<\/a><\/p>\n<p>&nbsp;<\/p>\n<p>&nbsp;<\/p>\n<p>&nbsp;<\/p>\n","protected":false},"excerpt":{"rendered":"","protected":false},"author":2,"featured_media":7296,"comment_status":"open","ping_status":"open","sticky":false,"template":"","format":"standard","meta":{"_acf_changed":false,"jetpack_post_was_ever_published":false,"_jetpack_newsletter_access":"","_jetpack_dont_email_post_to_subs":false,"_jetpack_newsletter_tier_id":0,"_jetpack_memberships_contains_paywalled_content":false,"_jetpack_memberships_contains_paid_content":false,"footnotes":"","jetpack_publicize_message":"","jetpack_publicize_feature_enabled":true,"jetpack_social_post_already_shared":true,"jetpack_social_options":{"image_generator_settings":{"template":"highway","default_image_id":0,"font":"","enabled":false},"version":2}},"categories":[10,3],"tags":[],"class_list":["post-7295","post","type-post","status-publish","format-standard","has-post-thumbnail","hentry","category-izlozbe","category-novosti"],"acf":{"facebook_opis":""},"jetpack_publicize_connections":[],"jetpack_featured_media_url":"https:\/\/i0.wp.com\/historiografija.hr\/wp-content\/uploads\/2017\/12\/Tresnjevka_B1.jpg?fit=1998%2C2893&ssl=1","jetpack_sharing_enabled":true,"jetpack-related-posts":[{"id":52511,"url":"https:\/\/historiografija.hr\/?p=52511","url_meta":{"origin":7295,"position":0},"title":"Izlo\u017eba &#8220;Lica Sljemena&#8221;","author":"Branimir Jankovi\u0107","date":"17. travnja 2026.","format":false,"excerpt":"Srda\u010dno vas pozivamo na otvorenje izlo\u017ebe Lica Sljemena koje \u0107e se odr\u017eati u srijedu 22. travnja 2026. u 18 h ispred Muzeja Prigorja (Trg Dragutina Domjani\u0107a 5, Sesvete). Izlo\u017eba proizlazi iz istra\u017eivanja Nevene \u0160krbi\u0107 Alempijevi\u0107, Petre Kelemen i Sanje Potkonjak te intervjua sa Sljemena\u0161icama i Sljemena\u0161ima, koji su provedeni u\u2026","rel":"","context":"U &quot;Izlo\u017ebe&quot;","block_context":{"text":"Izlo\u017ebe","link":"https:\/\/historiografija.hr\/?cat=10"},"img":{"alt_text":"","src":"https:\/\/i0.wp.com\/historiografija.hr\/wp-content\/uploads\/2026\/04\/Izlozba-Lica-Sljemena.png?fit=1080%2C686&ssl=1&resize=350%2C200","width":350,"height":200,"srcset":"https:\/\/i0.wp.com\/historiografija.hr\/wp-content\/uploads\/2026\/04\/Izlozba-Lica-Sljemena.png?fit=1080%2C686&ssl=1&resize=350%2C200 1x, https:\/\/i0.wp.com\/historiografija.hr\/wp-content\/uploads\/2026\/04\/Izlozba-Lica-Sljemena.png?fit=1080%2C686&ssl=1&resize=525%2C300 1.5x, https:\/\/i0.wp.com\/historiografija.hr\/wp-content\/uploads\/2026\/04\/Izlozba-Lica-Sljemena.png?fit=1080%2C686&ssl=1&resize=700%2C400 2x, https:\/\/i0.wp.com\/historiografija.hr\/wp-content\/uploads\/2026\/04\/Izlozba-Lica-Sljemena.png?fit=1080%2C686&ssl=1&resize=1050%2C600 3x"},"classes":[]},{"id":52575,"url":"https:\/\/historiografija.hr\/?p=52575","url_meta":{"origin":7295,"position":1},"title":"Izlo\u017eba dje\u010djih radova \u201cU po\u010detku bija\u0161e crte\u017e\u2026\u201d","author":"Branimir Jankovi\u0107","date":"21. travnja 2026.","format":false,"excerpt":"U subotu, 25. travnja 2026. u 11 sati u Galeriji Klovi\u0107evi dvori sve\u010dano otvaramo izlo\u017ebu dje\u010djih radova pod nazivom U po\u010detku bija\u0161e crte\u017e\u2026 Radovi su nastali u sklopu likovnih radionica uz izlo\u017ebu U po\u010detku bija\u0161e kraljevstvo \u2013 izlo\u017eba povodom 1100 godina Hrvatskoga Kraljevstva. Na brojnim likovnim radionicama, uz \u0161kolsku djecu,\u2026","rel":"","context":"U &quot;Izlo\u017ebe&quot;","block_context":{"text":"Izlo\u017ebe","link":"https:\/\/historiografija.hr\/?cat=10"},"img":{"alt_text":"","src":"https:\/\/i0.wp.com\/historiografija.hr\/wp-content\/uploads\/2025\/10\/Klovicevi_sluzbeni-plakat.png?fit=840%2C1200&ssl=1&resize=350%2C200","width":350,"height":200,"srcset":"https:\/\/i0.wp.com\/historiografija.hr\/wp-content\/uploads\/2025\/10\/Klovicevi_sluzbeni-plakat.png?fit=840%2C1200&ssl=1&resize=350%2C200 1x, https:\/\/i0.wp.com\/historiografija.hr\/wp-content\/uploads\/2025\/10\/Klovicevi_sluzbeni-plakat.png?fit=840%2C1200&ssl=1&resize=525%2C300 1.5x, https:\/\/i0.wp.com\/historiografija.hr\/wp-content\/uploads\/2025\/10\/Klovicevi_sluzbeni-plakat.png?fit=840%2C1200&ssl=1&resize=700%2C400 2x"},"classes":[]},{"id":52505,"url":"https:\/\/historiografija.hr\/?p=52505","url_meta":{"origin":7295,"position":2},"title":"Izlo\u017eba &#8220;Eschenstock \/ Jasenov prut&#8221;","author":"Branimir Jankovi\u0107","date":"17. travnja 2026.","format":false,"excerpt":"Srpsko narodno vije\u0107e (SNV) i Vizura aperta postavljaju izlo\u017ebu \u0161vicarskog slikara Velimira Ili\u0161evi\u0107a: Eschenstock \/ Jasenov prut. Izlo\u017eba se uz prisustvo autora otvara povodom 81. godi\u0161njice proboja logora\u0161a iz usta\u0161kog logora smrti Jasenovac 22. aprila 2026. u 19 sati u Srpskom kulturnom centru (SKC) u Preradovi\u0107evoj ulici 21 u Zagrebu.\u2026","rel":"","context":"U &quot;Izlo\u017ebe&quot;","block_context":{"text":"Izlo\u017ebe","link":"https:\/\/historiografija.hr\/?cat=10"},"img":{"alt_text":"","src":"https:\/\/i0.wp.com\/historiografija.hr\/wp-content\/uploads\/2026\/04\/Jasenov_prut.jpg?fit=1024%2C640&ssl=1&resize=350%2C200","width":350,"height":200,"srcset":"https:\/\/i0.wp.com\/historiografija.hr\/wp-content\/uploads\/2026\/04\/Jasenov_prut.jpg?fit=1024%2C640&ssl=1&resize=350%2C200 1x, https:\/\/i0.wp.com\/historiografija.hr\/wp-content\/uploads\/2026\/04\/Jasenov_prut.jpg?fit=1024%2C640&ssl=1&resize=525%2C300 1.5x, https:\/\/i0.wp.com\/historiografija.hr\/wp-content\/uploads\/2026\/04\/Jasenov_prut.jpg?fit=1024%2C640&ssl=1&resize=700%2C400 2x"},"classes":[]},{"id":52633,"url":"https:\/\/historiografija.hr\/?p=52633","url_meta":{"origin":7295,"position":3},"title":"POVIJEST TRE\u0160NJEVA\u010cKE GLAZBE: prikupljanje virtualnog fundusa Muzeja susjedstva Tre\u0161njevka","author":"Branimir Jankovi\u0107","date":"23. travnja 2026.","format":false,"excerpt":"utorak 28. 4. 2026. 14 - 18 h Nova BAZA, Nova cesta 66, Zagreb Prvi su dani ljeta 1957. godine. Bo\u017eica Kalafati\u0107 poha\u0111a drugi razred Osnovne \u0161kole Bratstvo i jedinstvo, danas kralja Tomislava, a ide i na muzi\u010dke satove u Mo\u0161\u0107eni\u010dkoj ulici. Na fotografiji s harmonikom u rukama stoji u\u2026","rel":"","context":"U &quot;Novosti&quot;","block_context":{"text":"Novosti","link":"https:\/\/historiografija.hr\/?cat=3"},"img":{"alt_text":"","src":"https:\/\/i0.wp.com\/historiografija.hr\/wp-content\/uploads\/2026\/04\/MST_prikupljanje.jpg?fit=380%2C475&ssl=1&resize=350%2C200","width":350,"height":200},"classes":[]},{"id":52666,"url":"https:\/\/historiografija.hr\/?p=52666","url_meta":{"origin":7295,"position":4},"title":"Najava programa Festivala povijesti Kliofest (5-8. V. 2026)","author":"Branimir Jankovi\u0107","date":"24. travnja 2026.","format":false,"excerpt":"Po trinaesti put odr\u017eava se Festival povijesti Kliofest! Do petka \u0107emo odr\u017eati osam okruglih stolova i dva kolokvija te niz predstavljanja knjiga i projekata razli\u010dite tematike, od antike do suvremenosti. Bit \u0107e predstavljeno i nekoliko izlo\u017ebi te odr\u017ean jedan povijesni kviz. Prikazat \u0107emo i jedan film \u2013 o generalu Boroevi\u0107u.\u2026","rel":"","context":"U &quot;Novosti&quot;","block_context":{"text":"Novosti","link":"https:\/\/historiografija.hr\/?cat=3"},"img":{"alt_text":"","src":"https:\/\/i0.wp.com\/historiografija.hr\/wp-content\/uploads\/2026\/04\/Kliofest-2026.jpg?fit=526%2C526&ssl=1&resize=350%2C200","width":350,"height":200,"srcset":"https:\/\/i0.wp.com\/historiografija.hr\/wp-content\/uploads\/2026\/04\/Kliofest-2026.jpg?fit=526%2C526&ssl=1&resize=350%2C200 1x, https:\/\/i0.wp.com\/historiografija.hr\/wp-content\/uploads\/2026\/04\/Kliofest-2026.jpg?fit=526%2C526&ssl=1&resize=525%2C300 1.5x"},"classes":[]},{"id":52573,"url":"https:\/\/historiografija.hr\/?p=52573","url_meta":{"origin":7295,"position":5},"title":"Znanstvena konferencija &#8220;Filozofija odgoja: povijest, praksa, perspektive&#8221;","author":"Branimir Jankovi\u0107","date":"21. travnja 2026.","format":false,"excerpt":"Znanstvena konferencija \"Filozofija odgoja: povijest, praksa, perspektive\" odr\u017eat \u0107e se 23. i 24. travnja 2026. u Konferencijskoj dvorani Knji\u017enice Filozofskog fakulteta u Zagrebu (2. kat).\u00a0Konferencija je organizirana u okviru projekta\u00a0SUMKOS (voditeljica prof. dr. sc. Ivana Zagorac, financiran\u00a0sredstvima NextGenerationEU), uz potporu Odsjeka za filozofiju.\u00a0 Uz izlaga\u010dki dio, konferencija obuhva\u0107a i izlo\u017ebu\u2026","rel":"","context":"U &quot;Novosti&quot;","block_context":{"text":"Novosti","link":"https:\/\/historiografija.hr\/?cat=3"},"img":{"alt_text":"","src":"","width":0,"height":0},"classes":[]}],"_links":{"self":[{"href":"https:\/\/historiografija.hr\/index.php?rest_route=\/wp\/v2\/posts\/7295","targetHints":{"allow":["GET"]}}],"collection":[{"href":"https:\/\/historiografija.hr\/index.php?rest_route=\/wp\/v2\/posts"}],"about":[{"href":"https:\/\/historiografija.hr\/index.php?rest_route=\/wp\/v2\/types\/post"}],"author":[{"embeddable":true,"href":"https:\/\/historiografija.hr\/index.php?rest_route=\/wp\/v2\/users\/2"}],"replies":[{"embeddable":true,"href":"https:\/\/historiografija.hr\/index.php?rest_route=%2Fwp%2Fv2%2Fcomments&post=7295"}],"version-history":[{"count":1,"href":"https:\/\/historiografija.hr\/index.php?rest_route=\/wp\/v2\/posts\/7295\/revisions"}],"predecessor-version":[{"id":7297,"href":"https:\/\/historiografija.hr\/index.php?rest_route=\/wp\/v2\/posts\/7295\/revisions\/7297"}],"wp:featuredmedia":[{"embeddable":true,"href":"https:\/\/historiografija.hr\/index.php?rest_route=\/wp\/v2\/media\/7296"}],"wp:attachment":[{"href":"https:\/\/historiografija.hr\/index.php?rest_route=%2Fwp%2Fv2%2Fmedia&parent=7295"}],"wp:term":[{"taxonomy":"category","embeddable":true,"href":"https:\/\/historiografija.hr\/index.php?rest_route=%2Fwp%2Fv2%2Fcategories&post=7295"},{"taxonomy":"post_tag","embeddable":true,"href":"https:\/\/historiografija.hr\/index.php?rest_route=%2Fwp%2Fv2%2Ftags&post=7295"}],"curies":[{"name":"wp","href":"https:\/\/api.w.org\/{rel}","templated":true}]}}