{"id":7258,"date":"2017-11-29T14:44:06","date_gmt":"2017-11-29T14:44:06","guid":{"rendered":"http:\/\/historiografija.hr\/?p=7258"},"modified":"2017-11-29T14:44:06","modified_gmt":"2017-11-29T14:44:06","slug":"diana-mishkova-transnationalism-and-historical-regions-lessons-from-southeastern-europe","status":"publish","type":"post","link":"https:\/\/historiografija.hr\/?p=7258","title":{"rendered":"Diana Mishkova, &#8220;Transnationalism and Historical Regions: Lessons from Southeastern Europe&#8221;"},"content":{"rendered":"<p>Diana Mishkova u Regensburgu \u0107e 30. studenog 2017. odr\u017eati predavanje o Jugoisto\u010dnoj Europi iz regionalne i transnacionalne perspektive.<\/p>\n<p>&nbsp;<\/p>\n<p>&#8212;<\/p>\n<p>&nbsp;<\/p>\n<p><strong>[Kolloquium Regensburg] Diana Mishkova (Sofia): &#8220;Transnationalism and historical Regions: Lessons from Southeastern Europe&#8221;<\/strong><\/p>\n<p>&nbsp;<\/p>\n<p>&nbsp;<\/p>\n<p>30.11.2017 (14:00 &#8211; 15:30)<\/p>\n<p>&nbsp;<\/p>\n<p>Die Graduiertenschule f\u00fcr Ost- und S\u00fcdosteuropastudien begr\u00fc\u00dft am 30. November Prof. Dr. Diana Mishkova (Sofia) im Kolloquium in Regensburg. Sie wird einen Vortrag mit dem Titel &#8220;Transnationalism and Historical Regions: Lessons from Southeastern Europe&#8221; halten.<\/p>\n<p>&nbsp;<\/p>\n<p>Abstract:<\/p>\n<p>&nbsp;<\/p>\n<p>The first part of the lecture will survey the long-standing intraregional tradition of conceptualizing Southeastern Europe as a supranational space and its relationship with nationalism. The second part will delve into the ways these regionalist schemes can be fruitfully related to the on-going debates about historical regions and transnationalism.<\/p>\n<p>&nbsp;<\/p>\n<p>Das Kolloquium richtet sich sowohl an die Mitglieder der Graduiertenschule f\u00fcr Ost- und S\u00fcdosteuropastudien als auch an die interessierte Hochschul\u00f6ffentlichkeit.<\/p>\n<p>&nbsp;<\/p>\n<p>Zeit: Donnerstag, 30.11.2017, 14:00-15:30 Uhr s.t.<\/p>\n<p>&nbsp;<\/p>\n<p>Ort: Regensburg, GS OSES, Landshuter Str. 4, Raum 017 (EG)<\/p>\n<p>&nbsp;<\/p>\n<p><a href=\"http:\/\/www.gs-oses.de\/event-detail\/events\/kolloquium-regensburg-diana-mishkova-sofia-the-longue-duree-of-suedostforschung-between-area-studies-and-arbeitsbegriff.html\">http:\/\/www.gs-oses.de\/event-detail\/events\/kolloquium-regensburg-diana-mishkova-sofia-the-longue-duree-of-suedostforschung-between-area-studies-and-arbeitsbegriff.html<\/a><\/p>\n<p>&nbsp;<\/p>\n","protected":false},"excerpt":{"rendered":"","protected":false},"author":2,"featured_media":7259,"comment_status":"open","ping_status":"open","sticky":false,"template":"","format":"standard","meta":{"_acf_changed":false,"jetpack_post_was_ever_published":false,"_jetpack_newsletter_access":"","_jetpack_dont_email_post_to_subs":false,"_jetpack_newsletter_tier_id":0,"_jetpack_memberships_contains_paywalled_content":false,"_jetpack_memberships_contains_paid_content":false,"footnotes":"","jetpack_publicize_message":"","jetpack_publicize_feature_enabled":true,"jetpack_social_post_already_shared":true,"jetpack_social_options":{"image_generator_settings":{"template":"highway","default_image_id":0,"font":"","enabled":false},"version":2}},"categories":[3],"tags":[],"class_list":["post-7258","post","type-post","status-publish","format-standard","has-post-thumbnail","hentry","category-novosti"],"acf":{"facebook_opis":""},"jetpack_publicize_connections":[],"jetpack_featured_media_url":"https:\/\/i0.wp.com\/historiografija.hr\/wp-content\/uploads\/2017\/11\/Aktuelles.jpg?fit=240%2C120&ssl=1","jetpack_sharing_enabled":true,"jetpack-related-posts":[{"id":52643,"url":"https:\/\/historiografija.hr\/?p=52643","url_meta":{"origin":7258,"position":0},"title":"BRACEWELL TRAVELLING SCHOLARSHIP\u202fFOR PHD STUDENTS (DEADLINE: 30TH APRIL 2026)","author":"Branimir Jankovi\u0107","date":"24. travnja 2026.","format":false,"excerpt":"The Bracewell Travelling Scholarship\u202fis funded by a gift from SSEES Emeritus Professor of History Wendy Bracewell, whose research examines South Slav history, and travel writing in eastern Europe. The Scholarship honours the long tradition of mutual curiosity between the UK and eastern, central and southeastern Europe by supporting PhD students\u2026","rel":"","context":"U &quot;Novosti&quot;","block_context":{"text":"Novosti","link":"https:\/\/historiografija.hr\/?cat=3"},"img":{"alt_text":"","src":"https:\/\/i0.wp.com\/historiografija.hr\/wp-content\/uploads\/2026\/04\/Bracewell-Travelling-Scholarship-.webp?fit=980%2C700&ssl=1&resize=350%2C200","width":350,"height":200,"srcset":"https:\/\/i0.wp.com\/historiografija.hr\/wp-content\/uploads\/2026\/04\/Bracewell-Travelling-Scholarship-.webp?fit=980%2C700&ssl=1&resize=350%2C200 1x, https:\/\/i0.wp.com\/historiografija.hr\/wp-content\/uploads\/2026\/04\/Bracewell-Travelling-Scholarship-.webp?fit=980%2C700&ssl=1&resize=525%2C300 1.5x, https:\/\/i0.wp.com\/historiografija.hr\/wp-content\/uploads\/2026\/04\/Bracewell-Travelling-Scholarship-.webp?fit=980%2C700&ssl=1&resize=700%2C400 2x"},"classes":[]},{"id":52516,"url":"https:\/\/historiografija.hr\/?p=52516","url_meta":{"origin":7258,"position":1},"title":"Marko Grde\u0161i\u0107, Mislav \u017ditko, \u201eSocialist Economics in Yugoslavia: A Critical History\u201c","author":"Branimir Jankovi\u0107","date":"17. travnja 2026.","format":false,"excerpt":"This book presents a critical history of Yugoslav socialist economics, from its inception in the late 1940s to its dissolution in the late 1980s. After the dramatic break with the Soviet Union in 1948, Yugoslavia found itself in urgent need of a third way: A socialist trajectory which would not\u2026","rel":"","context":"U &quot;Knjige&quot;","block_context":{"text":"Knjige","link":"https:\/\/historiografija.hr\/?cat=8"},"img":{"alt_text":"","src":"https:\/\/i0.wp.com\/historiografija.hr\/wp-content\/uploads\/2026\/04\/Zitko_Grdesic.jpg?fit=350%2C535&ssl=1&resize=350%2C200","width":350,"height":200},"classes":[]},{"id":52622,"url":"https:\/\/historiografija.hr\/?p=52622","url_meta":{"origin":7258,"position":2},"title":"Annual CAPONEU conference: Political Novel in Europe Between Democracy and Authoritarianism","author":"Branimir Jankovi\u0107","date":"23. travnja 2026.","format":false,"excerpt":"Caponeu event 22.04.2026 - 24.04.2026 Location: The Faculty of Polish and Classical Philology AMU (Fredry 10, Pozna\u0144)Organized by: Tomasz Mizerkiewicz, Krystyna Pieni\u0105\u017cek-Markovi\u0107, Anna Gawarecka, Ewa Szperlik, Magda Potok, B\u0142a\u017cej Warkocki, Gerard Ronge (all Adam Mickiewicz University in Pozna\u0144)Contact: gerron@amu.edu.pl The Adam Mickiewicz University team, as part of the international CAPONEU\u2026","rel":"","context":"U &quot;Novosti&quot;","block_context":{"text":"Novosti","link":"https:\/\/historiografija.hr\/?cat=3"},"img":{"alt_text":"","src":"https:\/\/i0.wp.com\/historiografija.hr\/wp-content\/uploads\/2026\/04\/Caponeu-political-novel.jpg?fit=500%2C261&ssl=1&resize=350%2C200","width":350,"height":200},"classes":[]},{"id":52679,"url":"https:\/\/historiografija.hr\/?p=52679","url_meta":{"origin":7258,"position":3},"title":"CfP: CHOSEN NATION(S): HISTORICAL AND CULTURAL INTERPRETATIONS OF EXCEPTIONALISM, BUDAPEST, 10TH\u201311TH JUNE 2026 (DEADLINE: 1ST MAY 2026)","author":"Branimir Jankovi\u0107","date":"27. travnja 2026.","format":false,"excerpt":"The Ludovika University of Public Service (NKE) and the Jewish Theological Seminary \u2013 University of Jewish Studies (OR-ZSE) are pleased to announce a joint academic conference on \u201cChosen Nation(s): Historical and Cultural Interpretations of Exceptionalism\u201d, to be held in Budapest, Hungary. Chosen Nation(s): Historical and Cultural Interpretations of Exceptionalism Keynote\u2026","rel":"","context":"U &quot;Novosti&quot;","block_context":{"text":"Novosti","link":"https:\/\/historiografija.hr\/?cat=3"},"img":{"alt_text":"","src":"https:\/\/i0.wp.com\/historiografija.hr\/wp-content\/uploads\/2017\/10\/hsozkult.png?fit=1006%2C241&ssl=1&resize=350%2C200","width":350,"height":200,"srcset":"https:\/\/i0.wp.com\/historiografija.hr\/wp-content\/uploads\/2017\/10\/hsozkult.png?fit=1006%2C241&ssl=1&resize=350%2C200 1x, https:\/\/i0.wp.com\/historiografija.hr\/wp-content\/uploads\/2017\/10\/hsozkult.png?fit=1006%2C241&ssl=1&resize=525%2C300 1.5x, https:\/\/i0.wp.com\/historiografija.hr\/wp-content\/uploads\/2017\/10\/hsozkult.png?fit=1006%2C241&ssl=1&resize=700%2C400 2x"},"classes":[]},{"id":52677,"url":"https:\/\/historiografija.hr\/?p=52677","url_meta":{"origin":7258,"position":4},"title":"CfP: NAVIGATING THE PAST, FACING THE PRESENT: CHALLENGES AND OPPORTUNITIES IN RE-PRESENTING CONFLICTS AND VIOLENCE IN MEMORY AND EDUCATION INSTITUTIONS, WARSAW, 22ND\u201324TH OCTOBER 2026 (DEADLINE: 30TH APRIL 2026)","author":"Branimir Jankovi\u0107","date":"27. travnja 2026.","format":false,"excerpt":"The conference and graduate workshop (October 22-24, 2026, Warsaw) addresses the representation of history in public and institutional contexts, with a focus beyond the often-studied field of \u201cmemory culture\u201d. Rather than emphasizing the politicization of memory and cultural institutions, the discussion shifts toward new methods, media, and challenges in historical\u2026","rel":"","context":"U &quot;Novosti&quot;","block_context":{"text":"Novosti","link":"https:\/\/historiografija.hr\/?cat=3"},"img":{"alt_text":"","src":"https:\/\/i0.wp.com\/historiografija.hr\/wp-content\/uploads\/2017\/10\/hsozkult.png?fit=1006%2C241&ssl=1&resize=350%2C200","width":350,"height":200,"srcset":"https:\/\/i0.wp.com\/historiografija.hr\/wp-content\/uploads\/2017\/10\/hsozkult.png?fit=1006%2C241&ssl=1&resize=350%2C200 1x, https:\/\/i0.wp.com\/historiografija.hr\/wp-content\/uploads\/2017\/10\/hsozkult.png?fit=1006%2C241&ssl=1&resize=525%2C300 1.5x, https:\/\/i0.wp.com\/historiografija.hr\/wp-content\/uploads\/2017\/10\/hsozkult.png?fit=1006%2C241&ssl=1&resize=700%2C400 2x"},"classes":[]},{"id":52664,"url":"https:\/\/historiografija.hr\/?p=52664","url_meta":{"origin":7258,"position":5},"title":"CfP: CONFERENCE OF THE HISTORY OF CONCEPTS GROUP, HELSINKI, 19TH\u201321ST AUGUST 2026 (DEADLINE: 30TH APRIL 2026)","author":"Branimir Jankovi\u0107","date":"24. travnja 2026.","format":false,"excerpt":"The annual conference of the History of Concepts Group is held at the University of Helsinki, 19-21 August 2026. Conference of the History of Concepts Group Conceptual history studies the use of concepts and tries to understand how historical actors have linguistically articulated views of the world. Studying concepts from\u2026","rel":"","context":"U &quot;Novosti&quot;","block_context":{"text":"Novosti","link":"https:\/\/historiografija.hr\/?cat=3"},"img":{"alt_text":"","src":"https:\/\/i0.wp.com\/historiografija.hr\/wp-content\/uploads\/2017\/10\/hsozkult.png?fit=1006%2C241&ssl=1&resize=350%2C200","width":350,"height":200,"srcset":"https:\/\/i0.wp.com\/historiografija.hr\/wp-content\/uploads\/2017\/10\/hsozkult.png?fit=1006%2C241&ssl=1&resize=350%2C200 1x, https:\/\/i0.wp.com\/historiografija.hr\/wp-content\/uploads\/2017\/10\/hsozkult.png?fit=1006%2C241&ssl=1&resize=525%2C300 1.5x, https:\/\/i0.wp.com\/historiografija.hr\/wp-content\/uploads\/2017\/10\/hsozkult.png?fit=1006%2C241&ssl=1&resize=700%2C400 2x"},"classes":[]}],"_links":{"self":[{"href":"https:\/\/historiografija.hr\/index.php?rest_route=\/wp\/v2\/posts\/7258","targetHints":{"allow":["GET"]}}],"collection":[{"href":"https:\/\/historiografija.hr\/index.php?rest_route=\/wp\/v2\/posts"}],"about":[{"href":"https:\/\/historiografija.hr\/index.php?rest_route=\/wp\/v2\/types\/post"}],"author":[{"embeddable":true,"href":"https:\/\/historiografija.hr\/index.php?rest_route=\/wp\/v2\/users\/2"}],"replies":[{"embeddable":true,"href":"https:\/\/historiografija.hr\/index.php?rest_route=%2Fwp%2Fv2%2Fcomments&post=7258"}],"version-history":[{"count":1,"href":"https:\/\/historiografija.hr\/index.php?rest_route=\/wp\/v2\/posts\/7258\/revisions"}],"predecessor-version":[{"id":7260,"href":"https:\/\/historiografija.hr\/index.php?rest_route=\/wp\/v2\/posts\/7258\/revisions\/7260"}],"wp:featuredmedia":[{"embeddable":true,"href":"https:\/\/historiografija.hr\/index.php?rest_route=\/wp\/v2\/media\/7259"}],"wp:attachment":[{"href":"https:\/\/historiografija.hr\/index.php?rest_route=%2Fwp%2Fv2%2Fmedia&parent=7258"}],"wp:term":[{"taxonomy":"category","embeddable":true,"href":"https:\/\/historiografija.hr\/index.php?rest_route=%2Fwp%2Fv2%2Fcategories&post=7258"},{"taxonomy":"post_tag","embeddable":true,"href":"https:\/\/historiografija.hr\/index.php?rest_route=%2Fwp%2Fv2%2Ftags&post=7258"}],"curies":[{"name":"wp","href":"https:\/\/api.w.org\/{rel}","templated":true}]}}