{"id":7229,"date":"2017-11-29T13:35:15","date_gmt":"2017-11-29T13:35:15","guid":{"rendered":"http:\/\/historiografija.hr\/?p=7229"},"modified":"2017-11-29T13:41:01","modified_gmt":"2017-11-29T13:41:01","slug":"marina-tsvetaeva-earthly-signs-moscow-diaries-1917-1922","status":"publish","type":"post","link":"https:\/\/historiografija.hr\/?p=7229","title":{"rendered":"Marina Tsvetaeva, \u201eEarthly Signs: Moscow Diaries, 1917-1922\u201c"},"content":{"rendered":"<p>Objavljeno je englesko izdanje iznimnog moskovskog dnevnika (1917-1922) o Ruskoj revoluciji i gra\u0111anskom ratu poznate ruske knji\u017eevnice Marine Cvetajeve.<\/p>\n<p>&nbsp;<\/p>\n<p>&#8212;<\/p>\n<p>&nbsp;<\/p>\n<p><strong>Marina Tsvetaeva<\/strong><\/p>\n<p>&nbsp;<\/p>\n<p>&nbsp;<\/p>\n<p>Marina Tsvetaeva (1892\u20131941), whose father was a classicist and whose mother was a pianist, was born in Moscow and published her first book of poems at seventeen. Tsvetaeva left Russia in 1922 with her two children and her husband, Sergei Efron, who fought against the Red Army in the 1918\u20131921 Civil War but was later to become a Soviet spy. Often living from hand to mouth, the family remained abroad until 1939. Two years later, after the execution of her husband and the arrest of her daughter, Tsvetaeva committed suicide. Along with numerous lyrics, her works include several extraordinary long poems, among them The Poem of the End, The Poem of the Mountain, and The Ratcatcher.<\/p>\n<p>&nbsp;<\/p>\n<p><a href=\"https:\/\/www.nyrb.com\/collections\/marina-tsvetaeva\">Marina Tsvetaeva<\/a><\/p>\n<p>&nbsp;<\/p>\n<p><strong>Earthly Signs: Moscow Diaries, 1917-1922<\/strong><\/p>\n<p>by Marina Tsvetaeva, translated from the Russian by Jamey Gambrell<\/p>\n<p>&nbsp;<\/p>\n<p>Series: NYRB Classics<\/p>\n<p>Pages: 288<\/p>\n<p>Publication Date: December 5, 2017<\/p>\n<p>&nbsp;<\/p>\n<p>&nbsp;<\/p>\n<p>Marina Tsvetaeva ranks with Anna Akhmatova, Osip Mandelstam, and Boris Pasternak as one of Russia\u2019s greatest twentieth-century poets. Her suicide at the age of forty-eight was the tragic culmination of a life buffeted by political upheaval. The essays collected in this volume are based on diaries she kept during the turbulent years of the Revolution and Civil War. In them she records conversations of women in the markets, soldiers and peasants on the train traveling from the Crimea to Moscow in October 1917, fighting in the streets of Moscow, a frantic scramble with co-workers to dig frozen potatoes out of a cellar, and poetry readings organized by a newly minted Soviet bohemia. Alone in Moscow with two small children, no income, and a missing husband, Tsvetaeva struggled to feed her daughters (one of whom died of malnutrition in an orphanage), find employment in the Soviet bureaucracy, and keep writing poetry. Her keen and ruthless eye observes with compassion and humor\u2014bringing the social, economic, and cultural chaos of the period to life. These autobiographical writings not only give a vivid eyewitness account of Russian history but provide vital insights into the workings of Tsvetaeva\u2019s unique poetics.<\/p>\n<p>&nbsp;<\/p>\n<p>&#8212;<\/p>\n<p>&nbsp;<\/p>\n<p>Is there prose more intimate, more piercing, more heroic, more astonishing than Tsvetaeva\u2019s? Was the truth of reckless feelings ever so naked? So accelerated? Voicing gut and brow, she is incomparable. Clad in the veil of translation, expert translation, her recklessness commands, her nakedness flames.<\/p>\n<p><em><strong>Susan Sontag<\/strong><\/em><\/p>\n<p>&nbsp;<\/p>\n<p>&#8212;<\/p>\n<p>&nbsp;<\/p>\n<p><strong>Prijevodi autobiografskih zapisa Marine Cvetajeve:<\/strong><\/p>\n<p>&nbsp;<\/p>\n<p><em>Neovda\u0161nje ve\u010de: pripovetke i se\u0107anja<\/em>, Beograd 1977.<\/p>\n<p>&nbsp;<\/p>\n<p><em>Oktobar u vagonu<\/em>, Beograd 1986.<\/p>\n<p><a href=\"https:\/\/oktobarika.wordpress.com\/2017\/05\/09\/fragmenti-walter-benjamin-i-marina-cvetajeva\/\">Fragmenti: Walter Benjamin i Marina&nbsp;Cvetajeva<\/a><\/p>\n<p>&nbsp;<\/p>\n<p>Povest o Sonje\u010dki, Novi Sad 1986; 1990; <em>Pri\u010da o Sonje\u010dki,<\/em> Novi Sad 2006.<\/p>\n<p>&nbsp;<\/p>\n<p><em>Autobiografska proza ; O Pu\u0161kinu ; Pisma<\/em>, Beograd 1990.<\/p>\n<p>&nbsp;<\/p>\n<p><em>Ono \u0161to je bilo<\/em>, Zagreb 2005.<\/p>\n<p>&nbsp;<\/p>\n<p>&nbsp;<\/p>\n","protected":false},"excerpt":{"rendered":"","protected":false},"author":2,"featured_media":7233,"comment_status":"open","ping_status":"open","sticky":false,"template":"","format":"standard","meta":{"_acf_changed":false,"jetpack_post_was_ever_published":false,"_jetpack_newsletter_access":"","_jetpack_dont_email_post_to_subs":false,"_jetpack_newsletter_tier_id":0,"_jetpack_memberships_contains_paywalled_content":false,"_jetpack_memberships_contains_paid_content":false,"footnotes":"","jetpack_publicize_message":"","jetpack_publicize_feature_enabled":true,"jetpack_social_post_already_shared":true,"jetpack_social_options":{"image_generator_settings":{"template":"highway","default_image_id":0,"font":"","enabled":false},"version":2}},"categories":[8,3],"tags":[],"class_list":["post-7229","post","type-post","status-publish","format-standard","has-post-thumbnail","hentry","category-knjige","category-novosti"],"acf":{"facebook_opis":""},"jetpack_publicize_connections":[],"jetpack_featured_media_url":"https:\/\/i0.wp.com\/historiografija.hr\/wp-content\/uploads\/2017\/11\/Earthly_Signs-1.jpg?fit=300%2C480&ssl=1","jetpack_sharing_enabled":true,"jetpack-related-posts":[{"id":52625,"url":"https:\/\/historiografija.hr\/?p=52625","url_meta":{"origin":7229,"position":0},"title":"Omer Bartov, \u201eIsrael: What Went Wrong?\u201c","author":"Branimir Jankovi\u0107","date":"23. travnja 2026.","format":false,"excerpt":"Professor Omer Bartov was born on a kibbutz, grew up in Tel Aviv and served in the Israel Defence Forces during the Yom Kippur War. He went on to become an expert on the German army and the Holocaust, before turning his attention to his native country.In Israel: What Went\u2026","rel":"","context":"U &quot;Knjige&quot;","block_context":{"text":"Knjige","link":"https:\/\/historiografija.hr\/?cat=8"},"img":{"alt_text":"","src":"https:\/\/i0.wp.com\/historiografija.hr\/wp-content\/uploads\/2026\/04\/Bartov.jpeg?fit=320%2C500&ssl=1&resize=350%2C200","width":350,"height":200},"classes":[]},{"id":52643,"url":"https:\/\/historiografija.hr\/?p=52643","url_meta":{"origin":7229,"position":1},"title":"BRACEWELL TRAVELLING SCHOLARSHIP\u202fFOR PHD STUDENTS (DEADLINE: 30TH APRIL 2026)","author":"Branimir Jankovi\u0107","date":"24. travnja 2026.","format":false,"excerpt":"The Bracewell Travelling Scholarship\u202fis funded by a gift from SSEES Emeritus Professor of History Wendy Bracewell, whose research examines South Slav history, and travel writing in eastern Europe. The Scholarship honours the long tradition of mutual curiosity between the UK and eastern, central and southeastern Europe by supporting PhD students\u2026","rel":"","context":"U &quot;Novosti&quot;","block_context":{"text":"Novosti","link":"https:\/\/historiografija.hr\/?cat=3"},"img":{"alt_text":"","src":"https:\/\/i0.wp.com\/historiografija.hr\/wp-content\/uploads\/2026\/04\/Bracewell-Travelling-Scholarship-.webp?fit=980%2C700&ssl=1&resize=350%2C200","width":350,"height":200,"srcset":"https:\/\/i0.wp.com\/historiografija.hr\/wp-content\/uploads\/2026\/04\/Bracewell-Travelling-Scholarship-.webp?fit=980%2C700&ssl=1&resize=350%2C200 1x, https:\/\/i0.wp.com\/historiografija.hr\/wp-content\/uploads\/2026\/04\/Bracewell-Travelling-Scholarship-.webp?fit=980%2C700&ssl=1&resize=525%2C300 1.5x, https:\/\/i0.wp.com\/historiografija.hr\/wp-content\/uploads\/2026\/04\/Bracewell-Travelling-Scholarship-.webp?fit=980%2C700&ssl=1&resize=700%2C400 2x"},"classes":[]},{"id":52580,"url":"https:\/\/historiografija.hr\/?p=52580","url_meta":{"origin":7229,"position":2},"title":"Conference &#8220;Living in the aftermaths: Trauma, politics and survival in Yugoslavia and successor states, 1945 \u2013 present&#8221;","author":"Branimir Jankovi\u0107","date":"21. travnja 2026.","format":false,"excerpt":"The conference aims to explore how war-related psychological distress was experienced, narrated, debated and reframed in Yugoslavia in the second half of the twentieth century. It asks how the theme of wounded psyche and wartime suffering was addressed and acknowledged in political, psychiatric and broader cultural discourses of socialist Yugoslavia,\u2026","rel":"","context":"U &quot;Novosti&quot;","block_context":{"text":"Novosti","link":"https:\/\/historiografija.hr\/?cat=3"},"img":{"alt_text":"","src":"https:\/\/i0.wp.com\/historiografija.hr\/wp-content\/uploads\/2026\/04\/Battle_of_Neretva_Picasso_poster-Conference-Living-in-the-aftermaths.webp?fit=564%2C954&ssl=1&resize=350%2C200","width":350,"height":200,"srcset":"https:\/\/i0.wp.com\/historiografija.hr\/wp-content\/uploads\/2026\/04\/Battle_of_Neretva_Picasso_poster-Conference-Living-in-the-aftermaths.webp?fit=564%2C954&ssl=1&resize=350%2C200 1x, https:\/\/i0.wp.com\/historiografija.hr\/wp-content\/uploads\/2026\/04\/Battle_of_Neretva_Picasso_poster-Conference-Living-in-the-aftermaths.webp?fit=564%2C954&ssl=1&resize=525%2C300 1.5x"},"classes":[]}],"_links":{"self":[{"href":"https:\/\/historiografija.hr\/index.php?rest_route=\/wp\/v2\/posts\/7229","targetHints":{"allow":["GET"]}}],"collection":[{"href":"https:\/\/historiografija.hr\/index.php?rest_route=\/wp\/v2\/posts"}],"about":[{"href":"https:\/\/historiografija.hr\/index.php?rest_route=\/wp\/v2\/types\/post"}],"author":[{"embeddable":true,"href":"https:\/\/historiografija.hr\/index.php?rest_route=\/wp\/v2\/users\/2"}],"replies":[{"embeddable":true,"href":"https:\/\/historiografija.hr\/index.php?rest_route=%2Fwp%2Fv2%2Fcomments&post=7229"}],"version-history":[{"count":6,"href":"https:\/\/historiografija.hr\/index.php?rest_route=\/wp\/v2\/posts\/7229\/revisions"}],"predecessor-version":[{"id":7236,"href":"https:\/\/historiografija.hr\/index.php?rest_route=\/wp\/v2\/posts\/7229\/revisions\/7236"}],"wp:featuredmedia":[{"embeddable":true,"href":"https:\/\/historiografija.hr\/index.php?rest_route=\/wp\/v2\/media\/7233"}],"wp:attachment":[{"href":"https:\/\/historiografija.hr\/index.php?rest_route=%2Fwp%2Fv2%2Fmedia&parent=7229"}],"wp:term":[{"taxonomy":"category","embeddable":true,"href":"https:\/\/historiografija.hr\/index.php?rest_route=%2Fwp%2Fv2%2Fcategories&post=7229"},{"taxonomy":"post_tag","embeddable":true,"href":"https:\/\/historiografija.hr\/index.php?rest_route=%2Fwp%2Fv2%2Ftags&post=7229"}],"curies":[{"name":"wp","href":"https:\/\/api.w.org\/{rel}","templated":true}]}}