{"id":7201,"date":"2017-11-28T08:48:32","date_gmt":"2017-11-28T08:48:32","guid":{"rendered":"http:\/\/historiografija.hr\/?p=7201"},"modified":"2017-11-28T08:48:32","modified_gmt":"2017-11-28T08:48:32","slug":"tribina-marin-getaldic-pogled-u-novo-doba","status":"publish","type":"post","link":"https:\/\/historiografija.hr\/?p=7201","title":{"rendered":"Tribina \u201cMarin Getaldi\u0107 \u2013 pogled u novo doba\u201d"},"content":{"rendered":"<p>Sedma tribina ovogodi\u0161njeg ciklusa \u201cEppur si muove\u201d posve\u0107ena je \u017eivotu i djelu Marina Getaldi\u0107a, a odr\u017eat \u0107e se u srijedu, 29. studenoga 2017. u 19 sati u Galeriji Kupola Gradske knji\u017enice u Zagrebu.<\/p>\n<p>&nbsp;<\/p>\n<p>&nbsp;<\/p>\n<p><strong>Marin Getaldi\u0107 \u2013 pogled u novo doba<\/strong><\/p>\n<p>&nbsp;<\/p>\n<p>&nbsp;<\/p>\n<p>Tribina 29.11.2017.<\/p>\n<p>&nbsp;<\/p>\n<p>Gradska knji\u017enica<\/p>\n<p>&nbsp;<\/p>\n<p>Po\u010detak doga\u0111anja: 19.00<\/p>\n<p>&nbsp;<\/p>\n<p>Galerija Kupola<\/p>\n<p>&nbsp;<\/p>\n<p>&nbsp;<\/p>\n<p>&nbsp;<\/p>\n<p>Sedma tribina ovogodi\u0161njeg ciklusa Eppur si muove posve\u0107ena je \u017eivotu i djelu Marina Getaldi\u0107a. Tribina \u0107e se odr\u017eati u srijedu, 29. studenoga 2017. u 19 sati u Galeriji Kupola Gradske knji\u017enice.<\/p>\n<p>&nbsp;<\/p>\n<p>&nbsp;<\/p>\n<p>Marin Getaldi\u0107 najzna\u010dajniji je hrvatski matemati\u010dar i fizi\u010dar na prijelazu iz 16. u 17. stolje\u0107e. Va\u017enost Getaldi\u0107eva opusa potaknula je u Hrvatskoj akademiji znanosti i umjetnosti krajem \u0161ezdesetih godina pro\u0161loga stolje\u0107a prva sustavna istra\u017eivanja njegova rada, doprinosa i odraza njegovih djela u zapadnoeuropskoj prirodoznanstvenoj i matemati\u010dkoj literaturi, kao i projekt prevo\u0111enja i objavljivanja svih njegovih djela. Izlaganja na tribini obuhvatit \u0107e dosada\u0161nja istra\u017eivanja Getaldi\u0107eva \u017eivota, specifi\u010dan na\u010din na koji se uklju\u010dio u znanstvena istra\u017eivanja, te njegov cjelokupni opus. Za bolje razumijevanje Getaldi\u0107eva zna\u010denja i prinosa daljnjemu razvitku znanosti tako\u0111er \u0107e se govoriti o glavnim obilje\u017ejima matematike u doba renesanse, kao i o njezinoj interakciji s filozofijom, jer velike konceptualne promjene koje nastupaju u matemati\u010dkim i u prirodnim znanostima u doba kasne renesanse, potaknute su upravo filozofskim nastojanjima oko rje\u0161avanja problema metode.<\/p>\n<p>&nbsp;<\/p>\n<p>&nbsp;<\/p>\n<p>Urednica i voditeljica:<\/p>\n<p>dr. sc. Marijana Bori\u0107<br \/>\nHrvatska akademija znanosti i umjetnosti<\/p>\n<p>&nbsp;<\/p>\n<p>&nbsp;<\/p>\n<p>Sudionici:<br \/>\nAkademik \u017darko Dadi\u0107, Hrvatska akademija znanosti i umjetnosti<br \/>\ndr. sc. Luka Bor\u0161i\u0107, Institut za filozofiju<\/p>\n<p>&nbsp;<\/p>\n<p>&nbsp;<\/p>\n<p>&nbsp;<\/p>\n<p>Prijedlozi za \u010ditanje:<\/p>\n<p>&nbsp;<\/p>\n<p>\u2022Bori\u0107, M. Marin Getaldi\u0107. Dubrovnik : Matica hrvatska, Ogranak Dubrovnik, 2013.<br \/>\n\u2022Dadi\u0107, \u017d. Hrvati i egzaktne znanosti u osvitu novovjekovlja. Zagreb : Naprijed, 1994.<br \/>\n\u2022Dadi\u0107, \u017d. Na razme\u0111u civilizacija : Zapadna Europa, Bizant i islamske zemlje : tragovima povijesti, znanosti i prirodne filozofije. Zagreb : Izvori, 2013.<br \/>\n\u2022Dadi\u0107, \u017d. Povijest egzaktnih znanosti u Hrvata. Zagreb : Liber, 1982. 2 sv.<br \/>\n\u2022Dadi\u0107, \u017d. Razvoj matematike : ideje i metode egzaktnih znanosti u njihovu povijesnom razvoju. Zagreb : \u0160kolska knjiga, 1975.<br \/>\n\u2022Getaldi\u0107, M. Sabrana djela. Zagreb : Institut za povijest prirodnih, matemati\u010dkih i medicinskih nauka JAZU, 1972-____.<br \/>\n\u2022Ghetaldi, M. Opera omnia. &lt;Faksimilni pretisak&gt;. Zagrabiae : Institut za povijest prirodnih, matemati\u010dkih i medicinskih nauka JAZU, 1968.<br \/>\n\u2022Radovi Me\u0111unarodnog simpozija Geometrija i algebra po\u010detkom XVII stolje\u0107a : povodom 400-godi\u0161njice ro\u0111enja Marina Getaldi\u0107a, Dubrovnik, 29. IX &#8211; 3. X 1968. Zagreb : Institut za povijest prirodnih, matemati\u010dkih i medicinskih nauka JAZU, 1969.<br \/>\n\u2022Rasprave i gra\u0111a za povijest nauka \/ [urednici Hrvoje Ivekovi\u0107, Lavoslav Glesinger]. Zagreb : Institut za povijest prirodnih, matemati\u010dkih i medicinskih nauka Jugoslavenske akademije znanosti i umjetnosti, 1969.<br \/>\n\u2022Stipani\u0107, E. Marin Getaldi\u0107 i njegovo mesto u matematici i nau\u010dnom svetu. Beograd : Zavod za izdavanje ud\u017ebenika Narodne Republike Srbije, 1961.<br \/>\n\u2022Tanta, I. Hrvati koji su stvarali Europu. Zagreb : Stari grad, 2003.<br \/>\n\u2022Vanino, M. Dubrov\u010danin Marin Getaldi\u0107 i isusovci. Sarajevo : Nova tiskara Vr\u010dek i dr., 1941.<br \/>\n\u2022Znanost u Hrvata: prirodoslovlje i njegova primjena = Centuries of natural science in Croatia: theory and application : [katalog izlo\u017ebe] : MGC, Klovi\u0107evi dvori, lipanj &#8211; listopad 1996. \/ [glavna urednica Greta Pitaf Mrzljak Zagreb : MGC, 1996. 2 sv.<br \/>\n\u010clanak: \u2022Ozimec, S. Marin Getaldi\u0107. \/\/ Meridijani : \u010dasopis za zemljopis, povijest, ekologiju i putovanja 10 (2003), 72, str. 72-73<\/p>\n<p>&nbsp;<\/p>\n<p>&nbsp;<\/p>\n<p>Izvor: <a href=\"http:\/\/www.kgz.hr\/hr\/dogadjanja\/marin-getaldic-pogled-u-novo-doba\/40936\">http:\/\/www.kgz.hr\/hr\/dogadjanja\/marin-getaldic-pogled-u-novo-doba\/40936<\/a><\/p>\n<p>&nbsp;<\/p>\n<p>&nbsp;<\/p>\n<p>&nbsp;<\/p>\n<p>&nbsp;<\/p>\n","protected":false},"excerpt":{"rendered":"","protected":false},"author":2,"featured_media":7202,"comment_status":"open","ping_status":"open","sticky":false,"template":"","format":"standard","meta":{"_acf_changed":false,"jetpack_post_was_ever_published":false,"_jetpack_newsletter_access":"","_jetpack_dont_email_post_to_subs":false,"_jetpack_newsletter_tier_id":0,"_jetpack_memberships_contains_paywalled_content":false,"_jetpack_memberships_contains_paid_content":false,"footnotes":"","jetpack_publicize_message":"","jetpack_publicize_feature_enabled":true,"jetpack_social_post_already_shared":true,"jetpack_social_options":{"image_generator_settings":{"template":"highway","default_image_id":0,"font":"","enabled":false},"version":2}},"categories":[3],"tags":[],"class_list":["post-7201","post","type-post","status-publish","format-standard","has-post-thumbnail","hentry","category-novosti"],"acf":{"facebook_opis":""},"jetpack_publicize_connections":[],"jetpack_featured_media_url":"https:\/\/i0.wp.com\/historiografija.hr\/wp-content\/uploads\/2017\/11\/getaldic.jpg?fit=300%2C314&ssl=1","jetpack_sharing_enabled":true,"jetpack-related-posts":[{"id":52520,"url":"https:\/\/historiografija.hr\/?p=52520","url_meta":{"origin":7201,"position":0},"title":"Predstavljanje knjige &#8220;Socialist Economics in Yugoslavia: A Critical History&#8221; u Zagrebu","author":"Branimir Jankovi\u0107","date":"17. travnja 2026.","format":false,"excerpt":"Pozivamo vas na predstavljanje knjige \"Socialist Economics in Yugoslavia: A Critical History\", autora Mislava \u00a0\u017ditka i Marka Grde\u0161i\u0107a (Routledge, 2026). Na predstavljanju \u0107e govoriti Branko Milanovi\u0107 (CUNY), Milica Uvali\u0107 (EUI), Zdravko Petak (FPZG) te autori.\u00a0 Predstavljanje \u0107e se odr\u017eati u srijedu 22. travnja u 16:00 sati na Fakultetu politi\u010dkih znanosti\u2026","rel":"","context":"U &quot;Novosti&quot;","block_context":{"text":"Novosti","link":"https:\/\/historiografija.hr\/?cat=3"},"img":{"alt_text":"","src":"https:\/\/i0.wp.com\/historiografija.hr\/wp-content\/uploads\/2026\/04\/Poziv-na-predstavljanje.png?fit=800%2C652&ssl=1&resize=350%2C200","width":350,"height":200,"srcset":"https:\/\/i0.wp.com\/historiografija.hr\/wp-content\/uploads\/2026\/04\/Poziv-na-predstavljanje.png?fit=800%2C652&ssl=1&resize=350%2C200 1x, https:\/\/i0.wp.com\/historiografija.hr\/wp-content\/uploads\/2026\/04\/Poziv-na-predstavljanje.png?fit=800%2C652&ssl=1&resize=525%2C300 1.5x, https:\/\/i0.wp.com\/historiografija.hr\/wp-content\/uploads\/2026\/04\/Poziv-na-predstavljanje.png?fit=800%2C652&ssl=1&resize=700%2C400 2x"},"classes":[]},{"id":52651,"url":"https:\/\/historiografija.hr\/?p=52651","url_meta":{"origin":7201,"position":1},"title":"Promocija knjige Emira O. Filipovi\u0107a \u201cVite\u0161tvo u srednjovjekovnoj Bosni\u201d u Sarajevu","author":"Branimir Jankovi\u0107","date":"24. travnja 2026.","format":false,"excerpt":"Knji\u017eevni korner poziva na promociju knjige Emira O. Filipovi\u0107a \u201cVite\u0161tvo u srednjovjekovnoj Bosni\u201d koja \u0107e se odr\u017eati u srijedu, 29. aprila 2026. u 18 sati u Evropskoj ku\u0107i kulture i nacionalnih manjina (Austrijska ku\u0107a) u Sarajevu. Na promociji \u0107e govoriti Mirsad Sijari\u0107, Ema Mazrak i autor, a moderirat \u0107e Nikola\u2026","rel":"","context":"U &quot;Novosti&quot;","block_context":{"text":"Novosti","link":"https:\/\/historiografija.hr\/?cat=3"},"img":{"alt_text":"","src":"https:\/\/i0.wp.com\/historiografija.hr\/wp-content\/uploads\/2026\/04\/Vitestvo.jpg?fit=1080%2C565&ssl=1&resize=350%2C200","width":350,"height":200,"srcset":"https:\/\/i0.wp.com\/historiografija.hr\/wp-content\/uploads\/2026\/04\/Vitestvo.jpg?fit=1080%2C565&ssl=1&resize=350%2C200 1x, https:\/\/i0.wp.com\/historiografija.hr\/wp-content\/uploads\/2026\/04\/Vitestvo.jpg?fit=1080%2C565&ssl=1&resize=525%2C300 1.5x, https:\/\/i0.wp.com\/historiografija.hr\/wp-content\/uploads\/2026\/04\/Vitestvo.jpg?fit=1080%2C565&ssl=1&resize=700%2C400 2x, https:\/\/i0.wp.com\/historiografija.hr\/wp-content\/uploads\/2026\/04\/Vitestvo.jpg?fit=1080%2C565&ssl=1&resize=1050%2C600 3x"},"classes":[]},{"id":52575,"url":"https:\/\/historiografija.hr\/?p=52575","url_meta":{"origin":7201,"position":2},"title":"Izlo\u017eba dje\u010djih radova \u201cU po\u010detku bija\u0161e crte\u017e\u2026\u201d","author":"Branimir Jankovi\u0107","date":"21. travnja 2026.","format":false,"excerpt":"U subotu, 25. travnja 2026. u 11 sati u Galeriji Klovi\u0107evi dvori sve\u010dano otvaramo izlo\u017ebu dje\u010djih radova pod nazivom U po\u010detku bija\u0161e crte\u017e\u2026 Radovi su nastali u sklopu likovnih radionica uz izlo\u017ebu U po\u010detku bija\u0161e kraljevstvo \u2013 izlo\u017eba povodom 1100 godina Hrvatskoga Kraljevstva. Na brojnim likovnim radionicama, uz \u0161kolsku djecu,\u2026","rel":"","context":"U &quot;Izlo\u017ebe&quot;","block_context":{"text":"Izlo\u017ebe","link":"https:\/\/historiografija.hr\/?cat=10"},"img":{"alt_text":"","src":"https:\/\/i0.wp.com\/historiografija.hr\/wp-content\/uploads\/2025\/10\/Klovicevi_sluzbeni-plakat.png?fit=840%2C1200&ssl=1&resize=350%2C200","width":350,"height":200,"srcset":"https:\/\/i0.wp.com\/historiografija.hr\/wp-content\/uploads\/2025\/10\/Klovicevi_sluzbeni-plakat.png?fit=840%2C1200&ssl=1&resize=350%2C200 1x, https:\/\/i0.wp.com\/historiografija.hr\/wp-content\/uploads\/2025\/10\/Klovicevi_sluzbeni-plakat.png?fit=840%2C1200&ssl=1&resize=525%2C300 1.5x, https:\/\/i0.wp.com\/historiografija.hr\/wp-content\/uploads\/2025\/10\/Klovicevi_sluzbeni-plakat.png?fit=840%2C1200&ssl=1&resize=700%2C400 2x"},"classes":[]},{"id":52607,"url":"https:\/\/historiografija.hr\/?p=52607","url_meta":{"origin":7201,"position":3},"title":"No\u0107 knjige: Kako je prije 410 godina smr\u0107u Shakespearea i Cervantesa zavr\u0161ilo razdoblje renesanse u knji\u017eevnosti","author":"Branimir Jankovi\u0107","date":"22. travnja 2026.","format":false,"excerpt":"\u010cetvrtak, 23. travnja 2026. u 18:00 sati, Knji\u017eara Matice hrvatske, Ulica Matice hrvatske 2, Zagreb Uvodna rije\u010d: dr. sc.\u00a0Dubravka Brezak Stama\u0107, pro\u010delnica Odjela za knji\u017eevnost Matice hrvatske Prof. dr. sc. Ivan Lupi\u0107, redoviti profesor u Odsjeku za anglistiku i Odsjeku za kroatistiku Sveu\u010dili\u0161ta u RijeciShakespeare, kazali\u0161te, glazbaKada se susre\u0107emo sa\u2026","rel":"","context":"U &quot;Novosti&quot;","block_context":{"text":"Novosti","link":"https:\/\/historiografija.hr\/?cat=3"},"img":{"alt_text":"","src":"https:\/\/i0.wp.com\/historiografija.hr\/wp-content\/uploads\/2026\/04\/noc_knjige_2026.jpg?fit=680%2C276&ssl=1&resize=350%2C200","width":350,"height":200,"srcset":"https:\/\/i0.wp.com\/historiografija.hr\/wp-content\/uploads\/2026\/04\/noc_knjige_2026.jpg?fit=680%2C276&ssl=1&resize=350%2C200 1x, https:\/\/i0.wp.com\/historiografija.hr\/wp-content\/uploads\/2026\/04\/noc_knjige_2026.jpg?fit=680%2C276&ssl=1&resize=525%2C300 1.5x"},"classes":[]},{"id":52563,"url":"https:\/\/historiografija.hr\/?p=52563","url_meta":{"origin":7201,"position":4},"title":"Predavanje Nenada Fabijani\u0107a o stadionu Poljud u Splitu","author":"Branimir Jankovi\u0107","date":"21. travnja 2026.","format":false,"excerpt":"Znanstveno vije\u0107e za arhitekturu, urbanizam i ure\u0111enje prostora Hrvatske akademije znanosti i umjetnosti organizira predavanje \u201cPo Poljudu\u201d koje \u0107e u srijedu 22. travnja 2026. s po\u010detkom u 14 sati u Knji\u017enici HAZU, Strossmayerov trg 14 u Zagrebu, odr\u017eati\u00a0prof. emerit. dr. art. Nenad Fabijani\u0107,\u00a0\u010dlan suradnik HAZU. Predavanje \u201ePo Poljudu\u201c (Projekt obnove)\u2026","rel":"","context":"U &quot;Novosti&quot;","block_context":{"text":"Novosti","link":"https:\/\/historiografija.hr\/?cat=3"},"img":{"alt_text":"","src":"https:\/\/i0.wp.com\/historiografija.hr\/wp-content\/uploads\/2026\/04\/Poljud-scaled.jpeg?fit=1200%2C800&ssl=1&resize=350%2C200","width":350,"height":200,"srcset":"https:\/\/i0.wp.com\/historiografija.hr\/wp-content\/uploads\/2026\/04\/Poljud-scaled.jpeg?fit=1200%2C800&ssl=1&resize=350%2C200 1x, https:\/\/i0.wp.com\/historiografija.hr\/wp-content\/uploads\/2026\/04\/Poljud-scaled.jpeg?fit=1200%2C800&ssl=1&resize=525%2C300 1.5x, https:\/\/i0.wp.com\/historiografija.hr\/wp-content\/uploads\/2026\/04\/Poljud-scaled.jpeg?fit=1200%2C800&ssl=1&resize=700%2C400 2x, https:\/\/i0.wp.com\/historiografija.hr\/wp-content\/uploads\/2026\/04\/Poljud-scaled.jpeg?fit=1200%2C800&ssl=1&resize=1050%2C600 3x"},"classes":[]},{"id":52511,"url":"https:\/\/historiografija.hr\/?p=52511","url_meta":{"origin":7201,"position":5},"title":"Izlo\u017eba &#8220;Lica Sljemena&#8221;","author":"Branimir Jankovi\u0107","date":"17. travnja 2026.","format":false,"excerpt":"Srda\u010dno vas pozivamo na otvorenje izlo\u017ebe Lica Sljemena koje \u0107e se odr\u017eati u srijedu 22. travnja 2026. u 18 h ispred Muzeja Prigorja (Trg Dragutina Domjani\u0107a 5, Sesvete). Izlo\u017eba proizlazi iz istra\u017eivanja Nevene \u0160krbi\u0107 Alempijevi\u0107, Petre Kelemen i Sanje Potkonjak te intervjua sa Sljemena\u0161icama i Sljemena\u0161ima, koji su provedeni u\u2026","rel":"","context":"U &quot;Izlo\u017ebe&quot;","block_context":{"text":"Izlo\u017ebe","link":"https:\/\/historiografija.hr\/?cat=10"},"img":{"alt_text":"","src":"https:\/\/i0.wp.com\/historiografija.hr\/wp-content\/uploads\/2026\/04\/Izlozba-Lica-Sljemena.png?fit=1080%2C686&ssl=1&resize=350%2C200","width":350,"height":200,"srcset":"https:\/\/i0.wp.com\/historiografija.hr\/wp-content\/uploads\/2026\/04\/Izlozba-Lica-Sljemena.png?fit=1080%2C686&ssl=1&resize=350%2C200 1x, https:\/\/i0.wp.com\/historiografija.hr\/wp-content\/uploads\/2026\/04\/Izlozba-Lica-Sljemena.png?fit=1080%2C686&ssl=1&resize=525%2C300 1.5x, https:\/\/i0.wp.com\/historiografija.hr\/wp-content\/uploads\/2026\/04\/Izlozba-Lica-Sljemena.png?fit=1080%2C686&ssl=1&resize=700%2C400 2x, https:\/\/i0.wp.com\/historiografija.hr\/wp-content\/uploads\/2026\/04\/Izlozba-Lica-Sljemena.png?fit=1080%2C686&ssl=1&resize=1050%2C600 3x"},"classes":[]}],"_links":{"self":[{"href":"https:\/\/historiografija.hr\/index.php?rest_route=\/wp\/v2\/posts\/7201","targetHints":{"allow":["GET"]}}],"collection":[{"href":"https:\/\/historiografija.hr\/index.php?rest_route=\/wp\/v2\/posts"}],"about":[{"href":"https:\/\/historiografija.hr\/index.php?rest_route=\/wp\/v2\/types\/post"}],"author":[{"embeddable":true,"href":"https:\/\/historiografija.hr\/index.php?rest_route=\/wp\/v2\/users\/2"}],"replies":[{"embeddable":true,"href":"https:\/\/historiografija.hr\/index.php?rest_route=%2Fwp%2Fv2%2Fcomments&post=7201"}],"version-history":[{"count":1,"href":"https:\/\/historiografija.hr\/index.php?rest_route=\/wp\/v2\/posts\/7201\/revisions"}],"predecessor-version":[{"id":7203,"href":"https:\/\/historiografija.hr\/index.php?rest_route=\/wp\/v2\/posts\/7201\/revisions\/7203"}],"wp:featuredmedia":[{"embeddable":true,"href":"https:\/\/historiografija.hr\/index.php?rest_route=\/wp\/v2\/media\/7202"}],"wp:attachment":[{"href":"https:\/\/historiografija.hr\/index.php?rest_route=%2Fwp%2Fv2%2Fmedia&parent=7201"}],"wp:term":[{"taxonomy":"category","embeddable":true,"href":"https:\/\/historiografija.hr\/index.php?rest_route=%2Fwp%2Fv2%2Fcategories&post=7201"},{"taxonomy":"post_tag","embeddable":true,"href":"https:\/\/historiografija.hr\/index.php?rest_route=%2Fwp%2Fv2%2Ftags&post=7201"}],"curies":[{"name":"wp","href":"https:\/\/api.w.org\/{rel}","templated":true}]}}