{"id":7091,"date":"2017-11-21T22:15:53","date_gmt":"2017-11-21T22:15:53","guid":{"rendered":"http:\/\/historiografija.hr\/?p=7091"},"modified":"2017-11-21T22:16:48","modified_gmt":"2017-11-21T22:16:48","slug":"mirko-sardelic-niz-seminara-the-entangled-histories-of-emotions-in-the-mediterranean-world-20172018","status":"publish","type":"post","link":"https:\/\/historiografija.hr\/?p=7091","title":{"rendered":"Mirko Sardeli\u0107 &#8211; Niz seminara &#8216;The Entangled Histories of Emotions in the Mediterranean World&#8217; \u2013 2017\/2018."},"content":{"rendered":"<p>&nbsp;<\/p>\n<p>U Splitu je 25-26. rujna 2017. u organizaciji Centra za transkulturno istra\u017eivanje emocija (<a href=\"https:\/\/www.ctie.hr\/\">https:\/\/www.ctie.hr\/<\/a>) odr\u017ean me\u0111unarodni znanstveni seminar &#8216;Portals: Spaces of Encounter, Entanglement, and Exchange&#8217;. Bio je to drugi u nizu od pet seminara projekta &#8216;The Entangled Histories of Emotions in the Mediterranean World&#8217; \u0161to ga zajedni\u010dki organizira me\u0111unarodna kolaboracija sastavljena od \u0161est institucija: australski ARC Centre for the History of Emotions, The Society for the History of Emotions, Institute for Advanced Study (CEU, Budapest), Centar za transkulturno istra\u017eivanje emocija, European University Institute (Firenze) i Istituto per la storia del pensiero filosofico e scientifico moderno (ISPF). Organizatori-voditelji seminara bili su dr. sc. <strong>Katrina O&#8217;Loughlin<\/strong> (University of Western Australia) i dr. sc. <strong>Mirko Sardeli\u0107<\/strong> (Zavod za povijesne znanosti HAZU), a seminar su s hrvatske strane potpomogli jo\u0161 i Hrvatska akademija znanosti i umjetnosti i Knji\u017eevni krug Split \u2013 organizatori Knjige Mediterana \u2013 te Institut za povijest umjetnosti i Ministarstvo kulture Republike Hrvatske.<\/p>\n<p>&nbsp;<\/p>\n<p>Osim predstavnika organizatora svih \u0161est institucija koji su zbog kontinuiteta diskusije prisutni na svakom seminaru, ovome splitskome spremno se predavanjima pridru\u017eilo nekoliko uva\u017eenih istra\u017eiva\u010da Mediterana, jugoisto\u010dne Europe te povijesti emocija. Treba najprije spomenuti da je sudjelovao i dr. sc. <strong>Giovanni Tarantino<\/strong> (University of Western Australia), inicijator cijeloga projekta. Pozivu se odazvao profesor emeritus <strong>Michel Balard<\/strong> (Universit\u00e9 Paris IV-Sorbonne), doajen mediteranske povijesti, koji je u vi\u0161e od pola stolje\u0107a znanstvenoga djelovanja iza sebe ostavio stotine publikacija, od kojih su neke bile klju\u010dne za cijelu disciplinu. Doprinos konceptualizaciji Mediterana kao egzemplarne kontaktne zone sa svojstvenom emocionologijom pru\u017eili su dr. sc. <strong>Rosa Salzberg<\/strong> (University of Warwick; EUI) predavanjem o Veneciji kao mjestu konstantne mobilnosti i novih susreta, te prof. dr. <strong>Aleksander Osipian<\/strong> (University of Kiev) slikom Konstantinopola o\u010dima poljskih putnika 16. i 17. stolje\u0107a. Teorijsku i metodolo\u0161ku okosnicu seminara zacrtala je radom o emocionalnoj ksenologiji prof. dr. <strong>Zrinka Bla\u017eevi\u0107<\/strong> (Filozofski fakultet Sveu\u010dili\u0161ta u Zagrebu), koja ve\u0107 niz godina sustavno oboga\u0107uje interdisciplinarnu platformu povijesti emocija originalnim teorijskim uvidima, klju\u010dnima za ozbiljan pristup ovoj kompleksnoj temi. O prakti\u010dnom aspektu emocija izlagala je prof. dr. <strong>Nata\u0161a \u0160tefanec<\/strong> (Filozofski fakultet Sveu\u010dili\u0161ta u Zagrebu), \u010diji je rad na Referentnom i interpretativnom centru za povijest Vojne krajine u Glini bio tako\u0111er zapa\u017een kao originalan i sustavan pristup prezentiranja pro\u0161losti i sada\u0161njosti me\u0111ukulturnih odnosa.<\/p>\n<p>&nbsp;<\/p>\n<p>U triptihu o zanimljivim dubrova\u010dkim temama ranoga novog vijeka (15.-17. st.) izlagale su, u zasebnim predavanjima, dr. sc. <strong>Ivana Brkovi\u0107<\/strong> (Filozofski Fakultet u Zagrebu), dr. sc. <strong>Martina Prani\u0107<\/strong> (Charles University, Prague) i doc. dr. sc. <strong>Valentina Zovko<\/strong> (Filozofski fakultet u Zadru), obra\u0111uju\u0107i neke emotivne aspekte (redom) velikoga potresa (1667.), politi\u010dke djelatnosti Marina Dr\u017ei\u0107a, te ranih diplomatskih kontakata Dubrov\u010dana i Osmanlija. Ba\u0161tinu i va\u017enost arturijanske literature za oblikovanje identiteta i emocionalnog habitusa velika\u0161a srednje Europe analizirala je dr. sc. <strong>Kosana Jovanovi\u0107<\/strong> (Filozofski fakultet Sveu\u010dili\u0161ta u Rijeci). Neke je va\u017ene aspekte emocija iz perspektive psihologije, napose o socijalnoj funkciji plakanja, sudionicima izlo\u017eio gost seminara i sudionik okruglog stola dr. sc. <strong>Asmir Gra\u010danin<\/strong> (Filozofski fakultet Sveu\u010dili\u0161ta u Rijeci). Visokoj kvaliteti seminara pridonijelo je i desetak sudionika okruglog stola iz uglednih hrvatskih i svjetskih akademskih institucija (popis svih sudionika nalazi se na linku: <a href=\"http:\/\/www.historyofemotions.org.au\/events\/ports-and-portals-spaces-of-encounter-entanglement-and-exchange\/\">http:\/\/www.historyofemotions.org.au\/events\/ports-and-portals-spaces-of-encounter-entanglement-and-exchange\/<\/a>).<\/p>\n<p>&nbsp;<\/p>\n<p>Niz se nastavlja u Australiji, u Perthu, seminarom naslovljenim &#8216;Entangled Histories of Things in the Mediterranean World (<a href=\"http:\/\/www.historyofemotions.org.au\/events\/entangled-histories-of-things-in-the-mediterranean-world\/\">http:\/\/www.historyofemotions.org.au\/events\/entangled-histories-of-things-in-the-mediterranean-world\/<\/a>), 14. prosinca 2017. Zavr\u0161na dva seminara odr\u017eat \u0107e se u Europi, najprije u Firenci 5. velja\u010de 2018., potom u Budimpe\u0161ti 18. lipnja (raspored i teme nalaze se na istom linku).<\/p>\n<p>&nbsp;<\/p>\n<p><em>Mirko Sardeli\u0107<\/em><\/p>\n<p>&nbsp;<\/p>\n<p>&nbsp;<\/p>\n","protected":false},"excerpt":{"rendered":"","protected":false},"author":2,"featured_media":0,"comment_status":"open","ping_status":"open","sticky":false,"template":"","format":"standard","meta":{"_acf_changed":false,"jetpack_post_was_ever_published":false,"_jetpack_newsletter_access":"","_jetpack_dont_email_post_to_subs":false,"_jetpack_newsletter_tier_id":0,"_jetpack_memberships_contains_paywalled_content":false,"_jetpack_memberships_contains_paid_content":false,"footnotes":"","jetpack_publicize_message":"","jetpack_publicize_feature_enabled":true,"jetpack_social_post_already_shared":true,"jetpack_social_options":{"image_generator_settings":{"template":"highway","default_image_id":0,"font":"","enabled":false},"version":2}},"categories":[4],"tags":[],"class_list":["post-7091","post","type-post","status-publish","format-standard","hentry","category-osvrti"],"acf":{"facebook_opis":""},"jetpack_publicize_connections":[],"jetpack_featured_media_url":"","jetpack_sharing_enabled":true,"jetpack-related-posts":[{"id":52499,"url":"https:\/\/historiografija.hr\/?p=52499","url_meta":{"origin":7091,"position":0},"title":"POTPISAN UGOVOR O ZNANSTVENO-ISTRA\u017dIVA\u010cKOJ SURADNJI: PROJEKT \u201eTEMELJI HRVATSKE SAMOSTALNOSTI\u201d","author":"Branimir Jankovi\u0107","date":"17. travnja 2026.","format":false,"excerpt":"Hrvatski institut za povijest, Sveu\u010dili\u0161te obrane i sigurnosti \u201eDr. Franjo Tu\u0111man\u201d, Institut dru\u0161tvenih znanosti Ivo Pilar i Hrvatski dr\u017eavni arhiv\u00a0potpisali su 23. o\u017eujka 2026.\u00a0Ugovor o znanstveno-istra\u017eiva\u010dkoj suradnji s ciljem provedbe projekta \u201eTemelji hrvatske samostalnosti\u201d. Tim projektom obuhva\u0107a se istra\u017eivanje arhivskoga gradiva, priprema znanstvenih publikacija, digitalizacija i javna prezentacija rezultata istra\u017eivanja\u2026","rel":"","context":"U &quot;Novosti&quot;","block_context":{"text":"Novosti","link":"https:\/\/historiografija.hr\/?cat=3"},"img":{"alt_text":"","src":"https:\/\/i0.wp.com\/historiografija.hr\/wp-content\/uploads\/2026\/04\/THS_sporazum.jpg?fit=1200%2C583&ssl=1&resize=350%2C200","width":350,"height":200,"srcset":"https:\/\/i0.wp.com\/historiografija.hr\/wp-content\/uploads\/2026\/04\/THS_sporazum.jpg?fit=1200%2C583&ssl=1&resize=350%2C200 1x, https:\/\/i0.wp.com\/historiografija.hr\/wp-content\/uploads\/2026\/04\/THS_sporazum.jpg?fit=1200%2C583&ssl=1&resize=525%2C300 1.5x, https:\/\/i0.wp.com\/historiografija.hr\/wp-content\/uploads\/2026\/04\/THS_sporazum.jpg?fit=1200%2C583&ssl=1&resize=700%2C400 2x, https:\/\/i0.wp.com\/historiografija.hr\/wp-content\/uploads\/2026\/04\/THS_sporazum.jpg?fit=1200%2C583&ssl=1&resize=1050%2C600 3x"},"classes":[]},{"id":52631,"url":"https:\/\/historiografija.hr\/?p=52631","url_meta":{"origin":7091,"position":1},"title":"Predavanje Ivana Tepe\u0161a: Djelovanje hrvatske politi\u010dke emigracije","author":"Branimir Jankovi\u0107","date":"23. travnja 2026.","format":false,"excerpt":"Odjel za me\u0111unarodnu suradnju i iseljeni\u0161tvo Matice hrvatske Predavanje Ivana Tepe\u0161a: Djelovanje hrvatske politi\u010dke emigracije Utorak, 28. travnja 2026. u 18:00 sati, Dvorana Ljudevita Jonkea (Mala dvorana MH), Strossmayerov trg 4, Zagreb dr. sc. Ivan Tepe\u0161, Institut za istra\u017eivanje migracija Hrvatska politi\u010dka emigracija obilje\u017eila je polustoljetnu hrvatsku povijest u drugoj\u2026","rel":"","context":"U &quot;Novosti&quot;","block_context":{"text":"Novosti","link":"https:\/\/historiografija.hr\/?cat=3"},"img":{"alt_text":"","src":"","width":0,"height":0},"classes":[]},{"id":52543,"url":"https:\/\/historiografija.hr\/?p=52543","url_meta":{"origin":7091,"position":2},"title":"Znanstveno-stru\u010dni skup \u201eOto\u010dne pu\u010dke pobo\u017enosti: kontinuiteti i transformacije\u201c","author":"Branimir Jankovi\u0107","date":"20. travnja 2026.","format":false,"excerpt":"Najavljujemo\u00a0znanstveno-stru\u010dni skup \u201eOto\u010dne pu\u010dke pobo\u017enosti: kontinuiteti i transformacije\u201c,\u00a0koji \u0107e se odr\u017eati\u00a0u Rabu od 24. do 26. travnja 2026.,\u00a0u organizaciji i uz potporu\u00a0Instituta za etnologiju i folkloristiku, Zagreb, \u00a0Grada Raba, Pu\u010dkog otvorenog u\u010dili\u0161ta Rab i Centra za istra\u017eivanje srednjovjekovne ba\u0161tine Jadrana RIMAH. Skup okuplja vode\u0107e doma\u0107e stru\u010dnjake koji \u0107e kroz niz\u2026","rel":"","context":"U &quot;Novosti&quot;","block_context":{"text":"Novosti","link":"https:\/\/historiografija.hr\/?cat=3"},"img":{"alt_text":"","src":"https:\/\/i0.wp.com\/historiografija.hr\/wp-content\/uploads\/2026\/04\/Skup_Rab.jpg?fit=848%2C1200&ssl=1&resize=350%2C200","width":350,"height":200,"srcset":"https:\/\/i0.wp.com\/historiografija.hr\/wp-content\/uploads\/2026\/04\/Skup_Rab.jpg?fit=848%2C1200&ssl=1&resize=350%2C200 1x, https:\/\/i0.wp.com\/historiografija.hr\/wp-content\/uploads\/2026\/04\/Skup_Rab.jpg?fit=848%2C1200&ssl=1&resize=525%2C300 1.5x, https:\/\/i0.wp.com\/historiografija.hr\/wp-content\/uploads\/2026\/04\/Skup_Rab.jpg?fit=848%2C1200&ssl=1&resize=700%2C400 2x"},"classes":[]},{"id":52502,"url":"https:\/\/historiografija.hr\/?p=52502","url_meta":{"origin":7091,"position":3},"title":"Novi znanstveni projekt Hrvatskog instituta za povijest: \u201c\u017drtve ratova i dr\u017eavnog\/politi\u010dkog nasilja u hrvatskoj povijesti 20. stolje\u0107a\u201d","author":"Branimir Jankovi\u0107","date":"17. travnja 2026.","format":false,"excerpt":"Na redovitoj sjednici Vlade RH, 16. travnja 2026., donijet je Zaklju\u010dak kojim se pokre\u0107e znanstveni projekt \u201c\u017drtve ratova i dr\u017eavnog\/politi\u010dkog nasilja u hrvatskoj povijesti 20. stolje\u0107a\u201d. Projekt \u0107e provoditi i koordinirati Hrvatski institut za povijest u razdoblju trajanja projekta od pet godina. Zakljucak Vlade RH Iz teksta projektnog prijedloga: Problematika\u2026","rel":"","context":"U &quot;Novosti&quot;","block_context":{"text":"Novosti","link":"https:\/\/historiografija.hr\/?cat=3"},"img":{"alt_text":"","src":"https:\/\/i0.wp.com\/historiografija.hr\/wp-content\/uploads\/2026\/04\/Vlada-RH.jpg?fit=1200%2C557&ssl=1&resize=350%2C200","width":350,"height":200,"srcset":"https:\/\/i0.wp.com\/historiografija.hr\/wp-content\/uploads\/2026\/04\/Vlada-RH.jpg?fit=1200%2C557&ssl=1&resize=350%2C200 1x, https:\/\/i0.wp.com\/historiografija.hr\/wp-content\/uploads\/2026\/04\/Vlada-RH.jpg?fit=1200%2C557&ssl=1&resize=525%2C300 1.5x, https:\/\/i0.wp.com\/historiografija.hr\/wp-content\/uploads\/2026\/04\/Vlada-RH.jpg?fit=1200%2C557&ssl=1&resize=700%2C400 2x, https:\/\/i0.wp.com\/historiografija.hr\/wp-content\/uploads\/2026\/04\/Vlada-RH.jpg?fit=1200%2C557&ssl=1&resize=1050%2C600 3x"},"classes":[]},{"id":52508,"url":"https:\/\/historiografija.hr\/?p=52508","url_meta":{"origin":7091,"position":4},"title":"Glazbena radionica \u201eDUGMETARA REVISITED\u201c","author":"Branimir Jankovi\u0107","date":"17. travnja 2026.","format":false,"excerpt":"DUGMETARA REVISITED glazbena radionica vodi: Ana Horvat 13., 20. i 27. travnja, od 18 do 20 sati Radiona, Nova cesta 186 Na tri radioni\u010dka susreta uranjamo u naslje\u0111e Dugmetare, biv\u0161e tvornice dugmadi na Savskoj cesti koja je po\u010detkom 2000-ih igrom slu\u010daja postala \u017eivo, jedinstveno mjesto glazbene proizvodnje. Svoje su probe\u2026","rel":"","context":"U &quot;Novosti&quot;","block_context":{"text":"Novosti","link":"https:\/\/historiografija.hr\/?cat=3"},"img":{"alt_text":"","src":"https:\/\/i0.wp.com\/historiografija.hr\/wp-content\/uploads\/2026\/04\/TRESNJA_TRESTI.jpg?fit=380%2C475&ssl=1&resize=350%2C200","width":350,"height":200},"classes":[]},{"id":52563,"url":"https:\/\/historiografija.hr\/?p=52563","url_meta":{"origin":7091,"position":5},"title":"Predavanje Nenada Fabijani\u0107a o stadionu Poljud u Splitu","author":"Branimir Jankovi\u0107","date":"21. travnja 2026.","format":false,"excerpt":"Znanstveno vije\u0107e za arhitekturu, urbanizam i ure\u0111enje prostora Hrvatske akademije znanosti i umjetnosti organizira predavanje \u201cPo Poljudu\u201d koje \u0107e u srijedu 22. travnja 2026. s po\u010detkom u 14 sati u Knji\u017enici HAZU, Strossmayerov trg 14 u Zagrebu, odr\u017eati\u00a0prof. emerit. dr. art. Nenad Fabijani\u0107,\u00a0\u010dlan suradnik HAZU. Predavanje \u201ePo Poljudu\u201c (Projekt obnove)\u2026","rel":"","context":"U &quot;Novosti&quot;","block_context":{"text":"Novosti","link":"https:\/\/historiografija.hr\/?cat=3"},"img":{"alt_text":"","src":"https:\/\/i0.wp.com\/historiografija.hr\/wp-content\/uploads\/2026\/04\/Poljud-scaled.jpeg?fit=1200%2C800&ssl=1&resize=350%2C200","width":350,"height":200,"srcset":"https:\/\/i0.wp.com\/historiografija.hr\/wp-content\/uploads\/2026\/04\/Poljud-scaled.jpeg?fit=1200%2C800&ssl=1&resize=350%2C200 1x, https:\/\/i0.wp.com\/historiografija.hr\/wp-content\/uploads\/2026\/04\/Poljud-scaled.jpeg?fit=1200%2C800&ssl=1&resize=525%2C300 1.5x, https:\/\/i0.wp.com\/historiografija.hr\/wp-content\/uploads\/2026\/04\/Poljud-scaled.jpeg?fit=1200%2C800&ssl=1&resize=700%2C400 2x, https:\/\/i0.wp.com\/historiografija.hr\/wp-content\/uploads\/2026\/04\/Poljud-scaled.jpeg?fit=1200%2C800&ssl=1&resize=1050%2C600 3x"},"classes":[]}],"_links":{"self":[{"href":"https:\/\/historiografija.hr\/index.php?rest_route=\/wp\/v2\/posts\/7091","targetHints":{"allow":["GET"]}}],"collection":[{"href":"https:\/\/historiografija.hr\/index.php?rest_route=\/wp\/v2\/posts"}],"about":[{"href":"https:\/\/historiografija.hr\/index.php?rest_route=\/wp\/v2\/types\/post"}],"author":[{"embeddable":true,"href":"https:\/\/historiografija.hr\/index.php?rest_route=\/wp\/v2\/users\/2"}],"replies":[{"embeddable":true,"href":"https:\/\/historiografija.hr\/index.php?rest_route=%2Fwp%2Fv2%2Fcomments&post=7091"}],"version-history":[{"count":2,"href":"https:\/\/historiografija.hr\/index.php?rest_route=\/wp\/v2\/posts\/7091\/revisions"}],"predecessor-version":[{"id":7093,"href":"https:\/\/historiografija.hr\/index.php?rest_route=\/wp\/v2\/posts\/7091\/revisions\/7093"}],"wp:attachment":[{"href":"https:\/\/historiografija.hr\/index.php?rest_route=%2Fwp%2Fv2%2Fmedia&parent=7091"}],"wp:term":[{"taxonomy":"category","embeddable":true,"href":"https:\/\/historiografija.hr\/index.php?rest_route=%2Fwp%2Fv2%2Fcategories&post=7091"},{"taxonomy":"post_tag","embeddable":true,"href":"https:\/\/historiografija.hr\/index.php?rest_route=%2Fwp%2Fv2%2Ftags&post=7091"}],"curies":[{"name":"wp","href":"https:\/\/api.w.org\/{rel}","templated":true}]}}