{"id":7081,"date":"2017-11-21T21:25:38","date_gmt":"2017-11-21T21:25:38","guid":{"rendered":"http:\/\/historiografija.hr\/?p=7081"},"modified":"2017-11-21T21:26:51","modified_gmt":"2017-11-21T21:26:51","slug":"predstavljene-dvije-knjige-vasilija-krestica-o-hrvatima","status":"publish","type":"post","link":"https:\/\/historiografija.hr\/?p=7081","title":{"rendered":"Predstavljene dvije knjige Vasilija Kresti\u0107a o Hrvatima"},"content":{"rendered":"<p>Historiografsku javnost u Hrvatskoj ne\u0107e iznenaditi da je srpski povjesni\u010dar i akademik Vasilije Kresti\u0107 predstavio knjige \u201eZnameniti Srbi o Hrvatima\u201c i \u201eVelikohrvatske pretenzije na Vojvodinu, Bosnu i Hercegovinu\u201c u kojima je \u201crazobli\u010dio hrvatsku politiku od jednog i po vijeka\u201d, Srbe \u201coslobodio krivice koju im name\u0107e Zagreb za raspad Jugoslavije\u201d i iznio \u010ditav niz sli\u010dnih \u201cnau\u010dnih podataka\u201d\u00a0i &#8220;dokaza&#8221;.<\/p>\n<p>&nbsp;<\/p>\n<p>&nbsp;<\/p>\n<p>&#8212;<\/p>\n<p>&nbsp;<\/p>\n<p>&nbsp;<\/p>\n<p><strong>\u0421\u0440\u043f\u0441\u043a\u0430 \u0430\u043a\u0430\u0434\u0435\u043c\u0438\u0458\u0430 \u043d\u0430\u0443\u043a\u0430 \u0438 \u0443\u043c\u0435\u0442\u043d\u043e\u0441\u0442\u0438<\/strong><\/p>\n<p>&nbsp;<\/p>\n<p>&nbsp;<\/p>\n<p>\u0417\u043d\u0430\u043c\u0435\u043d\u0438\u0442\u0438 \u0421\u0440\u0431\u0438 \u043e \u0425\u0440\u0432\u0430\u0442\u0438\u043c\u0430 \/ \u0412\u0430\u0441\u0438\u043b\u0438\u0458\u0435 \u0402. \u041a\u0440\u0435\u0441\u0442\u0438\u045b. &#8211; \u0411\u0435\u043e\u0433\u0440\u0430\u0434 : \u0421\u0440\u043f\u0441\u043a\u0430 \u043a\u045a\u0438\u0436\u0435\u0432\u043d\u0430 \u0437\u0430\u0434\u0440\u0443\u0433\u0430, 2017<\/p>\n<p>&nbsp;<\/p>\n<p>\u0412\u0435\u043b\u0438\u043a\u043e\u0445\u0440\u0432\u0430\u0442\u0441\u043a\u0435 \u043f\u0440\u0435\u0442\u0435\u043d\u0437\u0438\u0458\u0435 \u043d\u0430 \u0412\u043e\u0458\u0432\u043e\u0434\u0438\u043d\u0443, \u0411\u043e\u0441\u043d\u0443 \u0438 \u0425\u0435\u0440\u0446\u0435\u0433\u043e\u0432\u0438\u043d\u0443 = Greater Croatian pretensions to Vojvodina and Bosnia and Herzegovina \/ \u0412\u0430\u0441\u0438\u043b\u0438\u0458\u0435 \u0402. \u041a\u0440\u0435\u0441\u0442\u0438\u045b ; [\u043f\u0440\u0435\u0432\u043e\u0434\u0438\u043b\u0430\u0446 \u0422\u0430\u0442\u0458\u0430\u043d\u0430 \u040b\u043e\u0441\u043e\u0432\u0438\u045b]. &#8211; \u0411\u0435\u043e\u0433\u0440\u0430\u0434 : \u0421\u0410\u041d\u0423, 2017<\/p>\n<p>&nbsp;<\/p>\n<p>\u0413\u043e\u0432\u043e\u0440\u0435: a\u043a\u0430\u0434\u0435\u043c\u0438\u043a \u0412\u0430\u0441\u0438\u043b\u0438\u0458\u0435 \u0402. \u041a\u0440\u0435\u0441\u0442\u0438\u045b<br \/>\n\u043f\u0440\u043e\u0444. \u0434\u0440 \u041c\u0438\u0440\u0430 \u0420\u0430\u0434\u043e\u0458\u0435\u0432\u0438\u045b<br \/>\n\u0434\u0440 \u0421\u043e\u0444\u0438\u0458\u0430 \u0411\u043e\u0436\u0438\u045b<\/p>\n<p>&nbsp;<\/p>\n<p>\u0421\u0432\u0435\u0447\u0430\u043d\u0430 \u0441\u0430\u043b\u0430, \u0443\u0442\u043e\u0440\u0430\u043a 21. \u043d\u043e\u0432\u0435\u043c\u0431\u0430\u0440 2017. \u0443 13.00 \u0447\u0430\u0441\u043e\u0432\u0430.<\/p>\n<p>&nbsp;<\/p>\n<p>&nbsp;<\/p>\n<p>Izvor: <a href=\"http:\/\/www.sanu.ac.rs\/%5C\/Biblioteka\/Predstavljanje.aspx?arg=1994%2C\">http:\/\/www.sanu.ac.rs\/%5C\/Biblioteka\/Predstavljanje.aspx?arg=1994%2C<\/a><\/p>\n<p>&nbsp;<\/p>\n<p>&nbsp;<\/p>\n<p>&#8212;<\/p>\n<p>&nbsp;<\/p>\n<p>&nbsp;<\/p>\n<p><strong>Predstavljene dvije knjige akademika Kresti\u0107a<\/strong><\/p>\n<p>&nbsp;<\/p>\n<p>&nbsp;<\/p>\n<p>U Beogradu su danas na tribini Biblioteke Srpske akademije nauka i umjetnosti \/SANU\/ predstavljene knjige \u201eZnameniti Srbi o Hrvatima\u201c i \u201eVelikohrvatske pretenzije na Vojvodinu i BiH\u201c, akademika Vasilija Kresti\u0107a u kojima je razobli\u010dio politiku Hrvatske prema srpskom narodu i srpskoj teritoriji unazad vijek i po.<\/p>\n<p>&nbsp;<\/p>\n<p>&nbsp;<\/p>\n<p>U Beogradu su danas na tribini Biblioteke Srpske akademije nauka i umjetnosti \/SANU\/ predstavljene knjige &#8220;Znameniti Srbi o Hrvatima&#8221; i &#8220;Velikohrvatske pretenzije na Vojvodinu i BiH&#8221;, akademika Vasilija Kresti\u0107a.<\/p>\n<p>&nbsp;<\/p>\n<p>&nbsp;<\/p>\n<p>Vi\u0161i nau\u010dni saradnik SANU Sofija Bo\u017ei\u0107 rekla je da knjiga \u201eZnameniti Srbi o Hrvatima\u201c pokazuje kontinuitet odnosa Hrvata prema Srbima kao uljezima i to da se mit o Srbima kao takvima urezao u svijest Hrvata.<\/p>\n<p>&nbsp;<\/p>\n<p>&nbsp;<\/p>\n<p>\u201eOva knjiga pokazuje i to da Srbi za Hrvate ne mogu biti dobri ma koliko bili korektni u me\u0111usobnim odnosima, poput Jovana Suboti\u0107a, Jove Jovanovi\u0107a Zmaja i Jovana Skerli\u0107a, koji je \u010dak sara\u0111ivao sa Antom Star\u010devi\u0107em. Srbi su uvek razumevali Hrvate, a osve\u0161\u0107ivali su se tek kada bi shvatili da je pravda nemogu\u0107a\u201c, navela je Bo\u017ei\u0107eva.<\/p>\n<p>&nbsp;<\/p>\n<p>&nbsp;<\/p>\n<p>Ona je naglasila da ova knjiga, koja je rezultat vi\u0161edecenijskog rada, daje sliku odnosa najve\u0107ih srpskih umova prema Hrvatima, a treba da je \u010ditaju nove generacije da bi razumjele sada\u0161nju situaciju u regionu.<\/p>\n<p>&nbsp;<\/p>\n<p>&nbsp;<\/p>\n<p>Bo\u017ei\u0107eva je istakla da drugo izdanje knjige govori o njenom zna\u010daju i da je to djelo na ponos srpskoj nauci i srpskom narodu.<\/p>\n<p>&nbsp;<\/p>\n<p>&nbsp;<\/p>\n<p>Kresti\u0107 je rekao da mu je pi\u0161u\u0107i knjigu \u201eZnameniti Srbi o Hrvatima\u201c cilj bio da razobli\u010di mr\u017enju Hrvata prema Srbima i da nau\u010dnim podacima otrijezni sve jugoslovenski orijentisane.<\/p>\n<p>&nbsp;<\/p>\n<p>&nbsp;<\/p>\n<p>\u201eOva knjiga je vi\u0161e nego potrebna danas\u201c, istakao je Kresti\u0107.<\/p>\n<p>&nbsp;<\/p>\n<p>&nbsp;<\/p>\n<p>On je naveo da je u knjizi \u201eVelikohrvatske pretenzije na Vojvodinu i BiH\u201c dokumentovano i hronolo\u0161ki razlo\u017eio sve teritorijalne zahtjeve Hrvatske i razobli\u010dio hrvatsku politiku od jednog i po vijeka, te time dao direktan odgovor na sve optu\u017ebe Zagreba prema Srbiji i Srbima na ra\u010dun \u201evelikosrpske politike\u201c.<\/p>\n<p>&nbsp;<\/p>\n<p>&nbsp;<\/p>\n<p>\u201eSrbe sam oslobodio krivice koju im name\u0107e Zagreb za raspad Jugoslavije, a srpsku politiku sam snabdeo dokazima pomo\u0107u kojih se uspe\u0161no mo\u017ee nositi sa neprestanim hrvatskim optu\u017ebama, po\u010dev\u0161i od Gara\u0161anina do na\u0161ih dana\u201c, rekao je Kresti\u0107.<\/p>\n<p>&nbsp;<\/p>\n<p>&nbsp;<\/p>\n<p>Prema njegovim rije\u010dima, iz knjige je jasno da su vode\u0107i hrvatski prvaci unazad vijek i po imali jasne pretenzije i nisu krili namjere prema BiH, posebno teritoriji koju su naseljavali Srbi, kao i da upravo Hrvati stoje iza svih autonoma\u0161kih pokreta u Vojvodini.<\/p>\n<p>&nbsp;<\/p>\n<p>&nbsp;<\/p>\n<p>\u201eOni su imali taktiku da sve \u0161to je srpsko progla\u0161avaju za `velikosrpsko` i udarali na Srbe i srpske teritorije svim sredstvima, uklju\u010duju\u0107i i genocid\u201c, naveo je Kresti\u0107.<\/p>\n<p>&nbsp;<\/p>\n<p>&nbsp;<\/p>\n<p>Izvor: SRNA<\/p>\n<p>&nbsp;<\/p>\n<p>&nbsp;<\/p>\n","protected":false},"excerpt":{"rendered":"","protected":false},"author":2,"featured_media":7082,"comment_status":"open","ping_status":"open","sticky":false,"template":"","format":"standard","meta":{"_acf_changed":false,"jetpack_post_was_ever_published":false,"_jetpack_newsletter_access":"","_jetpack_dont_email_post_to_subs":false,"_jetpack_newsletter_tier_id":0,"_jetpack_memberships_contains_paywalled_content":false,"_jetpack_memberships_contains_paid_content":false,"footnotes":"","jetpack_publicize_message":"","jetpack_publicize_feature_enabled":true,"jetpack_social_post_already_shared":true,"jetpack_social_options":{"image_generator_settings":{"template":"highway","default_image_id":0,"font":"","enabled":false},"version":2}},"categories":[3],"tags":[],"class_list":["post-7081","post","type-post","status-publish","format-standard","has-post-thumbnail","hentry","category-novosti"],"acf":{"facebook_opis":""},"jetpack_publicize_connections":[],"jetpack_featured_media_url":"https:\/\/i0.wp.com\/historiografija.hr\/wp-content\/uploads\/2017\/11\/Predstavljene_knjige.jpg?fit=300%2C300&ssl=1","jetpack_sharing_enabled":true,"jetpack-related-posts":[{"id":52616,"url":"https:\/\/historiografija.hr\/?p=52616","url_meta":{"origin":7081,"position":0},"title":"No\u0107 knjige 2026.","author":"Branimir Jankovi\u0107","date":"22. travnja 2026.","format":false,"excerpt":"Slavljeni\u010dka 15. No\u0107 knjige odr\u017eat \u0107e se 23. travnja diljem Hrvatske u povodu Svjetskog dana knjige i autorskih prava te Dana hrvatske knjige. S vi\u0161e od 1.000 prijavljenih programa i akcija s pravom nosi epitet najmasovnije doma\u0107e kulturne manifestacije, a ove \u0107e godine prote\u0107i u znaku mira, razumijevanja, tolerancije, srodnosti\u2026","rel":"","context":"U &quot;Novosti&quot;","block_context":{"text":"Novosti","link":"https:\/\/historiografija.hr\/?cat=3"},"img":{"alt_text":"","src":"https:\/\/i0.wp.com\/historiografija.hr\/wp-content\/uploads\/2026\/04\/noc_knjige_2026.jpg?fit=680%2C276&ssl=1&resize=350%2C200","width":350,"height":200,"srcset":"https:\/\/i0.wp.com\/historiografija.hr\/wp-content\/uploads\/2026\/04\/noc_knjige_2026.jpg?fit=680%2C276&ssl=1&resize=350%2C200 1x, https:\/\/i0.wp.com\/historiografija.hr\/wp-content\/uploads\/2026\/04\/noc_knjige_2026.jpg?fit=680%2C276&ssl=1&resize=525%2C300 1.5x"},"classes":[]},{"id":52603,"url":"https:\/\/historiografija.hr\/?p=52603","url_meta":{"origin":7081,"position":1},"title":"No\u0107 knjige: Carska i kraljevska kuhinja","author":"Branimir Jankovi\u0107","date":"22. travnja 2026.","format":false,"excerpt":"Pozivamo vas da nam se pridru\u017eite 23. travnja 2026. u 18 sati u obilje\u017eavanju No\u0107i knjige u Pivnici Bobi&Rudi na Trgu Ivana Me\u0161trovi\u0107a u Zapru\u0111u u Zagrebu gdje uz kavu \u010ditamo recepte iz zemalja Austro-Ugarske Monarhije iz knjige Carska i kraljevska kuhinja, autora Roberta Mak\u0142owicza, u prijevodu Damira Agi\u010di\u0107a. Izvor:\u2026","rel":"","context":"U &quot;Novosti&quot;","block_context":{"text":"Novosti","link":"https:\/\/historiografija.hr\/?cat=3"},"img":{"alt_text":"","src":"https:\/\/i0.wp.com\/historiografija.hr\/wp-content\/uploads\/2026\/04\/Noc-knjige-Carska-i-kraljevska.jpg?fit=1200%2C1200&ssl=1&resize=350%2C200","width":350,"height":200,"srcset":"https:\/\/i0.wp.com\/historiografija.hr\/wp-content\/uploads\/2026\/04\/Noc-knjige-Carska-i-kraljevska.jpg?fit=1200%2C1200&ssl=1&resize=350%2C200 1x, https:\/\/i0.wp.com\/historiografija.hr\/wp-content\/uploads\/2026\/04\/Noc-knjige-Carska-i-kraljevska.jpg?fit=1200%2C1200&ssl=1&resize=525%2C300 1.5x, https:\/\/i0.wp.com\/historiografija.hr\/wp-content\/uploads\/2026\/04\/Noc-knjige-Carska-i-kraljevska.jpg?fit=1200%2C1200&ssl=1&resize=700%2C400 2x, https:\/\/i0.wp.com\/historiografija.hr\/wp-content\/uploads\/2026\/04\/Noc-knjige-Carska-i-kraljevska.jpg?fit=1200%2C1200&ssl=1&resize=1050%2C600 3x"},"classes":[]},{"id":52651,"url":"https:\/\/historiografija.hr\/?p=52651","url_meta":{"origin":7081,"position":2},"title":"Promocija knjige Emira O. Filipovi\u0107a \u201cVite\u0161tvo u srednjovjekovnoj Bosni\u201d u Sarajevu","author":"Branimir Jankovi\u0107","date":"24. travnja 2026.","format":false,"excerpt":"Knji\u017eevni korner poziva na promociju knjige Emira O. Filipovi\u0107a \u201cVite\u0161tvo u srednjovjekovnoj Bosni\u201d koja \u0107e se odr\u017eati u srijedu, 29. aprila 2026. u 18 sati u Evropskoj ku\u0107i kulture i nacionalnih manjina (Austrijska ku\u0107a) u Sarajevu. Na promociji \u0107e govoriti Mirsad Sijari\u0107, Ema Mazrak i autor, a moderirat \u0107e Nikola\u2026","rel":"","context":"U &quot;Novosti&quot;","block_context":{"text":"Novosti","link":"https:\/\/historiografija.hr\/?cat=3"},"img":{"alt_text":"","src":"https:\/\/i0.wp.com\/historiografija.hr\/wp-content\/uploads\/2026\/04\/Vitestvo.jpg?fit=1080%2C565&ssl=1&resize=350%2C200","width":350,"height":200,"srcset":"https:\/\/i0.wp.com\/historiografija.hr\/wp-content\/uploads\/2026\/04\/Vitestvo.jpg?fit=1080%2C565&ssl=1&resize=350%2C200 1x, https:\/\/i0.wp.com\/historiografija.hr\/wp-content\/uploads\/2026\/04\/Vitestvo.jpg?fit=1080%2C565&ssl=1&resize=525%2C300 1.5x, https:\/\/i0.wp.com\/historiografija.hr\/wp-content\/uploads\/2026\/04\/Vitestvo.jpg?fit=1080%2C565&ssl=1&resize=700%2C400 2x, https:\/\/i0.wp.com\/historiografija.hr\/wp-content\/uploads\/2026\/04\/Vitestvo.jpg?fit=1080%2C565&ssl=1&resize=1050%2C600 3x"},"classes":[]},{"id":52675,"url":"https:\/\/historiografija.hr\/?p=52675","url_meta":{"origin":7081,"position":3},"title":"Predstavljanje knjige Luke Peji\u0107a &#8220;U taboru anarhista: \u017divot Ivana Zeppa&#8221; u Osijeku","author":"Branimir Jankovi\u0107","date":"27. travnja 2026.","format":false,"excerpt":"U \u010detvrtak, 30. travnja 2026.\u00a0u\u00a019.00 sati\u00a0u Klubu knji\u017eare Nova\u00a0(Trg Ante Star\u010devi\u0107a 4, Osijek) odr\u017eat \u0107e se predstavljanje nove knjige Luke Peji\u0107a U taboru anarhista: \u017divot Ivana Zeppa (DAF, 2025.). Uz autora o knjizi \u0107e govoriti recenzent i povjesni\u010dar Nikola Toma\u0161egovi\u0107 te povjesni\u010darka Ana Rajkovi\u0107 Peji\u0107. Razgovor \u0107e moderirati doktorandica\u00a0Valentina Kezi\u0107.\u2026","rel":"","context":"U &quot;Novosti&quot;","block_context":{"text":"Novosti","link":"https:\/\/historiografija.hr\/?cat=3"},"img":{"alt_text":"","src":"https:\/\/i0.wp.com\/historiografija.hr\/wp-content\/uploads\/2025\/11\/Pejic.jpg?fit=574%2C790&ssl=1&resize=350%2C200","width":350,"height":200,"srcset":"https:\/\/i0.wp.com\/historiografija.hr\/wp-content\/uploads\/2025\/11\/Pejic.jpg?fit=574%2C790&ssl=1&resize=350%2C200 1x, https:\/\/i0.wp.com\/historiografija.hr\/wp-content\/uploads\/2025\/11\/Pejic.jpg?fit=574%2C790&ssl=1&resize=525%2C300 1.5x"},"classes":[]},{"id":52520,"url":"https:\/\/historiografija.hr\/?p=52520","url_meta":{"origin":7081,"position":4},"title":"Predstavljanje knjige &#8220;Socialist Economics in Yugoslavia: A Critical History&#8221; u Zagrebu","author":"Branimir Jankovi\u0107","date":"17. travnja 2026.","format":false,"excerpt":"Pozivamo vas na predstavljanje knjige \"Socialist Economics in Yugoslavia: A Critical History\", autora Mislava \u00a0\u017ditka i Marka Grde\u0161i\u0107a (Routledge, 2026). Na predstavljanju \u0107e govoriti Branko Milanovi\u0107 (CUNY), Milica Uvali\u0107 (EUI), Zdravko Petak (FPZG) te autori.\u00a0 Predstavljanje \u0107e se odr\u017eati u srijedu 22. travnja u 16:00 sati na Fakultetu politi\u010dkih znanosti\u2026","rel":"","context":"U &quot;Novosti&quot;","block_context":{"text":"Novosti","link":"https:\/\/historiografija.hr\/?cat=3"},"img":{"alt_text":"","src":"https:\/\/i0.wp.com\/historiografija.hr\/wp-content\/uploads\/2026\/04\/Poziv-na-predstavljanje.png?fit=800%2C652&ssl=1&resize=350%2C200","width":350,"height":200,"srcset":"https:\/\/i0.wp.com\/historiografija.hr\/wp-content\/uploads\/2026\/04\/Poziv-na-predstavljanje.png?fit=800%2C652&ssl=1&resize=350%2C200 1x, https:\/\/i0.wp.com\/historiografija.hr\/wp-content\/uploads\/2026\/04\/Poziv-na-predstavljanje.png?fit=800%2C652&ssl=1&resize=525%2C300 1.5x, https:\/\/i0.wp.com\/historiografija.hr\/wp-content\/uploads\/2026\/04\/Poziv-na-predstavljanje.png?fit=800%2C652&ssl=1&resize=700%2C400 2x"},"classes":[]},{"id":52613,"url":"https:\/\/historiografija.hr\/?p=52613","url_meta":{"origin":7081,"position":5},"title":"No\u0107 knjige u Hrvatskom dr\u017eavnom arhivu","author":"Branimir Jankovi\u0107","date":"22. travnja 2026.","format":false,"excerpt":"Predstavljanje knjige Rajke Bu\u0107in \u201dLije\u010denje i zbrinjavanje \u017didova u Bolnici sestara milosrdnica u Zagrebu 1941. \u2013 1945.\u201d u \u010detvrtak, 23. travnja 2026. u 13 sati u Hrvatskom dr\u017eavnom arhivu u Zagrebu. Izvor: https:\/\/www.arhiv.hr\/hr-hr\/Kulturno-prosvjetne-aktivnosti\/ArticleId\/1986\/oamid\/1633","rel":"","context":"U &quot;Novosti&quot;","block_context":{"text":"Novosti","link":"https:\/\/historiografija.hr\/?cat=3"},"img":{"alt_text":"","src":"https:\/\/i0.wp.com\/historiografija.hr\/wp-content\/uploads\/2026\/04\/noc_knjige_2026.jpg?fit=680%2C276&ssl=1&resize=350%2C200","width":350,"height":200,"srcset":"https:\/\/i0.wp.com\/historiografija.hr\/wp-content\/uploads\/2026\/04\/noc_knjige_2026.jpg?fit=680%2C276&ssl=1&resize=350%2C200 1x, https:\/\/i0.wp.com\/historiografija.hr\/wp-content\/uploads\/2026\/04\/noc_knjige_2026.jpg?fit=680%2C276&ssl=1&resize=525%2C300 1.5x"},"classes":[]}],"_links":{"self":[{"href":"https:\/\/historiografija.hr\/index.php?rest_route=\/wp\/v2\/posts\/7081","targetHints":{"allow":["GET"]}}],"collection":[{"href":"https:\/\/historiografija.hr\/index.php?rest_route=\/wp\/v2\/posts"}],"about":[{"href":"https:\/\/historiografija.hr\/index.php?rest_route=\/wp\/v2\/types\/post"}],"author":[{"embeddable":true,"href":"https:\/\/historiografija.hr\/index.php?rest_route=\/wp\/v2\/users\/2"}],"replies":[{"embeddable":true,"href":"https:\/\/historiografija.hr\/index.php?rest_route=%2Fwp%2Fv2%2Fcomments&post=7081"}],"version-history":[{"count":2,"href":"https:\/\/historiografija.hr\/index.php?rest_route=\/wp\/v2\/posts\/7081\/revisions"}],"predecessor-version":[{"id":7084,"href":"https:\/\/historiografija.hr\/index.php?rest_route=\/wp\/v2\/posts\/7081\/revisions\/7084"}],"wp:featuredmedia":[{"embeddable":true,"href":"https:\/\/historiografija.hr\/index.php?rest_route=\/wp\/v2\/media\/7082"}],"wp:attachment":[{"href":"https:\/\/historiografija.hr\/index.php?rest_route=%2Fwp%2Fv2%2Fmedia&parent=7081"}],"wp:term":[{"taxonomy":"category","embeddable":true,"href":"https:\/\/historiografija.hr\/index.php?rest_route=%2Fwp%2Fv2%2Fcategories&post=7081"},{"taxonomy":"post_tag","embeddable":true,"href":"https:\/\/historiografija.hr\/index.php?rest_route=%2Fwp%2Fv2%2Ftags&post=7081"}],"curies":[{"name":"wp","href":"https:\/\/api.w.org\/{rel}","templated":true}]}}