{"id":7034,"date":"2017-11-17T18:28:21","date_gmt":"2017-11-17T18:28:21","guid":{"rendered":"http:\/\/historiografija.hr\/?p=7034"},"modified":"2017-11-17T18:32:40","modified_gmt":"2017-11-17T18:32:40","slug":"hrt-prigodnim-programom-obiljezava-dan-sjecanja-na-zrtvu-vukovara","status":"publish","type":"post","link":"https:\/\/historiografija.hr\/?p=7034","title":{"rendered":"HRT prigodnim programom obilje\u017eava Dan sje\u0107anja na \u017ertvu Vukovara"},"content":{"rendered":"<p>Tom prigodom Hrvatska radiotelevizija (HRT) u subotu, 18. studenog 2017. emitirat \u0107e niz informativnih i dokumentarnih emisija kao dio posebnog televizijskog i radijskog programa.<\/p>\n<p><strong>\u00a0<\/strong><\/p>\n<p><strong>&#8212;<\/strong><\/p>\n<p><strong>\u00a0<\/strong><\/p>\n<p>U povodu obilje\u017eavanja Dana sje\u0107anja na \u017ertvu Vukovara Hrvatska radiotelevizija (HRT) i ove \u0107e godine emitirati prigodan program. U subotu 18. studenoga na Prvome programu Hrvatske televizije (HRT \u2013 HTV 1) i na \u010cetvrtome programu Hrvatske televizije (HRT \u2013 HTV 4) od 9.45 na rasporedu je izravan prijenos iz Vukovara pod naslovom Dan sje\u0107anja na \u017ertvu Vukovara 1991. \u2013 2017. Kao i pro\u0161le godine, prenosit \u0107e se i program obilje\u017eavanja 26. obljetnice stradanja \u0160kabrnje. Dvije kolone koje spajaju dva grada stradalnika pratit \u0107e HRT-ovi reporteri \u2013 u \u0160kabrnji Edi \u0160kovrlj, a u Vukovaru Stela Sep, Kristina Pe\u0161i\u0107, Igor Dunaj, Zoltan Kabok, Petar Vlahov, Eugen Husak i Igor Rotim. Uz izravna uklju\u010denja sa sugovornicima te sudionicima tragi\u010dnih doga\u0111aja i juna\u010dke obrane bit \u0107e emitirane i reporta\u017ee o zato\u010denim i mu\u010denim braniteljima, silovanim \u017eenama, svjedo\u010danstvo branitelja koji je pre\u017eivio Ov\u010daru te o Hrvatskome radiju Vukovar, koje su snimili Sanja Mikleu\u0161evi\u0107 Pavi\u0107, Nata\u0161a Ban, Zrinka Peri\u0107, Ivica Grudi\u010dek i Edi \u0160kovrlj.<\/p>\n<p>&nbsp;<\/p>\n<p>Na Memorijalnome groblju \u017ertava iz Domovinskoga rata misu za sve poginule i nestale branitelje i civile slu\u017eit \u0107e po\u017ee\u0161ki biskup monsinjor dr. Antun \u0160kvor\u010devi\u0107 u zajedni\u0161tvu s drugim biskupima i sve\u0107enicima iz svih hrvatskih nadbiskupija i biskupija te brojnim hodo\u010dasnicima pristiglima u Vukovar. Izravan je prijenos na Prvome programu Hrvatske televizije (HRT \u2013 HTV 1) u 13.00. Redatelj je Neven Mihael Diane\u017eevi\u0107, a urednik i komentator Dragutin Siladi.<\/p>\n<p>&nbsp;<\/p>\n<p>Na Prvome programu Hrvatske televizije (HRT \u2013 HTV 1) u 15.25 bit \u0107e prikazan dokumentarni film Vukovarski junak Blago Zadro. Prvi hrvatski general Blago Zadro ro\u0111en je 31. o\u017eujka 1944. godine, a toga je dana u rodnome Ledincu u Hercegovini dan sje\u0107anja na legendarnoga vukovarskog zapovjednika. Od svoje je desete godine Blago Zadro \u017eivio u Vukovaru, odnosno Borovu Naselju, gdje je i poginuo 16. listopada 1991. godine predvode\u0107i suborce u obrani ku\u0107noga praga. Malo je junaka Domovinskoga rata koji su tako visoko na Oltaru Domovine, a opet tako malo o njima znamo. Uz Blagu Zadru u obrani Vukovara i Republike Hrvatske borila su se i dvojica njegovih sinova. Stariji Robert kao dobrovoljac je 1992. godine oti\u0161ao u Hercegovinu te poginuo na Kupresu, ni 50 kilometara zra\u010dne linije od rodne ku\u0107e svojega oca.<\/p>\n<p>&nbsp;<\/p>\n<p>&nbsp;<\/p>\n<p>Film HRT-ova autora Darka Dovrani\u0107a pri\u010da je o obitelji Blage Zadre. Uz suprugu Katicu i majku Milu u filmu govore sin Tomislav te bra\u0107a Pavo i Stanko. Iskori\u0161teni su arhivski videomaterijali iz obiteljske zbirke i zbirki Tomislava Mer\u010depa te Hrvatske radiotelevizije, a o Blagi Zadri kao zapovjedniku govore i njegovi suborci s Trpinjske ceste. Snimatelj je Branko Cahun.<\/p>\n<p>&nbsp;<\/p>\n<p>&nbsp;<\/p>\n<p>Na Prvome programu Hrvatske televizije (HRT \u2013 HTV 1) u 20.05 na rasporedu je film Harrisonovo cvije\u0107e. Fotoreporter Harrison Lloyd odlu\u010dio je prekinuti karijeru ogor\u010den nasiljem koje je zabilje\u017eila njegova kamera. Njegov ga posljednji zadatak vodi u Republiku Hrvatsku tijekom pada Vukovara, gdje uskoro i nestane. Ne mogav\u0161i se pomiriti s navodnom Harrisonovom smr\u0107u, njegova supruga Sarah kre\u0107e na put prema Vukovaru, a dru\u0161tvo su joj fotoreporteri Yeager, Kyle i Marc. Zgro\u017eeni ratnim zlo\u010dinima poku\u0161avaju odgovoriti Sarah od opasnoga putovanja, no uzalud.<\/p>\n<p>&nbsp;<\/p>\n<p>&nbsp;<\/p>\n<p>Film Harrisonovo cvije\u0107e uvjerljivo do\u010darava potresne dane pada Vukovara kroz perspektivu Amerikanke u neizvjesnoj potrazi za nestalim suprugom. Ratni su prizori iznimno realisti\u010dni, a poneki su se dokumentarni prizori posve stopili s ostatkom filma dodatno pridonijev\u0161i prikazu okrutnih ratnih zbivanja. Iako prepun ameri\u010dkih gluma\u010dkih zvijezda, me\u0111u kojima je i dobitnik Oscara za najbolju glavnu mu\u0161ku ulogu Adrien Brody, Harrisonovo cvije\u0107e zapravo je francuski film okrenut europskoj publici, koji ponovno aktualizira ratne zlo\u010dine. Andie MacDowell ostvarila je iznimnu ulogu \u017eene koja u potrazi za suprugom zanemaruje djecu i posao uvjerena kako bez suprugova prestaje i njezin \u017eivot. Ostale uloge tuma\u010de David Strathairn, Elias Koteas, Brendan Gleeson i Alun Armstrong.<\/p>\n<p>&nbsp;<\/p>\n<p>&nbsp;<\/p>\n<p>Na Prvome programu Hrvatske televizije (HRT \u2013 HTV 1) u 22.10 bit \u0107e prikazan dokumentarni film Srce Vukovara posve\u0107en velikim humanistima i junacima, zaposlenicima i pacijentima vukovarske bolnice. Film nam kroz iskaze samih protagonista govori o okolnostima u vukovarskoj bolnici za vrijeme Domovinskoga rata.\u00a0 Uvjeti u kojima je medicinsko osoblje te bolnice uspijevalo ne samo funkcionirati, nego \u010dak biti i vrlo u\u010dinkovito, gotovo je nevjerojatno. Budu\u0107i da je grad bio 90 dana u neprijateljskome okru\u017eenju i pod stalnim granatiranjem, bolnica je skrbila za vi\u0161e od 400 te\u0161kih ranjenika i isto toliko lak\u0161ih. Bez osnovnoga medicinskog materijala, krvi, krvne plazme, analgetika, anestetika i ostaloga velik je problem bio i nedostatak vode, hrane i struje.<\/p>\n<p>&nbsp;<\/p>\n<p>&nbsp;<\/p>\n<p>Kako su se odvijale te\u0161ke operacije kao \u0161to su amputacije u takvim uvjetima, kako se osoblje snalazilo za krv, kako su razvijali rendgenske snimke, sprje\u010davali gangrene, rje\u0161avali problem anesteziranja pacijenata i brojnim drugim okolnostima s kojima su se susretali gledatelji \u0107e mo\u0107i doznati u dokumentarnome filmu Srce Vukovara.<\/p>\n<p>&nbsp;<\/p>\n<p>&nbsp;<\/p>\n<p>Na Prvome programu Hrvatske televizije (HRT \u2013 HTV 1) u 23.43 na rasporedu je doma\u0107i dokumentarni film 101. za Hrvatsku autora Mire Andri\u0107a. U dokumentarnome filmu sudjeluju povjesni\u010dari te vi\u0161e od \u0161ezdeset sugovornika koji govore o po\u010detku Domovinskoga rata i ratnome putu 101. brigade. Film je snimljen u koprodukciji s Udrugom hrvatskih branitelja Domovinskoga rata 101. brigade Zbora narodne garde \/ Hrvatske vojske Zagreb \u2013 Susedgrad i u suradnji s Hrvatskim memorijalno-dokumentacijskim centrom Domovinskoga rata te uz financijsku potporu Ministarstva hrvatskih branitelja Republike Hrvatske, Grada Zagreba, Mjesne samouprave Susedgrad i drugih. Na primjeru 101. brigade film prikazuje Domovinski rat i vi\u0161egodi\u0161nju suradnju Udruge hrvatskih branitelja Domovinskoga rata 101. brigade Zbora narodne garde \/ Hrvatske vojske Zagreb \u2013 Susedgrad sa \u0161kolama, pripadnicima brigade i u\u010denicima u promicanju vrijednosti Domovinskoga rata.<\/p>\n<p>&nbsp;<\/p>\n<p>&nbsp;<\/p>\n<p>Na Drugome programu Hrvatske televizije (HRT \u2013 HTV 2) u subotu 18. studenoga u 20.05 na rasporedu je dokumentarni film Sve je bio dobar san redatelja Branka I\u0161tvan\u010di\u0107a. Film prou\u010dava doga\u0111aje iz razdoblja po\u010detka Domovinskoga rata, prati dolazak mladoga francuskog dragovoljca Jean-Michela Nicoliera u Republiku Hrvatsku, njegovu borbu, tragiku obrane Vukovara i mu\u010deni\u010dku smrt na Ov\u010dari, a sve iz vizure njegove majke Lyliane Fournier koja u filmu traga za podacima kako bi do\u0161la do posmrtnih ostataka svojega sina.<\/p>\n<p>&nbsp;<\/p>\n<p>&nbsp;<\/p>\n<p>Film Sve je bio dobar san izazvao je veliko zanimanje javnosti i prikazan je pred brojnom publikom u kinima diljem Republike Hrvatske, a nagra\u0111en je i priznat na mnogim doma\u0107im i me\u0111unarodnim festivalima. Redatelj je Branko I\u0161tvan\u010di\u0107, scenaristi su Branko I\u0161tvan\u010di\u0107 i Silvio Miro\u0161ni\u010denko, snimatelji Robert Krivec, Darko Krakar, Tomo Sablji\u0107, Tomislav Ku\u010di\u0107 i Joakim Erdelji, monta\u017eeri Silvije Magdi\u0107 i Branko I\u0161tvan\u010di\u0107, dizajner zvuka Pere I\u0161tvan\u010di\u0107, skladatelj glazbe Dalibor Gruba\u010devi\u0107, producenti Zvonko Milas, Antun Ivankovi\u0107 i Irena \u0160kori\u0107, a za produkciju su odgovorni Udruga hrvatskih branitelja dragovoljaca Domovinskoga rata, Udruga Dr. Ante Star\u010devi\u0107 iz Tovarnika i udruga Artizana. Koproducent je Hrvatska radiotelevizija.<\/p>\n<p>&nbsp;<\/p>\n<p>&nbsp;<\/p>\n<p>Na Tre\u0107emu programu Hrvatske televizije (HRT \u2013 HTV 3) u subotu 18. studenoga s po\u010detkom u 13.45 na rasporedu je dokumentarni film \u017divjeti vukovarske pri\u010de. U svijesti ljudi postoji op\u0107a slika vukovarskih stradanja. Me\u0111utim, nju \u010dini zbroj pojedina\u010dnih tragedija i drama. Dokumentarni film \u017divjeti vukovarske pri\u010de snimljen 2001. godine po\u010dinje slikom koja je nastala u najte\u017eim danima Domovinskoga rata, 18., 19. i 20. studenoga 1991. godine u Vukovaru. Na snimkama se vide pojedinci u posebnim situacijama, a autori su filma istra\u017eivali \u0161to se s njima poslije doga\u0111alo. Oni su uglavnom \u017eivi i ve\u0107ina njih dr\u017ei da su ostali \u017eivi upravo zato \u0161to su bili snimljeni.<\/p>\n<p>&nbsp;<\/p>\n<p>&nbsp;<\/p>\n<p>Naime, najte\u017ei zlo\u010dini i umorstva zbivali su se ondje gdje kamera nije bilo. Autori su ih prona\u0161li i snimili njihova svjedo\u010denja o tome \u0161to se doga\u0111alo prije i neposredno nakon \u0161to ih je kamera snimila 1991. godine. Bile su to snimke engleskih i srpskih televizijskih ekipa jer tada kamere Hrvatske radiotelevizije nisu mogle biti u Vukovaru.<\/p>\n<p>&nbsp;<\/p>\n<p>&nbsp;<\/p>\n<p>Mala Tanja ro\u0111ena je kao nedono\u0161\u010de u lipnju 1991. godine. Ostala je u vukovarskoj bolnici u inkubatoru, a roditelji su joj ve\u0107 pokraj kolovoza prognani. Izgubili su kontakt s njom, a kad je pao Vukovar, nisu je prona\u0161li ni na jednome popisu. Tek kad je Tanja imala \u0161est mjeseci i kad je majka pretpostavljala da vi\u0161e nije \u017eiva, ponovno su je prona\u0161li. Osim o Tanjinoj sudbini film govori o jo\u0161 nekoliko potresnih sudbina. Sve su vrlo dramati\u010dne, a neke ne zavr\u0161avaju sretno kao Tanjina. Time film gledatelju \u017eeli pribli\u017eiti osobne osje\u0107aje sudionika tijekom tih mra\u010dnih dana. Autor je filma Branko Lenti\u0107 u suradnji s novinarom Josipom \u0160ari\u0107em.<\/p>\n<p>&nbsp;<\/p>\n<p>&nbsp;<\/p>\n<p>Na Tre\u0107emu programu Hrvatske televizije (HRT \u2013 HTV 3) s po\u010dekom u 16.40 na rasporedu je koncert pod naslovom Vukovarski requiem Simfonijskoga orkestra Hrvatske radiotelevizije i Zbora Hrvatske rediotelevizije te akademskoga zbora Ivan Goran Kova\u010di\u0107 i \u017eenskoga zbora Ansambla Lado odr\u017eanoga 18. studenoga 2004. godine u Koncertnoj dvorani Vatroslava Lisinskoga pod ravnanjem maestra Vladimira Kranj\u010devi\u0107a.<\/p>\n<p>&nbsp;<\/p>\n<p>&nbsp;<\/p>\n<p>Na \u010cetvrtome programu Hrvatske televizije (HRT \u2013 HTV 4) u subotu 18. studenoga s po\u010detkom u 13.10 bit \u0107e prikazan dokumentarni film Dominika Zena Vukovar \u2013 osvrti i sje\u0107anja snimljen 2005. godine. Od posljednjega tjedna kolovoza do 18. studenoga 1991. godine trajalo je najintenzivnije razdoblje bitke za Vukovar u kojemu je ona postala svojevrsnim fenomenom koji nosi naziv Vukovar \u201991. Tromjese\u010dna obrana Vukovara od srbijanske oru\u017eane agresije klju\u010dni je doga\u0111aj suvremene hrvatske povijesti jer vojni, politi\u010dki i me\u0111unarodni pokazatelji svjedo\u010de kako bez Vukovara 1991. godine ne bi bilo ni sada\u0161nje hrvatske dr\u017eave.<\/p>\n<p>&nbsp;<\/p>\n<p>&nbsp;<\/p>\n<p>I Hrvatski radio (HRT \u2013 HR) je pripremio poseban program u povodu Dana sje\u0107anja na \u017ertvu Vukovara. Na Prvome programu Hrvatskoga radija (HRT \u2013 HR 1) i HRT \u2013 Radiju Osijek u subotu 18. studenoga od 9.55 do 12.50 na rasporedu je izravan prijenos iz Vukovara s uklju\u010denjima izvjestitelja i razgovorima s \u010dlanovima obitelji poginulih i nestalih, pre\u017eivjelim dragovoljcima razli\u010ditih postrojba, \u010dlanovima braniteljskih udruga i drugima koji su iz razli\u010ditih dijelova Republike Hrvatske do\u0161li odati po\u010dast Gradu Heroju. Od 13.00 do 14.45 slijedi prijenos mise za sve poginule hrvatske vukovarske branitelje i \u017ertve. Urednik je Davor Lon\u010dari\u0107.<\/p>\n<p>&nbsp;<\/p>\n<p>&nbsp;<\/p>\n<p>Prvi program Hrvatskoga radija (HRT \u2013 HR 1) od 15.30 do 16.00 emitirat \u0107e posebnu emisiju urednice Tatjane Mautner posve\u0107enu vukovarskoj tragediji, a od 17.30 do 18.00 emisiju \u017dane Morovi\u0107 Rudi\u0107 posve\u0107enu tragediji u \u0160kabrnji.<\/p>\n<p>&nbsp;<\/p>\n<p>&nbsp;<\/p>\n<p>Drugi program Hrvatskoga radija (HRT \u2013 HR 2) Dan sje\u0107anja na \u017ertvu Vukovara pratit \u0107e u informativnim emisijama, a cijeli \u0107e program tijekom toga dana biti obilje\u017een prigodnom glazbom.<\/p>\n<p>&nbsp;<\/p>\n<p>&nbsp;<\/p>\n<p>HRT \u2013 Radio Sljeme kroz reporterska \u0107e javljanja i informativne emisije te ostali program pratiti vi\u0161e doga\u0111anja koja se organiziraju u Zagrebu, a posve\u0107ena su vukovarskoj \u017ertvi. Tako\u0111er \u0107e kroz informativni program izvje\u0161\u0107ivati i o prigodnim programima u samome Vukovaru.<\/p>\n<p>&nbsp;<\/p>\n<p>&nbsp;<\/p>\n<p>Prigodne programske sadr\u017eaje u subotu 18. studenoga emitirat \u0107e i HRT \u2013 Radio Dubrovnik, HRT \u2013 Radio Knin, HRT \u2013 Radio Pula, HRT \u2013 Radio Rijeka, HRT \u2013 Radio Split, HRT \u2013 Radio Zadar te me\u0111unarodni multimedijski program HRT \u2013 Glas Hrvatske. Svi \u0107e navedeni programski sadr\u017eaji biti dostupni i putem mobilnih ure\u0111aja, tableta i ra\u010dunala s pomo\u0107u multimedijske usluge HRTi.<\/p>\n<p>&nbsp;<\/p>\n<p>&nbsp;<\/p>\n<p>Izvor: <a href=\"http:\/\/daniponosa.hrt.hr\/dani-sjecanja-2017\/3\/hrt-prigodnim-programom-obiljezava-dan-sjecanja-na\">http:\/\/daniponosa.hrt.hr\/dani-sjecanja-2017\/3\/hrt-prigodnim-programom-obiljezava-dan-sjecanja-na<\/a><\/p>\n<p>&nbsp;<\/p>\n<p>&nbsp;<\/p>\n<p>&nbsp;<\/p>\n<p>&nbsp;<\/p>\n","protected":false},"excerpt":{"rendered":"","protected":false},"author":2,"featured_media":7035,"comment_status":"open","ping_status":"open","sticky":false,"template":"","format":"standard","meta":{"_acf_changed":false,"jetpack_post_was_ever_published":false,"_jetpack_newsletter_access":"","_jetpack_dont_email_post_to_subs":false,"_jetpack_newsletter_tier_id":0,"_jetpack_memberships_contains_paywalled_content":false,"_jetpack_memberships_contains_paid_content":false,"footnotes":"","jetpack_publicize_message":"","jetpack_publicize_feature_enabled":true,"jetpack_social_post_already_shared":true,"jetpack_social_options":{"image_generator_settings":{"template":"highway","default_image_id":0,"font":"","enabled":false},"version":2}},"categories":[3],"tags":[],"class_list":["post-7034","post","type-post","status-publish","format-standard","has-post-thumbnail","hentry","category-novosti"],"acf":{"facebook_opis":""},"jetpack_publicize_connections":[],"jetpack_featured_media_url":"https:\/\/i0.wp.com\/historiografija.hr\/wp-content\/uploads\/2017\/11\/HRT-Vukovar.jpg?fit=1170%2C662&ssl=1","jetpack_sharing_enabled":true,"jetpack-related-posts":[{"id":52631,"url":"https:\/\/historiografija.hr\/?p=52631","url_meta":{"origin":7034,"position":0},"title":"Predavanje Ivana Tepe\u0161a: Djelovanje hrvatske politi\u010dke emigracije","author":"Branimir Jankovi\u0107","date":"23. travnja 2026.","format":false,"excerpt":"Odjel za me\u0111unarodnu suradnju i iseljeni\u0161tvo Matice hrvatske Predavanje Ivana Tepe\u0161a: Djelovanje hrvatske politi\u010dke emigracije Utorak, 28. travnja 2026. u 18:00 sati, Dvorana Ljudevita Jonkea (Mala dvorana MH), Strossmayerov trg 4, Zagreb dr. sc. Ivan Tepe\u0161, Institut za istra\u017eivanje migracija Hrvatska politi\u010dka emigracija obilje\u017eila je polustoljetnu hrvatsku povijest u drugoj\u2026","rel":"","context":"U &quot;Novosti&quot;","block_context":{"text":"Novosti","link":"https:\/\/historiografija.hr\/?cat=3"},"img":{"alt_text":"","src":"","width":0,"height":0},"classes":[]},{"id":52502,"url":"https:\/\/historiografija.hr\/?p=52502","url_meta":{"origin":7034,"position":1},"title":"Novi znanstveni projekt Hrvatskog instituta za povijest: \u201c\u017drtve ratova i dr\u017eavnog\/politi\u010dkog nasilja u hrvatskoj povijesti 20. stolje\u0107a\u201d","author":"Branimir Jankovi\u0107","date":"17. travnja 2026.","format":false,"excerpt":"Na redovitoj sjednici Vlade RH, 16. travnja 2026., donijet je Zaklju\u010dak kojim se pokre\u0107e znanstveni projekt \u201c\u017drtve ratova i dr\u017eavnog\/politi\u010dkog nasilja u hrvatskoj povijesti 20. stolje\u0107a\u201d. Projekt \u0107e provoditi i koordinirati Hrvatski institut za povijest u razdoblju trajanja projekta od pet godina. Zakljucak Vlade RH Iz teksta projektnog prijedloga: Problematika\u2026","rel":"","context":"U &quot;Novosti&quot;","block_context":{"text":"Novosti","link":"https:\/\/historiografija.hr\/?cat=3"},"img":{"alt_text":"","src":"https:\/\/i0.wp.com\/historiografija.hr\/wp-content\/uploads\/2026\/04\/Vlada-RH.jpg?fit=1200%2C557&ssl=1&resize=350%2C200","width":350,"height":200,"srcset":"https:\/\/i0.wp.com\/historiografija.hr\/wp-content\/uploads\/2026\/04\/Vlada-RH.jpg?fit=1200%2C557&ssl=1&resize=350%2C200 1x, https:\/\/i0.wp.com\/historiografija.hr\/wp-content\/uploads\/2026\/04\/Vlada-RH.jpg?fit=1200%2C557&ssl=1&resize=525%2C300 1.5x, https:\/\/i0.wp.com\/historiografija.hr\/wp-content\/uploads\/2026\/04\/Vlada-RH.jpg?fit=1200%2C557&ssl=1&resize=700%2C400 2x, https:\/\/i0.wp.com\/historiografija.hr\/wp-content\/uploads\/2026\/04\/Vlada-RH.jpg?fit=1200%2C557&ssl=1&resize=1050%2C600 3x"},"classes":[]},{"id":52499,"url":"https:\/\/historiografija.hr\/?p=52499","url_meta":{"origin":7034,"position":2},"title":"POTPISAN UGOVOR O ZNANSTVENO-ISTRA\u017dIVA\u010cKOJ SURADNJI: PROJEKT \u201eTEMELJI HRVATSKE SAMOSTALNOSTI\u201d","author":"Branimir Jankovi\u0107","date":"17. travnja 2026.","format":false,"excerpt":"Hrvatski institut za povijest, Sveu\u010dili\u0161te obrane i sigurnosti \u201eDr. Franjo Tu\u0111man\u201d, Institut dru\u0161tvenih znanosti Ivo Pilar i Hrvatski dr\u017eavni arhiv\u00a0potpisali su 23. o\u017eujka 2026.\u00a0Ugovor o znanstveno-istra\u017eiva\u010dkoj suradnji s ciljem provedbe projekta \u201eTemelji hrvatske samostalnosti\u201d. Tim projektom obuhva\u0107a se istra\u017eivanje arhivskoga gradiva, priprema znanstvenih publikacija, digitalizacija i javna prezentacija rezultata istra\u017eivanja\u2026","rel":"","context":"U &quot;Novosti&quot;","block_context":{"text":"Novosti","link":"https:\/\/historiografija.hr\/?cat=3"},"img":{"alt_text":"","src":"https:\/\/i0.wp.com\/historiografija.hr\/wp-content\/uploads\/2026\/04\/THS_sporazum.jpg?fit=1200%2C583&ssl=1&resize=350%2C200","width":350,"height":200,"srcset":"https:\/\/i0.wp.com\/historiografija.hr\/wp-content\/uploads\/2026\/04\/THS_sporazum.jpg?fit=1200%2C583&ssl=1&resize=350%2C200 1x, https:\/\/i0.wp.com\/historiografija.hr\/wp-content\/uploads\/2026\/04\/THS_sporazum.jpg?fit=1200%2C583&ssl=1&resize=525%2C300 1.5x, https:\/\/i0.wp.com\/historiografija.hr\/wp-content\/uploads\/2026\/04\/THS_sporazum.jpg?fit=1200%2C583&ssl=1&resize=700%2C400 2x, https:\/\/i0.wp.com\/historiografija.hr\/wp-content\/uploads\/2026\/04\/THS_sporazum.jpg?fit=1200%2C583&ssl=1&resize=1050%2C600 3x"},"classes":[]},{"id":52505,"url":"https:\/\/historiografija.hr\/?p=52505","url_meta":{"origin":7034,"position":3},"title":"Izlo\u017eba &#8220;Eschenstock \/ Jasenov prut&#8221;","author":"Branimir Jankovi\u0107","date":"17. travnja 2026.","format":false,"excerpt":"Srpsko narodno vije\u0107e (SNV) i Vizura aperta postavljaju izlo\u017ebu \u0161vicarskog slikara Velimira Ili\u0161evi\u0107a: Eschenstock \/ Jasenov prut. Izlo\u017eba se uz prisustvo autora otvara povodom 81. godi\u0161njice proboja logora\u0161a iz usta\u0161kog logora smrti Jasenovac 22. aprila 2026. u 19 sati u Srpskom kulturnom centru (SKC) u Preradovi\u0107evoj ulici 21 u Zagrebu.\u2026","rel":"","context":"U &quot;Izlo\u017ebe&quot;","block_context":{"text":"Izlo\u017ebe","link":"https:\/\/historiografija.hr\/?cat=10"},"img":{"alt_text":"","src":"https:\/\/i0.wp.com\/historiografija.hr\/wp-content\/uploads\/2026\/04\/Jasenov_prut.jpg?fit=1024%2C640&ssl=1&resize=350%2C200","width":350,"height":200,"srcset":"https:\/\/i0.wp.com\/historiografija.hr\/wp-content\/uploads\/2026\/04\/Jasenov_prut.jpg?fit=1024%2C640&ssl=1&resize=350%2C200 1x, https:\/\/i0.wp.com\/historiografija.hr\/wp-content\/uploads\/2026\/04\/Jasenov_prut.jpg?fit=1024%2C640&ssl=1&resize=525%2C300 1.5x, https:\/\/i0.wp.com\/historiografija.hr\/wp-content\/uploads\/2026\/04\/Jasenov_prut.jpg?fit=1024%2C640&ssl=1&resize=700%2C400 2x"},"classes":[]},{"id":52536,"url":"https:\/\/historiografija.hr\/?p=52536","url_meta":{"origin":7034,"position":4},"title":"Kader Abdolah, \u201ePrije nego \u0161to bude kasno\u201c","author":"Branimir Jankovi\u0107","date":"20. travnja 2026.","format":false,"excerpt":"Kader Abdolah \u017eeli se vratiti ku\u0107i. Ali povratak je nemogu\u0107: u Iranu bi bio uhap\u0161en. Pod la\u017enim imenom i s krivotvorenim paso\u0161em ipak uspijeva u\u0107i u domovinu i sti\u017ee do roditeljske ku\u0107e, visoko u planinama. Majka ga ne prepoznaje, otac je mrtav, a sve \u0161to je tra\u017eio izmi\u010de mu pred\u2026","rel":"","context":"U &quot;Novosti&quot;","block_context":{"text":"Novosti","link":"https:\/\/historiografija.hr\/?cat=3"},"img":{"alt_text":"","src":"https:\/\/i0.wp.com\/historiografija.hr\/wp-content\/uploads\/2026\/04\/Prije-nego-sto-bude-kasno.webp?fit=566%2C872&ssl=1&resize=350%2C200","width":350,"height":200,"srcset":"https:\/\/i0.wp.com\/historiografija.hr\/wp-content\/uploads\/2026\/04\/Prije-nego-sto-bude-kasno.webp?fit=566%2C872&ssl=1&resize=350%2C200 1x, https:\/\/i0.wp.com\/historiografija.hr\/wp-content\/uploads\/2026\/04\/Prije-nego-sto-bude-kasno.webp?fit=566%2C872&ssl=1&resize=525%2C300 1.5x"},"classes":[]},{"id":52669,"url":"https:\/\/historiografija.hr\/?p=52669","url_meta":{"origin":7034,"position":5},"title":"Predavanje Igora Dude &#8220;Odmor kao \u017eivotna potreba: o slobodnom vremenu u socijalisti\u010dkoj Jugoslaviji&#8221;","author":"Branimir Jankovi\u0107","date":"27. travnja 2026.","format":false,"excerpt":"U sklopu proljetnog ciklusa programa\u00a0Kriti\u010dka dramaturgija: pauza, u\u00a0subotu, 25. travnja 2026. u 19 sati\u00a0u prostoru Udru\u017eenja hrvatskih arhitekata povjesni\u010dar Igor Duda\u00a0odr\u017eao je predavanje naslovljeno\u00a0Odmor kao \u017eivotna potreba: o slobodnom vremenu u socijalisti\u010dkoj Jugoslaviji. Industrijalizacija i urbanizacija dru\u0161tava u povijesti su zna\u010dile i prelazak s predindustrijskog na industrijsko shva\u0107anje vremena. Ono\u2026","rel":"","context":"U &quot;Novosti&quot;","block_context":{"text":"Novosti","link":"https:\/\/historiografija.hr\/?cat=3"},"img":{"alt_text":"","src":"https:\/\/i0.wp.com\/historiografija.hr\/wp-content\/uploads\/2026\/04\/Duda.png?fit=1200%2C628&ssl=1&resize=350%2C200","width":350,"height":200,"srcset":"https:\/\/i0.wp.com\/historiografija.hr\/wp-content\/uploads\/2026\/04\/Duda.png?fit=1200%2C628&ssl=1&resize=350%2C200 1x, https:\/\/i0.wp.com\/historiografija.hr\/wp-content\/uploads\/2026\/04\/Duda.png?fit=1200%2C628&ssl=1&resize=525%2C300 1.5x, https:\/\/i0.wp.com\/historiografija.hr\/wp-content\/uploads\/2026\/04\/Duda.png?fit=1200%2C628&ssl=1&resize=700%2C400 2x, https:\/\/i0.wp.com\/historiografija.hr\/wp-content\/uploads\/2026\/04\/Duda.png?fit=1200%2C628&ssl=1&resize=1050%2C600 3x"},"classes":[]}],"_links":{"self":[{"href":"https:\/\/historiografija.hr\/index.php?rest_route=\/wp\/v2\/posts\/7034","targetHints":{"allow":["GET"]}}],"collection":[{"href":"https:\/\/historiografija.hr\/index.php?rest_route=\/wp\/v2\/posts"}],"about":[{"href":"https:\/\/historiografija.hr\/index.php?rest_route=\/wp\/v2\/types\/post"}],"author":[{"embeddable":true,"href":"https:\/\/historiografija.hr\/index.php?rest_route=\/wp\/v2\/users\/2"}],"replies":[{"embeddable":true,"href":"https:\/\/historiografija.hr\/index.php?rest_route=%2Fwp%2Fv2%2Fcomments&post=7034"}],"version-history":[{"count":3,"href":"https:\/\/historiografija.hr\/index.php?rest_route=\/wp\/v2\/posts\/7034\/revisions"}],"predecessor-version":[{"id":7038,"href":"https:\/\/historiografija.hr\/index.php?rest_route=\/wp\/v2\/posts\/7034\/revisions\/7038"}],"wp:featuredmedia":[{"embeddable":true,"href":"https:\/\/historiografija.hr\/index.php?rest_route=\/wp\/v2\/media\/7035"}],"wp:attachment":[{"href":"https:\/\/historiografija.hr\/index.php?rest_route=%2Fwp%2Fv2%2Fmedia&parent=7034"}],"wp:term":[{"taxonomy":"category","embeddable":true,"href":"https:\/\/historiografija.hr\/index.php?rest_route=%2Fwp%2Fv2%2Fcategories&post=7034"},{"taxonomy":"post_tag","embeddable":true,"href":"https:\/\/historiografija.hr\/index.php?rest_route=%2Fwp%2Fv2%2Ftags&post=7034"}],"curies":[{"name":"wp","href":"https:\/\/api.w.org\/{rel}","templated":true}]}}