{"id":7020,"date":"2017-11-17T17:40:03","date_gmt":"2017-11-17T17:40:03","guid":{"rendered":"http:\/\/historiografija.hr\/?p=7020"},"modified":"2017-11-17T17:40:03","modified_gmt":"2017-11-17T17:40:03","slug":"dani-marije-juric-zagorke-2017","status":"publish","type":"post","link":"https:\/\/historiografija.hr\/?p=7020","title":{"rendered":"Dani Marije Juri\u0107 Zagorke 2017."},"content":{"rendered":"<p>Od 21. do 26. studenog 2017. odr\u017eat \u0107e se u Zagrebu, po 11. put, manifestacija Dani Marije Juri\u0107 Zagorke s predstavljanjem knjige \u201eCoprni\u010dki ceh\u201c, znanstveno-knji\u017eevnim skupom \u201eFeminizam i kultura straha\u201c i nizom drugih doga\u0111anja.<\/p>\n<p>&nbsp;<\/p>\n<p>&nbsp;<\/p>\n<p>&#8212;<\/p>\n<p><strong>\u00a0<\/strong><\/p>\n<p><strong>Bogat program Dana Marije Juri\u0107 Zagorke 2017.<\/strong><\/p>\n<p>&nbsp;<\/p>\n<p>&nbsp;<\/p>\n<p>Manifestacija Dani Marije Juri\u0107 Zagorke odr\u017eava se 11. put, u godini u kojoj obilje\u017eavamo 60. godina od smrti naj\u010ditanije hrvatske autorice i prve politi\u010dke novinarke.<\/p>\n<p>&nbsp;<\/p>\n<p>&nbsp;<\/p>\n<p>Uz simboli\u010dno polaganje vijenca na Mirogoju na njezinome grobu, u <strong>utorak\u00a0 21.11. u 18:00 <\/strong>dodijelit \u0107e se<strong>\u00a0nagrade za najbolje studentske radove na temu \u017eenske i rodne problematike <\/strong>koju Centar dodjeljuje desetu godinu zaredom<em><strong>\u00a0<\/strong><\/em>smatraju\u0107i obrazovanje vezano uz \u017eenske i rodne teme va\u017enim dijelom novih, kriti\u010dkih znanja unutar obrazovanja na svim razinama, a posebice u visoko\u0161kolskom obrazovanju.<\/p>\n<p>&nbsp;<\/p>\n<p>&nbsp;<\/p>\n<p><strong>U 19:00 sati<\/strong> predstavljamo autorski projekt <strong>Jasne Jasne \u017dmak<\/strong> <em>Pri\u010de na \u010dudnim mjestima <\/em>u sklopu kojega je napisala niz kratkih pri\u010da koje su postavljene u javnim prostorima na podru\u010dju Zagreba. U suradnji sa nizom dizajnera, pri\u010de su tako od literanih postale i vizualni elementi koji su interpolirani na mjestima koja ina\u010de nisu \u201cpredvi\u0111ena\u201d za takvu vrstu \u010ditateljske interakcije. Nakon dva zagreba\u010dka lifta, jedne naslovnice \u010dasopisa, dvije oglasne plo\u010de i jednog WC-a, \u017dmak je napisala kratku pri\u010du za prostor Centra za \u017eenske studije, uzimaju\u0107i kao njenu osnovnu temu lik i djelo Marije Juri\u0107 Zagorke. Slijede\u0107i karakteristi\u010dni, intimisti\u010dki ton svojeg proznog rada, autorica je u suradnji s <strong>Ma\u0161om Poljanec<\/strong> koja potpisuje postav i dizajn pri\u010de, u biv\u0161em Zagorkinom stanu otvorila prostor za kratkotrajni, poetski susret s autoricom koja je \u010desto pre\u0161u\u0107ivana u narativima o povijesti doma\u0107e knji\u017eevnosti. Prethodno objavljene pri\u010de mogu se \u010ditati na: cudnamjesta.tumblr.com.<\/p>\n<p>&nbsp;<\/p>\n<p>&nbsp;<\/p>\n<p><strong>U \u010detvrtak, 23.11.<\/strong> otvaramo vrata Memorijalnog stana Marije Juri\u0107 Zagorke u vremenu <strong>od 11-16 sati, <\/strong>kada omogu\u0107ujemo, u suradnji s<strong> ExitGames escape room Zagreb<\/strong>, gra\u0111anima\/kama od 13-77 godina tajanstvenu potragu za ubojicom!<\/p>\n<p>&nbsp;<\/p>\n<p>&nbsp;<\/p>\n<p><strong>U 18:00<\/strong> sati pozivamo vas na predstavljanje knjige<em> Coprni\u010dki ceh<\/em> urednika Mladena Hou\u0161ke, ravnatelja Muzeja i Romane Ma\u010dkovi\u0107, vi\u0161e kustosice, u suradnji s <strong>Muzejom Sveti Ivan Zelina<\/strong>, te \u0107e uslijediti predavanje\/razgovor s autorima\/cama <strong>Hrvojem Gra\u010daninom, Martinom\u00a0Findrik i Anom Zbiljski.<\/strong><\/p>\n<p>&nbsp;<\/p>\n<p>&nbsp;<\/p>\n<p>U suradnji s Odsjekom za komparativnu knji\u017eevnost Filozofskog fakulteta u Zagrebu <strong>u petak i subotu<\/strong> <strong>24. i 25. studenog 2017<\/strong>. odr\u017eava se znanstveno-knji\u017eevni skup s me\u0111unarodnim sudjelovanjem na temu <strong><em>Feminizam i kultura straha<\/em><\/strong><em>.<\/em> O strahu se govori kao o jednoj od primarnih i evolucijski korisnih emocija. Mo\u017eda se zato na njega mo\u017ee tako plodno i u\u010dinkovito ra\u010dunati kada se \u017eeli evocirati sna\u017ean emocionalni odgovor pojedinaca, grupa ili cijeloga dru\u0161tva koji bi ukidao njihovu kriti\u010dku procjenu situacije i omogu\u0107io da se njima manipulira. Sigurnost jest osnovna potreba i va\u017ean zahtjev, no rasprava o politici straha \u017eeli se ovdje pro\u0161iriti na ukupni vrijednosni i normativni okvir, na diskurzivne i dru\u0161tvene uvjete koji je omogu\u0107uju, na politiku identiteta, spregu znanja i mo\u0107i \u2013 name\u0107e se potreba da se promisli kultura straha. S ciljem izgradnje novog okvira za analizu politike i kulture straha kao onih koje stvaraju nove dru\u0161tvene podjele me\u0111u nacijama, rodovima, tijelima raspravljat \u0107e se kako se u \u0161irem ili u\u017eem smislu u strahu utemeljeni diskursi, \u017eanrovi, slike, tekstovi, politike, prakse izvode i \u010dine te kako se njima manipulira u formalnim i svakodnevnim kontekstima, i to s dalekose\u017enim posljedicama.<\/p>\n<p>&nbsp;<\/p>\n<p>&nbsp;<\/p>\n<p>U <strong>nedjelju 26.11. u 11:00 sati, kod spomenika banu Josipu Jela\u010di\u0107u, Slavica Jakobovi\u0107 Fribec<\/strong> okuplja gra\u0111ane\/ke i vodi ih u <em>\u0160etnju Zagorkinim tragom<\/em> koja zavr\u0161ava u Memorijalnom stanu Marije Juri\u0107 Zagorke na Dolcu 8, gdje od 11-16 sati u okviru <em>Otvorenih vrata<\/em> mo\u017eete preuzeti letak i\/ili ostaviti svoje podatke i sudjelovati u izvla\u010denju za tajanstvenu nagradu.<\/p>\n<p>&nbsp;<\/p>\n<p>&nbsp;<\/p>\n<p>Dobrodo\u0161li\/e!<\/p>\n<p>&nbsp;<\/p>\n<p>Pravila igre:<\/p>\n<p><strong>U \u010detvrtak i nedjelju<\/strong> preuzmite letak Memorijalnog stana Marije Juri\u0107 Zagorke (Dolac 8) koji \u0107ete zamijeniti za 20% popusta za sudjelovanje u kreativnoj i edukativnoj detektivskoj avanturi <em>Grofica iz Petrinjske ulice<\/em> nastalu po Zagorkinom romanu <em>Kneginja iz Petrinjske ulice<\/em> u ExitGames escape roomu Zagreb (Petrinjska 7). Svaki\/a donositelj\/ica letka ExitGames escape rooma Zagreb u Memorijalni stan ima mogu\u0107nost osvajanja bogatog iznena\u0111enja, uz ostavljanje e-maila na jednoj od dvije adrese donosi. Sretnog dobitnika\/cu objavljujemo na dan Zagorkine smrti 30.11.<\/p>\n<p>&nbsp;<\/p>\n<p>&nbsp;<\/p>\n<p>Facebook event Escape room<strong>:\u00a0<\/strong><a href=\"https:\/\/www.facebook.com\/events\/1533775523381970\/\">https:\/\/www.facebook.com\/events\/1533775523381970\/<\/a><\/p>\n<p>&nbsp;<\/p>\n<p>&nbsp;<\/p>\n<p><strong>Program<\/strong> Dana Marije Juri\u0107 Zagorke preuzmite ovdje:<\/p>\n<p><a href=\"http:\/\/zenstud.hr\/wp-content\/uploads\/2017\/11\/Program-Dani-MJZ-2017.pdf\">http:\/\/zenstud.hr\/wp-content\/uploads\/2017\/11\/Program-Dani-MJZ-2017.pdf<\/a><\/p>\n<p>&nbsp;<\/p>\n<p>&nbsp;<\/p>\n<p><strong>Programsku knji\u017eicu<\/strong> knji\u017eevno-znanstvenog skupa Feminizam i kultura straha preuzmite ovdje:<\/p>\n<p><a href=\"http:\/\/zenstud.hr\/wp-content\/uploads\/2017\/11\/Dani-MJ-Zagorke_2017_programska-knjizica.pdf\">http:\/\/zenstud.hr\/wp-content\/uploads\/2017\/11\/Dani-MJ-Zagorke_2017_programska-knjizica.pdf<\/a><\/p>\n<p>&nbsp;<\/p>\n<p>&nbsp;<\/p>\n<p>Izvor: <a href=\"https:\/\/zenstud.hr\/2017\/11\/16\/dani-marije-juric-zagorke-2017\/\">https:\/\/zenstud.hr\/2017\/11\/16\/dani-marije-juric-zagorke-2017\/<\/a><\/p>\n<p>&nbsp;<\/p>\n<p>&nbsp;<\/p>\n<p>&nbsp;<\/p>\n<p>&nbsp;<\/p>\n<p>&nbsp;<\/p>\n","protected":false},"excerpt":{"rendered":"","protected":false},"author":2,"featured_media":7021,"comment_status":"open","ping_status":"open","sticky":false,"template":"","format":"standard","meta":{"_acf_changed":false,"jetpack_post_was_ever_published":false,"_jetpack_newsletter_access":"","_jetpack_dont_email_post_to_subs":false,"_jetpack_newsletter_tier_id":0,"_jetpack_memberships_contains_paywalled_content":false,"_jetpack_memberships_contains_paid_content":false,"footnotes":"","jetpack_publicize_message":"","jetpack_publicize_feature_enabled":true,"jetpack_social_post_already_shared":true,"jetpack_social_options":{"image_generator_settings":{"template":"highway","default_image_id":0,"font":"","enabled":false},"version":2}},"categories":[3],"tags":[],"class_list":["post-7020","post","type-post","status-publish","format-standard","has-post-thumbnail","hentry","category-novosti"],"acf":{"facebook_opis":""},"jetpack_publicize_connections":[],"jetpack_featured_media_url":"https:\/\/i0.wp.com\/historiografija.hr\/wp-content\/uploads\/2017\/11\/dmjz_2017.jpg?fit=551%2C694&ssl=1","jetpack_sharing_enabled":true,"jetpack-related-posts":[{"id":52619,"url":"https:\/\/historiografija.hr\/?p=52619","url_meta":{"origin":7020,"position":0},"title":"Predavanje \u0110ur\u0111ice Vitkovi\u0107 &#8220;Izme\u0111u pera i objektiva: Zagorka i Foto Tonka&#8221;","author":"Branimir Jankovi\u0107","date":"23. travnja 2026.","format":false,"excerpt":"Memorijalni stan Marije Juri\u0107 Zagorke poziva Vas na predavanje \u0110ur\u0111ice Vitkovi\u0107 \u201eIzme\u0111u pera i objektiva: Zagorka i Foto Tonka\u201c koje \u0107e se odr\u017eati u utorak, 28. travnja 2026. s po\u010detkom u 18 h u sklopu Ciklusa predavanja u Memorijalnom stanu Marije Juri\u0107 Zagorke. Kako su se susrele knji\u017eevnost i fotografija\u2026","rel":"","context":"U &quot;Novosti&quot;","block_context":{"text":"Novosti","link":"https:\/\/historiografija.hr\/?cat=3"},"img":{"alt_text":"","src":"https:\/\/i0.wp.com\/historiografija.hr\/wp-content\/uploads\/2024\/11\/Zagorka_ciklus.jpg?fit=1200%2C1006&ssl=1&resize=350%2C200","width":350,"height":200,"srcset":"https:\/\/i0.wp.com\/historiografija.hr\/wp-content\/uploads\/2024\/11\/Zagorka_ciklus.jpg?fit=1200%2C1006&ssl=1&resize=350%2C200 1x, https:\/\/i0.wp.com\/historiografija.hr\/wp-content\/uploads\/2024\/11\/Zagorka_ciklus.jpg?fit=1200%2C1006&ssl=1&resize=525%2C300 1.5x, https:\/\/i0.wp.com\/historiografija.hr\/wp-content\/uploads\/2024\/11\/Zagorka_ciklus.jpg?fit=1200%2C1006&ssl=1&resize=700%2C400 2x, https:\/\/i0.wp.com\/historiografija.hr\/wp-content\/uploads\/2024\/11\/Zagorka_ciklus.jpg?fit=1200%2C1006&ssl=1&resize=1050%2C600 3x"},"classes":[]},{"id":52578,"url":"https:\/\/historiografija.hr\/?p=52578","url_meta":{"origin":7020,"position":1},"title":"Poziv za sudjelovanje: XXII. Dani Julija Bene\u0161i\u0107a u Iloku","author":"Branimir Jankovi\u0107","date":"21. travnja 2026.","format":false,"excerpt":"Zavod za lingvisti\u010dka istra\u017eivanja Hrvatske akademije znanosti i umjetnosti, zajedno s Muzejom grada Iloka, organizira XXII. Dane Julija Bene\u0161i\u0107a, koji \u0107e se odr\u017eati od 28. do 30. listopada 2026. u Iloku.\u00a0Teme ovogodi\u0161njih Dana podijeljene su u dvije cjeline: Knji\u017eevno-jezikoslovni d\u00ecv\u0101n s Bene\u0161i\u0107em te Ilok i Srijem u povijesnim stalnicama i\u2026","rel":"","context":"U &quot;Novosti&quot;","block_context":{"text":"Novosti","link":"https:\/\/historiografija.hr\/?cat=3"},"img":{"alt_text":"","src":"https:\/\/i0.wp.com\/historiografija.hr\/wp-content\/uploads\/2019\/10\/HE2_Benesic.jpg?fit=413%2C591&ssl=1&resize=350%2C200","width":350,"height":200},"classes":[]},{"id":52666,"url":"https:\/\/historiografija.hr\/?p=52666","url_meta":{"origin":7020,"position":2},"title":"Najava programa Festivala povijesti Kliofest (5-8. V. 2026)","author":"Branimir Jankovi\u0107","date":"24. travnja 2026.","format":false,"excerpt":"Po trinaesti put odr\u017eava se Festival povijesti Kliofest! Do petka \u0107emo odr\u017eati osam okruglih stolova i dva kolokvija te niz predstavljanja knjiga i projekata razli\u010dite tematike, od antike do suvremenosti. Bit \u0107e predstavljeno i nekoliko izlo\u017ebi te odr\u017ean jedan povijesni kviz. Prikazat \u0107emo i jedan film \u2013 o generalu Boroevi\u0107u.\u2026","rel":"","context":"U &quot;Novosti&quot;","block_context":{"text":"Novosti","link":"https:\/\/historiografija.hr\/?cat=3"},"img":{"alt_text":"","src":"https:\/\/i0.wp.com\/historiografija.hr\/wp-content\/uploads\/2026\/04\/Kliofest-2026.jpg?fit=526%2C526&ssl=1&resize=350%2C200","width":350,"height":200,"srcset":"https:\/\/i0.wp.com\/historiografija.hr\/wp-content\/uploads\/2026\/04\/Kliofest-2026.jpg?fit=526%2C526&ssl=1&resize=350%2C200 1x, https:\/\/i0.wp.com\/historiografija.hr\/wp-content\/uploads\/2026\/04\/Kliofest-2026.jpg?fit=526%2C526&ssl=1&resize=525%2C300 1.5x"},"classes":[]},{"id":52502,"url":"https:\/\/historiografija.hr\/?p=52502","url_meta":{"origin":7020,"position":3},"title":"Novi znanstveni projekt Hrvatskog instituta za povijest: \u201c\u017drtve ratova i dr\u017eavnog\/politi\u010dkog nasilja u hrvatskoj povijesti 20. stolje\u0107a\u201d","author":"Branimir Jankovi\u0107","date":"17. travnja 2026.","format":false,"excerpt":"Na redovitoj sjednici Vlade RH, 16. travnja 2026., donijet je Zaklju\u010dak kojim se pokre\u0107e znanstveni projekt \u201c\u017drtve ratova i dr\u017eavnog\/politi\u010dkog nasilja u hrvatskoj povijesti 20. stolje\u0107a\u201d. Projekt \u0107e provoditi i koordinirati Hrvatski institut za povijest u razdoblju trajanja projekta od pet godina. Zakljucak Vlade RH Iz teksta projektnog prijedloga: Problematika\u2026","rel":"","context":"U &quot;Novosti&quot;","block_context":{"text":"Novosti","link":"https:\/\/historiografija.hr\/?cat=3"},"img":{"alt_text":"","src":"https:\/\/i0.wp.com\/historiografija.hr\/wp-content\/uploads\/2026\/04\/Vlada-RH.jpg?fit=1200%2C557&ssl=1&resize=350%2C200","width":350,"height":200,"srcset":"https:\/\/i0.wp.com\/historiografija.hr\/wp-content\/uploads\/2026\/04\/Vlada-RH.jpg?fit=1200%2C557&ssl=1&resize=350%2C200 1x, https:\/\/i0.wp.com\/historiografija.hr\/wp-content\/uploads\/2026\/04\/Vlada-RH.jpg?fit=1200%2C557&ssl=1&resize=525%2C300 1.5x, https:\/\/i0.wp.com\/historiografija.hr\/wp-content\/uploads\/2026\/04\/Vlada-RH.jpg?fit=1200%2C557&ssl=1&resize=700%2C400 2x, https:\/\/i0.wp.com\/historiografija.hr\/wp-content\/uploads\/2026\/04\/Vlada-RH.jpg?fit=1200%2C557&ssl=1&resize=1050%2C600 3x"},"classes":[]},{"id":52633,"url":"https:\/\/historiografija.hr\/?p=52633","url_meta":{"origin":7020,"position":4},"title":"POVIJEST TRE\u0160NJEVA\u010cKE GLAZBE: prikupljanje virtualnog fundusa Muzeja susjedstva Tre\u0161njevka","author":"Branimir Jankovi\u0107","date":"23. travnja 2026.","format":false,"excerpt":"utorak 28. 4. 2026. 14 - 18 h Nova BAZA, Nova cesta 66, Zagreb Prvi su dani ljeta 1957. godine. Bo\u017eica Kalafati\u0107 poha\u0111a drugi razred Osnovne \u0161kole Bratstvo i jedinstvo, danas kralja Tomislava, a ide i na muzi\u010dke satove u Mo\u0161\u0107eni\u010dkoj ulici. Na fotografiji s harmonikom u rukama stoji u\u2026","rel":"","context":"U &quot;Novosti&quot;","block_context":{"text":"Novosti","link":"https:\/\/historiografija.hr\/?cat=3"},"img":{"alt_text":"","src":"https:\/\/i0.wp.com\/historiografija.hr\/wp-content\/uploads\/2026\/04\/MST_prikupljanje.jpg?fit=380%2C475&ssl=1&resize=350%2C200","width":350,"height":200},"classes":[]},{"id":52628,"url":"https:\/\/historiografija.hr\/?p=52628","url_meta":{"origin":7020,"position":5},"title":"Predavanje dopisnog \u010dlana HAZU Alaina Finkielkrauta Izrael, Europa, antisemitizam","author":"Branimir Jankovi\u0107","date":"23. travnja 2026.","format":false,"excerpt":"Francuski filozof Alain Finkielkraut, redoviti \u010dlan Francuske akademije i dopisni \u010dlan HAZU, odr\u017eat \u0107e predavanje\u00a0Izrael, Europa, antisemitizam u utorak 28. travnja 2026. u 13 sati u Knji\u017enici HAZU,\u00a0Strossmayerov trg 14 u Zagrebu. Uvodne rije\u010di odr\u017eat \u0107e\u00a0akademkinja \u017deljka \u010corak i\u00a0akademik Dra\u017een Katunari\u0107. Predavanje \u0107e se odr\u017eati na francuskom jeziku uz konsekutivno\u2026","rel":"","context":"U &quot;Novosti&quot;","block_context":{"text":"Novosti","link":"https:\/\/historiografija.hr\/?cat=3"},"img":{"alt_text":"","src":"https:\/\/i0.wp.com\/historiografija.hr\/wp-content\/uploads\/2026\/04\/Alain_Finkielkraut.jpg?fit=350%2C407&ssl=1&resize=350%2C200","width":350,"height":200},"classes":[]}],"_links":{"self":[{"href":"https:\/\/historiografija.hr\/index.php?rest_route=\/wp\/v2\/posts\/7020","targetHints":{"allow":["GET"]}}],"collection":[{"href":"https:\/\/historiografija.hr\/index.php?rest_route=\/wp\/v2\/posts"}],"about":[{"href":"https:\/\/historiografija.hr\/index.php?rest_route=\/wp\/v2\/types\/post"}],"author":[{"embeddable":true,"href":"https:\/\/historiografija.hr\/index.php?rest_route=\/wp\/v2\/users\/2"}],"replies":[{"embeddable":true,"href":"https:\/\/historiografija.hr\/index.php?rest_route=%2Fwp%2Fv2%2Fcomments&post=7020"}],"version-history":[{"count":1,"href":"https:\/\/historiografija.hr\/index.php?rest_route=\/wp\/v2\/posts\/7020\/revisions"}],"predecessor-version":[{"id":7022,"href":"https:\/\/historiografija.hr\/index.php?rest_route=\/wp\/v2\/posts\/7020\/revisions\/7022"}],"wp:featuredmedia":[{"embeddable":true,"href":"https:\/\/historiografija.hr\/index.php?rest_route=\/wp\/v2\/media\/7021"}],"wp:attachment":[{"href":"https:\/\/historiografija.hr\/index.php?rest_route=%2Fwp%2Fv2%2Fmedia&parent=7020"}],"wp:term":[{"taxonomy":"category","embeddable":true,"href":"https:\/\/historiografija.hr\/index.php?rest_route=%2Fwp%2Fv2%2Fcategories&post=7020"},{"taxonomy":"post_tag","embeddable":true,"href":"https:\/\/historiografija.hr\/index.php?rest_route=%2Fwp%2Fv2%2Ftags&post=7020"}],"curies":[{"name":"wp","href":"https:\/\/api.w.org\/{rel}","templated":true}]}}