{"id":7016,"date":"2017-11-17T17:29:51","date_gmt":"2017-11-17T17:29:51","guid":{"rendered":"http:\/\/historiografija.hr\/?p=7016"},"modified":"2017-11-17T17:32:12","modified_gmt":"2017-11-17T17:32:12","slug":"seminar-nationalism-populism-and-the-new-right","status":"publish","type":"post","link":"https:\/\/historiografija.hr\/?p=7016","title":{"rendered":"Seminar: Nationalism, Populism, and the New Right"},"content":{"rendered":"<p>Centar za radni\u010dke studije u Zagrebu organizira 18. i 19. studenog 2017. seminar o nacionalizmu, populizmu i novoj desnici (program i sa\u017eeci u nastavku).<\/p>\n<p>&nbsp;<\/p>\n<p>&#8212;<\/p>\n<p>&nbsp;<\/p>\n<p>Seminar: Nationalism, Populism, and the New Right<\/p>\n<p>Centre for Labour Studies, Zagreb, Croatia<\/p>\n<p>November 18-19<\/p>\n<p>&nbsp;<\/p>\n<p>MAZ, Pavla Hatza 16, Zagreb<\/p>\n<p>&nbsp;<\/p>\n<p>*<\/p>\n<p>&nbsp;<\/p>\n<p>Schedule:<\/p>\n<p>&nbsp;<\/p>\n<p>Saturday November 18<\/p>\n<p>&nbsp;<\/p>\n<p>11.00-12.30 Joachim Becker: The different currents of the nationalist right<\/p>\n<p>&nbsp;<\/p>\n<p>15.30-17.00 Jan Rettig: Nation trumps economy: Performance, interaction and impact of two discourse communities of far right parties across Europe<\/p>\n<p>&nbsp;<\/p>\n<p>17.15-19.00 General discussion<\/p>\n<p>&nbsp;<\/p>\n<p>&nbsp;<\/p>\n<p>Sunday November 19<\/p>\n<p>&nbsp;<\/p>\n<p>11.00-12.30 Nikola Vukobratovi\u0107: The rise of a nationalist Europe?: a Balkans perspective<\/p>\n<p>&nbsp;<\/p>\n<p>15.30-17.00 Irena Peji\u0107: The new far right in post-transitional Serbia<\/p>\n<p>&nbsp;<\/p>\n<p>17.15-19.30 General discussion<\/p>\n<p>&nbsp;<\/p>\n<p>*<\/p>\n<p>&nbsp;<\/p>\n<p>The political landscape of Europe (and beyond) in the years since the financial and economic crisis of 2007\/2008 has been marked by the rise of right-wing forces. Public debates around astronomic public rescue packages for private financial institutions and the austerity measures accompanying them did, counter to what many on the left may have expected, not shift public opinion significantly towards left positions. Rather, it was often the populist right that proved increasingly successful in articulating economic and social anxieties into a discourse of conceptually vague anti-elitism combined with xenophobia, aggressive social chauvinism and \u2013 especially in the eastern parts of Europe \u2013 the reassertion of regressive social norms regarding women&#8217;s rights and the rights of sexual and ethnic minorities. The outbreak of the so-called &#8220;refugee crisis&#8221; strengthened this trend, effectively turning the crisis narrative into one of besieged national and cultural identities, threatened by the influx of foreign \u2013 predominantly Muslim \u2013 populations. The electoral successes of parties such as Front Nacional in France and AfD in Germany signify the increasing normalization of formerly fringe political options within the parliaments of central core countries of the EU.<\/p>\n<p>&nbsp;<\/p>\n<p>Many on the left have interpreted these phenomena as symptoms of the crisis of neoliberal hegemony. But even if we accept this as a broad diagnosis, the question remains as to why these reactions so often take such reactionary forms. Much like the rise of fascism in the interwar period, the current rise of right-wing forces presents a significant challenge to Marxist (or more broadly \u2013 materialist) approaches, insofar as these assert the explanatory centrality of class for social and political processes. Current political developments seem to once again drive home the fact that theoretical invocations of class as unifying social category do not necessarily correlate to a unifying experience of class subjects. The fact that the class experience of the crisis and its reverberations has proven to be fractured along &#8220;identitarian&#8221; fault lines or, at the very least, allowed its political articulation in divisive and deeply regressive terms presents both a theoretical and political challenge the left cannot afford to ignore. The challenge to theoretically come to terms with the rise of a new, aggressive right, entails the challenge of critically reassessing the explanatory instruments of the left, above all the question of the complex relation between structural factors, lived experience and political articulation.<\/p>\n<p>&nbsp;<\/p>\n<p>With the seminar &#8220;Nationalism, Populism, and the New Right&#8221;, the Centre for Labour Studies wishes to facilitate debates on these and related matters in a regional context that is itself marked by the resurgence of aggressive right-wing forces. By providing a platform for critical debate between regional activists and theorists as well as relevant international scholars, we hope to contribute to a both theoretically and politically more adequate response to these worrying processes.<\/p>\n<p>&nbsp;<\/p>\n<p>*<\/p>\n<p>Abstracts:<\/p>\n<p>&nbsp;<\/p>\n<p>Joachim Becker: The different currents of the nationalist right<\/p>\n<p>&nbsp;<\/p>\n<p>The nationalist right is not a monolithic bloc. It consists of different currents \u2013 a neoliberal, a national-conservative and a fascist current. The lecture will provide a typology for analysing the nationalist right. Against the background of a typology, a brief map of the main nationalist right-wing forces and their respective social base will be provided.<\/p>\n<p>&nbsp;<\/p>\n<p>&nbsp;<\/p>\n<p>Jan Rettig: Nation trumps economy: Performance, interaction and impact of two discourse communities of far right parties across Europe<\/p>\n<p>&nbsp;<\/p>\n<p>The European far right is, undoubtedly, on the rise. The most visible expressions are certainly the electoral victories of a plethora of far right parties in several national contexts. Also on the European level success increases, electorally and &#8211; probably paradoxically &#8211; in terms of cooperation. Currently, there are three far right euro-parties officially registered by the EU-authorities and partially funded by the EU-budget. Especially the many different forms of cooperation raise the questions what the conditions are that favour their cooperations and how they come to terms with each other ideologically.<\/p>\n<p>The presentation will outline the meaning and impact of discourse communities encompassing several far right parties. This will be elaborated along two distinctive discourse communities: neoliberal political economy on the one hand and identitarian-essentialist nationalism on the other. I will show to what an extent ideological and programmatic discourse positions converge or diverge over time and if and how this is relevant for their mutual understanding and interaction. Finally, the issue of nationalism and its place in contemporary right-wing performance will be considered as a major factor in explaining the contemporary &#8216;popular appeal&#8217; of far right parties.<\/p>\n<p>&nbsp;<\/p>\n<p>&nbsp;<\/p>\n<p>Nikola Vukobratovi\u0107: The rise of a nationalist Europe?: a Balkans perspective<\/p>\n<p>&nbsp;<\/p>\n<p>In the early 1990s, the Balkans and especially former Yugoslavia have often been presented as a hotbed of ethnic nationalism and the far-right. As the rest of the continent was seemingly moving towards cosmopolitan unity, abandoning ethnic and national selfishness, as well as the false promises of ideology, the Balkans looked like an exception from the rule. The fall of Yugoslavia and the wars of its succession were interpreted as petty bickering of local tribes not yet fully integrated in the post-nationalist World. The solution was therefore sought in humanitarian interventions and (sometimes) forced processes of &#8220;Europeisation&#8221;. However, even before these processes were fully completed, nationalism started to look less as an atavism in the least developed parts of the continent, and more as a real danger in the very heart of Europe. Not just in the &#8220;more successful&#8221; post-socialist countries (Central Europe), but even in &#8220;Old Europe&#8221;, it was noticed that nationalism was once again taking center-stage. This new context presents a challenge of reinterpreting the role of nationalism in Europe, and especially in the periphery of the EU and the Balkans. What are the similarities and differences between nationalist politics and tendencies in the Balkans, Central Europe and the West? To which systemic contradictions are they trying to produce an answer to? And what are the possible democratic and socialist answers to it? These will be some of the questions raised in the presentation.<\/p>\n<p>&nbsp;<\/p>\n<p>&nbsp;<\/p>\n<p>Irena Peji\u0107: The new far right in post-transitional Serbia<\/p>\n<p>&nbsp;<\/p>\n<p>The far right in Serbia, as in many other post-socialist and European countries after the fall of the Berlin wall, came out to the open. Keeping in mind the specific historical and local context of the rise of the right-wing forces in Serbia, one of the postsocialist Yugoslav successor states, the lecture will provide an analysis of the main catalysts in the ideological shaping of far right political organisations and movements. By reviewing the political changes since October 5th 2000 (the end of Milo\u0161evi\u0107&#8217;s regime) and the aftermath of the 2008 global financial crisis, the lecture will try to map the changes within the far right, especially after the fragmentation of the largest right-wing party SRS and large parts of its membership and voters shifting towards the ruling party, which itself had shifted towards more &#8220;moderate&#8221; positions. The lecture will investigate how these developments influenced the fragmented &#8220;oppositional&#8221; right-wing forces, which now focused more on social issues, but articulated in a discourse of nationalism, xenophobia (especially in the time of the refugee crisis), rising racism toward the Roma population, and a general intolerance towards sexual and ethnic minorities and women&#8217;s rights.<\/p>\n<p>&nbsp;<\/p>\n<p><a href=\"https:\/\/www.facebook.com\/events\/165211720742207\/\">https:\/\/www.facebook.com\/events\/165211720742207\/<\/a><\/p>\n<p>&nbsp;<\/p>\n<p>&nbsp;<\/p>\n","protected":false},"excerpt":{"rendered":"","protected":false},"author":2,"featured_media":7019,"comment_status":"open","ping_status":"open","sticky":false,"template":"","format":"standard","meta":{"_acf_changed":false,"jetpack_post_was_ever_published":false,"_jetpack_newsletter_access":"","_jetpack_dont_email_post_to_subs":false,"_jetpack_newsletter_tier_id":0,"_jetpack_memberships_contains_paywalled_content":false,"_jetpack_memberships_contains_paid_content":false,"footnotes":"","jetpack_publicize_message":"","jetpack_publicize_feature_enabled":true,"jetpack_social_post_already_shared":true,"jetpack_social_options":{"image_generator_settings":{"template":"highway","default_image_id":0,"font":"","enabled":false},"version":2}},"categories":[3],"tags":[],"class_list":["post-7016","post","type-post","status-publish","format-standard","has-post-thumbnail","hentry","category-novosti"],"acf":{"facebook_opis":""},"jetpack_publicize_connections":[],"jetpack_featured_media_url":"https:\/\/i0.wp.com\/historiografija.hr\/wp-content\/uploads\/2017\/11\/Seminar-1.jpg?fit=1367%2C481&ssl=1","jetpack_sharing_enabled":true,"jetpack-related-posts":[{"id":52547,"url":"https:\/\/historiografija.hr\/?p=52547","url_meta":{"origin":7016,"position":0},"title":"ISHA Zagreb \u2013 Filmska ve\u010der: Povratak Martina Guerrea","author":"Branimir Jankovi\u0107","date":"20. travnja 2026.","format":false,"excerpt":"Klub studenata povijesti \u2013 ISHA Zagreb poziva Vas na filmsku ve\u010der na kojoj \u0107e se prikazivati \u201ePovratak Martina Guerrea\u201c, povijesna drama iz 1982. godine s radnjom smje\u0161tenom u 16. stolje\u0107u. Radnja je utemeljena na stvarnoj povijesnoj li\u010dnosti Martina Guerrea koji se nakon mnogo godina izbivanja vra\u0107a u svoje rodno mjesto\u2026","rel":"","context":"U &quot;Filmovi i serije&quot;","block_context":{"text":"Filmovi i serije","link":"https:\/\/historiografija.hr\/?cat=13"},"img":{"alt_text":"","src":"https:\/\/i0.wp.com\/historiografija.hr\/wp-content\/uploads\/2026\/04\/M-Guerre.png?fit=702%2C1006&ssl=1&resize=350%2C200","width":350,"height":200,"srcset":"https:\/\/i0.wp.com\/historiografija.hr\/wp-content\/uploads\/2026\/04\/M-Guerre.png?fit=702%2C1006&ssl=1&resize=350%2C200 1x, https:\/\/i0.wp.com\/historiografija.hr\/wp-content\/uploads\/2026\/04\/M-Guerre.png?fit=702%2C1006&ssl=1&resize=525%2C300 1.5x, https:\/\/i0.wp.com\/historiografija.hr\/wp-content\/uploads\/2026\/04\/M-Guerre.png?fit=702%2C1006&ssl=1&resize=700%2C400 2x"},"classes":[]},{"id":52592,"url":"https:\/\/historiografija.hr\/?p=52592","url_meta":{"origin":7016,"position":1},"title":"Predstavljanje knjige &#8220;Turska ku\u0107a u Rijeci&#8221; u Zagrebu","author":"Branimir Jankovi\u0107","date":"22. travnja 2026.","format":false,"excerpt":"U prostorijama Turskog kulturnog centra Yunus Emre u Zagrebu, u utorak 21. travnja 2026. godine, odr\u017eano je sve\u010dano predstavljanje dopunjenog izdanja knjige Turska ku\u0107a u Rijeci, u organizaciji Hrvatsko-turskog dru\u0161tva Rijeka i partnerstvu sa Skupinom prijateljstva Hrvatska-Turska Hrvatskog sabora, Veleposlanstvom Republike Turske u Republici Hrvatskoj te Turskim kulturnim centrom Yunus\u2026","rel":"","context":"U &quot;Novosti&quot;","block_context":{"text":"Novosti","link":"https:\/\/historiografija.hr\/?cat=3"},"img":{"alt_text":"","src":"https:\/\/i0.wp.com\/historiografija.hr\/wp-content\/uploads\/2026\/04\/Turska-kuca-ZG.jpg?fit=1200%2C800&ssl=1&resize=350%2C200","width":350,"height":200,"srcset":"https:\/\/i0.wp.com\/historiografija.hr\/wp-content\/uploads\/2026\/04\/Turska-kuca-ZG.jpg?fit=1200%2C800&ssl=1&resize=350%2C200 1x, https:\/\/i0.wp.com\/historiografija.hr\/wp-content\/uploads\/2026\/04\/Turska-kuca-ZG.jpg?fit=1200%2C800&ssl=1&resize=525%2C300 1.5x, https:\/\/i0.wp.com\/historiografija.hr\/wp-content\/uploads\/2026\/04\/Turska-kuca-ZG.jpg?fit=1200%2C800&ssl=1&resize=700%2C400 2x, https:\/\/i0.wp.com\/historiografija.hr\/wp-content\/uploads\/2026\/04\/Turska-kuca-ZG.jpg?fit=1200%2C800&ssl=1&resize=1050%2C600 3x"},"classes":[]},{"id":52631,"url":"https:\/\/historiografija.hr\/?p=52631","url_meta":{"origin":7016,"position":2},"title":"Predavanje Ivana Tepe\u0161a: Djelovanje hrvatske politi\u010dke emigracije","author":"Branimir Jankovi\u0107","date":"23. travnja 2026.","format":false,"excerpt":"Odjel za me\u0111unarodnu suradnju i iseljeni\u0161tvo Matice hrvatske Predavanje Ivana Tepe\u0161a: Djelovanje hrvatske politi\u010dke emigracije Utorak, 28. travnja 2026. u 18:00 sati, Dvorana Ljudevita Jonkea (Mala dvorana MH), Strossmayerov trg 4, Zagreb dr. sc. Ivan Tepe\u0161, Institut za istra\u017eivanje migracija Hrvatska politi\u010dka emigracija obilje\u017eila je polustoljetnu hrvatsku povijest u drugoj\u2026","rel":"","context":"U &quot;Novosti&quot;","block_context":{"text":"Novosti","link":"https:\/\/historiografija.hr\/?cat=3"},"img":{"alt_text":"","src":"","width":0,"height":0},"classes":[]},{"id":52543,"url":"https:\/\/historiografija.hr\/?p=52543","url_meta":{"origin":7016,"position":3},"title":"Znanstveno-stru\u010dni skup \u201eOto\u010dne pu\u010dke pobo\u017enosti: kontinuiteti i transformacije\u201c","author":"Branimir Jankovi\u0107","date":"20. travnja 2026.","format":false,"excerpt":"Najavljujemo\u00a0znanstveno-stru\u010dni skup \u201eOto\u010dne pu\u010dke pobo\u017enosti: kontinuiteti i transformacije\u201c,\u00a0koji \u0107e se odr\u017eati\u00a0u Rabu od 24. do 26. travnja 2026.,\u00a0u organizaciji i uz potporu\u00a0Instituta za etnologiju i folkloristiku, Zagreb, \u00a0Grada Raba, Pu\u010dkog otvorenog u\u010dili\u0161ta Rab i Centra za istra\u017eivanje srednjovjekovne ba\u0161tine Jadrana RIMAH. Skup okuplja vode\u0107e doma\u0107e stru\u010dnjake koji \u0107e kroz niz\u2026","rel":"","context":"U &quot;Novosti&quot;","block_context":{"text":"Novosti","link":"https:\/\/historiografija.hr\/?cat=3"},"img":{"alt_text":"","src":"https:\/\/i0.wp.com\/historiografija.hr\/wp-content\/uploads\/2026\/04\/Skup_Rab.jpg?fit=848%2C1200&ssl=1&resize=350%2C200","width":350,"height":200,"srcset":"https:\/\/i0.wp.com\/historiografija.hr\/wp-content\/uploads\/2026\/04\/Skup_Rab.jpg?fit=848%2C1200&ssl=1&resize=350%2C200 1x, https:\/\/i0.wp.com\/historiografija.hr\/wp-content\/uploads\/2026\/04\/Skup_Rab.jpg?fit=848%2C1200&ssl=1&resize=525%2C300 1.5x, https:\/\/i0.wp.com\/historiografija.hr\/wp-content\/uploads\/2026\/04\/Skup_Rab.jpg?fit=848%2C1200&ssl=1&resize=700%2C400 2x"},"classes":[]},{"id":52633,"url":"https:\/\/historiografija.hr\/?p=52633","url_meta":{"origin":7016,"position":4},"title":"POVIJEST TRE\u0160NJEVA\u010cKE GLAZBE: prikupljanje virtualnog fundusa Muzeja susjedstva Tre\u0161njevka","author":"Branimir Jankovi\u0107","date":"23. travnja 2026.","format":false,"excerpt":"utorak 28. 4. 2026. 14 - 18 h Nova BAZA, Nova cesta 66, Zagreb Prvi su dani ljeta 1957. godine. Bo\u017eica Kalafati\u0107 poha\u0111a drugi razred Osnovne \u0161kole Bratstvo i jedinstvo, danas kralja Tomislava, a ide i na muzi\u010dke satove u Mo\u0161\u0107eni\u010dkoj ulici. Na fotografiji s harmonikom u rukama stoji u\u2026","rel":"","context":"U &quot;Novosti&quot;","block_context":{"text":"Novosti","link":"https:\/\/historiografija.hr\/?cat=3"},"img":{"alt_text":"","src":"https:\/\/i0.wp.com\/historiografija.hr\/wp-content\/uploads\/2026\/04\/MST_prikupljanje.jpg?fit=380%2C475&ssl=1&resize=350%2C200","width":350,"height":200},"classes":[]},{"id":52619,"url":"https:\/\/historiografija.hr\/?p=52619","url_meta":{"origin":7016,"position":5},"title":"Predavanje \u0110ur\u0111ice Vitkovi\u0107 &#8220;Izme\u0111u pera i objektiva: Zagorka i Foto Tonka&#8221;","author":"Branimir Jankovi\u0107","date":"23. travnja 2026.","format":false,"excerpt":"Memorijalni stan Marije Juri\u0107 Zagorke poziva Vas na predavanje \u0110ur\u0111ice Vitkovi\u0107 \u201eIzme\u0111u pera i objektiva: Zagorka i Foto Tonka\u201c koje \u0107e se odr\u017eati u utorak, 28. travnja 2026. s po\u010detkom u 18 h u sklopu Ciklusa predavanja u Memorijalnom stanu Marije Juri\u0107 Zagorke. Kako su se susrele knji\u017eevnost i fotografija\u2026","rel":"","context":"U &quot;Novosti&quot;","block_context":{"text":"Novosti","link":"https:\/\/historiografija.hr\/?cat=3"},"img":{"alt_text":"","src":"https:\/\/i0.wp.com\/historiografija.hr\/wp-content\/uploads\/2024\/11\/Zagorka_ciklus.jpg?fit=1200%2C1006&ssl=1&resize=350%2C200","width":350,"height":200,"srcset":"https:\/\/i0.wp.com\/historiografija.hr\/wp-content\/uploads\/2024\/11\/Zagorka_ciklus.jpg?fit=1200%2C1006&ssl=1&resize=350%2C200 1x, https:\/\/i0.wp.com\/historiografija.hr\/wp-content\/uploads\/2024\/11\/Zagorka_ciklus.jpg?fit=1200%2C1006&ssl=1&resize=525%2C300 1.5x, https:\/\/i0.wp.com\/historiografija.hr\/wp-content\/uploads\/2024\/11\/Zagorka_ciklus.jpg?fit=1200%2C1006&ssl=1&resize=700%2C400 2x, https:\/\/i0.wp.com\/historiografija.hr\/wp-content\/uploads\/2024\/11\/Zagorka_ciklus.jpg?fit=1200%2C1006&ssl=1&resize=1050%2C600 3x"},"classes":[]}],"_links":{"self":[{"href":"https:\/\/historiografija.hr\/index.php?rest_route=\/wp\/v2\/posts\/7016","targetHints":{"allow":["GET"]}}],"collection":[{"href":"https:\/\/historiografija.hr\/index.php?rest_route=\/wp\/v2\/posts"}],"about":[{"href":"https:\/\/historiografija.hr\/index.php?rest_route=\/wp\/v2\/types\/post"}],"author":[{"embeddable":true,"href":"https:\/\/historiografija.hr\/index.php?rest_route=\/wp\/v2\/users\/2"}],"replies":[{"embeddable":true,"href":"https:\/\/historiografija.hr\/index.php?rest_route=%2Fwp%2Fv2%2Fcomments&post=7016"}],"version-history":[{"count":1,"href":"https:\/\/historiografija.hr\/index.php?rest_route=\/wp\/v2\/posts\/7016\/revisions"}],"predecessor-version":[{"id":7018,"href":"https:\/\/historiografija.hr\/index.php?rest_route=\/wp\/v2\/posts\/7016\/revisions\/7018"}],"wp:featuredmedia":[{"embeddable":true,"href":"https:\/\/historiografija.hr\/index.php?rest_route=\/wp\/v2\/media\/7019"}],"wp:attachment":[{"href":"https:\/\/historiografija.hr\/index.php?rest_route=%2Fwp%2Fv2%2Fmedia&parent=7016"}],"wp:term":[{"taxonomy":"category","embeddable":true,"href":"https:\/\/historiografija.hr\/index.php?rest_route=%2Fwp%2Fv2%2Fcategories&post=7016"},{"taxonomy":"post_tag","embeddable":true,"href":"https:\/\/historiografija.hr\/index.php?rest_route=%2Fwp%2Fv2%2Ftags&post=7016"}],"curies":[{"name":"wp","href":"https:\/\/api.w.org\/{rel}","templated":true}]}}