{"id":6906,"date":"2017-11-13T09:53:14","date_gmt":"2017-11-13T09:53:14","guid":{"rendered":"http:\/\/historiografija.hr\/?p=6906"},"modified":"2017-11-17T18:54:28","modified_gmt":"2017-11-17T18:54:28","slug":"promovirana-izdanja-hrvatskog-memorijalno-dokumentacijskog-centra-domovinskog-rata","status":"publish","type":"post","link":"https:\/\/historiografija.hr\/?p=6906","title":{"rendered":"Promovirana izdanja Hrvatskog memorijalno-dokumentacijskog centra Domovinskog rata"},"content":{"rendered":"<p>Promocija izdava\u010dke i suizdava\u010dke djelatnosti HMDCDR-a 2016.-2017. odr\u017eana je 9. studenog 2017. u Hrvatskom dr\u017eavnom arhivu u Zagrebu.<\/p>\n<p>&nbsp;<\/p>\n<p>&nbsp;<\/p>\n<p>&#8212;<\/p>\n<p>&nbsp;<\/p>\n<p>&nbsp;<\/p>\n<p><strong>Promocija izdanja Centra Domovinskog rata<\/strong><\/p>\n<p>&nbsp;<\/p>\n<p>Hrvatski memorijalno-dokumentacijski centar Domovinskog rata poziva na promociju izdava\u010dke i suizdava\u010dke djelatnosti HMDCDR-a 2016.-2017. s posebnim osvrtom na knjigu Jadranka Prli\u0107a \u2013 Prilozi za povijest Hrvatske Republike Herceg-Bosne I-III, Hrvatski dokumentacijski centar Domovinskog rata u BiH \u2013 Hrvatski memorijalno-dokumentacijski centar Domovinskog rata, Mostar-Zagreb, 2017. 9. studenoga (\u010detvrtak) 2017. u 17 sati u Hrvatski dr\u017eavni arhiv (velika \u010ditaonica), Maruli\u0107ev trg 21, Zagreb.<\/p>\n<p>&nbsp;<\/p>\n<p>&nbsp;<\/p>\n<p>Izdava\u010dka\/suizdava\u010dka djelatnost HMDCDR-a 2016. \u2013 listopad 2017.:<\/p>\n<p>&nbsp;<\/p>\n<p>&nbsp;<\/p>\n<p><strong>Dokumenti \u201eRSK\u201c<\/strong><br \/>\n\u2013 knjiga 19: 9. korpus JNA (1991.), urednici Ivan Brigovi\u0107 \u2013 Ivan Rado\u0161,<br \/>\nZagreb, srpanj 2016.<\/p>\n<p>&nbsp;<\/p>\n<p>&nbsp;<\/p>\n<p><strong>Republika Hrvatska i Domovinski rat 1990.-1995. \u2013 memoarsko gradivo<\/strong><br \/>\n\u2013 Oliver Pezo, Zagonetka pobjede \u2013 obrana Dubrovnika 1991.\/1992.,<br \/>\nDubrovnik, prosinac 2015.<br \/>\n\u2013 Franjo Kri\u017eani\u0107, Dnevnik rata (Ludbreg u Domovinskom ratu),<br \/>\nLudbreg, 2016.<br \/>\n\u2013 Tomislav Ba\u0161i\u0107, Sinovi svetoga Josipa, Split, lipanj 2016.<br \/>\n\u2013 Stipan Jankovi\u0107, Sanitet 6. DP Split u Domovinskom ratu,<br \/>\nZagreb, listopad 2016.<br \/>\n\u2013 Ivica Jur\u010devi\u0107, E, ne\u0107e\u0161! (postrojba Most u obrani Pa\u0161kog mosta),<br \/>\nMatica hrvatska \u2013 HMDCDR, Zagreb, prosinac 2016.<\/p>\n<p>&nbsp;<\/p>\n<p>&nbsp;<\/p>\n<p><strong>Fotomonografije<\/strong><br \/>\n\u2013 Goger Radovan, \u0160ibeni\u010de, ti si stina!, Dr\u017eavni arhiv \u0160ibenik \u2013 HMDCDR,<br \/>\n\u0160ibenik, 2016.<br \/>\n\u2013 Josipa Maras Kraljevi\u0107 \u2013 Ilija Vu\u010dur, Atentat na Hrvatsku \u2013 The<br \/>\nAssassination of Croatia, Zagreb, listopad 2016. (znanstvena studija \u2013 fotomonografija)<\/p>\n<p>&nbsp;<\/p>\n<p>&nbsp;<\/p>\n<p><strong>Znanstvene studije<\/strong><br \/>\n\u2013 Slobodan Lang \u2013 Branko \u010culo \u2013 Bosiljko Domazet, Spasimo \u017eivot \/ Saving live (zbrinjavanje civla nakon operacije \u201eOluja\u201d \/ Care of Civilians After the Operation \u201eStorm\u201d), Zagreb, 2016.<br \/>\n\u2013 Slaven Ru\u017ei\u0107, Djelovanje \u201eVlade Republike Srpske Krajine\u201c 1991.-1995., Zagreb, 2017.<br \/>\n\u2013 Natko Martini\u0107 Jer\u010di\u0107 \u2013 Slaven Ru\u017ei\u0107, 107. \u2013 Vukovi s Drave, HVIDRA Valpovo \u2013 HMDCDR, Beli\u0161\u0107e, lipanj 2017.<br \/>\n\u2013 Julija Barun\u010di\u0107 Pletikosi\u0107, Katoli\u010dka crkva u Hrvatskoj i Domovinski rat 1991.-1995. (stavovi, djelovanje, stradanja),<br \/>\nGlas Koncila \u2013 HMDCDR, Zagreb, 2017.<\/p>\n<p>&nbsp;<\/p>\n<p>&nbsp;<\/p>\n<p><strong>Znanstvena studija o pravnoj prirodi HZ (HR) Herceg-Bosne<\/strong><br \/>\n\u2013 Mato Arlovi\u0107, The Croatian Community of Herzeg-Bosnia and the (re)organisation of Bosnia and Herzegovina, Novi informator \u2013 HMDCDR, Zagreb, 2017.<\/p>\n<p>&nbsp;<\/p>\n<p><strong>Program promocije izdava\u010dke i suizdava\u010dke djelatnosti HMDCDR-a 2016. \u2013 listopad 2017.<\/strong><\/p>\n<p>17,00 \u2013 18,00 sati:<\/p>\n<p>Uvodno obra\u0107anje:<br \/>\n\u2013 dr. sc. Dinko \u010cutura, ravnatelj Hrvatskog dr\u017eavnog arhiva<\/p>\n<p>O knjigama \u0107e govoriti:<br \/>\n\u2013 zaposlenici HMDCDR-a \u2013 autori navedenih knjiga<br \/>\n\u2013 dr. sc. Mato Arlovi\u0107, sudac Ustavnog suda RH, autor knjige HZ Herceg-Bosna\u2026<br \/>\n\u2013 dr. sc. Mladen An\u010di\u0107, recenzent knjige Jadranka Prli\u0107a<br \/>\n\u2013 \u017deljko Ragu\u017e, ravnatelj Hrvatskog dokumentacijskog centra Domovinskog rata u BiH<br \/>\n\u2013 Ante Nazor, ravnatelj HMDCDR-a Znanstvena studija o pravnoj prirodi HZ (HR) Herceg-Bosne<\/p>\n<p>&nbsp;<\/p>\n<p>&nbsp;<\/p>\n<p>Izvori i dodatne informacije:<\/p>\n<p>&nbsp;<\/p>\n<p>&nbsp;<\/p>\n<blockquote class=\"wp-embedded-content\" data-secret=\"gqXCDZIESC\"><p><a href=\"https:\/\/narod.hr\/kultura\/promocija-izdanja-centra-domovinskog-rata\">Promocija izdanja Centra Domovinskog rata<\/a><\/p><\/blockquote>\n<p><iframe loading=\"lazy\" class=\"wp-embedded-content\" sandbox=\"allow-scripts\" security=\"restricted\" style=\"position: absolute; clip: rect(1px, 1px, 1px, 1px);\" src=\"https:\/\/narod.hr\/kultura\/promocija-izdanja-centra-domovinskog-rata\/embed#?secret=gqXCDZIESC\" data-secret=\"gqXCDZIESC\" width=\"600\" height=\"338\" title=\"&#8220;Promocija izdanja Centra Domovinskog rata&#8221; &#8212; narod.hr\" frameborder=\"0\" marginwidth=\"0\" marginheight=\"0\" scrolling=\"no\"><\/iframe><\/p>\n<blockquote class=\"wp-embedded-content\" data-secret=\"MyTqxzitqq\"><p><a href=\"https:\/\/narod.hr\/kultura\/foto-knjige-jadranka-prlica-mate-arlovica-cjelokupna-povijest-hrvatske-republike-herceg-bosne\">(FOTO) Knjige Jadranka Prli\u0107a i Mate Arlovi\u0107a &#8211; Cjelokupna povijest Hrvatske Republike Herceg Bosne<\/a><\/p><\/blockquote>\n<p><iframe loading=\"lazy\" class=\"wp-embedded-content\" sandbox=\"allow-scripts\" security=\"restricted\" style=\"position: absolute; clip: rect(1px, 1px, 1px, 1px);\" src=\"https:\/\/narod.hr\/kultura\/foto-knjige-jadranka-prlica-mate-arlovica-cjelokupna-povijest-hrvatske-republike-herceg-bosne\/embed#?secret=MyTqxzitqq\" data-secret=\"MyTqxzitqq\" width=\"600\" height=\"338\" title=\"&#8220;(FOTO) Knjige Jadranka Prli\u0107a i Mate Arlovi\u0107a &#8211; Cjelokupna povijest Hrvatske Republike Herceg Bosne&#8221; &#8212; narod.hr\" frameborder=\"0\" marginwidth=\"0\" marginheight=\"0\" scrolling=\"no\"><\/iframe><\/p>\n<p>&nbsp;<\/p>\n<blockquote class=\"wp-embedded-content\" data-secret=\"CImXxrJnk7\"><p><a href=\"https:\/\/narod.hr\/kultura\/foto-ante-nazor-licemjerno-muslimana-bosnjaka-optuziti-rh-agresiju-bih\">(FOTO) Ante Nazor: Licemjerno je od Muslimana-Bo\u0161njaka optu\u017eiti RH za agresiju na BiH<\/a><\/p><\/blockquote>\n<p><iframe loading=\"lazy\" class=\"wp-embedded-content\" sandbox=\"allow-scripts\" security=\"restricted\" style=\"position: absolute; clip: rect(1px, 1px, 1px, 1px);\" src=\"https:\/\/narod.hr\/kultura\/foto-ante-nazor-licemjerno-muslimana-bosnjaka-optuziti-rh-agresiju-bih\/embed#?secret=CImXxrJnk7\" data-secret=\"CImXxrJnk7\" width=\"600\" height=\"338\" title=\"&#8220;(FOTO) Ante Nazor: Licemjerno je od Muslimana-Bo\u0161njaka optu\u017eiti RH za agresiju na BiH&#8221; &#8212; narod.hr\" frameborder=\"0\" marginwidth=\"0\" marginheight=\"0\" scrolling=\"no\"><\/iframe><\/p>\n<p>&nbsp;<\/p>\n<p><a href=\"https:\/\/www.facebook.com\/HMDCDR\/\">https:\/\/www.facebook.com\/HMDCDR\/<\/a><\/p>\n<p>&nbsp;<\/p>\n<p>&#8212;-<\/p>\n<p>&nbsp;<\/p>\n<p><strong>Reakcija Documente na promociju knjiga Jadranka Prli\u0107a i Mate Arlovi\u0107a<\/strong><\/p>\n<p>&nbsp;<\/p>\n<p><a href=\"https:\/\/www.documenta.hr\/hr\/reakcija-documente-na-promociju-knjiga-jadranka-prli%C4%87a-i-mate-arlovi%C4%87a.html\">https:\/\/www.documenta.hr\/hr\/reakcija-documente-na-promociju-knjiga-jadranka-prli%C4%87a-i-mate-arlovi%C4%87a.html<\/a><\/p>\n<p>&nbsp;<\/p>\n<p>&nbsp;<\/p>\n","protected":false},"excerpt":{"rendered":"","protected":false},"author":2,"featured_media":6909,"comment_status":"open","ping_status":"open","sticky":false,"template":"","format":"standard","meta":{"_acf_changed":false,"jetpack_post_was_ever_published":false,"_jetpack_newsletter_access":"","_jetpack_dont_email_post_to_subs":false,"_jetpack_newsletter_tier_id":0,"_jetpack_memberships_contains_paywalled_content":false,"_jetpack_memberships_contains_paid_content":false,"footnotes":"","jetpack_publicize_message":"","jetpack_publicize_feature_enabled":true,"jetpack_social_post_already_shared":true,"jetpack_social_options":{"image_generator_settings":{"template":"highway","default_image_id":0,"font":"","enabled":false},"version":2}},"categories":[3],"tags":[],"class_list":["post-6906","post","type-post","status-publish","format-standard","has-post-thumbnail","hentry","category-novosti"],"acf":{"facebook_opis":""},"jetpack_publicize_connections":[],"jetpack_featured_media_url":"https:\/\/i0.wp.com\/historiografija.hr\/wp-content\/uploads\/2017\/11\/HMDCDR-1.png?fit=663%2C521&ssl=1","jetpack_sharing_enabled":true,"jetpack-related-posts":[{"id":52666,"url":"https:\/\/historiografija.hr\/?p=52666","url_meta":{"origin":6906,"position":0},"title":"Najava programa Festivala povijesti Kliofest (5-8. V. 2026)","author":"Branimir Jankovi\u0107","date":"24. travnja 2026.","format":false,"excerpt":"Po trinaesti put odr\u017eava se Festival povijesti Kliofest! Do petka \u0107emo odr\u017eati osam okruglih stolova i dva kolokvija te niz predstavljanja knjiga i projekata razli\u010dite tematike, od antike do suvremenosti. Bit \u0107e predstavljeno i nekoliko izlo\u017ebi te odr\u017ean jedan povijesni kviz. Prikazat \u0107emo i jedan film \u2013 o generalu Boroevi\u0107u.\u2026","rel":"","context":"U &quot;Novosti&quot;","block_context":{"text":"Novosti","link":"https:\/\/historiografija.hr\/?cat=3"},"img":{"alt_text":"","src":"https:\/\/i0.wp.com\/historiografija.hr\/wp-content\/uploads\/2026\/04\/Kliofest-2026.jpg?fit=526%2C526&ssl=1&resize=350%2C200","width":350,"height":200,"srcset":"https:\/\/i0.wp.com\/historiografija.hr\/wp-content\/uploads\/2026\/04\/Kliofest-2026.jpg?fit=526%2C526&ssl=1&resize=350%2C200 1x, https:\/\/i0.wp.com\/historiografija.hr\/wp-content\/uploads\/2026\/04\/Kliofest-2026.jpg?fit=526%2C526&ssl=1&resize=525%2C300 1.5x"},"classes":[]},{"id":52499,"url":"https:\/\/historiografija.hr\/?p=52499","url_meta":{"origin":6906,"position":1},"title":"POTPISAN UGOVOR O ZNANSTVENO-ISTRA\u017dIVA\u010cKOJ SURADNJI: PROJEKT \u201eTEMELJI HRVATSKE SAMOSTALNOSTI\u201d","author":"Branimir Jankovi\u0107","date":"17. travnja 2026.","format":false,"excerpt":"Hrvatski institut za povijest, Sveu\u010dili\u0161te obrane i sigurnosti \u201eDr. Franjo Tu\u0111man\u201d, Institut dru\u0161tvenih znanosti Ivo Pilar i Hrvatski dr\u017eavni arhiv\u00a0potpisali su 23. o\u017eujka 2026.\u00a0Ugovor o znanstveno-istra\u017eiva\u010dkoj suradnji s ciljem provedbe projekta \u201eTemelji hrvatske samostalnosti\u201d. Tim projektom obuhva\u0107a se istra\u017eivanje arhivskoga gradiva, priprema znanstvenih publikacija, digitalizacija i javna prezentacija rezultata istra\u017eivanja\u2026","rel":"","context":"U &quot;Novosti&quot;","block_context":{"text":"Novosti","link":"https:\/\/historiografija.hr\/?cat=3"},"img":{"alt_text":"","src":"https:\/\/i0.wp.com\/historiografija.hr\/wp-content\/uploads\/2026\/04\/THS_sporazum.jpg?fit=1200%2C583&ssl=1&resize=350%2C200","width":350,"height":200,"srcset":"https:\/\/i0.wp.com\/historiografija.hr\/wp-content\/uploads\/2026\/04\/THS_sporazum.jpg?fit=1200%2C583&ssl=1&resize=350%2C200 1x, https:\/\/i0.wp.com\/historiografija.hr\/wp-content\/uploads\/2026\/04\/THS_sporazum.jpg?fit=1200%2C583&ssl=1&resize=525%2C300 1.5x, https:\/\/i0.wp.com\/historiografija.hr\/wp-content\/uploads\/2026\/04\/THS_sporazum.jpg?fit=1200%2C583&ssl=1&resize=700%2C400 2x, https:\/\/i0.wp.com\/historiografija.hr\/wp-content\/uploads\/2026\/04\/THS_sporazum.jpg?fit=1200%2C583&ssl=1&resize=1050%2C600 3x"},"classes":[]},{"id":52502,"url":"https:\/\/historiografija.hr\/?p=52502","url_meta":{"origin":6906,"position":2},"title":"Novi znanstveni projekt Hrvatskog instituta za povijest: \u201c\u017drtve ratova i dr\u017eavnog\/politi\u010dkog nasilja u hrvatskoj povijesti 20. stolje\u0107a\u201d","author":"Branimir Jankovi\u0107","date":"17. travnja 2026.","format":false,"excerpt":"Na redovitoj sjednici Vlade RH, 16. travnja 2026., donijet je Zaklju\u010dak kojim se pokre\u0107e znanstveni projekt \u201c\u017drtve ratova i dr\u017eavnog\/politi\u010dkog nasilja u hrvatskoj povijesti 20. stolje\u0107a\u201d. Projekt \u0107e provoditi i koordinirati Hrvatski institut za povijest u razdoblju trajanja projekta od pet godina. Zakljucak Vlade RH Iz teksta projektnog prijedloga: Problematika\u2026","rel":"","context":"U &quot;Novosti&quot;","block_context":{"text":"Novosti","link":"https:\/\/historiografija.hr\/?cat=3"},"img":{"alt_text":"","src":"https:\/\/i0.wp.com\/historiografija.hr\/wp-content\/uploads\/2026\/04\/Vlada-RH.jpg?fit=1200%2C557&ssl=1&resize=350%2C200","width":350,"height":200,"srcset":"https:\/\/i0.wp.com\/historiografija.hr\/wp-content\/uploads\/2026\/04\/Vlada-RH.jpg?fit=1200%2C557&ssl=1&resize=350%2C200 1x, https:\/\/i0.wp.com\/historiografija.hr\/wp-content\/uploads\/2026\/04\/Vlada-RH.jpg?fit=1200%2C557&ssl=1&resize=525%2C300 1.5x, https:\/\/i0.wp.com\/historiografija.hr\/wp-content\/uploads\/2026\/04\/Vlada-RH.jpg?fit=1200%2C557&ssl=1&resize=700%2C400 2x, https:\/\/i0.wp.com\/historiografija.hr\/wp-content\/uploads\/2026\/04\/Vlada-RH.jpg?fit=1200%2C557&ssl=1&resize=1050%2C600 3x"},"classes":[]},{"id":52592,"url":"https:\/\/historiografija.hr\/?p=52592","url_meta":{"origin":6906,"position":3},"title":"Predstavljanje knjige &#8220;Turska ku\u0107a u Rijeci&#8221; u Zagrebu","author":"Branimir Jankovi\u0107","date":"22. travnja 2026.","format":false,"excerpt":"U prostorijama Turskog kulturnog centra Yunus Emre u Zagrebu, u utorak 21. travnja 2026. godine, odr\u017eano je sve\u010dano predstavljanje dopunjenog izdanja knjige Turska ku\u0107a u Rijeci, u organizaciji Hrvatsko-turskog dru\u0161tva Rijeka i partnerstvu sa Skupinom prijateljstva Hrvatska-Turska Hrvatskog sabora, Veleposlanstvom Republike Turske u Republici Hrvatskoj te Turskim kulturnim centrom Yunus\u2026","rel":"","context":"U &quot;Novosti&quot;","block_context":{"text":"Novosti","link":"https:\/\/historiografija.hr\/?cat=3"},"img":{"alt_text":"","src":"https:\/\/i0.wp.com\/historiografija.hr\/wp-content\/uploads\/2026\/04\/Turska-kuca-ZG.jpg?fit=1200%2C800&ssl=1&resize=350%2C200","width":350,"height":200,"srcset":"https:\/\/i0.wp.com\/historiografija.hr\/wp-content\/uploads\/2026\/04\/Turska-kuca-ZG.jpg?fit=1200%2C800&ssl=1&resize=350%2C200 1x, https:\/\/i0.wp.com\/historiografija.hr\/wp-content\/uploads\/2026\/04\/Turska-kuca-ZG.jpg?fit=1200%2C800&ssl=1&resize=525%2C300 1.5x, https:\/\/i0.wp.com\/historiografija.hr\/wp-content\/uploads\/2026\/04\/Turska-kuca-ZG.jpg?fit=1200%2C800&ssl=1&resize=700%2C400 2x, https:\/\/i0.wp.com\/historiografija.hr\/wp-content\/uploads\/2026\/04\/Turska-kuca-ZG.jpg?fit=1200%2C800&ssl=1&resize=1050%2C600 3x"},"classes":[]},{"id":52528,"url":"https:\/\/historiografija.hr\/?p=52528","url_meta":{"origin":6906,"position":4},"title":"[Promocija knjige] Banja Luka u ratu: Etnopolitika i svakodnevica (1990\u20131995) (ActiveLab, YugoLab)","author":"Branimir Jankovi\u0107","date":"17. travnja 2026.","format":false,"excerpt":"Institut za filozofiju i dru\u0161tvenu teoriju i O\u0161tra Nula organizuju promociju knjige Banja Luka u ratu: Etnopolitika i svakodnevica (1990\u20131995) autorke Armine Galija\u0161, koja \u0107e se odr\u017eati 20. aprila 2026. u 12.00 sati u prostorijama Instituta (Kraljice Natalije 45, Beograd). Re\u010d je o prvom nau\u010dno utemeljenom i sistematskom radu koji\u2026","rel":"","context":"U &quot;Novosti&quot;","block_context":{"text":"Novosti","link":"https:\/\/historiografija.hr\/?cat=3"},"img":{"alt_text":"","src":"https:\/\/i0.wp.com\/historiografija.hr\/wp-content\/uploads\/2026\/04\/20-april-RS.jpg?fit=1200%2C675&ssl=1&resize=350%2C200","width":350,"height":200,"srcset":"https:\/\/i0.wp.com\/historiografija.hr\/wp-content\/uploads\/2026\/04\/20-april-RS.jpg?fit=1200%2C675&ssl=1&resize=350%2C200 1x, https:\/\/i0.wp.com\/historiografija.hr\/wp-content\/uploads\/2026\/04\/20-april-RS.jpg?fit=1200%2C675&ssl=1&resize=525%2C300 1.5x, https:\/\/i0.wp.com\/historiografija.hr\/wp-content\/uploads\/2026\/04\/20-april-RS.jpg?fit=1200%2C675&ssl=1&resize=700%2C400 2x, https:\/\/i0.wp.com\/historiografija.hr\/wp-content\/uploads\/2026\/04\/20-april-RS.jpg?fit=1200%2C675&ssl=1&resize=1050%2C600 3x"},"classes":[]},{"id":52559,"url":"https:\/\/historiografija.hr\/?p=52559","url_meta":{"origin":6906,"position":5},"title":"Dobitnici dr\u017eavne nagrade za znanost za 2024. godinu","author":"Branimir Jankovi\u0107","date":"20. travnja 2026.","format":false,"excerpt":"Na sjednici Odbora za podjelu dr\u017eavnih nagrada za znanost odr\u017eanoj 16. travnja 2026. godine donesena je Odluka o dodjeli dr\u017eavnih nagrada za znanost za 2024. godinu. Godi\u0161njom nagradom za popularizaciju i promid\u017ebu znanosti nagra\u0111eni su u podru\u010dju humanisti\u010dkih znanosti znanstveni suradnici dr. sc. Josip Mihaljevi\u0107 i dr. sc. Gordan Ravan\u010di\u0107,\u2026","rel":"","context":"U &quot;Novosti&quot;","block_context":{"text":"Novosti","link":"https:\/\/historiografija.hr\/?cat=3"},"img":{"alt_text":"","src":"https:\/\/i0.wp.com\/historiografija.hr\/wp-content\/uploads\/2021\/12\/povijesne-kontroverze.jpg?fit=1200%2C675&ssl=1&resize=350%2C200","width":350,"height":200,"srcset":"https:\/\/i0.wp.com\/historiografija.hr\/wp-content\/uploads\/2021\/12\/povijesne-kontroverze.jpg?fit=1200%2C675&ssl=1&resize=350%2C200 1x, https:\/\/i0.wp.com\/historiografija.hr\/wp-content\/uploads\/2021\/12\/povijesne-kontroverze.jpg?fit=1200%2C675&ssl=1&resize=525%2C300 1.5x, https:\/\/i0.wp.com\/historiografija.hr\/wp-content\/uploads\/2021\/12\/povijesne-kontroverze.jpg?fit=1200%2C675&ssl=1&resize=700%2C400 2x, https:\/\/i0.wp.com\/historiografija.hr\/wp-content\/uploads\/2021\/12\/povijesne-kontroverze.jpg?fit=1200%2C675&ssl=1&resize=1050%2C600 3x"},"classes":[]}],"_links":{"self":[{"href":"https:\/\/historiografija.hr\/index.php?rest_route=\/wp\/v2\/posts\/6906","targetHints":{"allow":["GET"]}}],"collection":[{"href":"https:\/\/historiografija.hr\/index.php?rest_route=\/wp\/v2\/posts"}],"about":[{"href":"https:\/\/historiografija.hr\/index.php?rest_route=\/wp\/v2\/types\/post"}],"author":[{"embeddable":true,"href":"https:\/\/historiografija.hr\/index.php?rest_route=\/wp\/v2\/users\/2"}],"replies":[{"embeddable":true,"href":"https:\/\/historiografija.hr\/index.php?rest_route=%2Fwp%2Fv2%2Fcomments&post=6906"}],"version-history":[{"count":5,"href":"https:\/\/historiografija.hr\/index.php?rest_route=\/wp\/v2\/posts\/6906\/revisions"}],"predecessor-version":[{"id":7039,"href":"https:\/\/historiografija.hr\/index.php?rest_route=\/wp\/v2\/posts\/6906\/revisions\/7039"}],"wp:featuredmedia":[{"embeddable":true,"href":"https:\/\/historiografija.hr\/index.php?rest_route=\/wp\/v2\/media\/6909"}],"wp:attachment":[{"href":"https:\/\/historiografija.hr\/index.php?rest_route=%2Fwp%2Fv2%2Fmedia&parent=6906"}],"wp:term":[{"taxonomy":"category","embeddable":true,"href":"https:\/\/historiografija.hr\/index.php?rest_route=%2Fwp%2Fv2%2Fcategories&post=6906"},{"taxonomy":"post_tag","embeddable":true,"href":"https:\/\/historiografija.hr\/index.php?rest_route=%2Fwp%2Fv2%2Ftags&post=6906"}],"curies":[{"name":"wp","href":"https:\/\/api.w.org\/{rel}","templated":true}]}}