{"id":6901,"date":"2017-11-13T09:35:15","date_gmt":"2017-11-13T09:35:15","guid":{"rendered":"http:\/\/historiografija.hr\/?p=6901"},"modified":"2017-11-13T09:36:58","modified_gmt":"2017-11-13T09:36:58","slug":"dejan-jovic-rat-i-mit-politika-identiteta-u-suvremenoj-hrvatskoj","status":"publish","type":"post","link":"https:\/\/historiografija.hr\/?p=6901","title":{"rendered":"Dejan Jovi\u0107, &#8220;Rat i mit. Politika identiteta u suvremenoj Hrvatskoj&#8221;"},"content":{"rendered":"<p>Objavljena je knjiga Dejana Jovi\u0107a koja &#8220;postavlja pitanja o vladaju\u0107em \u2013 od dizajnera identiteta stvorenom, a od dr\u017eave permanentno nametanom \u2013 narativu o hrvatskoj dr\u017eavnoj samostalnosti i Domovinskom ratu&#8221;.<\/p>\n<p>&nbsp;<\/p>\n<p>&#8212;<\/p>\n<p>&nbsp;<\/p>\n<p>&nbsp;<\/p>\n<p><strong>Fraktura<\/strong><\/p>\n<p>&nbsp;<\/p>\n<p>&nbsp;<\/p>\n<p>Dejan Jovi\u0107<\/p>\n<p>&nbsp;<\/p>\n<p>&nbsp;<\/p>\n<p><strong>Rat i mit<\/strong><\/p>\n<p><strong>Politika identiteta u suvremenoj Hrvatskoj<\/strong><\/p>\n<p>&nbsp;<\/p>\n<p>&nbsp;<\/p>\n<p>Broj stranica: 416<\/p>\n<p>Godina izdanja: 2017.<\/p>\n<p>&nbsp;<\/p>\n<p>&nbsp;<\/p>\n<p>O knjizi<\/p>\n<p>&nbsp;<\/p>\n<p>&nbsp;<\/p>\n<p><em>Rat i mit \u2013 Politika identiteta u suvremenoj Hrvatskoj<\/em> postavlja pitanja o vladaju\u0107em \u2013 od dizajnera identiteta stvorenom, a od dr\u017eave permanentno nametanom \u2013 narativu o hrvatskoj dr\u017eavnoj samostalnosti i Domovinskom ratu. Kako suvremena Hrvatska interpretira rat, i zbog \u010dega se od njega nikako ne mo\u017ee udaljiti? Za\u0161to je ba\u0161 u Hrvatskoj rat sredi\u0161nji dio novog dr\u017eavnog i nacionalnog identiteta? Za\u0161to dizajneri identiteta i veliki dio javnosti pani\u010dno reagiraju na svaku druk\u010diju interpretaciju Domovinskog rata? Nije li Hrvatska samu sebe okovala vlastitom selektivnom, tabuiziranom i u zna\u010dajnoj mjeri falsificiranom interpretacijom pro\u0161losti? Je li dru\u0161tvo koje inzistira na jednom jedinom dopu\u0161tenom tuma\u010denju povijesnih doga\u0111aja sposobno za napredak, za suo\u010davanje s izazovima ideje slobode, na koncu i za vlastiti opstanak?<\/p>\n<p>&nbsp;<\/p>\n<p>&nbsp;<\/p>\n<p>Dejan Jovi\u0107 ovom knjigom nudi demokratski seminar u kojem \u0107e se slobodno, bez tabua i bez suvi\u0161nih zanosa, raspravljati o navedenim pitanjima. Rastvara mitove jer ih smatra opasnim za slobodu, demokraciju i suverenitet, te nam dobronamjerno ukazuje na to da je politika identiteta u Hrvatskoj danas jedan od glavnih razloga njene stagnacije, pa i nazadovanja. Osnovna poruka Rata i mita jest da hrvatsko dru\u0161tvo treba smo\u0107i hrabrosti da se oslobodi nametnutih okova, da umjesto povi\u0161enih emocija odabere argument i tako ispuni preduvjet stvarne demokratske tranzicije i napretka.<\/p>\n<p>&nbsp;<\/p>\n<p>&nbsp;<\/p>\n<p>\u201cAutor na inovativan na\u010din primjenjuje modernisti\u010dke teorije nacije na povijesni proces raspada Jugoslavije i stvaranja hrvatske dr\u017eave te pokazuje da je izgradnja novoga nacionalnog identiteta utemeljena u specifi\u010dnoj selekciji i kombinaciji povijesnih elemenata. Drugo, pokazuje kako su interesi dominantnih politi\u010dkih i dru\u0161tvenih aktera povezani sa sadr\u017eajem nove konstrukcije hrvatskoga nacionalnog identiteta. Istodobno, ta konstrukcija eliminira i tabuizira skupine i teme koje nisu s njom uskladive. Iz ove prikrivene sveze interesa i diskursa proizlaze i antiliberalna i autoritarna obilje\u017eja hegemonijskoga hrvatskog nacionalizma, koji je uspostavljen kao obvezuju\u0107i okvir za sve aktere hrvatske politike, na desnici, centru i ljevici. Ova knjiga je pledoaje za obranu liberalno-demokratskih vrijednosti i o\u010duvanje slobode znanstvenog istra\u017eivanja.\u201d <em>\u2013 prof. dr. sc. Nenad Zako\u0161ek, Fakultet politi\u010dkih znanosti Sveu\u010dili\u0161ta u Zagrebu<\/em><\/p>\n<p>&nbsp;<\/p>\n<p>&nbsp;<\/p>\n<p>\u201cOva knjiga pru\u017ea jedinstvenu priliku za informiranu diskusiju o nacionalnom identitetu u postjugoslavenskom pora\u0107u. Jovi\u0107ev interdisciplinarni i humanisti\u010dki anga\u017eiran pristup dijeli senzibilitet postkolonijalnih studija koji mu omogu\u0107uje da uo\u010di poveznice izme\u0111u politi\u010dkih procesa i svakodnevnog iskustva Drugih u kontekstu nedovr\u0161ene demokratizacije. Na izazov da u vremenu otvorenih rana pi\u0161e za bilo koga prihvatljivo, autor je odgovorio predano\u0161\u0107u da pi\u0161e znanstveno, podsje\u0107aju\u0107i nas na bit toliko \u017eeljene demokracije argumentirano suo\u010davanje razli\u010ditih interpretacija.\u201d <em>\u2013 doc. dr. sc. Zlatan Krajina, Fakultet politi\u010dkih znanosti Sveu\u010dili\u0161ta u Zagrebu<\/em><\/p>\n<p>&nbsp;<\/p>\n<p>&nbsp;<\/p>\n<p>\u201cDejan Jovi\u0107 pripada redu najuglednijih teoreti\u010dara u oblasti politologije. Knjiga o osniva\u010dkom mitu Domovinskog rata na teorijski i normativno sna\u017ean i anga\u017eiran na\u010din analizira jedno od najslo\u017eenijih pitanja utemeljenja Hrvatske kao politi\u010dke zajednice. Po svom zna\u010daju predstavlja prekretnicu u suvremenoj politologiji jugoistoka Evrope.\u201d <em>\u2013 prof. dr. sc. Milan Podunavac, Univerzitet Donja Gorica, Crna Gora<\/em><\/p>\n<p>&nbsp;<\/p>\n<p>&nbsp;<\/p>\n<p>Izvor: <a href=\"https:\/\/fraktura.hr\/rat-i-mit.html\">https:\/\/fraktura.hr\/rat-i-mit.html<\/a><\/p>\n<p>&nbsp;<\/p>\n<p>&#8212;<\/p>\n<p>&nbsp;<\/p>\n<p><strong>Dodatne informacije:<\/strong><\/p>\n<p>&nbsp;<\/p>\n<p>&nbsp;<\/p>\n<p><a href=\"https:\/\/www.portalnovosti.com\/dejan-jovic-ne-moze-se-slobodno-govoriti-o-1991\">https:\/\/www.portalnovosti.com\/dejan-jovic-ne-moze-se-slobodno-govoriti-o-1991<\/a><\/p>\n<p>&nbsp;<\/p>\n<p><a href=\"https:\/\/radiogornjigrad.wordpress.com\/2017\/10\/29\/dejan-jovic-u-hrvatskoj-se-mit-o-ratu-cuva-tako-sto-je-za-istrazivanje-dokumenata-iz-devedesetih-i-dalje-potrebna-sigurnosna-provjera-sto-samo-po-sebi-dovoljno-govori\/\">Dejan Jovi\u0107: U Hrvatskoj se mit o ratu \u010duva tako \u0161to je za istra\u017eivanje dokumenata iz devedesetih i dalje potrebna sigurnosna provjera, \u0161to samo po sebi dovoljno&nbsp;govori<\/a><\/p>\n<p>&nbsp;<\/p>\n<p>&nbsp;<\/p>\n<blockquote class=\"wp-embedded-content\" data-secret=\"pY09AfUR0t\"><p><a href=\"http:\/\/www.nacional.hr\/interview-dejan-jovic-sdp-igra-utakmicu-na-hdz-ovu-terenu-i-zato-je-marginaliziran\/\">INTERVIEW: DEJAN JOVI\u0106 &#8216;SDP igra utakmicu na HDZ-ovu terenu i zato je marginaliziran&#8217;<\/a><\/p><\/blockquote>\n<p><iframe loading=\"lazy\" class=\"wp-embedded-content\" sandbox=\"allow-scripts\" security=\"restricted\" style=\"position: absolute; clip: rect(1px, 1px, 1px, 1px);\" src=\"http:\/\/www.nacional.hr\/interview-dejan-jovic-sdp-igra-utakmicu-na-hdz-ovu-terenu-i-zato-je-marginaliziran\/embed\/#?secret=pY09AfUR0t\" data-secret=\"pY09AfUR0t\" width=\"600\" height=\"338\" title=\"&#8220;INTERVIEW: DEJAN JOVI\u0106 &#8216;SDP igra utakmicu na HDZ-ovu terenu i zato je marginaliziran&#8217;&#8221; &#8212; NACIONAL.HR\" frameborder=\"0\" marginwidth=\"0\" marginheight=\"0\" scrolling=\"no\"><\/iframe><\/p>\n","protected":false},"excerpt":{"rendered":"","protected":false},"author":2,"featured_media":6902,"comment_status":"open","ping_status":"open","sticky":false,"template":"","format":"standard","meta":{"_acf_changed":false,"jetpack_post_was_ever_published":false,"_jetpack_newsletter_access":"","_jetpack_dont_email_post_to_subs":false,"_jetpack_newsletter_tier_id":0,"_jetpack_memberships_contains_paywalled_content":false,"_jetpack_memberships_contains_paid_content":false,"footnotes":"","jetpack_publicize_message":"","jetpack_publicize_feature_enabled":true,"jetpack_social_post_already_shared":true,"jetpack_social_options":{"image_generator_settings":{"template":"highway","default_image_id":0,"font":"","enabled":false},"version":2}},"categories":[8,3],"tags":[],"class_list":["post-6901","post","type-post","status-publish","format-standard","has-post-thumbnail","hentry","category-knjige","category-novosti"],"acf":{"facebook_opis":""},"jetpack_publicize_connections":[],"jetpack_featured_media_url":"https:\/\/i0.wp.com\/historiografija.hr\/wp-content\/uploads\/2017\/11\/rat_i_mit.jpg?fit=792%2C716&ssl=1","jetpack_sharing_enabled":true,"jetpack-related-posts":[{"id":52502,"url":"https:\/\/historiografija.hr\/?p=52502","url_meta":{"origin":6901,"position":0},"title":"Novi znanstveni projekt Hrvatskog instituta za povijest: \u201c\u017drtve ratova i dr\u017eavnog\/politi\u010dkog nasilja u hrvatskoj povijesti 20. stolje\u0107a\u201d","author":"Branimir Jankovi\u0107","date":"17. travnja 2026.","format":false,"excerpt":"Na redovitoj sjednici Vlade RH, 16. travnja 2026., donijet je Zaklju\u010dak kojim se pokre\u0107e znanstveni projekt \u201c\u017drtve ratova i dr\u017eavnog\/politi\u010dkog nasilja u hrvatskoj povijesti 20. stolje\u0107a\u201d. Projekt \u0107e provoditi i koordinirati Hrvatski institut za povijest u razdoblju trajanja projekta od pet godina. Zakljucak Vlade RH Iz teksta projektnog prijedloga: Problematika\u2026","rel":"","context":"U &quot;Novosti&quot;","block_context":{"text":"Novosti","link":"https:\/\/historiografija.hr\/?cat=3"},"img":{"alt_text":"","src":"https:\/\/i0.wp.com\/historiografija.hr\/wp-content\/uploads\/2026\/04\/Vlada-RH.jpg?fit=1200%2C557&ssl=1&resize=350%2C200","width":350,"height":200,"srcset":"https:\/\/i0.wp.com\/historiografija.hr\/wp-content\/uploads\/2026\/04\/Vlada-RH.jpg?fit=1200%2C557&ssl=1&resize=350%2C200 1x, https:\/\/i0.wp.com\/historiografija.hr\/wp-content\/uploads\/2026\/04\/Vlada-RH.jpg?fit=1200%2C557&ssl=1&resize=525%2C300 1.5x, https:\/\/i0.wp.com\/historiografija.hr\/wp-content\/uploads\/2026\/04\/Vlada-RH.jpg?fit=1200%2C557&ssl=1&resize=700%2C400 2x, https:\/\/i0.wp.com\/historiografija.hr\/wp-content\/uploads\/2026\/04\/Vlada-RH.jpg?fit=1200%2C557&ssl=1&resize=1050%2C600 3x"},"classes":[]},{"id":52657,"url":"https:\/\/historiografija.hr\/?p=52657","url_meta":{"origin":6901,"position":1},"title":"[Predavanje] Jezik i drugost u (post)socijalisti\u010dkoj Srbiji: diskurzivne politike identiteta (YugoLab)","author":"Branimir Jankovi\u0107","date":"24. travnja 2026.","format":false,"excerpt":"U sklopu projekta Prizma \/ IMAGINATION (\u201eZami\u0161ljanje nacije: srpski nacionalni narativi u sporu (XX\u2013XXI vek)\u201c), koji se realizuje na Institutu za filozofiju i dru\u0161tvenu teoriju Univerziteta u Beogradu (2024\u20132027) uz finansijsku podr\u0161ku Fonda za nauku Republike Srbije, organizuje se serija predavanja na kojoj istra\u017eiva\u010di i istra\u017eiva\u010dice projekta predstavljaju rezultate svojih\u2026","rel":"","context":"U &quot;Novosti&quot;","block_context":{"text":"Novosti","link":"https:\/\/historiografija.hr\/?cat=3"},"img":{"alt_text":"","src":"https:\/\/i0.wp.com\/historiografija.hr\/wp-content\/uploads\/2026\/04\/IFDT_28_IV.png?fit=1200%2C675&ssl=1&resize=350%2C200","width":350,"height":200,"srcset":"https:\/\/i0.wp.com\/historiografija.hr\/wp-content\/uploads\/2026\/04\/IFDT_28_IV.png?fit=1200%2C675&ssl=1&resize=350%2C200 1x, https:\/\/i0.wp.com\/historiografija.hr\/wp-content\/uploads\/2026\/04\/IFDT_28_IV.png?fit=1200%2C675&ssl=1&resize=525%2C300 1.5x, https:\/\/i0.wp.com\/historiografija.hr\/wp-content\/uploads\/2026\/04\/IFDT_28_IV.png?fit=1200%2C675&ssl=1&resize=700%2C400 2x, https:\/\/i0.wp.com\/historiografija.hr\/wp-content\/uploads\/2026\/04\/IFDT_28_IV.png?fit=1200%2C675&ssl=1&resize=1050%2C600 3x"},"classes":[]},{"id":52543,"url":"https:\/\/historiografija.hr\/?p=52543","url_meta":{"origin":6901,"position":2},"title":"Znanstveno-stru\u010dni skup \u201eOto\u010dne pu\u010dke pobo\u017enosti: kontinuiteti i transformacije\u201c","author":"Branimir Jankovi\u0107","date":"20. travnja 2026.","format":false,"excerpt":"Najavljujemo\u00a0znanstveno-stru\u010dni skup \u201eOto\u010dne pu\u010dke pobo\u017enosti: kontinuiteti i transformacije\u201c,\u00a0koji \u0107e se odr\u017eati\u00a0u Rabu od 24. do 26. travnja 2026.,\u00a0u organizaciji i uz potporu\u00a0Instituta za etnologiju i folkloristiku, Zagreb, \u00a0Grada Raba, Pu\u010dkog otvorenog u\u010dili\u0161ta Rab i Centra za istra\u017eivanje srednjovjekovne ba\u0161tine Jadrana RIMAH. Skup okuplja vode\u0107e doma\u0107e stru\u010dnjake koji \u0107e kroz niz\u2026","rel":"","context":"U &quot;Novosti&quot;","block_context":{"text":"Novosti","link":"https:\/\/historiografija.hr\/?cat=3"},"img":{"alt_text":"","src":"https:\/\/i0.wp.com\/historiografija.hr\/wp-content\/uploads\/2026\/04\/Skup_Rab.jpg?fit=848%2C1200&ssl=1&resize=350%2C200","width":350,"height":200,"srcset":"https:\/\/i0.wp.com\/historiografija.hr\/wp-content\/uploads\/2026\/04\/Skup_Rab.jpg?fit=848%2C1200&ssl=1&resize=350%2C200 1x, https:\/\/i0.wp.com\/historiografija.hr\/wp-content\/uploads\/2026\/04\/Skup_Rab.jpg?fit=848%2C1200&ssl=1&resize=525%2C300 1.5x, https:\/\/i0.wp.com\/historiografija.hr\/wp-content\/uploads\/2026\/04\/Skup_Rab.jpg?fit=848%2C1200&ssl=1&resize=700%2C400 2x"},"classes":[]},{"id":52660,"url":"https:\/\/historiografija.hr\/?p=52660","url_meta":{"origin":6901,"position":3},"title":"Medijski odjeci \u010dlanka Steve \u0110ura\u0161kovi\u0107a \u201e\u017dupanovljeva ne\u017eeljena djeca: ideolo\u0161ko pribli\u017eavanje neoliberala i kr\u0161\u0107anske radikalne desnice u Hrvatskoj\u201c","author":"Branimir Jankovi\u0107","date":"24. travnja 2026.","format":false,"excerpt":"U sklopu projekta \u201eIzazovi intelektualne povijesti: recepcije, preobrazbe i upotrebe politi\u010dkih ideja\u201c objavljen je polemi\u010dki \u010dlanak Steve \u0110ura\u0161kovi\u0107a \u201e\u017dupanovljeva ne\u017eeljena djeca: ideolo\u0161ko pribli\u017eavanje neoliberala i kr\u0161\u0107anske radikalne desnice u Hrvatskoj\u201c, koji je izazvao odre\u0111ene medijske reakcije. Stevo \u0110ura\u0161kovi\u0107 \u017dupanovljeva ne\u017eeljena djeca: ideolo\u0161ko pribli\u017eavanje neoliberala i kr\u0161\u0107anske radikalne desnice u Hrvatskoj\u2026","rel":"","context":"U &quot;Novosti&quot;","block_context":{"text":"Novosti","link":"https:\/\/historiografija.hr\/?cat=3"},"img":{"alt_text":"","src":"https:\/\/i0.wp.com\/historiografija.hr\/wp-content\/uploads\/2026\/04\/SD.png?fit=809%2C821&ssl=1&resize=350%2C200","width":350,"height":200,"srcset":"https:\/\/i0.wp.com\/historiografija.hr\/wp-content\/uploads\/2026\/04\/SD.png?fit=809%2C821&ssl=1&resize=350%2C200 1x, https:\/\/i0.wp.com\/historiografija.hr\/wp-content\/uploads\/2026\/04\/SD.png?fit=809%2C821&ssl=1&resize=525%2C300 1.5x, https:\/\/i0.wp.com\/historiografija.hr\/wp-content\/uploads\/2026\/04\/SD.png?fit=809%2C821&ssl=1&resize=700%2C400 2x"},"classes":[]},{"id":52573,"url":"https:\/\/historiografija.hr\/?p=52573","url_meta":{"origin":6901,"position":4},"title":"Znanstvena konferencija &#8220;Filozofija odgoja: povijest, praksa, perspektive&#8221;","author":"Branimir Jankovi\u0107","date":"21. travnja 2026.","format":false,"excerpt":"Znanstvena konferencija \"Filozofija odgoja: povijest, praksa, perspektive\" odr\u017eat \u0107e se 23. i 24. travnja 2026. u Konferencijskoj dvorani Knji\u017enice Filozofskog fakulteta u Zagrebu (2. kat).\u00a0Konferencija je organizirana u okviru projekta\u00a0SUMKOS (voditeljica prof. dr. sc. Ivana Zagorac, financiran\u00a0sredstvima NextGenerationEU), uz potporu Odsjeka za filozofiju.\u00a0 Uz izlaga\u010dki dio, konferencija obuhva\u0107a i izlo\u017ebu\u2026","rel":"","context":"U &quot;Novosti&quot;","block_context":{"text":"Novosti","link":"https:\/\/historiografija.hr\/?cat=3"},"img":{"alt_text":"","src":"","width":0,"height":0},"classes":[]},{"id":52592,"url":"https:\/\/historiografija.hr\/?p=52592","url_meta":{"origin":6901,"position":5},"title":"Predstavljanje knjige &#8220;Turska ku\u0107a u Rijeci&#8221; u Zagrebu","author":"Branimir Jankovi\u0107","date":"22. travnja 2026.","format":false,"excerpt":"U prostorijama Turskog kulturnog centra Yunus Emre u Zagrebu, u utorak 21. travnja 2026. godine, odr\u017eano je sve\u010dano predstavljanje dopunjenog izdanja knjige Turska ku\u0107a u Rijeci, u organizaciji Hrvatsko-turskog dru\u0161tva Rijeka i partnerstvu sa Skupinom prijateljstva Hrvatska-Turska Hrvatskog sabora, Veleposlanstvom Republike Turske u Republici Hrvatskoj te Turskim kulturnim centrom Yunus\u2026","rel":"","context":"U &quot;Novosti&quot;","block_context":{"text":"Novosti","link":"https:\/\/historiografija.hr\/?cat=3"},"img":{"alt_text":"","src":"https:\/\/i0.wp.com\/historiografija.hr\/wp-content\/uploads\/2026\/04\/Turska-kuca-ZG.jpg?fit=1200%2C800&ssl=1&resize=350%2C200","width":350,"height":200,"srcset":"https:\/\/i0.wp.com\/historiografija.hr\/wp-content\/uploads\/2026\/04\/Turska-kuca-ZG.jpg?fit=1200%2C800&ssl=1&resize=350%2C200 1x, https:\/\/i0.wp.com\/historiografija.hr\/wp-content\/uploads\/2026\/04\/Turska-kuca-ZG.jpg?fit=1200%2C800&ssl=1&resize=525%2C300 1.5x, https:\/\/i0.wp.com\/historiografija.hr\/wp-content\/uploads\/2026\/04\/Turska-kuca-ZG.jpg?fit=1200%2C800&ssl=1&resize=700%2C400 2x, https:\/\/i0.wp.com\/historiografija.hr\/wp-content\/uploads\/2026\/04\/Turska-kuca-ZG.jpg?fit=1200%2C800&ssl=1&resize=1050%2C600 3x"},"classes":[]}],"_links":{"self":[{"href":"https:\/\/historiografija.hr\/index.php?rest_route=\/wp\/v2\/posts\/6901","targetHints":{"allow":["GET"]}}],"collection":[{"href":"https:\/\/historiografija.hr\/index.php?rest_route=\/wp\/v2\/posts"}],"about":[{"href":"https:\/\/historiografija.hr\/index.php?rest_route=\/wp\/v2\/types\/post"}],"author":[{"embeddable":true,"href":"https:\/\/historiografija.hr\/index.php?rest_route=\/wp\/v2\/users\/2"}],"replies":[{"embeddable":true,"href":"https:\/\/historiografija.hr\/index.php?rest_route=%2Fwp%2Fv2%2Fcomments&post=6901"}],"version-history":[{"count":3,"href":"https:\/\/historiografija.hr\/index.php?rest_route=\/wp\/v2\/posts\/6901\/revisions"}],"predecessor-version":[{"id":6905,"href":"https:\/\/historiografija.hr\/index.php?rest_route=\/wp\/v2\/posts\/6901\/revisions\/6905"}],"wp:featuredmedia":[{"embeddable":true,"href":"https:\/\/historiografija.hr\/index.php?rest_route=\/wp\/v2\/media\/6902"}],"wp:attachment":[{"href":"https:\/\/historiografija.hr\/index.php?rest_route=%2Fwp%2Fv2%2Fmedia&parent=6901"}],"wp:term":[{"taxonomy":"category","embeddable":true,"href":"https:\/\/historiografija.hr\/index.php?rest_route=%2Fwp%2Fv2%2Fcategories&post=6901"},{"taxonomy":"post_tag","embeddable":true,"href":"https:\/\/historiografija.hr\/index.php?rest_route=%2Fwp%2Fv2%2Ftags&post=6901"}],"curies":[{"name":"wp","href":"https:\/\/api.w.org\/{rel}","templated":true}]}}