{"id":6800,"date":"2017-11-08T12:08:34","date_gmt":"2017-11-08T12:08:34","guid":{"rendered":"http:\/\/historiografija.hr\/?p=6800"},"modified":"2017-11-08T12:08:34","modified_gmt":"2017-11-08T12:08:34","slug":"mars-solidarnosti-10-%e2%80%95-ja-sjecam-se","status":"publish","type":"post","link":"https:\/\/historiografija.hr\/?p=6800","title":{"rendered":"Mar\u0161 solidarnosti #10 \u2015 Ja sje\u0107am se!"},"content":{"rendered":"<p>Mar\u0161 solidarnosti tradicionalna je godi\u0161nja manifestacija u organizaciji Mre\u017ee antifa\u0161istkinja Zagreba koja \u0107e se u subotu, 11. studenog 2017. baviti \u201epolitikama kultiviranja naslje\u0111a i sje\u0107anja na antifa\u0161isti\u010dku borbu i Narodnooslobodila\u010dki pokret\u201c.<\/p>\n<p><strong>\u00a0<\/strong><\/p>\n<p><strong>&#8212;<\/strong><\/p>\n<p><strong>\u00a0<\/strong><\/p>\n<p><strong>MAR\u0160 SOLIDARNOSTI #10 \u2015 Ja sje\u0107am se!<\/strong><\/p>\n<p>&nbsp;<\/p>\n<p><strong>\u2015 subota, 11. 11. 2017. u 11 h<\/strong><\/p>\n<p>&nbsp;<\/p>\n<p>&nbsp;<\/p>\n<p><em>Ma \u0161ta mi uradili<\/em> \/ <em>ma \u0161ta mi govorili<\/em> \/ <em>ma \u0161ta mi uradili<\/em> \/ <em>ja sje\u0107am se<\/em> (KUD Idijoti)<\/p>\n<p>&nbsp;<\/p>\n<p>&nbsp;<\/p>\n<p>dizajn: Slobodna domena, zadruga za otvoreni kod i dizajn<\/p>\n<p>&nbsp;<\/p>\n<p>&nbsp;<\/p>\n<p>Mar\u0161 solidarnosti tradicionalna je godi\u0161nja manifestacija u organizaciji Mre\u017ee antifa\u0161istkinja Zagreba, koja se u studenom 2017. odr\u017eava jubilarni, 10. put! Jednodnevno mar\u0161iranje gradom prija\u0161njih je godina naj\u010de\u0161\u0107e bilo posve\u0107eno manjinskim i deprivilegiranim dru\u0161tvenim skupinama, kako bi se okupljeni gra\u0111ani, no po mogu\u0107nosti i svi ostali, solidarizirali s njima i senzibilizirali za njihove probleme posje\u0107ivanjem urbanih punktova karakteristi\u010dnih za svakodnevnicu tih socijalnih grupa.<\/p>\n<p>&nbsp;<\/p>\n<p>&nbsp;<\/p>\n<p>No, (ne)prilike su nalo\u017eile da pri\u010da ovaj put bude ne\u0161to druga\u010dija. Uslijed negativnih socio-politi\u010dkih okolnosti u na\u0161em gradu, ali i cijeloj zemlji, te valovima povijesnog revizionizma, neokonzervativizma i \u2015 nazovimo stvari onakvima kakve jesu \u2015 neousta\u0161tva i neofa\u0161izma, koji se svakodnevno valjaju ulicama i institucijama, Mar\u0161 solidarnosti #10 naslovili smo pokli\u010dem Ja sje\u0107am se!, \u010dime isti\u010demo da \u0107emo se baviti politikama kultiviranja naslje\u0111a i sje\u0107anja na antifa\u0161isti\u010dku borbu i Narodnooslobodila\u010dki pokret koji u glavnom gradu Hrvatske imaju sna\u017ene temelje i dugu, bogatu tradiciju.<\/p>\n<p>&nbsp;<\/p>\n<p>&nbsp;<\/p>\n<p>Micanje imena mar\u0161ala Tita s jednog od najve\u0107ih zagreba\u010dkih trgova je doga\u0111aj koji je obilje\u017eio politi\u010dko ljeto. Nakon dugog natezanja i nekoliko besramno poga\u017eenih rije\u010di, Trg mar\u0161ala Tita je zamijenjen Trgom Republike Hrvatske. Cijela se predstava odvijala u kontekstu zemlje u kojoj je tijekom 27 godina postojanja uklonjeno, o\u0161te\u0107eno i uni\u0161teno preko polovice svih spomenika koji su komemorirali Narodnooslobodila\u010dku borbu i njenu antifa\u0161isti\u010dku orijentaciju.<\/p>\n<p>&nbsp;<\/p>\n<p>&nbsp;<\/p>\n<p>Zagreb je u tom smislu pro\u0161ao jo\u0161 gore jer su vlasti posredno ili neposredno eliminirale dvije tre\u0107ine spomenika i imena ulica kojima je grad pamtio svoje heroine i heroje, koji su vlastitim \u017eivotima zaustavili fa\u0161isti\u010dku ma\u0161inu smrti. Tito je bio posljednji u nizu kao najve\u0107i simbol tog otpora. U spomen na sve njih i njihovu \u017ertvu, ove godine organiziramo Mar\u0161 solidarnosti na temu sje\u0107anja antifa\u0161isti\u010dke borbe Zagreba.<\/p>\n<p>&nbsp;<\/p>\n<p>&nbsp;<\/p>\n<p>Mi od svoje pro\u0161losti ne\u0107emo odustati, ali ne\u0107emo odustati niti od budu\u0107nosti na\u0161ega grada i zemlje. Pridru\u017eite nam se na ulicama Zagreba gdje \u0107emo potra\u017eiti odgovore na pitanja o razmjerima njegovog antifa\u0161isti\u010dkog otpora, kao i odgovore o suvremenoj funkciji kolektivnog pam\u0107enja i zbog \u010dega antifa\u0161isti\u010dko sje\u0107anje predstavlja opasnost za postoje\u0107e odnose mo\u0107i u hrvatskom dru\u0161tvu.<\/p>\n<p>&nbsp;<\/p>\n<p>&nbsp;<\/p>\n<p>Mar\u0161 solidarnosti #10 odr\u017eat \u0107e se 11.11., s po\u010detkom u 11 h na Glavnom \u017eeljezni\u010dkom kolodvoru u Zagrebu (kod najstarije parne lokomotive u fundusu H\u017d-a), a nastavit \u0107e se na sljede\u0107im to\u010dkama, gdje \u0107e nastupati i odabrani govornici te s okupljenima razgovarati o va\u017enim sje\u0107anjima vezanima za ta mjesta:<\/p>\n<p>&nbsp;<\/p>\n<p>1) Katica na Glavnom kolodvoru (govornica: <strong>Anja Grgurinovi\u0107<\/strong>, MAZ)<br \/>\n2) rodna ku\u0107a Ive Lole Ribara (<strong>Lovro Krni\u0107<\/strong>, Antifa\u0161isti\u010dki Vjesnik)<br \/>\n3) Ministarstvo kulture (<strong>Boris Postnikov<\/strong>, Novosti)<br \/>\n4) Trg mar\u0161ala Tita (govornik\/ca \u0107e biti poznati na licu mjesta)<br \/>\n5) trafika sestara Bakovi\u0107 (<strong>Leila Topi\u0107<\/strong>, Centar za \u017eenske studije)<br \/>\n6) redakcija Novosti (<strong>Aneta Lali\u0107<\/strong>, Srpsko narodno vije\u0107e)<br \/>\n7) spomenik \u201cStrijeljanje talaca\u201d Frane Kr\u0161ini\u0107a (govornik\/ca \u0107e biti poznati na licu mjesta)<br \/>\n8) Savez antifa\u0161isti\u010dkih boraca i antifa\u0161ista + Mre\u017ea antifa\u0161istkinja Zagreba<\/p>\n<p>&nbsp;<\/p>\n<p>&nbsp;<\/p>\n<p>Nakon odmora uz okrepu (oko 13 h), Mar\u0161 solidarnosti #10 zavr\u0161it \u0107emo razgovorom s dr.sc. <strong>Branimirom Jankovi\u0107em<\/strong> u sjedi\u0161tu SABA i MAZ-a (Ulica Pavla Hatza 16), koji \u0107e voditi Anja Grgurinovi\u0107. Kroz razgovor \u0107emo uz konkretne primjere poku\u0161ati objasniti suvremenu va\u017enost sje\u0107anja, kao i njenu politi\u010dku relevantnost. Okvirno trajanje dru\u017eenja je od 14 do 15:30 h, ovisno koliko \u0107e nas dugo grijati grah i pi\u0107e.<\/p>\n<p>&nbsp;<\/p>\n<p>&nbsp;<\/p>\n<p>Mar\u0161 solidarnosti #10 \u2015 <em>Ja sje\u0107am se!<\/em><\/p>\n<p>&nbsp;<\/p>\n<p>&nbsp;<\/p>\n<p>Izvor: <a href=\"http:\/\/www.maz.hr\/2017\/11\/05\/mars-solidarnosti-10-%e2%80%95-ja-sjecam-se\/\">http:\/\/www.maz.hr\/2017\/11\/05\/mars-solidarnosti-10-%e2%80%95-ja-sjecam-se\/<\/a><\/p>\n<p>&nbsp;<\/p>\n<p>&nbsp;<\/p>\n<p>&nbsp;<\/p>\n","protected":false},"excerpt":{"rendered":"","protected":false},"author":2,"featured_media":6801,"comment_status":"open","ping_status":"open","sticky":false,"template":"","format":"standard","meta":{"_acf_changed":false,"jetpack_post_was_ever_published":false,"_jetpack_newsletter_access":"","_jetpack_dont_email_post_to_subs":false,"_jetpack_newsletter_tier_id":0,"_jetpack_memberships_contains_paywalled_content":false,"_jetpack_memberships_contains_paid_content":false,"footnotes":"","jetpack_publicize_message":"","jetpack_publicize_feature_enabled":true,"jetpack_social_post_already_shared":true,"jetpack_social_options":{"image_generator_settings":{"template":"highway","default_image_id":0,"font":"","enabled":false},"version":2}},"categories":[3],"tags":[],"class_list":["post-6800","post","type-post","status-publish","format-standard","has-post-thumbnail","hentry","category-novosti"],"acf":{"facebook_opis":""},"jetpack_publicize_connections":[],"jetpack_featured_media_url":"https:\/\/i0.wp.com\/historiografija.hr\/wp-content\/uploads\/2017\/11\/Ja-sjecam-se.jpg?fit=1024%2C576&ssl=1","jetpack_sharing_enabled":true,"jetpack-related-posts":[{"id":52148,"url":"https:\/\/historiografija.hr\/?p=52148","url_meta":{"origin":6800,"position":0},"title":"Poziv za prijavu na me\u0111unarodnu znanstvenu konferenciju \u201eGranice (ne)slobode: Zadarski krug 1966. Intelektualna opozicija u totalitarnom dru\u0161tvu\u201c","author":"Branimir Jankovi\u0107","date":"27. o\u017eujka 2026.","format":false,"excerpt":"\u00a0\u00a0\u00a0\u00a0 Povodom \u0161ezdesete obljetnice poku\u0161aja osnivanja \u010dasopisa Slobodan glas u Zadru 1966. godine, pozivamo vas na znanstvenu konferenciju posve\u0107enu istra\u017eivanju disidentstva, intelektualne opozicije i granica divergentnog mi\u0161ljenja nasuprot slu\u017ebenoj ideologiji u komunisti\u010dkoj Jugoslaviji. Ideja konferencije je analizirati konkretan fenomen zadarskog slu\u010daja razloge i okolnosti njegove pojave, ali uz otvaranje komparativnih\u2026","rel":"","context":"U &quot;Novosti&quot;","block_context":{"text":"Novosti","link":"https:\/\/historiografija.hr\/?cat=3"},"img":{"alt_text":"","src":"https:\/\/i0.wp.com\/historiografija.hr\/wp-content\/uploads\/2026\/03\/Poziv-konferencija-Zadar.jpg?fit=1200%2C509&ssl=1&resize=350%2C200","width":350,"height":200,"srcset":"https:\/\/i0.wp.com\/historiografija.hr\/wp-content\/uploads\/2026\/03\/Poziv-konferencija-Zadar.jpg?fit=1200%2C509&ssl=1&resize=350%2C200 1x, https:\/\/i0.wp.com\/historiografija.hr\/wp-content\/uploads\/2026\/03\/Poziv-konferencija-Zadar.jpg?fit=1200%2C509&ssl=1&resize=525%2C300 1.5x, https:\/\/i0.wp.com\/historiografija.hr\/wp-content\/uploads\/2026\/03\/Poziv-konferencija-Zadar.jpg?fit=1200%2C509&ssl=1&resize=700%2C400 2x, https:\/\/i0.wp.com\/historiografija.hr\/wp-content\/uploads\/2026\/03\/Poziv-konferencija-Zadar.jpg?fit=1200%2C509&ssl=1&resize=1050%2C600 3x"},"classes":[]},{"id":52543,"url":"https:\/\/historiografija.hr\/?p=52543","url_meta":{"origin":6800,"position":1},"title":"Znanstveno-stru\u010dni skup \u201eOto\u010dne pu\u010dke pobo\u017enosti: kontinuiteti i transformacije\u201c","author":"Branimir Jankovi\u0107","date":"20. travnja 2026.","format":false,"excerpt":"Najavljujemo\u00a0znanstveno-stru\u010dni skup \u201eOto\u010dne pu\u010dke pobo\u017enosti: kontinuiteti i transformacije\u201c,\u00a0koji \u0107e se odr\u017eati\u00a0u Rabu od 24. do 26. travnja 2026.,\u00a0u organizaciji i uz potporu\u00a0Instituta za etnologiju i folkloristiku, Zagreb, \u00a0Grada Raba, Pu\u010dkog otvorenog u\u010dili\u0161ta Rab i Centra za istra\u017eivanje srednjovjekovne ba\u0161tine Jadrana RIMAH. Skup okuplja vode\u0107e doma\u0107e stru\u010dnjake koji \u0107e kroz niz\u2026","rel":"","context":"U &quot;Novosti&quot;","block_context":{"text":"Novosti","link":"https:\/\/historiografija.hr\/?cat=3"},"img":{"alt_text":"","src":"https:\/\/i0.wp.com\/historiografija.hr\/wp-content\/uploads\/2026\/04\/Skup_Rab.jpg?fit=848%2C1200&ssl=1&resize=350%2C200","width":350,"height":200,"srcset":"https:\/\/i0.wp.com\/historiografija.hr\/wp-content\/uploads\/2026\/04\/Skup_Rab.jpg?fit=848%2C1200&ssl=1&resize=350%2C200 1x, https:\/\/i0.wp.com\/historiografija.hr\/wp-content\/uploads\/2026\/04\/Skup_Rab.jpg?fit=848%2C1200&ssl=1&resize=525%2C300 1.5x, https:\/\/i0.wp.com\/historiografija.hr\/wp-content\/uploads\/2026\/04\/Skup_Rab.jpg?fit=848%2C1200&ssl=1&resize=700%2C400 2x"},"classes":[]},{"id":52633,"url":"https:\/\/historiografija.hr\/?p=52633","url_meta":{"origin":6800,"position":2},"title":"POVIJEST TRE\u0160NJEVA\u010cKE GLAZBE: prikupljanje virtualnog fundusa Muzeja susjedstva Tre\u0161njevka","author":"Branimir Jankovi\u0107","date":"23. travnja 2026.","format":false,"excerpt":"utorak 28. 4. 2026. 14 - 18 h Nova BAZA, Nova cesta 66, Zagreb Prvi su dani ljeta 1957. godine. Bo\u017eica Kalafati\u0107 poha\u0111a drugi razred Osnovne \u0161kole Bratstvo i jedinstvo, danas kralja Tomislava, a ide i na muzi\u010dke satove u Mo\u0161\u0107eni\u010dkoj ulici. Na fotografiji s harmonikom u rukama stoji u\u2026","rel":"","context":"U &quot;Novosti&quot;","block_context":{"text":"Novosti","link":"https:\/\/historiografija.hr\/?cat=3"},"img":{"alt_text":"","src":"https:\/\/i0.wp.com\/historiografija.hr\/wp-content\/uploads\/2026\/04\/MST_prikupljanje.jpg?fit=380%2C475&ssl=1&resize=350%2C200","width":350,"height":200},"classes":[]},{"id":52666,"url":"https:\/\/historiografija.hr\/?p=52666","url_meta":{"origin":6800,"position":3},"title":"Najava programa Festivala povijesti Kliofest (5-8. V. 2026)","author":"Branimir Jankovi\u0107","date":"24. travnja 2026.","format":false,"excerpt":"Po trinaesti put odr\u017eava se Festival povijesti Kliofest! Do petka \u0107emo odr\u017eati osam okruglih stolova i dva kolokvija te niz predstavljanja knjiga i projekata razli\u010dite tematike, od antike do suvremenosti. Bit \u0107e predstavljeno i nekoliko izlo\u017ebi te odr\u017ean jedan povijesni kviz. Prikazat \u0107emo i jedan film \u2013 o generalu Boroevi\u0107u.\u2026","rel":"","context":"U &quot;Novosti&quot;","block_context":{"text":"Novosti","link":"https:\/\/historiografija.hr\/?cat=3"},"img":{"alt_text":"","src":"https:\/\/i0.wp.com\/historiografija.hr\/wp-content\/uploads\/2026\/04\/Kliofest-2026.jpg?fit=526%2C526&ssl=1&resize=350%2C200","width":350,"height":200,"srcset":"https:\/\/i0.wp.com\/historiografija.hr\/wp-content\/uploads\/2026\/04\/Kliofest-2026.jpg?fit=526%2C526&ssl=1&resize=350%2C200 1x, https:\/\/i0.wp.com\/historiografija.hr\/wp-content\/uploads\/2026\/04\/Kliofest-2026.jpg?fit=526%2C526&ssl=1&resize=525%2C300 1.5x"},"classes":[]},{"id":52592,"url":"https:\/\/historiografija.hr\/?p=52592","url_meta":{"origin":6800,"position":4},"title":"Predstavljanje knjige &#8220;Turska ku\u0107a u Rijeci&#8221; u Zagrebu","author":"Branimir Jankovi\u0107","date":"22. travnja 2026.","format":false,"excerpt":"U prostorijama Turskog kulturnog centra Yunus Emre u Zagrebu, u utorak 21. travnja 2026. godine, odr\u017eano je sve\u010dano predstavljanje dopunjenog izdanja knjige Turska ku\u0107a u Rijeci, u organizaciji Hrvatsko-turskog dru\u0161tva Rijeka i partnerstvu sa Skupinom prijateljstva Hrvatska-Turska Hrvatskog sabora, Veleposlanstvom Republike Turske u Republici Hrvatskoj te Turskim kulturnim centrom Yunus\u2026","rel":"","context":"U &quot;Novosti&quot;","block_context":{"text":"Novosti","link":"https:\/\/historiografija.hr\/?cat=3"},"img":{"alt_text":"","src":"https:\/\/i0.wp.com\/historiografija.hr\/wp-content\/uploads\/2026\/04\/Turska-kuca-ZG.jpg?fit=1200%2C800&ssl=1&resize=350%2C200","width":350,"height":200,"srcset":"https:\/\/i0.wp.com\/historiografija.hr\/wp-content\/uploads\/2026\/04\/Turska-kuca-ZG.jpg?fit=1200%2C800&ssl=1&resize=350%2C200 1x, https:\/\/i0.wp.com\/historiografija.hr\/wp-content\/uploads\/2026\/04\/Turska-kuca-ZG.jpg?fit=1200%2C800&ssl=1&resize=525%2C300 1.5x, https:\/\/i0.wp.com\/historiografija.hr\/wp-content\/uploads\/2026\/04\/Turska-kuca-ZG.jpg?fit=1200%2C800&ssl=1&resize=700%2C400 2x, https:\/\/i0.wp.com\/historiografija.hr\/wp-content\/uploads\/2026\/04\/Turska-kuca-ZG.jpg?fit=1200%2C800&ssl=1&resize=1050%2C600 3x"},"classes":[]},{"id":52669,"url":"https:\/\/historiografija.hr\/?p=52669","url_meta":{"origin":6800,"position":5},"title":"Predavanje Igora Dude &#8220;Odmor kao \u017eivotna potreba: o slobodnom vremenu u socijalisti\u010dkoj Jugoslaviji&#8221;","author":"Branimir Jankovi\u0107","date":"27. travnja 2026.","format":false,"excerpt":"U sklopu proljetnog ciklusa programa\u00a0Kriti\u010dka dramaturgija: pauza, u\u00a0subotu, 25. travnja 2026. u 19 sati\u00a0u prostoru Udru\u017eenja hrvatskih arhitekata povjesni\u010dar Igor Duda\u00a0odr\u017eao je predavanje naslovljeno\u00a0Odmor kao \u017eivotna potreba: o slobodnom vremenu u socijalisti\u010dkoj Jugoslaviji. Industrijalizacija i urbanizacija dru\u0161tava u povijesti su zna\u010dile i prelazak s predindustrijskog na industrijsko shva\u0107anje vremena. Ono\u2026","rel":"","context":"U &quot;Novosti&quot;","block_context":{"text":"Novosti","link":"https:\/\/historiografija.hr\/?cat=3"},"img":{"alt_text":"","src":"https:\/\/i0.wp.com\/historiografija.hr\/wp-content\/uploads\/2026\/04\/Duda.png?fit=1200%2C628&ssl=1&resize=350%2C200","width":350,"height":200,"srcset":"https:\/\/i0.wp.com\/historiografija.hr\/wp-content\/uploads\/2026\/04\/Duda.png?fit=1200%2C628&ssl=1&resize=350%2C200 1x, https:\/\/i0.wp.com\/historiografija.hr\/wp-content\/uploads\/2026\/04\/Duda.png?fit=1200%2C628&ssl=1&resize=525%2C300 1.5x, https:\/\/i0.wp.com\/historiografija.hr\/wp-content\/uploads\/2026\/04\/Duda.png?fit=1200%2C628&ssl=1&resize=700%2C400 2x, https:\/\/i0.wp.com\/historiografija.hr\/wp-content\/uploads\/2026\/04\/Duda.png?fit=1200%2C628&ssl=1&resize=1050%2C600 3x"},"classes":[]}],"_links":{"self":[{"href":"https:\/\/historiografija.hr\/index.php?rest_route=\/wp\/v2\/posts\/6800","targetHints":{"allow":["GET"]}}],"collection":[{"href":"https:\/\/historiografija.hr\/index.php?rest_route=\/wp\/v2\/posts"}],"about":[{"href":"https:\/\/historiografija.hr\/index.php?rest_route=\/wp\/v2\/types\/post"}],"author":[{"embeddable":true,"href":"https:\/\/historiografija.hr\/index.php?rest_route=\/wp\/v2\/users\/2"}],"replies":[{"embeddable":true,"href":"https:\/\/historiografija.hr\/index.php?rest_route=%2Fwp%2Fv2%2Fcomments&post=6800"}],"version-history":[{"count":1,"href":"https:\/\/historiografija.hr\/index.php?rest_route=\/wp\/v2\/posts\/6800\/revisions"}],"predecessor-version":[{"id":6802,"href":"https:\/\/historiografija.hr\/index.php?rest_route=\/wp\/v2\/posts\/6800\/revisions\/6802"}],"wp:featuredmedia":[{"embeddable":true,"href":"https:\/\/historiografija.hr\/index.php?rest_route=\/wp\/v2\/media\/6801"}],"wp:attachment":[{"href":"https:\/\/historiografija.hr\/index.php?rest_route=%2Fwp%2Fv2%2Fmedia&parent=6800"}],"wp:term":[{"taxonomy":"category","embeddable":true,"href":"https:\/\/historiografija.hr\/index.php?rest_route=%2Fwp%2Fv2%2Fcategories&post=6800"},{"taxonomy":"post_tag","embeddable":true,"href":"https:\/\/historiografija.hr\/index.php?rest_route=%2Fwp%2Fv2%2Ftags&post=6800"}],"curies":[{"name":"wp","href":"https:\/\/api.w.org\/{rel}","templated":true}]}}