{"id":6793,"date":"2017-11-08T11:49:48","date_gmt":"2017-11-08T11:49:48","guid":{"rendered":"http:\/\/historiografija.hr\/?p=6793"},"modified":"2017-11-08T11:50:37","modified_gmt":"2017-11-08T11:50:37","slug":"zenski-antifasisticki-zagreb-u-splitu-izlozba-i-tribina","status":"publish","type":"post","link":"https:\/\/historiografija.hr\/?p=6793","title":{"rendered":"\u017denski antifa\u0161isti\u010dki Zagreb u Splitu: izlo\u017eba i tribina"},"content":{"rendered":"<p>U petak, 10. 11. 2017. u Splitu gostuje izlo\u017eba \u201e\u017denski antifa\u0161isti\u010dki Zagreb\u201c kojoj prethodi tribina \u201e\u017denske organizacije i antifa\u0161isti\u010dko djelovanje u Splitu i Zagrebu (1918-1945)\u201c.<\/p>\n<p>&nbsp;<\/p>\n<p>&#8212;<\/p>\n<p>&nbsp;<\/p>\n<p>Centar za \u017eenske studije (Zagreb), Kulturno-umjetni\u010dka udruga ROMB (Split) i\u00a0 udruga Domine (Split)<\/p>\n<p>&nbsp;<\/p>\n<p>Pozivaju vas na otvorenje dokumentarne izlo\u017ebe \u201e\u017denski antifa\u0161isti\u010dki Zagreb\u201c u petak 10. 11. 2017. u 19:00 sati u Galeriji Praktika (Dom mladih, Ulica slobode 28, Split).<\/p>\n<p>&nbsp;<\/p>\n<p>Izlo\u017ebi prethodi tribina \u201e\u017denske organizacije i antifa\u0161isti\u010dko djelovanje u Splitu i Zagrebu (1918-1945)\u201c u 18:00 sati u Klubu KOCKA (Dom mladih, Ulica slobode 28, Split) koju \u0107e moderirati Diana Magdi\u0107 uz go\u0161\u0107e Mirjanu Ku\u010der, Anu Lovrekovi\u0107 i Barbaru Blasin. Razgovarat \u0107e se o povijesti \u017eenskih organizacija u me\u0111uratnom periodu, o anga\u017emanu tih organizacija na antifa\u0161isti\u010dkoj predratnoj sceni te masovnom uklju\u010denju \u017eena u oru\u017eani otpor u periodu Drugog svjetskog rata u Splitu i Zagrebu.<\/p>\n<p>&nbsp;<\/p>\n<p>Autorice izlo\u017ebe i istra\u017eiva\u010dice u projektu \u201e\u017denski antifa\u0161isti\u010dki Zagreb\u201c su Barbara Blasin i Ana Lovrekovi\u0107, a projekt se bavi me\u0111uratnim razdobljem i razdobljem II. svjetskog rata (1939 -1945) iz antifa\u0161isti\u010dkog i feministi\u010dkog diskursa, prate\u0107i predratnu povijest \u017eenskih pokreta, sindikalnog, omladinskog i studentskog organiziranja, te naposljetku organiziranje i masovno sudjelovanje \u017eena Zagreba u antifa\u0161isti\u010dkom otporu. Iz borbe za politi\u010dka i radna prava te jednaku dostupnost obrazovanja na svim razinama, u kontekstu ubrzanog rasta ekonomske i politi\u010dke represije u zemlji, kao i bujanja fa\u0161izma u Europi, proiza\u0161la je generacija \u017eena koja je svojim masovnim u\u010de\u0161\u0107em u antifa\u0161isti\u010dkom otporu i velikim \u017ertvama kona\u010dno omogu\u0107ila punu pravnu jednakost \u017eena nakon rata. Radi se o prvoj generaciji \u017eena na ovim prostorima koja je masovno sudjelovala u javnom i politi\u010dkom \u017eivotu, a to je\u00a0 klju\u010dno i neizbrisivo oblikovalo dru\u0161tvo i generacije nakon njih, sve do danas.<\/p>\n<p>&nbsp;<\/p>\n<p>&nbsp;<\/p>\n<p>TRIBINA \u201e\u017dENSKE ORGANIZACIJE I ANTIFA\u0160ISTI\u010cKO DJELOVANJE U SPLITU I ZAGREBU (1918-1945)\u201c:<\/p>\n<ol start=\"11\">\n<li>2017. \/petak \/ 18:00 \/ Klub KOCKA<\/li>\n<\/ol>\n<p>&nbsp;<\/p>\n<p>OTVORENJE IZLO\u017dBE \u201e\u017dENSKI ANTIFA\u0160ISTI\u010cKI ZAGREB\u201c:<\/p>\n<ol start=\"11\">\n<li>2017. \/ petak \/ 19:00 \/ Galerija Praktika<\/li>\n<\/ol>\n<p>(nakon otvorenja izlo\u017ebe otvara se plesni podij)<\/p>\n<p>&nbsp;<\/p>\n<p>RAZGOVOR I VO\u0110ENJE KROZ IZLO\u017dBU:<\/p>\n<ol start=\"11\">\n<li>\/ subota \/ 2017. \/ 12:00<\/li>\n<\/ol>\n<p>&nbsp;<\/p>\n<p>TRAJANJE IZLO\u017dBE:<\/p>\n<ol start=\"11\">\n<li>\u2013 20. 11. 2017.<\/li>\n<\/ol>\n<p>&nbsp;<\/p>\n<p>Facebook: <a href=\"https:\/\/www.facebook.com\/events\/332623653872686\/\">https:\/\/www.facebook.com\/events\/332623653872686\/<\/a><\/p>\n<p>&nbsp;<\/p>\n<p>Turneja izlo\u017ebe iz Zagreba realizirana je u suradnji sa Savezom udruga Klubtura \/ Clubture Network. Nositelj projekta je Centar za \u017eenske studije, Zagreb, a partnerske organizacije su: Samoupravna interesna zajednica (SIZ), Rijeka, Art radionica Lazareti, Dubrovnik i Kulturno-umjetni\u010dka udruga ROMB, Split. Donatori programa razmjene i suradnje Clubture-a su: Ministarstvo kulture Republike Hrvatske, Grad Zagreb \u2013 gradski ured za kulturu, obrazovanje i sport, Zaklada Kultura nova, Nacionalna zaklada za razvoj civilnog dru\u0161tva \/ kroz projekt Centri znanja.<\/p>\n<p>&nbsp;<\/p>\n<p>Izvor: <a href=\"https:\/\/zenstud.hr\/2017\/11\/07\/zenski-antifasisticki-zagreb-u-splitu-izlozba-i-tribina\/\">https:\/\/zenstud.hr\/2017\/11\/07\/zenski-antifasisticki-zagreb-u-splitu-izlozba-i-tribina\/<\/a><\/p>\n<p>&nbsp;<\/p>\n<p>&nbsp;<\/p>\n<p>&nbsp;<\/p>\n<p>&nbsp;<\/p>\n","protected":false},"excerpt":{"rendered":"","protected":false},"author":2,"featured_media":6794,"comment_status":"open","ping_status":"open","sticky":false,"template":"","format":"standard","meta":{"_acf_changed":false,"jetpack_post_was_ever_published":false,"_jetpack_newsletter_access":"","_jetpack_dont_email_post_to_subs":false,"_jetpack_newsletter_tier_id":0,"_jetpack_memberships_contains_paywalled_content":false,"_jetpack_memberships_contains_paid_content":false,"footnotes":"","jetpack_publicize_message":"","jetpack_publicize_feature_enabled":true,"jetpack_social_post_already_shared":true,"jetpack_social_options":{"image_generator_settings":{"template":"highway","default_image_id":0,"font":"","enabled":false},"version":2}},"categories":[10,3],"tags":[],"class_list":["post-6793","post","type-post","status-publish","format-standard","has-post-thumbnail","hentry","category-izlozbe","category-novosti"],"acf":{"facebook_opis":""},"jetpack_publicize_connections":[],"jetpack_featured_media_url":"https:\/\/i0.wp.com\/historiografija.hr\/wp-content\/uploads\/2017\/11\/ZaZ.jpg?fit=969%2C510&ssl=1","jetpack_sharing_enabled":true,"jetpack-related-posts":[{"id":52563,"url":"https:\/\/historiografija.hr\/?p=52563","url_meta":{"origin":6793,"position":0},"title":"Predavanje Nenada Fabijani\u0107a o stadionu Poljud u Splitu","author":"Branimir Jankovi\u0107","date":"21. travnja 2026.","format":false,"excerpt":"Znanstveno vije\u0107e za arhitekturu, urbanizam i ure\u0111enje prostora Hrvatske akademije znanosti i umjetnosti organizira predavanje \u201cPo Poljudu\u201d koje \u0107e u srijedu 22. travnja 2026. s po\u010detkom u 14 sati u Knji\u017enici HAZU, Strossmayerov trg 14 u Zagrebu, odr\u017eati\u00a0prof. emerit. dr. art. Nenad Fabijani\u0107,\u00a0\u010dlan suradnik HAZU. Predavanje \u201ePo Poljudu\u201c (Projekt obnove)\u2026","rel":"","context":"U &quot;Novosti&quot;","block_context":{"text":"Novosti","link":"https:\/\/historiografija.hr\/?cat=3"},"img":{"alt_text":"","src":"https:\/\/i0.wp.com\/historiografija.hr\/wp-content\/uploads\/2026\/04\/Poljud-scaled.jpeg?fit=1200%2C800&ssl=1&resize=350%2C200","width":350,"height":200,"srcset":"https:\/\/i0.wp.com\/historiografija.hr\/wp-content\/uploads\/2026\/04\/Poljud-scaled.jpeg?fit=1200%2C800&ssl=1&resize=350%2C200 1x, https:\/\/i0.wp.com\/historiografija.hr\/wp-content\/uploads\/2026\/04\/Poljud-scaled.jpeg?fit=1200%2C800&ssl=1&resize=525%2C300 1.5x, https:\/\/i0.wp.com\/historiografija.hr\/wp-content\/uploads\/2026\/04\/Poljud-scaled.jpeg?fit=1200%2C800&ssl=1&resize=700%2C400 2x, https:\/\/i0.wp.com\/historiografija.hr\/wp-content\/uploads\/2026\/04\/Poljud-scaled.jpeg?fit=1200%2C800&ssl=1&resize=1050%2C600 3x"},"classes":[]},{"id":52631,"url":"https:\/\/historiografija.hr\/?p=52631","url_meta":{"origin":6793,"position":1},"title":"Predavanje Ivana Tepe\u0161a: Djelovanje hrvatske politi\u010dke emigracije","author":"Branimir Jankovi\u0107","date":"23. travnja 2026.","format":false,"excerpt":"Odjel za me\u0111unarodnu suradnju i iseljeni\u0161tvo Matice hrvatske Predavanje Ivana Tepe\u0161a: Djelovanje hrvatske politi\u010dke emigracije Utorak, 28. travnja 2026. u 18:00 sati, Dvorana Ljudevita Jonkea (Mala dvorana MH), Strossmayerov trg 4, Zagreb dr. sc. Ivan Tepe\u0161, Institut za istra\u017eivanje migracija Hrvatska politi\u010dka emigracija obilje\u017eila je polustoljetnu hrvatsku povijest u drugoj\u2026","rel":"","context":"U &quot;Novosti&quot;","block_context":{"text":"Novosti","link":"https:\/\/historiografija.hr\/?cat=3"},"img":{"alt_text":"","src":"","width":0,"height":0},"classes":[]},{"id":52619,"url":"https:\/\/historiografija.hr\/?p=52619","url_meta":{"origin":6793,"position":2},"title":"Predavanje \u0110ur\u0111ice Vitkovi\u0107 &#8220;Izme\u0111u pera i objektiva: Zagorka i Foto Tonka&#8221;","author":"Branimir Jankovi\u0107","date":"23. travnja 2026.","format":false,"excerpt":"Memorijalni stan Marije Juri\u0107 Zagorke poziva Vas na predavanje \u0110ur\u0111ice Vitkovi\u0107 \u201eIzme\u0111u pera i objektiva: Zagorka i Foto Tonka\u201c koje \u0107e se odr\u017eati u utorak, 28. travnja 2026. s po\u010detkom u 18 h u sklopu Ciklusa predavanja u Memorijalnom stanu Marije Juri\u0107 Zagorke. Kako su se susrele knji\u017eevnost i fotografija\u2026","rel":"","context":"U &quot;Novosti&quot;","block_context":{"text":"Novosti","link":"https:\/\/historiografija.hr\/?cat=3"},"img":{"alt_text":"","src":"https:\/\/i0.wp.com\/historiografija.hr\/wp-content\/uploads\/2024\/11\/Zagorka_ciklus.jpg?fit=1200%2C1006&ssl=1&resize=350%2C200","width":350,"height":200,"srcset":"https:\/\/i0.wp.com\/historiografija.hr\/wp-content\/uploads\/2024\/11\/Zagorka_ciklus.jpg?fit=1200%2C1006&ssl=1&resize=350%2C200 1x, https:\/\/i0.wp.com\/historiografija.hr\/wp-content\/uploads\/2024\/11\/Zagorka_ciklus.jpg?fit=1200%2C1006&ssl=1&resize=525%2C300 1.5x, https:\/\/i0.wp.com\/historiografija.hr\/wp-content\/uploads\/2024\/11\/Zagorka_ciklus.jpg?fit=1200%2C1006&ssl=1&resize=700%2C400 2x, https:\/\/i0.wp.com\/historiografija.hr\/wp-content\/uploads\/2024\/11\/Zagorka_ciklus.jpg?fit=1200%2C1006&ssl=1&resize=1050%2C600 3x"},"classes":[]},{"id":52505,"url":"https:\/\/historiografija.hr\/?p=52505","url_meta":{"origin":6793,"position":3},"title":"Izlo\u017eba &#8220;Eschenstock \/ Jasenov prut&#8221;","author":"Branimir Jankovi\u0107","date":"17. travnja 2026.","format":false,"excerpt":"Srpsko narodno vije\u0107e (SNV) i Vizura aperta postavljaju izlo\u017ebu \u0161vicarskog slikara Velimira Ili\u0161evi\u0107a: Eschenstock \/ Jasenov prut. Izlo\u017eba se uz prisustvo autora otvara povodom 81. godi\u0161njice proboja logora\u0161a iz usta\u0161kog logora smrti Jasenovac 22. aprila 2026. u 19 sati u Srpskom kulturnom centru (SKC) u Preradovi\u0107evoj ulici 21 u Zagrebu.\u2026","rel":"","context":"U &quot;Izlo\u017ebe&quot;","block_context":{"text":"Izlo\u017ebe","link":"https:\/\/historiografija.hr\/?cat=10"},"img":{"alt_text":"","src":"https:\/\/i0.wp.com\/historiografija.hr\/wp-content\/uploads\/2026\/04\/Jasenov_prut.jpg?fit=1024%2C640&ssl=1&resize=350%2C200","width":350,"height":200,"srcset":"https:\/\/i0.wp.com\/historiografija.hr\/wp-content\/uploads\/2026\/04\/Jasenov_prut.jpg?fit=1024%2C640&ssl=1&resize=350%2C200 1x, https:\/\/i0.wp.com\/historiografija.hr\/wp-content\/uploads\/2026\/04\/Jasenov_prut.jpg?fit=1024%2C640&ssl=1&resize=525%2C300 1.5x, https:\/\/i0.wp.com\/historiografija.hr\/wp-content\/uploads\/2026\/04\/Jasenov_prut.jpg?fit=1024%2C640&ssl=1&resize=700%2C400 2x"},"classes":[]},{"id":52547,"url":"https:\/\/historiografija.hr\/?p=52547","url_meta":{"origin":6793,"position":4},"title":"ISHA Zagreb \u2013 Filmska ve\u010der: Povratak Martina Guerrea","author":"Branimir Jankovi\u0107","date":"20. travnja 2026.","format":false,"excerpt":"Klub studenata povijesti \u2013 ISHA Zagreb poziva Vas na filmsku ve\u010der na kojoj \u0107e se prikazivati \u201ePovratak Martina Guerrea\u201c, povijesna drama iz 1982. godine s radnjom smje\u0161tenom u 16. stolje\u0107u. Radnja je utemeljena na stvarnoj povijesnoj li\u010dnosti Martina Guerrea koji se nakon mnogo godina izbivanja vra\u0107a u svoje rodno mjesto\u2026","rel":"","context":"U &quot;Filmovi i serije&quot;","block_context":{"text":"Filmovi i serije","link":"https:\/\/historiografija.hr\/?cat=13"},"img":{"alt_text":"","src":"https:\/\/i0.wp.com\/historiografija.hr\/wp-content\/uploads\/2026\/04\/M-Guerre.png?fit=702%2C1006&ssl=1&resize=350%2C200","width":350,"height":200,"srcset":"https:\/\/i0.wp.com\/historiografija.hr\/wp-content\/uploads\/2026\/04\/M-Guerre.png?fit=702%2C1006&ssl=1&resize=350%2C200 1x, https:\/\/i0.wp.com\/historiografija.hr\/wp-content\/uploads\/2026\/04\/M-Guerre.png?fit=702%2C1006&ssl=1&resize=525%2C300 1.5x, https:\/\/i0.wp.com\/historiografija.hr\/wp-content\/uploads\/2026\/04\/M-Guerre.png?fit=702%2C1006&ssl=1&resize=700%2C400 2x"},"classes":[]},{"id":52511,"url":"https:\/\/historiografija.hr\/?p=52511","url_meta":{"origin":6793,"position":5},"title":"Izlo\u017eba &#8220;Lica Sljemena&#8221;","author":"Branimir Jankovi\u0107","date":"17. travnja 2026.","format":false,"excerpt":"Srda\u010dno vas pozivamo na otvorenje izlo\u017ebe Lica Sljemena koje \u0107e se odr\u017eati u srijedu 22. travnja 2026. u 18 h ispred Muzeja Prigorja (Trg Dragutina Domjani\u0107a 5, Sesvete). Izlo\u017eba proizlazi iz istra\u017eivanja Nevene \u0160krbi\u0107 Alempijevi\u0107, Petre Kelemen i Sanje Potkonjak te intervjua sa Sljemena\u0161icama i Sljemena\u0161ima, koji su provedeni u\u2026","rel":"","context":"U &quot;Izlo\u017ebe&quot;","block_context":{"text":"Izlo\u017ebe","link":"https:\/\/historiografija.hr\/?cat=10"},"img":{"alt_text":"","src":"https:\/\/i0.wp.com\/historiografija.hr\/wp-content\/uploads\/2026\/04\/Izlozba-Lica-Sljemena.png?fit=1080%2C686&ssl=1&resize=350%2C200","width":350,"height":200,"srcset":"https:\/\/i0.wp.com\/historiografija.hr\/wp-content\/uploads\/2026\/04\/Izlozba-Lica-Sljemena.png?fit=1080%2C686&ssl=1&resize=350%2C200 1x, https:\/\/i0.wp.com\/historiografija.hr\/wp-content\/uploads\/2026\/04\/Izlozba-Lica-Sljemena.png?fit=1080%2C686&ssl=1&resize=525%2C300 1.5x, https:\/\/i0.wp.com\/historiografija.hr\/wp-content\/uploads\/2026\/04\/Izlozba-Lica-Sljemena.png?fit=1080%2C686&ssl=1&resize=700%2C400 2x, https:\/\/i0.wp.com\/historiografija.hr\/wp-content\/uploads\/2026\/04\/Izlozba-Lica-Sljemena.png?fit=1080%2C686&ssl=1&resize=1050%2C600 3x"},"classes":[]}],"_links":{"self":[{"href":"https:\/\/historiografija.hr\/index.php?rest_route=\/wp\/v2\/posts\/6793","targetHints":{"allow":["GET"]}}],"collection":[{"href":"https:\/\/historiografija.hr\/index.php?rest_route=\/wp\/v2\/posts"}],"about":[{"href":"https:\/\/historiografija.hr\/index.php?rest_route=\/wp\/v2\/types\/post"}],"author":[{"embeddable":true,"href":"https:\/\/historiografija.hr\/index.php?rest_route=\/wp\/v2\/users\/2"}],"replies":[{"embeddable":true,"href":"https:\/\/historiografija.hr\/index.php?rest_route=%2Fwp%2Fv2%2Fcomments&post=6793"}],"version-history":[{"count":2,"href":"https:\/\/historiografija.hr\/index.php?rest_route=\/wp\/v2\/posts\/6793\/revisions"}],"predecessor-version":[{"id":6796,"href":"https:\/\/historiografija.hr\/index.php?rest_route=\/wp\/v2\/posts\/6793\/revisions\/6796"}],"wp:featuredmedia":[{"embeddable":true,"href":"https:\/\/historiografija.hr\/index.php?rest_route=\/wp\/v2\/media\/6794"}],"wp:attachment":[{"href":"https:\/\/historiografija.hr\/index.php?rest_route=%2Fwp%2Fv2%2Fmedia&parent=6793"}],"wp:term":[{"taxonomy":"category","embeddable":true,"href":"https:\/\/historiografija.hr\/index.php?rest_route=%2Fwp%2Fv2%2Fcategories&post=6793"},{"taxonomy":"post_tag","embeddable":true,"href":"https:\/\/historiografija.hr\/index.php?rest_route=%2Fwp%2Fv2%2Ftags&post=6793"}],"curies":[{"name":"wp","href":"https:\/\/api.w.org\/{rel}","templated":true}]}}