{"id":6788,"date":"2017-11-07T20:01:18","date_gmt":"2017-11-07T20:01:18","guid":{"rendered":"http:\/\/historiografija.hr\/?p=6788"},"modified":"2017-11-07T20:01:18","modified_gmt":"2017-11-07T20:01:18","slug":"europsko-ruski-odnosi-100-godina-od-oktobarske-revolucije","status":"publish","type":"post","link":"https:\/\/historiografija.hr\/?p=6788","title":{"rendered":"Europsko-ruski odnosi 100 godina od Oktobarske revolucije"},"content":{"rendered":"<p>Tribina \u0107e se odr\u017eati u \u010detvrtak, 9. studenog 2017. u 19 sati u prostorija Hrvatske paneuropske unije u Zagrebu (Juri\u0161i\u0107eva 1a), a govorit \u0107e Martin Previ\u0161i\u0107 i Davor Boban.<\/p>\n<p>&nbsp;<\/p>\n<p>&nbsp;<\/p>\n<p>&#8212;<\/p>\n<p>&nbsp;<\/p>\n<p>&nbsp;<\/p>\n<p>Mlade\u017e Hrvatske paneuropske unije<\/p>\n<p>&nbsp;<\/p>\n<p>&nbsp;<\/p>\n<p>Hrvatska paneuropska unija, Juri\u0161i\u0107eva 1a, Zagreb<\/p>\n<p>&nbsp;<\/p>\n<p>&nbsp;<\/p>\n<p>&nbsp;<\/p>\n<p>Po\u0161tovani \u010dlanovi i prijatelji Hrvatske paneuropske unije!<\/p>\n<p>&nbsp;<\/p>\n<p>&nbsp;<\/p>\n<p>\u010cast nam je pozvati Vas na<\/p>\n<p>&nbsp;<\/p>\n<p>&nbsp;<\/p>\n<p>TRIBINU<\/p>\n<p>&nbsp;<\/p>\n<p>u organizaciji Mlade\u017ei HPEU i HPEU, a povodom 100. obljetnice Oktobarske revolucije (koja se navr\u0161ava 7. 11. 2017.):<\/p>\n<p>&nbsp;<\/p>\n<p>&nbsp;<\/p>\n<p>&#8220;100 godina od Oktobarske revolucije&#8221;<\/p>\n<p>&nbsp;<\/p>\n<p>&nbsp;<\/p>\n<p>Na tribini \u0107e pregled doga\u0111aja vezanih uz Oktobarsku revoluciju dati doc. dr. sc. Martin Previ\u0161i\u0107, povjesni\u010dar s Filozofskoga fakulteta u Zagrebu, a o suvremenim odnosima s Rusijom govorit \u0107e doc. dr. sc. Davor Boban s Fakulteta politi\u010dkih znanosti Sveu\u010dili\u0161ta u Zagrebu, uz moderiranje Bruna Rukavine, studenta diplomskoga studija politi\u010dkih znanosti i \u010dlana predsjedni\u0161tva Mlade\u017ei HPEU.<\/p>\n<p>&nbsp;<\/p>\n<p>&nbsp;<\/p>\n<p>(Tribina \u0107e se odr\u017eati u \u010detvrtak, 9. studenoga u prostorijama Hrvatske paneuropske unije, Juri\u0161i\u0107eva 1a u Zagrebu s po\u010detkom u 19 sati.)<\/p>\n<p>&nbsp;<\/p>\n<p>&nbsp;<\/p>\n<p>Oktobarska revolucija 1917. godine ozna\u010dila je va\u017enu epohu u povijesti me\u0111unarodnog komunisti\u010dkog pokreta kao i svjetskoj povijesti op\u0107enito. U Rusiji je afirmirala prvi veliki centar nove ideologije, kao i prvu komunisti\u010dku dr\u017eavu, Sovjetski Savez, koja \u0107e godinama egzistirati kao model i potpora mnogim i dr\u017eavama i pokretima komunisti\u010dkoga predznaka. Sto godina od Oktobarske revolucije i gotovo 30 godina od raspada Sovjetskoga Saveza omogu\u0107uju nam pogled s distancije na ostav\u0161tinu tih velikih projekata.<\/p>\n<p>&nbsp;<\/p>\n<p>&nbsp;<\/p>\n<p>Moderni europsko-ruski odnosi stavljeni su pred veliki izazov nakon Ukrajinske krize. Jedan od glavnih problema su ekonomske sankcije nad Rusijom, koja ne poga\u0111a samo nju, nego sve strane u tom sukobu. Unutar EU postoje podijele po pitanjima i stavovima o Rusiji. Balti\u010dke dr\u017eave i Poljska strahuju od potencijalne ruske invazije, istovremeno ovise\u0107i o ruskim energentima, a za dr\u017eave kao \u0161to su Portugal ili \u0160panjolska, Rusija ne predstavlja tako va\u017enu ulogu u vanjskoj politici. Rusija je zbog sankcija primorana tra\u017eiti nove ekonomske i politi\u010dke partnere diljem svijeta u dr\u017eavama poput Kine, Indije i Brazila. Me\u0111utim, usprkos toga, Rusija je dr\u017eava, koja ne\u0107e nestati niti oti\u0107i s granica EU i zato je potrebno izgraditi jasnu strategiju i stav prema Rusiji uva\u017eavaju\u0107i i njihove interese, te definirati europske interese.<\/p>\n<p>&nbsp;<\/p>\n<p>&nbsp;<\/p>\n<p>Martin Previ\u0161i\u0107<br \/>\nCURRICULUM VITAE<\/p>\n<p>&nbsp;<\/p>\n<p>&nbsp;<\/p>\n<p>Martin Previ\u0161i\u0107 docent je na Odsjeku za povijest Filozofskoga fakulteta Sveu\u010dili\u0161ta u Zagrebu.<br \/>\nSpecijalizirao se za modernu hrvatsku, jugoslavensku i svojetsku politi\u010dku povijest s tematskim fokusom na teme vezane uz Me\u0111unarodni komunisti\u010dki pokret, povijest radni\u010dkih logora, kao i raspad Jugoslavije.<br \/>\n2017. godine bio je gostuju\u0107i predava\u010d na University of California Berkeley, University of Illinois na Urbana &#8211; Campaign, University of Pittsburgh, University of North Carolina &#8211; Chapel Hill, Furman University te Humboldtovom sveu\u010dili\u0161tu u Berlinu.<br \/>\nDobitnik je stipendije u Izraelu na Yad Vashem Me\u0111unarodnoj \u0161koli za istra\u017eivanje holokausta za Seminar za istra\u017eivanje holokausta za edukatore iz Hrvatske i Slovenije, u Jeruzalemu 2015. godine.<br \/>\nPredaje nekoliko kolegija na Filozofskom fakultetu: Hrvatska povijest nakon 1945., Povijest me\u0111unarodnog komunisti\u010dkog pokreta, Povijest Jugoslavije od 1945. do 1991., Sukob Tita i Staljina te Goli otok. Tako\u0111er je predava\u010d na Hrvatskom vojnom u\u010dili\u0161tu \u201cDr. Franjo Tu\u0111man\u201d.<\/p>\n<p>&nbsp;<\/p>\n<p>&nbsp;<\/p>\n<p>DAVOR BOBAN<br \/>\nCURRICULUM VITAE<\/p>\n<p>&nbsp;<\/p>\n<p>Davor Boban diplomirani je politolog na Fakultetu politi\u010dkih znanosti u Zagrebu. Doktorirao je 2009. godine na Fakultetu politi\u010dkih znanosti na temu \u201eKomparativna analiza polu-predsjedni\u010dkih sustava u Rusiji i Poljskoj\u201c. Dr\u017eao je mnogobrojna predavanja u dr\u017eavama biv\u0161eg Sovjetskog Saveza, kao \u0161to su Kazahstan, Azerbajd\u017ean, Bjelorusija, Ukrajina. Napisao je dvije knjige: Polu-predsjedni\u010dki sustavi Rusija i Poljska te Politi\u010dki sustav Rusije, koju je napisao u suradnji s profesorom Tihomirom Cipekom, a tako\u0111er je i autor mnogobrojnih \u010dlanaka na ove teme. Trenuta\u010dno radi na Fakultetu politi\u010dkih znanosti kao prodekan za studijske programe i cjelo\u017eivotno obrazovanje i kao profesor koji dr\u017ei kolegije: Novi autoritarni sustavi: Rusija i postsovjetski prostor i Politi\u010dki sustavi Srednje Europe i balti\u010dkih dr\u017eava<\/p>\n<p>&nbsp;<\/p>\n<p>&nbsp;<\/p>\n<p>Izvor: <a href=\"https:\/\/www.facebook.com\/events\/380628972367210\/\">https:\/\/www.facebook.com\/events\/380628972367210\/<\/a><\/p>\n<p>&nbsp;<\/p>\n<p>&nbsp;<\/p>\n<p>&nbsp;<\/p>\n","protected":false},"excerpt":{"rendered":"","protected":false},"author":2,"featured_media":6789,"comment_status":"open","ping_status":"open","sticky":false,"template":"","format":"standard","meta":{"_acf_changed":false,"jetpack_post_was_ever_published":false,"_jetpack_newsletter_access":"","_jetpack_dont_email_post_to_subs":false,"_jetpack_newsletter_tier_id":0,"_jetpack_memberships_contains_paywalled_content":false,"_jetpack_memberships_contains_paid_content":false,"footnotes":"","jetpack_publicize_message":"","jetpack_publicize_feature_enabled":true,"jetpack_social_post_already_shared":true,"jetpack_social_options":{"image_generator_settings":{"template":"highway","default_image_id":0,"font":"","enabled":false},"version":2}},"categories":[3],"tags":[],"class_list":["post-6788","post","type-post","status-publish","format-standard","has-post-thumbnail","hentry","category-novosti"],"acf":{"facebook_opis":""},"jetpack_publicize_connections":[],"jetpack_featured_media_url":"https:\/\/i0.wp.com\/historiografija.hr\/wp-content\/uploads\/2017\/11\/Eur-ruski.jpg?fit=960%2C738&ssl=1","jetpack_sharing_enabled":true,"jetpack-related-posts":[{"id":52607,"url":"https:\/\/historiografija.hr\/?p=52607","url_meta":{"origin":6788,"position":0},"title":"No\u0107 knjige: Kako je prije 410 godina smr\u0107u Shakespearea i Cervantesa zavr\u0161ilo razdoblje renesanse u knji\u017eevnosti","author":"Branimir Jankovi\u0107","date":"22. travnja 2026.","format":false,"excerpt":"\u010cetvrtak, 23. travnja 2026. u 18:00 sati, Knji\u017eara Matice hrvatske, Ulica Matice hrvatske 2, Zagreb Uvodna rije\u010d: dr. sc.\u00a0Dubravka Brezak Stama\u0107, pro\u010delnica Odjela za knji\u017eevnost Matice hrvatske Prof. dr. sc. Ivan Lupi\u0107, redoviti profesor u Odsjeku za anglistiku i Odsjeku za kroatistiku Sveu\u010dili\u0161ta u RijeciShakespeare, kazali\u0161te, glazbaKada se susre\u0107emo sa\u2026","rel":"","context":"U &quot;Novosti&quot;","block_context":{"text":"Novosti","link":"https:\/\/historiografija.hr\/?cat=3"},"img":{"alt_text":"","src":"https:\/\/i0.wp.com\/historiografija.hr\/wp-content\/uploads\/2026\/04\/noc_knjige_2026.jpg?fit=680%2C276&ssl=1&resize=350%2C200","width":350,"height":200,"srcset":"https:\/\/i0.wp.com\/historiografija.hr\/wp-content\/uploads\/2026\/04\/noc_knjige_2026.jpg?fit=680%2C276&ssl=1&resize=350%2C200 1x, https:\/\/i0.wp.com\/historiografija.hr\/wp-content\/uploads\/2026\/04\/noc_knjige_2026.jpg?fit=680%2C276&ssl=1&resize=525%2C300 1.5x"},"classes":[]},{"id":52502,"url":"https:\/\/historiografija.hr\/?p=52502","url_meta":{"origin":6788,"position":1},"title":"Novi znanstveni projekt Hrvatskog instituta za povijest: \u201c\u017drtve ratova i dr\u017eavnog\/politi\u010dkog nasilja u hrvatskoj povijesti 20. stolje\u0107a\u201d","author":"Branimir Jankovi\u0107","date":"17. travnja 2026.","format":false,"excerpt":"Na redovitoj sjednici Vlade RH, 16. travnja 2026., donijet je Zaklju\u010dak kojim se pokre\u0107e znanstveni projekt \u201c\u017drtve ratova i dr\u017eavnog\/politi\u010dkog nasilja u hrvatskoj povijesti 20. stolje\u0107a\u201d. Projekt \u0107e provoditi i koordinirati Hrvatski institut za povijest u razdoblju trajanja projekta od pet godina. Zakljucak Vlade RH Iz teksta projektnog prijedloga: Problematika\u2026","rel":"","context":"U &quot;Novosti&quot;","block_context":{"text":"Novosti","link":"https:\/\/historiografija.hr\/?cat=3"},"img":{"alt_text":"","src":"https:\/\/i0.wp.com\/historiografija.hr\/wp-content\/uploads\/2026\/04\/Vlada-RH.jpg?fit=1200%2C557&ssl=1&resize=350%2C200","width":350,"height":200,"srcset":"https:\/\/i0.wp.com\/historiografija.hr\/wp-content\/uploads\/2026\/04\/Vlada-RH.jpg?fit=1200%2C557&ssl=1&resize=350%2C200 1x, https:\/\/i0.wp.com\/historiografija.hr\/wp-content\/uploads\/2026\/04\/Vlada-RH.jpg?fit=1200%2C557&ssl=1&resize=525%2C300 1.5x, https:\/\/i0.wp.com\/historiografija.hr\/wp-content\/uploads\/2026\/04\/Vlada-RH.jpg?fit=1200%2C557&ssl=1&resize=700%2C400 2x, https:\/\/i0.wp.com\/historiografija.hr\/wp-content\/uploads\/2026\/04\/Vlada-RH.jpg?fit=1200%2C557&ssl=1&resize=1050%2C600 3x"},"classes":[]},{"id":52628,"url":"https:\/\/historiografija.hr\/?p=52628","url_meta":{"origin":6788,"position":2},"title":"Predavanje dopisnog \u010dlana HAZU Alaina Finkielkrauta Izrael, Europa, antisemitizam","author":"Branimir Jankovi\u0107","date":"23. travnja 2026.","format":false,"excerpt":"Francuski filozof Alain Finkielkraut, redoviti \u010dlan Francuske akademije i dopisni \u010dlan HAZU, odr\u017eat \u0107e predavanje\u00a0Izrael, Europa, antisemitizam u utorak 28. travnja 2026. u 13 sati u Knji\u017enici HAZU,\u00a0Strossmayerov trg 14 u Zagrebu. Uvodne rije\u010di odr\u017eat \u0107e\u00a0akademkinja \u017deljka \u010corak i\u00a0akademik Dra\u017een Katunari\u0107. Predavanje \u0107e se odr\u017eati na francuskom jeziku uz konsekutivno\u2026","rel":"","context":"U &quot;Novosti&quot;","block_context":{"text":"Novosti","link":"https:\/\/historiografija.hr\/?cat=3"},"img":{"alt_text":"","src":"https:\/\/i0.wp.com\/historiografija.hr\/wp-content\/uploads\/2026\/04\/Alain_Finkielkraut.jpg?fit=350%2C407&ssl=1&resize=350%2C200","width":350,"height":200},"classes":[]},{"id":52573,"url":"https:\/\/historiografija.hr\/?p=52573","url_meta":{"origin":6788,"position":3},"title":"Znanstvena konferencija &#8220;Filozofija odgoja: povijest, praksa, perspektive&#8221;","author":"Branimir Jankovi\u0107","date":"21. travnja 2026.","format":false,"excerpt":"Znanstvena konferencija \"Filozofija odgoja: povijest, praksa, perspektive\" odr\u017eat \u0107e se 23. i 24. travnja 2026. u Konferencijskoj dvorani Knji\u017enice Filozofskog fakulteta u Zagrebu (2. kat).\u00a0Konferencija je organizirana u okviru projekta\u00a0SUMKOS (voditeljica prof. dr. sc. Ivana Zagorac, financiran\u00a0sredstvima NextGenerationEU), uz potporu Odsjeka za filozofiju.\u00a0 Uz izlaga\u010dki dio, konferencija obuhva\u0107a i izlo\u017ebu\u2026","rel":"","context":"U &quot;Novosti&quot;","block_context":{"text":"Novosti","link":"https:\/\/historiografija.hr\/?cat=3"},"img":{"alt_text":"","src":"","width":0,"height":0},"classes":[]},{"id":52563,"url":"https:\/\/historiografija.hr\/?p=52563","url_meta":{"origin":6788,"position":4},"title":"Predavanje Nenada Fabijani\u0107a o stadionu Poljud u Splitu","author":"Branimir Jankovi\u0107","date":"21. travnja 2026.","format":false,"excerpt":"Znanstveno vije\u0107e za arhitekturu, urbanizam i ure\u0111enje prostora Hrvatske akademije znanosti i umjetnosti organizira predavanje \u201cPo Poljudu\u201d koje \u0107e u srijedu 22. travnja 2026. s po\u010detkom u 14 sati u Knji\u017enici HAZU, Strossmayerov trg 14 u Zagrebu, odr\u017eati\u00a0prof. emerit. dr. art. Nenad Fabijani\u0107,\u00a0\u010dlan suradnik HAZU. Predavanje \u201ePo Poljudu\u201c (Projekt obnove)\u2026","rel":"","context":"U &quot;Novosti&quot;","block_context":{"text":"Novosti","link":"https:\/\/historiografija.hr\/?cat=3"},"img":{"alt_text":"","src":"https:\/\/i0.wp.com\/historiografija.hr\/wp-content\/uploads\/2026\/04\/Poljud-scaled.jpeg?fit=1200%2C800&ssl=1&resize=350%2C200","width":350,"height":200,"srcset":"https:\/\/i0.wp.com\/historiografija.hr\/wp-content\/uploads\/2026\/04\/Poljud-scaled.jpeg?fit=1200%2C800&ssl=1&resize=350%2C200 1x, https:\/\/i0.wp.com\/historiografija.hr\/wp-content\/uploads\/2026\/04\/Poljud-scaled.jpeg?fit=1200%2C800&ssl=1&resize=525%2C300 1.5x, https:\/\/i0.wp.com\/historiografija.hr\/wp-content\/uploads\/2026\/04\/Poljud-scaled.jpeg?fit=1200%2C800&ssl=1&resize=700%2C400 2x, https:\/\/i0.wp.com\/historiografija.hr\/wp-content\/uploads\/2026\/04\/Poljud-scaled.jpeg?fit=1200%2C800&ssl=1&resize=1050%2C600 3x"},"classes":[]},{"id":52631,"url":"https:\/\/historiografija.hr\/?p=52631","url_meta":{"origin":6788,"position":5},"title":"Predavanje Ivana Tepe\u0161a: Djelovanje hrvatske politi\u010dke emigracije","author":"Branimir Jankovi\u0107","date":"23. travnja 2026.","format":false,"excerpt":"Odjel za me\u0111unarodnu suradnju i iseljeni\u0161tvo Matice hrvatske Predavanje Ivana Tepe\u0161a: Djelovanje hrvatske politi\u010dke emigracije Utorak, 28. travnja 2026. u 18:00 sati, Dvorana Ljudevita Jonkea (Mala dvorana MH), Strossmayerov trg 4, Zagreb dr. sc. Ivan Tepe\u0161, Institut za istra\u017eivanje migracija Hrvatska politi\u010dka emigracija obilje\u017eila je polustoljetnu hrvatsku povijest u drugoj\u2026","rel":"","context":"U &quot;Novosti&quot;","block_context":{"text":"Novosti","link":"https:\/\/historiografija.hr\/?cat=3"},"img":{"alt_text":"","src":"","width":0,"height":0},"classes":[]}],"_links":{"self":[{"href":"https:\/\/historiografija.hr\/index.php?rest_route=\/wp\/v2\/posts\/6788","targetHints":{"allow":["GET"]}}],"collection":[{"href":"https:\/\/historiografija.hr\/index.php?rest_route=\/wp\/v2\/posts"}],"about":[{"href":"https:\/\/historiografija.hr\/index.php?rest_route=\/wp\/v2\/types\/post"}],"author":[{"embeddable":true,"href":"https:\/\/historiografija.hr\/index.php?rest_route=\/wp\/v2\/users\/2"}],"replies":[{"embeddable":true,"href":"https:\/\/historiografija.hr\/index.php?rest_route=%2Fwp%2Fv2%2Fcomments&post=6788"}],"version-history":[{"count":1,"href":"https:\/\/historiografija.hr\/index.php?rest_route=\/wp\/v2\/posts\/6788\/revisions"}],"predecessor-version":[{"id":6790,"href":"https:\/\/historiografija.hr\/index.php?rest_route=\/wp\/v2\/posts\/6788\/revisions\/6790"}],"wp:featuredmedia":[{"embeddable":true,"href":"https:\/\/historiografija.hr\/index.php?rest_route=\/wp\/v2\/media\/6789"}],"wp:attachment":[{"href":"https:\/\/historiografija.hr\/index.php?rest_route=%2Fwp%2Fv2%2Fmedia&parent=6788"}],"wp:term":[{"taxonomy":"category","embeddable":true,"href":"https:\/\/historiografija.hr\/index.php?rest_route=%2Fwp%2Fv2%2Fcategories&post=6788"},{"taxonomy":"post_tag","embeddable":true,"href":"https:\/\/historiografija.hr\/index.php?rest_route=%2Fwp%2Fv2%2Ftags&post=6788"}],"curies":[{"name":"wp","href":"https:\/\/api.w.org\/{rel}","templated":true}]}}