{"id":6772,"date":"2017-11-07T19:26:07","date_gmt":"2017-11-07T19:26:07","guid":{"rendered":"http:\/\/historiografija.hr\/?p=6772"},"modified":"2017-11-09T12:16:16","modified_gmt":"2017-11-09T12:16:16","slug":"tema-oktobarske-revolucije-u-srbiji","status":"publish","type":"post","link":"https:\/\/historiografija.hr\/?p=6772","title":{"rendered":"Tema Oktobarske revolucije u Srbiji"},"content":{"rendered":"<p>U Srbiji je objavljen prijevod knjige \u201cRusija 1917\u201d, zbornik \u201cSrbija i ruska revolucija 1917.\u201d, novine &#8220;Le Monde diplomatique&#8221;, &#8220;Danas&#8221;, &#8220;Ve\u010dernje novosti&#8221;, &#8220;Politika&#8221; objavili su temate o stogodi\u0161njici Oktobarske revolucije, o \u010demu je bilo rije\u010di i na raznim portalima i u televizijskim emisijama.<\/p>\n<p>&nbsp;<\/p>\n<p>&nbsp;<\/p>\n<p>&#8212;<\/p>\n<p>&nbsp;<\/p>\n<p>&nbsp;<\/p>\n<p>Oleg Ajrapetov<\/p>\n<p><strong>RUSIJA 1917 \u2013 Propast carstva<\/strong><\/p>\n<p>Beograd: Clio, 2017.<\/p>\n<p>&nbsp;<\/p>\n<p>&nbsp;<\/p>\n<p><a href=\"http:\/\/clio.rs\/RUSIJA-1917-Propast-carstva_Knjiga_72892\">http:\/\/clio.rs\/RUSIJA-1917-Propast-carstva_Knjiga_72892<\/a><\/p>\n<p>&nbsp;<\/p>\n<p>&nbsp;<\/p>\n<p><a href=\"https:\/\/rs-lat.sputniknews.com\/rusija\/201711061113338519-revolucija-1917-srbija-Marsovci\/\">https:\/\/rs-lat.sputniknews.com\/rusija\/201711061113338519-revolucija-1917-srbija-Marsovci\/<\/a><\/p>\n<p>&nbsp;<\/p>\n<p>&nbsp;<\/p>\n<p><a href=\"http:\/\/www.danas.rs\/kultura.11.html?news_id=360738&amp;title=Po%C4%8Detak+diskusije+o+ruskom+prevratu\">http:\/\/www.danas.rs\/kultura.11.html?news_id=360738&amp;title=Po%C4%8Detak+diskusije+o+ruskom+prevratu<\/a><\/p>\n<p>&nbsp;<\/p>\n<p>&nbsp;<\/p>\n<p>&nbsp;<\/p>\n<hr \/>\n<p>&nbsp;<\/p>\n<p><strong>Srbija i ruska revolucija 1917. Nove teme i izazovi: tematski zbornik radova<\/strong><\/p>\n<p>&nbsp;<\/p>\n<p>&nbsp;<\/p>\n<p>Glavni i odgovorni urednik dr Aleksej J. Timofejev<\/p>\n<p>&nbsp;<\/p>\n<p>&nbsp;<\/p>\n<p>Beograd : Institut za noviju istoriju Srbije ; Moskva : Institut slavjanovedenija rossi\u00eesko\u00ee akademii nauk, 2017<\/p>\n<p>&nbsp;<\/p>\n<p>Broj strana: 428<\/p>\n<p>&nbsp;<\/p>\n<p>&nbsp;<\/p>\n<p>&#8212;<\/p>\n<p>&nbsp;<\/p>\n<p>&nbsp;<\/p>\n<p><strong>Le Monde diplomatique<\/strong><\/p>\n<p>&nbsp;<\/p>\n<p>&nbsp;<\/p>\n<p><a href=\"http:\/\/www.nedeljnik.rs\/nedeljnik\/portalnews\/stogodisnjica-oktobarske-revolucije-specijalno-izdanje-mond-diplomatika-na-poklon-svim-citaocima\/\">http:\/\/www.nedeljnik.rs\/nedeljnik\/portalnews\/stogodisnjica-oktobarske-revolucije-specijalno-izdanje-mond-diplomatika-na-poklon-svim-citaocima\/<\/a><\/p>\n<p>&nbsp;<\/p>\n<p>&nbsp;<\/p>\n<p><a href=\"http:\/\/www.nedeljnik.rs\/lmd\/portalnews\/oktobarska-revolucija-i-jugoslavija-lenjin-na-titovom-stolu\/\">http:\/\/www.nedeljnik.rs\/lmd\/portalnews\/oktobarska-revolucija-i-jugoslavija-lenjin-na-titovom-stolu\/<\/a><\/p>\n<p>&nbsp;<\/p>\n<p><a href=\"http:\/\/www.nedeljnik.rs\/lmd\/portalnews\/lenjinovo-stolece-mumija-revolucije-i-dalje-mrda\/\">http:\/\/www.nedeljnik.rs\/lmd\/portalnews\/lenjinovo-stolece-mumija-revolucije-i-dalje-mrda\/<\/a><\/p>\n<p>&nbsp;<\/p>\n<p><a href=\"http:\/\/www.nedeljnik.rs\/lmd\/portalnews\/demokratija-na-ruski-nacin\/\">http:\/\/www.nedeljnik.rs\/lmd\/portalnews\/demokratija-na-ruski-nacin\/<\/a><\/p>\n<p>&nbsp;<\/p>\n<p>&nbsp;<\/p>\n<p>&#8212;<\/p>\n<p>&nbsp;<\/p>\n<p>&nbsp;<\/p>\n<p><strong>Specijalni dodatak Danasa povodom 100 godina od Oktobarske revolucije<\/strong><\/p>\n<p>&nbsp;<\/p>\n<p>&nbsp;<\/p>\n<p><a href=\"http:\/\/www.danas.rs\/specijalni_dodaci.844.html?news_id=361234&amp;title=Sto+godina+Oktobarske+revolucije+(PDF)\">http:\/\/www.danas.rs\/specijalni_dodaci.844.html?news_id=361234&amp;title=Sto+godina+Oktobarske+revolucije+(PDF)<\/a><\/p>\n<p>&nbsp;<\/p>\n<p>&nbsp;<\/p>\n<p>&#8212;<\/p>\n<p>&nbsp;<\/p>\n<p>&nbsp;<\/p>\n<p><strong>Ve\u010dernje novosti<\/strong><\/p>\n<p>&nbsp;<\/p>\n<p><a href=\"http:\/\/www.novosti.rs\/vesti\/naslovna\/reportaze\/aktuelno.293.html:694615-Oktobar-koji-je-promenio-svet\">http:\/\/www.novosti.rs\/vesti\/naslovna\/reportaze\/aktuelno.293.html:694615-Oktobar-koji-je-promenio-svet<\/a><\/p>\n<p>&nbsp;<\/p>\n<p><a href=\"http:\/\/www.novosti.rs\/vesti\/naslovna\/reportaze\/aktuelno.293.html:694616-Prevrat-tamnog-sjaja\">http:\/\/www.novosti.rs\/vesti\/naslovna\/reportaze\/aktuelno.293.html:694616-Prevrat-tamnog-sjaja<\/a><\/p>\n<p>&nbsp;<\/p>\n<p><a href=\"http:\/\/www.novosti.rs\/vesti\/naslovna\/reportaze\/aktuelno.293.html:694617-Lenjin-ostaje-na-Crvenom-trgu\">http:\/\/www.novosti.rs\/vesti\/naslovna\/reportaze\/aktuelno.293.html:694617-Lenjin-ostaje-na-Crvenom-trgu<\/a><\/p>\n<p>&nbsp;<\/p>\n<p><a href=\"http:\/\/www.novosti.rs\/vesti\/naslovna\/reportaze\/aktuelno.293.html:694618-Rusija-je-strepela-od-bune\">http:\/\/www.novosti.rs\/vesti\/naslovna\/reportaze\/aktuelno.293.html:694618-Rusija-je-strepela-od-bune<\/a><\/p>\n<p>&nbsp;<\/p>\n<p><a href=\"http:\/\/www.novosti.rs\/vesti\/naslovna\/reportaze\/aktuelno.293.html:694754-Ustanak-bez-vodje-i-plana\">http:\/\/www.novosti.rs\/vesti\/naslovna\/reportaze\/aktuelno.293.html:694754-Ustanak-bez-vodje-i-plana<\/a><\/p>\n<p>&nbsp;<\/p>\n<p>&#8212;<\/p>\n<p>&nbsp;<\/p>\n<p>&nbsp;<\/p>\n<p><strong>Politika<\/strong><\/p>\n<p>&nbsp;<\/p>\n<p>&nbsp;<\/p>\n<p>STO GODINA OKTOBARSKE REVOLUCIJE<\/p>\n<p>&nbsp;<\/p>\n<p>&nbsp;<\/p>\n<p><a href=\"http:\/\/www.politika.rs\/sr\/clanak\/391932\/Kvantni-skok-istorije\">http:\/\/www.politika.rs\/sr\/clanak\/391932\/Kvantni-skok-istorije<\/a><\/p>\n<p>&nbsp;<\/p>\n<p>&nbsp;<\/p>\n<p>&#8212;<\/p>\n<p>&nbsp;<\/p>\n<p>&nbsp;<\/p>\n<p>Paul Mason<\/p>\n<p>&nbsp;<\/p>\n<p><strong>1917.<\/strong><\/p>\n<p>&nbsp;<\/p>\n<p><a href=\"http:\/\/pescanik.net\/1917-2\/\">http:\/\/pescanik.net\/1917-2\/<\/a><\/p>\n<p>&nbsp;<\/p>\n<p>&nbsp;<\/p>\n<p>&#8212;<\/p>\n<p>&nbsp;<\/p>\n<p>&nbsp;<\/p>\n<p><strong>\u010cas anatomije: Evolucija ruske socijalisti\u010dke revolucije<\/strong><\/p>\n<p>&nbsp;<\/p>\n<p><a href=\"http:\/\/www.rts.rs\/page\/tv\/sr\/story\/21\/rts-2\/2925786\/cas-anatomije-evolucija-ruske-socijalisticke-revolucije.html\">http:\/\/www.rts.rs\/page\/tv\/sr\/story\/21\/rts-2\/2925786\/cas-anatomije-evolucija-ruske-socijalisticke-revolucije.html<\/a><\/p>\n<p>&nbsp;<\/p>\n<p>&nbsp;<\/p>\n<p>&#8212;<\/p>\n<p>&nbsp;<\/p>\n<p>&nbsp;<\/p>\n<p><strong>RTS Oko &#8211; Zvani\u010dni kanal<\/strong><\/p>\n<p>&nbsp;<\/p>\n<p>&nbsp;<\/p>\n<p>Lenjin: Dr\u017eava i revolucija<\/p>\n<p>&nbsp;<\/p>\n<p>&nbsp;<\/p>\n<p>Crveni Dundi\u0107! Ko ga mo\u017ee zaboraviti?<\/p>\n<p>&nbsp;<\/p>\n<p>&nbsp;<\/p>\n<p><a href=\"https:\/\/www.youtube.com\/user\/OkoRTS\">https:\/\/www.youtube.com\/user\/OkoRTS<\/a><\/p>\n<p>&nbsp;<\/p>\n<p>&#8212;<\/p>\n<p>&nbsp;<\/p>\n<p>&nbsp;<\/p>\n<p><strong>DW<\/strong><\/p>\n<p>&nbsp;<\/p>\n<p>&nbsp;<\/p>\n<p><a href=\"http:\/\/www.dw.com\/sr\/velika-neuspela-revolucija\/a-41273748\">http:\/\/www.dw.com\/sr\/velika-neuspela-revolucija\/a-41273748<\/a><\/p>\n<p>&nbsp;<\/p>\n<p>&nbsp;<\/p>\n<p><a href=\"http:\/\/www.dw.com\/sr\/kako-je-nema\u010dka-finansirala-oktobarsku-revoluciju\/a-41236086\">http:\/\/www.dw.com\/sr\/kako-je-nema\u010dka-finansirala-oktobarsku-revoluciju\/a-41236086<\/a><\/p>\n<p>&nbsp;<\/p>\n<p>&nbsp;<\/p>\n<p>&#8212;<\/p>\n<p>&nbsp;<\/p>\n<p><strong>Razni tekstovi<\/strong><\/p>\n<p>&nbsp;<\/p>\n<p><a href=\"https:\/\/www.nedeljnik.rs\/moj-nedeljnik\/mojevesti\/erazmo86\/raspirimo-oganj-u-cas-pravi-100-godina-od-oktobarske-revolucije\/\">https:\/\/www.nedeljnik.rs\/moj-nedeljnik\/mojevesti\/erazmo86\/raspirimo-oganj-u-cas-pravi-100-godina-od-oktobarske-revolucije\/<\/a><\/p>\n<p>&nbsp;<\/p>\n<p>&nbsp;<\/p>\n<p><a href=\"https:\/\/www.slobodnaevropa.org\/a\/post-scriptum-oktobarska-revolucija-rusija-sssr\/28842147.html\">https:\/\/www.slobodnaevropa.org\/a\/post-scriptum-oktobarska-revolucija-rusija-sssr\/28842147.html<\/a><\/p>\n<p>&nbsp;<\/p>\n<p>&nbsp;<\/p>\n<p><a href=\"http:\/\/www.novimagazin.rs\/stav\/vladimir-gligorov-sto-godina\/0\/nedeljnik337\">http:\/\/www.novimagazin.rs\/stav\/vladimir-gligorov-sto-godina\/0\/nedeljnik337<\/a><\/p>\n<p>&nbsp;<\/p>\n<p>&nbsp;<\/p>\n<p><a href=\"http:\/\/www.noviplamen.net\/glavna\/pouke-dometi-oktobarske-revolucije-1917\/\">http:\/\/www.noviplamen.net\/glavna\/pouke-dometi-oktobarske-revolucije-1917\/<\/a><\/p>\n<p>&nbsp;<\/p>\n<p>&nbsp;<\/p>\n<p><a href=\"http:\/\/www.rwfund.org\/2017\/10\/24\/rosa-luxemburg-ruska-revolucija\/\">http:\/\/www.rwfund.org\/2017\/10\/24\/rosa-luxemburg-ruska-revolucija\/<\/a><\/p>\n<p>&nbsp;<\/p>\n<p>&nbsp;<\/p>\n<p><a href=\"http:\/\/www.marks21.info\/istorija\/ruska-revolucija-uspon-pad-i-osveta\">http:\/\/www.marks21.info\/istorija\/ruska-revolucija-uspon-pad-i-osveta<\/a><\/p>\n<p>&nbsp;<\/p>\n<p>&nbsp;<\/p>\n<p>&nbsp;<\/p>\n","protected":false},"excerpt":{"rendered":"","protected":false},"author":2,"featured_media":6775,"comment_status":"open","ping_status":"open","sticky":false,"template":"","format":"standard","meta":{"_acf_changed":false,"jetpack_post_was_ever_published":false,"_jetpack_newsletter_access":"","_jetpack_dont_email_post_to_subs":false,"_jetpack_newsletter_tier_id":0,"_jetpack_memberships_contains_paywalled_content":false,"_jetpack_memberships_contains_paid_content":false,"footnotes":"","jetpack_publicize_message":"","jetpack_publicize_feature_enabled":true,"jetpack_social_post_already_shared":true,"jetpack_social_options":{"image_generator_settings":{"template":"highway","default_image_id":0,"font":"","enabled":false},"version":2}},"categories":[3],"tags":[],"class_list":["post-6772","post","type-post","status-publish","format-standard","has-post-thumbnail","hentry","category-novosti"],"acf":{"facebook_opis":""},"jetpack_publicize_connections":[],"jetpack_featured_media_url":"https:\/\/i0.wp.com\/historiografija.hr\/wp-content\/uploads\/2017\/11\/LeMondemali.jpg?fit=550%2C798&ssl=1","jetpack_sharing_enabled":true,"jetpack-related-posts":[{"id":52569,"url":"https:\/\/historiografija.hr\/?p=52569","url_meta":{"origin":6772,"position":0},"title":"[Predavanje] Ne \u010dekaju\u0107i inspiraciju \u2013 anga\u017eovane intelektualne, kulturalne i umetni\u010dke prakse u me\u0111uratnom periodu: teorija i praksa kriti\u010dke levice u jugoslovenskoj kulturi (YugoLab)","author":"Branimir Jankovi\u0107","date":"21. travnja 2026.","format":false,"excerpt":"U vreme agresivnog ja\u010danja globalne desnice, (pro)fa\u0161isti\u010dkih, rasisti\u010dkih i imperijalisti\u010dkih politika, dok je istovremeno globalna levica izrazito slaba, a progresivni pokreti atomizirani i fragmentisani, va\u017eno je iz savremene perspektive vratiti se revolucionarnim i emancipatorskim zbivanjima u jugoslovenskom (ali i s njima u vezi internacionalnim de\u0161avanjima), kao i dru\u0161tvenoj ulozi kulturalnih\u2026","rel":"","context":"U &quot;Novosti&quot;","block_context":{"text":"Novosti","link":"https:\/\/historiografija.hr\/?cat=3"},"img":{"alt_text":"","src":"","width":0,"height":0},"classes":[]},{"id":52657,"url":"https:\/\/historiografija.hr\/?p=52657","url_meta":{"origin":6772,"position":1},"title":"[Predavanje] Jezik i drugost u (post)socijalisti\u010dkoj Srbiji: diskurzivne politike identiteta (YugoLab)","author":"Branimir Jankovi\u0107","date":"24. travnja 2026.","format":false,"excerpt":"U sklopu projekta Prizma \/ IMAGINATION (\u201eZami\u0161ljanje nacije: srpski nacionalni narativi u sporu (XX\u2013XXI vek)\u201c), koji se realizuje na Institutu za filozofiju i dru\u0161tvenu teoriju Univerziteta u Beogradu (2024\u20132027) uz finansijsku podr\u0161ku Fonda za nauku Republike Srbije, organizuje se serija predavanja na kojoj istra\u017eiva\u010di i istra\u017eiva\u010dice projekta predstavljaju rezultate svojih\u2026","rel":"","context":"U &quot;Novosti&quot;","block_context":{"text":"Novosti","link":"https:\/\/historiografija.hr\/?cat=3"},"img":{"alt_text":"","src":"https:\/\/i0.wp.com\/historiografija.hr\/wp-content\/uploads\/2026\/04\/IFDT_28_IV.png?fit=1200%2C675&ssl=1&resize=350%2C200","width":350,"height":200,"srcset":"https:\/\/i0.wp.com\/historiografija.hr\/wp-content\/uploads\/2026\/04\/IFDT_28_IV.png?fit=1200%2C675&ssl=1&resize=350%2C200 1x, https:\/\/i0.wp.com\/historiografija.hr\/wp-content\/uploads\/2026\/04\/IFDT_28_IV.png?fit=1200%2C675&ssl=1&resize=525%2C300 1.5x, https:\/\/i0.wp.com\/historiografija.hr\/wp-content\/uploads\/2026\/04\/IFDT_28_IV.png?fit=1200%2C675&ssl=1&resize=700%2C400 2x, https:\/\/i0.wp.com\/historiografija.hr\/wp-content\/uploads\/2026\/04\/IFDT_28_IV.png?fit=1200%2C675&ssl=1&resize=1050%2C600 3x"},"classes":[]},{"id":52439,"url":"https:\/\/historiografija.hr\/?p=52439","url_meta":{"origin":6772,"position":2},"title":"Tribina &#8220;Ahmi\u0107i 33 godine kasnije: Ne u na\u0161e ime&#8221;","author":"Branimir Jankovi\u0107","date":"16. travnja 2026.","format":false,"excerpt":"U \u010detvrtak, 16. travnja 2026. u 17 sati u Knji\u017enici i \u010ditaonici Bogdana Ogrizovi\u0107a u Zagrebu odr\u017eat \u0107e se tribina pod nazivom Ahmi\u0107i 33 godine kasnije: Ne u na\u0161e ime. Na tribini \u0107e govoriti Ivica \u0110iki\u0107, novinar, Mubera Masli\u0107 \u2013 \u017ddralovi\u0107, aktivistikinja, prevoditeljica za arapski, Domagoj Fuk, student politologije, \u010dlan\u2026","rel":"","context":"U &quot;Novosti&quot;","block_context":{"text":"Novosti","link":"https:\/\/historiografija.hr\/?cat=3"},"img":{"alt_text":"","src":"https:\/\/i0.wp.com\/historiografija.hr\/wp-content\/uploads\/2026\/04\/Zagreb_2026.jpeg?fit=1200%2C900&ssl=1&resize=350%2C200","width":350,"height":200,"srcset":"https:\/\/i0.wp.com\/historiografija.hr\/wp-content\/uploads\/2026\/04\/Zagreb_2026.jpeg?fit=1200%2C900&ssl=1&resize=350%2C200 1x, https:\/\/i0.wp.com\/historiografija.hr\/wp-content\/uploads\/2026\/04\/Zagreb_2026.jpeg?fit=1200%2C900&ssl=1&resize=525%2C300 1.5x, https:\/\/i0.wp.com\/historiografija.hr\/wp-content\/uploads\/2026\/04\/Zagreb_2026.jpeg?fit=1200%2C900&ssl=1&resize=700%2C400 2x, https:\/\/i0.wp.com\/historiografija.hr\/wp-content\/uploads\/2026\/04\/Zagreb_2026.jpeg?fit=1200%2C900&ssl=1&resize=1050%2C600 3x"},"classes":[]},{"id":52539,"url":"https:\/\/historiografija.hr\/?p=52539","url_meta":{"origin":6772,"position":3},"title":"Drugi po redu studentski simpozij &#8220;In fonte veritas&#8221;","author":"Branimir Jankovi\u0107","date":"20. travnja 2026.","format":false,"excerpt":"U srijedu, 22. travnja 2026. godine, u dvorani C 0.4 na Hrvatskom katoli\u010dkom sveu\u010dili\u0161tu odr\u017eat \u0107e se drugi studentski simpozij \u201eIn fonte veritas\". Ovogodi\u0161nja sredi\u0161nja tema simpozija je Papinstvo. Kroz istra\u017eiva\u010dko suo\u010davanje s povijesnim izvorima deset \u0107e studenata predstaviti rezultate svojih istra\u017eivanja o instituciji koja je stolje\u0107ima oblikovala europsku i\u2026","rel":"","context":"U &quot;Novosti&quot;","block_context":{"text":"Novosti","link":"https:\/\/historiografija.hr\/?cat=3"},"img":{"alt_text":"","src":"https:\/\/i0.wp.com\/historiografija.hr\/wp-content\/uploads\/2026\/04\/Papinstvo.png?fit=1024%2C500&ssl=1&resize=350%2C200","width":350,"height":200,"srcset":"https:\/\/i0.wp.com\/historiografija.hr\/wp-content\/uploads\/2026\/04\/Papinstvo.png?fit=1024%2C500&ssl=1&resize=350%2C200 1x, https:\/\/i0.wp.com\/historiografija.hr\/wp-content\/uploads\/2026\/04\/Papinstvo.png?fit=1024%2C500&ssl=1&resize=525%2C300 1.5x, https:\/\/i0.wp.com\/historiografija.hr\/wp-content\/uploads\/2026\/04\/Papinstvo.png?fit=1024%2C500&ssl=1&resize=700%2C400 2x"},"classes":[]},{"id":52616,"url":"https:\/\/historiografija.hr\/?p=52616","url_meta":{"origin":6772,"position":4},"title":"No\u0107 knjige 2026.","author":"Branimir Jankovi\u0107","date":"22. travnja 2026.","format":false,"excerpt":"Slavljeni\u010dka 15. No\u0107 knjige odr\u017eat \u0107e se 23. travnja diljem Hrvatske u povodu Svjetskog dana knjige i autorskih prava te Dana hrvatske knjige. S vi\u0161e od 1.000 prijavljenih programa i akcija s pravom nosi epitet najmasovnije doma\u0107e kulturne manifestacije, a ove \u0107e godine prote\u0107i u znaku mira, razumijevanja, tolerancije, srodnosti\u2026","rel":"","context":"U &quot;Novosti&quot;","block_context":{"text":"Novosti","link":"https:\/\/historiografija.hr\/?cat=3"},"img":{"alt_text":"","src":"https:\/\/i0.wp.com\/historiografija.hr\/wp-content\/uploads\/2026\/04\/noc_knjige_2026.jpg?fit=680%2C276&ssl=1&resize=350%2C200","width":350,"height":200,"srcset":"https:\/\/i0.wp.com\/historiografija.hr\/wp-content\/uploads\/2026\/04\/noc_knjige_2026.jpg?fit=680%2C276&ssl=1&resize=350%2C200 1x, https:\/\/i0.wp.com\/historiografija.hr\/wp-content\/uploads\/2026\/04\/noc_knjige_2026.jpg?fit=680%2C276&ssl=1&resize=525%2C300 1.5x"},"classes":[]},{"id":52547,"url":"https:\/\/historiografija.hr\/?p=52547","url_meta":{"origin":6772,"position":5},"title":"ISHA Zagreb \u2013 Filmska ve\u010der: Povratak Martina Guerrea","author":"Branimir Jankovi\u0107","date":"20. travnja 2026.","format":false,"excerpt":"Klub studenata povijesti \u2013 ISHA Zagreb poziva Vas na filmsku ve\u010der na kojoj \u0107e se prikazivati \u201ePovratak Martina Guerrea\u201c, povijesna drama iz 1982. godine s radnjom smje\u0161tenom u 16. stolje\u0107u. Radnja je utemeljena na stvarnoj povijesnoj li\u010dnosti Martina Guerrea koji se nakon mnogo godina izbivanja vra\u0107a u svoje rodno mjesto\u2026","rel":"","context":"U &quot;Filmovi i serije&quot;","block_context":{"text":"Filmovi i serije","link":"https:\/\/historiografija.hr\/?cat=13"},"img":{"alt_text":"","src":"https:\/\/i0.wp.com\/historiografija.hr\/wp-content\/uploads\/2026\/04\/M-Guerre.png?fit=702%2C1006&ssl=1&resize=350%2C200","width":350,"height":200,"srcset":"https:\/\/i0.wp.com\/historiografija.hr\/wp-content\/uploads\/2026\/04\/M-Guerre.png?fit=702%2C1006&ssl=1&resize=350%2C200 1x, https:\/\/i0.wp.com\/historiografija.hr\/wp-content\/uploads\/2026\/04\/M-Guerre.png?fit=702%2C1006&ssl=1&resize=525%2C300 1.5x, https:\/\/i0.wp.com\/historiografija.hr\/wp-content\/uploads\/2026\/04\/M-Guerre.png?fit=702%2C1006&ssl=1&resize=700%2C400 2x"},"classes":[]}],"_links":{"self":[{"href":"https:\/\/historiografija.hr\/index.php?rest_route=\/wp\/v2\/posts\/6772","targetHints":{"allow":["GET"]}}],"collection":[{"href":"https:\/\/historiografija.hr\/index.php?rest_route=\/wp\/v2\/posts"}],"about":[{"href":"https:\/\/historiografija.hr\/index.php?rest_route=\/wp\/v2\/types\/post"}],"author":[{"embeddable":true,"href":"https:\/\/historiografija.hr\/index.php?rest_route=\/wp\/v2\/users\/2"}],"replies":[{"embeddable":true,"href":"https:\/\/historiografija.hr\/index.php?rest_route=%2Fwp%2Fv2%2Fcomments&post=6772"}],"version-history":[{"count":7,"href":"https:\/\/historiografija.hr\/index.php?rest_route=\/wp\/v2\/posts\/6772\/revisions"}],"predecessor-version":[{"id":6875,"href":"https:\/\/historiografija.hr\/index.php?rest_route=\/wp\/v2\/posts\/6772\/revisions\/6875"}],"wp:featuredmedia":[{"embeddable":true,"href":"https:\/\/historiografija.hr\/index.php?rest_route=\/wp\/v2\/media\/6775"}],"wp:attachment":[{"href":"https:\/\/historiografija.hr\/index.php?rest_route=%2Fwp%2Fv2%2Fmedia&parent=6772"}],"wp:term":[{"taxonomy":"category","embeddable":true,"href":"https:\/\/historiografija.hr\/index.php?rest_route=%2Fwp%2Fv2%2Fcategories&post=6772"},{"taxonomy":"post_tag","embeddable":true,"href":"https:\/\/historiografija.hr\/index.php?rest_route=%2Fwp%2Fv2%2Ftags&post=6772"}],"curies":[{"name":"wp","href":"https:\/\/api.w.org\/{rel}","templated":true}]}}