{"id":6762,"date":"2017-11-07T18:09:18","date_gmt":"2017-11-07T18:09:18","guid":{"rendered":"http:\/\/historiografija.hr\/?p=6762"},"modified":"2018-01-04T10:24:42","modified_gmt":"2018-01-04T10:24:42","slug":"prilozi-povodom-stogodisnjice-oktobarske-revolucije","status":"publish","type":"post","link":"https:\/\/historiografija.hr\/?p=6762","title":{"rendered":"Prilozi povodom stogodi\u0161njice Oktobarske revolucije"},"content":{"rendered":"<p>Osim nekoliko feljtona, u Hrvatskoj su u danima oko stogodi\u0161njice Oktobarske revolucije objavljeni razli\u010diti prilozi u medijima i na portalima.<\/p>\n<p>&nbsp;<\/p>\n<p>&nbsp;<\/p>\n<p>&nbsp;<\/p>\n<p><a href=\"http:\/\/vijesti.hrt.hr\/382351\/100-godina-od-oktobarske-revolucije-sto-se-to-dogodilo-1917\">http:\/\/vijesti.hrt.hr\/382351\/100-godina-od-oktobarske-revolucije-sto-se-to-dogodilo-1917<\/a><\/p>\n<p>(s izjavama ruskih povjesni\u010dara)<\/p>\n<p>&nbsp;<\/p>\n<p>&nbsp;<\/p>\n<p><a href=\"http:\/\/www.jutarnji.hr\/vijesti\/svijet\/trenutak-koji-je-odredio-cijelo-stoljece-lenjinov-dolazak-u-petrograd-imao-je-najglobalnije-posljedice-od-svih-politickih-prevrata-u-povijesti\/6725433\/\">http:\/\/www.jutarnji.hr\/vijesti\/svijet\/trenutak-koji-je-odredio-cijelo-stoljece-lenjinov-dolazak-u-petrograd-imao-je-najglobalnije-posljedice-od-svih-politickih-prevrata-u-povijesti\/6725433\/<\/a><\/p>\n<p>(tekst povjesni\u010dara Tvrtka Jakovine)<\/p>\n<p>&nbsp;<\/p>\n<p>&nbsp;<\/p>\n<p><a href=\"https:\/\/www.vecernji.hr\/premium\/doga-aj-koji-je-transformirao-rusiju-utjecao-je-i-na-svjetsku-politiku-1205909\">https:\/\/www.vecernji.hr\/premium\/doga-aj-koji-je-transformirao-rusiju-utjecao-je-i-na-svjetsku-politiku-1205909<\/a><\/p>\n<p>(s komentarima povjesni\u010dara Ive Banca\u00a0i Hrvoja Klasi\u0107a)<\/p>\n<p>&nbsp;<\/p>\n<p>&nbsp;<\/p>\n<p><a href=\"http:\/\/www.index.hr\/vijesti\/clanak\/danas-je-tocno-100-godina-od-oktobarske-revolucije-jeste-li-znali-da-su-komunizam-stvarali-i-hrvati\/1005931.aspx\">http:\/\/www.index.hr\/vijesti\/clanak\/danas-je-tocno-100-godina-od-oktobarske-revolucije-jeste-li-znali-da-su-komunizam-stvarali-i-hrvati\/1005931.aspx<\/a><\/p>\n<p>(s komentarima povjesni\u010dara Damira Agi\u010di\u0107a\u00a0i Branimira Jankovi\u0107a)<\/p>\n<p>&nbsp;<\/p>\n<p>&nbsp;<\/p>\n<p><a href=\"https:\/\/www.portalnovosti.com\/stephen-smith-oktobar-cemo-nadici-novom-revolucijom\">https:\/\/www.portalnovosti.com\/stephen-smith-oktobar-cemo-nadici-novom-revolucijom<\/a><\/p>\n<p>(intervju s britanskim povjesni\u010darom Stephenom A. Smithom)<\/p>\n<p>&nbsp;<\/p>\n<p><a href=\"http:\/\/liberal.hr\/clanak.php?id=1276\">http:\/\/liberal.hr\/clanak.php?id=1276<\/a><\/p>\n<p>(prijevod teksta povjesni\u010dara Stephena Kotkina)<\/p>\n<p>&nbsp;<\/p>\n<p><a href=\"https:\/\/www.mixcloud.com\/RadioStudent\/radio-borba-14112017-100-godina-oktobra\/\">https:\/\/www.mixcloud.com\/RadioStudent\/radio-borba-14112017-100-godina-oktobra\/<\/a><\/p>\n<p>(razgovor s povjesni\u010darem Josipom Jagi\u0107em)<\/p>\n<p>&nbsp;<\/p>\n<p><a href=\"https:\/\/www.vecernji.hr\/vijesti\/oktobarska-revolucija-brod-aurora-rusija-1206313\">https:\/\/www.vecernji.hr\/vijesti\/oktobarska-revolucija-brod-aurora-rusija-1206313<\/a><\/p>\n<p>&nbsp;<\/p>\n<p>&nbsp;<\/p>\n<p><a href=\"http:\/\/www.index.hr\/vijesti\/clanak\/zasto-studenti-filozofskog-slave-sto-godina-crvenog-terora\/1006287.aspx\">http:\/\/www.index.hr\/vijesti\/clanak\/zasto-studenti-filozofskog-slave-sto-godina-crvenog-terora\/1006287.aspx<\/a><\/p>\n<p>&nbsp;<\/p>\n<p>&nbsp;<\/p>\n<p><a href=\"http:\/\/www.dnevno.hr\/kolumnisti\/jure-zovko\/oktobarska-revolucija-na-filozofskom-fakultetu-u-zagrebu-1088931\/\">http:\/\/www.dnevno.hr\/kolumnisti\/jure-zovko\/oktobarska-revolucija-na-filozofskom-fakultetu-u-zagrebu-1088931\/<\/a><\/p>\n<p>&nbsp;<\/p>\n<p>&nbsp;<\/p>\n<p><a href=\"http:\/\/www.novilist.hr\/Vijesti\/Svijet\/Sto-godina-od-epohalnog-dogadaja-Oktobarska-revolucija-dala-je-Hrvatima-pravo-na-samoopredjeljenje\">http:\/\/www.novilist.hr\/Vijesti\/Svijet\/Sto-godina-od-epohalnog-dogadaja-Oktobarska-revolucija-dala-je-Hrvatima-pravo-na-samoopredjeljenje<\/a><\/p>\n<p>&nbsp;<\/p>\n<p>&nbsp;<\/p>\n<p><a href=\"http:\/\/www.novilist.hr\/Komentari\/Kolumne\/Putevi-i-stranputice-Zlatka-Crnceca\/Oktobarska-revolucija-nije-nemoguca-ni-danas\">http:\/\/www.novilist.hr\/Komentari\/Kolumne\/Putevi-i-stranputice-Zlatka-Crnceca\/Oktobarska-revolucija-nije-nemoguca-ni-danas<\/a><\/p>\n<p>&nbsp;<\/p>\n<p><a href=\"http:\/\/www.novilist.hr\/Kultura\/Ostalo\/Neil-Faulkner-Povijest-Oktobarske-revolucije-Lekcije-za-sadasnjost-i-buducnost\">http:\/\/www.novilist.hr\/Kultura\/Ostalo\/Neil-Faulkner-Povijest-Oktobarske-revolucije-Lekcije-za-sadasnjost-i-buducnost<\/a><\/p>\n<p>&nbsp;<\/p>\n<p><a href=\"http:\/\/www.jutarnji.hr\/komentari\/stota-obljetnica-boljsevicke-revolucije\/6684402\/\">http:\/\/www.jutarnji.hr\/komentari\/stota-obljetnica-boljsevicke-revolucije\/6684402\/<\/a><\/p>\n<p>&nbsp;<\/p>\n<p>&nbsp;<\/p>\n<p><a href=\"http:\/\/www.jutarnji.hr\/globus\/Globus-svijet\/revolucija-koju-bi-rusija-najradije-zaboravila-kako-je-velika-socijalisticka-ruska-revolucija-postala-velika-ruska-tragedija-i-katastrofa\/6672330\/\">http:\/\/www.jutarnji.hr\/globus\/Globus-svijet\/revolucija-koju-bi-rusija-najradije-zaboravila-kako-je-velika-socijalisticka-ruska-revolucija-postala-velika-ruska-tragedija-i-katastrofa\/6672330\/<\/a><\/p>\n<p>&nbsp;<\/p>\n<blockquote class=\"wp-embedded-content\" data-secret=\"qvBNg9pu74\"><p><a href=\"https:\/\/narod.hr\/hrvatska\/peti-dan-boris-jokic-povezao-oktobarsku-revoluciju-i-hrvatsku-drzavotvornost\">Peti dan: Boris Joki\u0107 povezao Oktobarsku revoluciju i hrvatsku dr\u017eavotvornost?<\/a><\/p><\/blockquote>\n<p><iframe loading=\"lazy\" class=\"wp-embedded-content\" sandbox=\"allow-scripts\" security=\"restricted\" style=\"position: absolute; clip: rect(1px, 1px, 1px, 1px);\" src=\"https:\/\/narod.hr\/hrvatska\/peti-dan-boris-jokic-povezao-oktobarsku-revoluciju-i-hrvatsku-drzavotvornost\/embed#?secret=qvBNg9pu74\" data-secret=\"qvBNg9pu74\" width=\"600\" height=\"338\" title=\"&#8220;Peti dan: Boris Joki\u0107 povezao Oktobarsku revoluciju i hrvatsku dr\u017eavotvornost?&#8221; &#8212; narod.hr\" frameborder=\"0\" marginwidth=\"0\" marginheight=\"0\" scrolling=\"no\"><\/iframe><\/p>\n<p>&nbsp;<\/p>\n<blockquote class=\"wp-embedded-content\" data-secret=\"1NI7kdom43\"><p><a href=\"http:\/\/www.telegram.hr\/price\/na-stotu-godisnjicu-oktobarske-revolucije-mogli-bismo-zakljuciti-da-je-oktobar-porazen-ali-ostale-su-ideje-i-to-nije-zanemarivo\/\">Na stotu godi\u0161njicu Oktobarske revolucije, oktobar je pora\u017een. Ali, ostale su ideje, i to nije zanemarivo<\/a><\/p><\/blockquote>\n<p><iframe loading=\"lazy\" class=\"wp-embedded-content\" sandbox=\"allow-scripts\" security=\"restricted\" style=\"position: absolute; clip: rect(1px, 1px, 1px, 1px);\" src=\"http:\/\/www.telegram.hr\/price\/na-stotu-godisnjicu-oktobarske-revolucije-mogli-bismo-zakljuciti-da-je-oktobar-porazen-ali-ostale-su-ideje-i-to-nije-zanemarivo\/embed\/#?secret=1NI7kdom43\" data-secret=\"1NI7kdom43\" width=\"600\" height=\"338\" title=\"&#8220;Na stotu godi\u0161njicu Oktobarske revolucije, oktobar je pora\u017een. Ali, ostale su ideje, i to nije zanemarivo&#8221; &#8212; Telegram.hr\" frameborder=\"0\" marginwidth=\"0\" marginheight=\"0\" scrolling=\"no\"><\/iframe><\/p>\n<p>(tekst povjesni\u010dara Dragana Markovine)<\/p>\n<p>&nbsp;<\/p>\n<p>&nbsp;<\/p>\n<blockquote class=\"wp-embedded-content\" data-secret=\"bjOn0MImCJ\"><p><a href=\"http:\/\/www.telegram.hr\/price\/kovacevic-oktobarska-revolucija-strelovito-je-modernizirala-rusiju-no-sve-je-to-provedeno-brutalnom-diktaturom\/\">Oktobarska revolucija strelovito je modernizirala Rusiju. No, sve je to provedeno brutalnom diktaturom<\/a><\/p><\/blockquote>\n<p><iframe loading=\"lazy\" class=\"wp-embedded-content\" sandbox=\"allow-scripts\" security=\"restricted\" style=\"position: absolute; clip: rect(1px, 1px, 1px, 1px);\" src=\"http:\/\/www.telegram.hr\/price\/kovacevic-oktobarska-revolucija-strelovito-je-modernizirala-rusiju-no-sve-je-to-provedeno-brutalnom-diktaturom\/embed\/#?secret=bjOn0MImCJ\" data-secret=\"bjOn0MImCJ\" width=\"600\" height=\"338\" title=\"&#8220;Oktobarska revolucija strelovito je modernizirala Rusiju. No, sve je to provedeno brutalnom diktaturom&#8221; &#8212; Telegram.hr\" frameborder=\"0\" marginwidth=\"0\" marginheight=\"0\" scrolling=\"no\"><\/iframe><\/p>\n<p>&nbsp;<\/p>\n<p><a href=\"http:\/\/sibenski.slobodnadalmacija.hr\/vijesti\/hrvatska-i-svijet\/clanak\/id\/515442\/100-godina-od-oktobarske-revolucije-koja-je-radikalno-promijenila-svijet-donijela-teror-gulage-i-politicku-neslobodu-kao-i-besplatne-stanove-i-doktore-prve-satelite-i-sahovske-genije-pobila-je-gomilu-ljudi-ali-i-pobijedila-hitlera-i-spasila-svijet\">http:\/\/sibenski.slobodnadalmacija.hr\/vijesti\/hrvatska-i-svijet\/clanak\/id\/515442\/100-godina-od-oktobarske-revolucije-koja-je-radikalno-promijenila-svijet-donijela-teror-gulage-i-politicku-neslobodu-kao-i-besplatne-stanove-i-doktore-prve-satelite-i-sahovske-genije-pobila-je-gomilu-ljudi-ali-i-pobijedila-hitlera-i-spasila-svijet<\/a><\/p>\n<p>&nbsp;<\/p>\n<p>&nbsp;<\/p>\n<p><a href=\"https:\/\/www.noviplamen.net\/glavna\/oktobarska-revolucija-jugoslavensko-radnistvo\/\">https:\/\/www.noviplamen.net\/glavna\/oktobarska-revolucija-jugoslavensko-radnistvo\/<\/a><\/p>\n<p>(tekst povjesni\u010darke Ane Rajkovi\u0107)<\/p>\n<p>&nbsp;<\/p>\n<blockquote class=\"wp-embedded-content\" data-secret=\"61hrxfB1JA\"><p><a href=\"http:\/\/www.maz.hr\/2017\/11\/24\/gdje-nas-je-dovela-oktobarska-revolucija-100-godina-nakon\/\">Gdje nas je dovela Oktobarska revolucija \u2013 100 godina poslije<\/a><\/p><\/blockquote>\n<p><iframe loading=\"lazy\" class=\"wp-embedded-content\" sandbox=\"allow-scripts\" security=\"restricted\" style=\"position: absolute; clip: rect(1px, 1px, 1px, 1px);\" src=\"http:\/\/www.maz.hr\/2017\/11\/24\/gdje-nas-je-dovela-oktobarska-revolucija-100-godina-nakon\/embed\/#?secret=61hrxfB1JA\" data-secret=\"61hrxfB1JA\" width=\"600\" height=\"338\" title=\"&#8220;Gdje nas je dovela Oktobarska revolucija \u2013 100 godina poslije&#8221; &#8212; MAZ\" frameborder=\"0\" marginwidth=\"0\" marginheight=\"0\" scrolling=\"no\"><\/iframe><\/p>\n<p>&nbsp;<\/p>\n<p><a href=\"https:\/\/www.radnickafronta.hr\/citaonica\/clanci\/608-stota-godisnjica-oktobarske-revolucije\">https:\/\/www.radnickafronta.hr\/citaonica\/clanci\/608-stota-godisnjica-oktobarske-revolucije<\/a><\/p>\n<p>&nbsp;<\/p>\n<p>&nbsp;<\/p>\n<p><a href=\"https:\/\/www.radnickafronta.hr\/citaonica\/clanci\/610-preporuka-literature-uz-stogodisnjicu-oktobarske-revolucije\">https:\/\/www.radnickafronta.hr\/citaonica\/clanci\/610-preporuka-literature-uz-stogodisnjicu-oktobarske-revolucije<\/a><\/p>\n<p>&nbsp;<\/p>\n<p>&nbsp;<\/p>\n<blockquote class=\"wp-embedded-content\" data-secret=\"xe2SAwFM0E\"><p><a href=\"https:\/\/www.radnicki.org\/stota-godisnjica-oktobarske-revolucije\/\">Stota godi\u0161njica Oktobarske revolucije<\/a><\/p><\/blockquote>\n<p><iframe loading=\"lazy\" class=\"wp-embedded-content\" sandbox=\"allow-scripts\" security=\"restricted\" style=\"position: absolute; clip: rect(1px, 1px, 1px, 1px);\" src=\"https:\/\/www.radnicki.org\/stota-godisnjica-oktobarske-revolucije\/embed\/#?secret=xe2SAwFM0E\" data-secret=\"xe2SAwFM0E\" width=\"600\" height=\"338\" title=\"&#8220;Stota godi\u0161njica Oktobarske revolucije&#8221; &#8212; Radni\u010dki portal\" frameborder=\"0\" marginwidth=\"0\" marginheight=\"0\" scrolling=\"no\"><\/iframe><\/p>\n<p>&nbsp;<\/p>\n<p>&nbsp;<\/p>\n<blockquote class=\"wp-embedded-content\" data-secret=\"Sqcr5CKUFv\"><p><a href=\"http:\/\/www.sbperiskop.net\/kolumne\/ladbab\/ladislav-babic-odjeci-oktobra-sperare-humanum-est\">Ladislav Babi\u0107: Odjeci \u201eOktobra\u201c &#8211; sperare humanum est!<\/a><\/p><\/blockquote>\n<p><iframe loading=\"lazy\" class=\"wp-embedded-content\" sandbox=\"allow-scripts\" security=\"restricted\" style=\"position: absolute; clip: rect(1px, 1px, 1px, 1px);\" src=\"http:\/\/www.sbperiskop.net\/kolumne\/ladbab\/ladislav-babic-odjeci-oktobra-sperare-humanum-est\/embed#?secret=Sqcr5CKUFv\" data-secret=\"Sqcr5CKUFv\" width=\"600\" height=\"338\" title=\"&#8220;Ladislav Babi\u0107: Odjeci \u201eOktobra\u201c &#8211; sperare humanum est!&#8221; &#8212; SBPeriskop\" frameborder=\"0\" marginwidth=\"0\" marginheight=\"0\" scrolling=\"no\"><\/iframe><\/p>\n<p>&nbsp;<\/p>\n<p><a href=\"http:\/\/www.dw.com\/hr\/100-godina-kasnije-kako-je-berlin-pomogao-oktobarsku-revoluciju\/a-41223084\">http:\/\/www.dw.com\/hr\/100-godina-kasnije-kako-je-berlin-pomogao-oktobarsku-revoluciju\/a-41223084<\/a><\/p>\n<p>&nbsp;<\/p>\n<p>&nbsp;<\/p>\n<p><a href=\"http:\/\/www.dw.com\/hr\/tamna-strana-socijalisti%C4%8Dke-revolucije\/av-41268625\">http:\/\/www.dw.com\/hr\/tamna-strana-socijalisti%C4%8Dke-revolucije\/av-41268625<\/a><\/p>\n<p>&nbsp;<\/p>\n<p>&nbsp;<\/p>\n<p>&nbsp;<\/p>\n","protected":false},"excerpt":{"rendered":"","protected":false},"author":2,"featured_media":6763,"comment_status":"open","ping_status":"open","sticky":false,"template":"","format":"standard","meta":{"_acf_changed":false,"jetpack_post_was_ever_published":false,"_jetpack_newsletter_access":"","_jetpack_dont_email_post_to_subs":false,"_jetpack_newsletter_tier_id":0,"_jetpack_memberships_contains_paywalled_content":false,"_jetpack_memberships_contains_paid_content":false,"footnotes":"","jetpack_publicize_message":"","jetpack_publicize_feature_enabled":true,"jetpack_social_post_already_shared":true,"jetpack_social_options":{"image_generator_settings":{"template":"highway","default_image_id":0,"font":"","enabled":false},"version":2}},"categories":[3],"tags":[],"class_list":["post-6762","post","type-post","status-publish","format-standard","has-post-thumbnail","hentry","category-novosti"],"acf":{"facebook_opis":""},"jetpack_publicize_connections":[],"jetpack_featured_media_url":"https:\/\/i0.wp.com\/historiografija.hr\/wp-content\/uploads\/2017\/11\/1917-lenine.gif?fit=386%2C240&ssl=1","jetpack_sharing_enabled":true,"jetpack-related-posts":[{"id":52578,"url":"https:\/\/historiografija.hr\/?p=52578","url_meta":{"origin":6762,"position":0},"title":"Poziv za sudjelovanje: XXII. Dani Julija Bene\u0161i\u0107a u Iloku","author":"Branimir Jankovi\u0107","date":"21. travnja 2026.","format":false,"excerpt":"Zavod za lingvisti\u010dka istra\u017eivanja Hrvatske akademije znanosti i umjetnosti, zajedno s Muzejom grada Iloka, organizira XXII. Dane Julija Bene\u0161i\u0107a, koji \u0107e se odr\u017eati od 28. do 30. listopada 2026. u Iloku.\u00a0Teme ovogodi\u0161njih Dana podijeljene su u dvije cjeline: Knji\u017eevno-jezikoslovni d\u00ecv\u0101n s Bene\u0161i\u0107em te Ilok i Srijem u povijesnim stalnicama i\u2026","rel":"","context":"U &quot;Novosti&quot;","block_context":{"text":"Novosti","link":"https:\/\/historiografija.hr\/?cat=3"},"img":{"alt_text":"","src":"https:\/\/i0.wp.com\/historiografija.hr\/wp-content\/uploads\/2019\/10\/HE2_Benesic.jpg?fit=413%2C591&ssl=1&resize=350%2C200","width":350,"height":200},"classes":[]},{"id":52502,"url":"https:\/\/historiografija.hr\/?p=52502","url_meta":{"origin":6762,"position":1},"title":"Novi znanstveni projekt Hrvatskog instituta za povijest: \u201c\u017drtve ratova i dr\u017eavnog\/politi\u010dkog nasilja u hrvatskoj povijesti 20. stolje\u0107a\u201d","author":"Branimir Jankovi\u0107","date":"17. travnja 2026.","format":false,"excerpt":"Na redovitoj sjednici Vlade RH, 16. travnja 2026., donijet je Zaklju\u010dak kojim se pokre\u0107e znanstveni projekt \u201c\u017drtve ratova i dr\u017eavnog\/politi\u010dkog nasilja u hrvatskoj povijesti 20. stolje\u0107a\u201d. Projekt \u0107e provoditi i koordinirati Hrvatski institut za povijest u razdoblju trajanja projekta od pet godina. Zakljucak Vlade RH Iz teksta projektnog prijedloga: Problematika\u2026","rel":"","context":"U &quot;Novosti&quot;","block_context":{"text":"Novosti","link":"https:\/\/historiografija.hr\/?cat=3"},"img":{"alt_text":"","src":"https:\/\/i0.wp.com\/historiografija.hr\/wp-content\/uploads\/2026\/04\/Vlada-RH.jpg?fit=1200%2C557&ssl=1&resize=350%2C200","width":350,"height":200,"srcset":"https:\/\/i0.wp.com\/historiografija.hr\/wp-content\/uploads\/2026\/04\/Vlada-RH.jpg?fit=1200%2C557&ssl=1&resize=350%2C200 1x, https:\/\/i0.wp.com\/historiografija.hr\/wp-content\/uploads\/2026\/04\/Vlada-RH.jpg?fit=1200%2C557&ssl=1&resize=525%2C300 1.5x, https:\/\/i0.wp.com\/historiografija.hr\/wp-content\/uploads\/2026\/04\/Vlada-RH.jpg?fit=1200%2C557&ssl=1&resize=700%2C400 2x, https:\/\/i0.wp.com\/historiografija.hr\/wp-content\/uploads\/2026\/04\/Vlada-RH.jpg?fit=1200%2C557&ssl=1&resize=1050%2C600 3x"},"classes":[]},{"id":52569,"url":"https:\/\/historiografija.hr\/?p=52569","url_meta":{"origin":6762,"position":2},"title":"[Predavanje] Ne \u010dekaju\u0107i inspiraciju \u2013 anga\u017eovane intelektualne, kulturalne i umetni\u010dke prakse u me\u0111uratnom periodu: teorija i praksa kriti\u010dke levice u jugoslovenskoj kulturi (YugoLab)","author":"Branimir Jankovi\u0107","date":"21. travnja 2026.","format":false,"excerpt":"U vreme agresivnog ja\u010danja globalne desnice, (pro)fa\u0161isti\u010dkih, rasisti\u010dkih i imperijalisti\u010dkih politika, dok je istovremeno globalna levica izrazito slaba, a progresivni pokreti atomizirani i fragmentisani, va\u017eno je iz savremene perspektive vratiti se revolucionarnim i emancipatorskim zbivanjima u jugoslovenskom (ali i s njima u vezi internacionalnim de\u0161avanjima), kao i dru\u0161tvenoj ulozi kulturalnih\u2026","rel":"","context":"U &quot;Novosti&quot;","block_context":{"text":"Novosti","link":"https:\/\/historiografija.hr\/?cat=3"},"img":{"alt_text":"","src":"","width":0,"height":0},"classes":[]},{"id":52536,"url":"https:\/\/historiografija.hr\/?p=52536","url_meta":{"origin":6762,"position":3},"title":"Kader Abdolah, \u201ePrije nego \u0161to bude kasno\u201c","author":"Branimir Jankovi\u0107","date":"20. travnja 2026.","format":false,"excerpt":"Kader Abdolah \u017eeli se vratiti ku\u0107i. Ali povratak je nemogu\u0107: u Iranu bi bio uhap\u0161en. Pod la\u017enim imenom i s krivotvorenim paso\u0161em ipak uspijeva u\u0107i u domovinu i sti\u017ee do roditeljske ku\u0107e, visoko u planinama. Majka ga ne prepoznaje, otac je mrtav, a sve \u0161to je tra\u017eio izmi\u010de mu pred\u2026","rel":"","context":"U &quot;Novosti&quot;","block_context":{"text":"Novosti","link":"https:\/\/historiografija.hr\/?cat=3"},"img":{"alt_text":"","src":"https:\/\/i0.wp.com\/historiografija.hr\/wp-content\/uploads\/2026\/04\/Prije-nego-sto-bude-kasno.webp?fit=566%2C872&ssl=1&resize=350%2C200","width":350,"height":200,"srcset":"https:\/\/i0.wp.com\/historiografija.hr\/wp-content\/uploads\/2026\/04\/Prije-nego-sto-bude-kasno.webp?fit=566%2C872&ssl=1&resize=350%2C200 1x, https:\/\/i0.wp.com\/historiografija.hr\/wp-content\/uploads\/2026\/04\/Prije-nego-sto-bude-kasno.webp?fit=566%2C872&ssl=1&resize=525%2C300 1.5x"},"classes":[]},{"id":52592,"url":"https:\/\/historiografija.hr\/?p=52592","url_meta":{"origin":6762,"position":4},"title":"Predstavljanje knjige &#8220;Turska ku\u0107a u Rijeci&#8221; u Zagrebu","author":"Branimir Jankovi\u0107","date":"22. travnja 2026.","format":false,"excerpt":"U prostorijama Turskog kulturnog centra Yunus Emre u Zagrebu, u utorak 21. travnja 2026. godine, odr\u017eano je sve\u010dano predstavljanje dopunjenog izdanja knjige Turska ku\u0107a u Rijeci, u organizaciji Hrvatsko-turskog dru\u0161tva Rijeka i partnerstvu sa Skupinom prijateljstva Hrvatska-Turska Hrvatskog sabora, Veleposlanstvom Republike Turske u Republici Hrvatskoj te Turskim kulturnim centrom Yunus\u2026","rel":"","context":"U &quot;Novosti&quot;","block_context":{"text":"Novosti","link":"https:\/\/historiografija.hr\/?cat=3"},"img":{"alt_text":"","src":"https:\/\/i0.wp.com\/historiografija.hr\/wp-content\/uploads\/2026\/04\/Turska-kuca-ZG.jpg?fit=1200%2C800&ssl=1&resize=350%2C200","width":350,"height":200,"srcset":"https:\/\/i0.wp.com\/historiografija.hr\/wp-content\/uploads\/2026\/04\/Turska-kuca-ZG.jpg?fit=1200%2C800&ssl=1&resize=350%2C200 1x, https:\/\/i0.wp.com\/historiografija.hr\/wp-content\/uploads\/2026\/04\/Turska-kuca-ZG.jpg?fit=1200%2C800&ssl=1&resize=525%2C300 1.5x, https:\/\/i0.wp.com\/historiografija.hr\/wp-content\/uploads\/2026\/04\/Turska-kuca-ZG.jpg?fit=1200%2C800&ssl=1&resize=700%2C400 2x, https:\/\/i0.wp.com\/historiografija.hr\/wp-content\/uploads\/2026\/04\/Turska-kuca-ZG.jpg?fit=1200%2C800&ssl=1&resize=1050%2C600 3x"},"classes":[]},{"id":52619,"url":"https:\/\/historiografija.hr\/?p=52619","url_meta":{"origin":6762,"position":5},"title":"Predavanje \u0110ur\u0111ice Vitkovi\u0107 &#8220;Izme\u0111u pera i objektiva: Zagorka i Foto Tonka&#8221;","author":"Branimir Jankovi\u0107","date":"23. travnja 2026.","format":false,"excerpt":"Memorijalni stan Marije Juri\u0107 Zagorke poziva Vas na predavanje \u0110ur\u0111ice Vitkovi\u0107 \u201eIzme\u0111u pera i objektiva: Zagorka i Foto Tonka\u201c koje \u0107e se odr\u017eati u utorak, 28. travnja 2026. s po\u010detkom u 18 h u sklopu Ciklusa predavanja u Memorijalnom stanu Marije Juri\u0107 Zagorke. Kako su se susrele knji\u017eevnost i fotografija\u2026","rel":"","context":"U &quot;Novosti&quot;","block_context":{"text":"Novosti","link":"https:\/\/historiografija.hr\/?cat=3"},"img":{"alt_text":"","src":"https:\/\/i0.wp.com\/historiografija.hr\/wp-content\/uploads\/2024\/11\/Zagorka_ciklus.jpg?fit=1200%2C1006&ssl=1&resize=350%2C200","width":350,"height":200,"srcset":"https:\/\/i0.wp.com\/historiografija.hr\/wp-content\/uploads\/2024\/11\/Zagorka_ciklus.jpg?fit=1200%2C1006&ssl=1&resize=350%2C200 1x, https:\/\/i0.wp.com\/historiografija.hr\/wp-content\/uploads\/2024\/11\/Zagorka_ciklus.jpg?fit=1200%2C1006&ssl=1&resize=525%2C300 1.5x, https:\/\/i0.wp.com\/historiografija.hr\/wp-content\/uploads\/2024\/11\/Zagorka_ciklus.jpg?fit=1200%2C1006&ssl=1&resize=700%2C400 2x, https:\/\/i0.wp.com\/historiografija.hr\/wp-content\/uploads\/2024\/11\/Zagorka_ciklus.jpg?fit=1200%2C1006&ssl=1&resize=1050%2C600 3x"},"classes":[]}],"_links":{"self":[{"href":"https:\/\/historiografija.hr\/index.php?rest_route=\/wp\/v2\/posts\/6762","targetHints":{"allow":["GET"]}}],"collection":[{"href":"https:\/\/historiografija.hr\/index.php?rest_route=\/wp\/v2\/posts"}],"about":[{"href":"https:\/\/historiografija.hr\/index.php?rest_route=\/wp\/v2\/types\/post"}],"author":[{"embeddable":true,"href":"https:\/\/historiografija.hr\/index.php?rest_route=\/wp\/v2\/users\/2"}],"replies":[{"embeddable":true,"href":"https:\/\/historiografija.hr\/index.php?rest_route=%2Fwp%2Fv2%2Fcomments&post=6762"}],"version-history":[{"count":24,"href":"https:\/\/historiografija.hr\/index.php?rest_route=\/wp\/v2\/posts\/6762\/revisions"}],"predecessor-version":[{"id":7763,"href":"https:\/\/historiografija.hr\/index.php?rest_route=\/wp\/v2\/posts\/6762\/revisions\/7763"}],"wp:featuredmedia":[{"embeddable":true,"href":"https:\/\/historiografija.hr\/index.php?rest_route=\/wp\/v2\/media\/6763"}],"wp:attachment":[{"href":"https:\/\/historiografija.hr\/index.php?rest_route=%2Fwp%2Fv2%2Fmedia&parent=6762"}],"wp:term":[{"taxonomy":"category","embeddable":true,"href":"https:\/\/historiografija.hr\/index.php?rest_route=%2Fwp%2Fv2%2Fcategories&post=6762"},{"taxonomy":"post_tag","embeddable":true,"href":"https:\/\/historiografija.hr\/index.php?rest_route=%2Fwp%2Fv2%2Ftags&post=6762"}],"curies":[{"name":"wp","href":"https:\/\/api.w.org\/{rel}","templated":true}]}}