{"id":6708,"date":"2017-11-04T16:28:59","date_gmt":"2017-11-04T16:28:59","guid":{"rendered":"http:\/\/historiografija.hr\/?p=6708"},"modified":"2017-11-04T16:30:35","modified_gmt":"2017-11-04T16:30:35","slug":"povijesna-vecer-makedonija-i-hrvatska-od-pocetka-19-stoljeca-do-kraja-prvog-svjetskog-rata","status":"publish","type":"post","link":"https:\/\/historiografija.hr\/?p=6708","title":{"rendered":"Povijesna ve\u010der  \u201eMakedonija i Hrvatska od po\u010detka 19. stolje\u0107a do kraja Prvog svjetskog rata\u201d"},"content":{"rendered":"<p>Povijesna ve\u010der \u2013 na kojoj \u0107e predavati povjesni\u010dari Nata\u0161a Kotlar-Trajkova, Liljana Gu\u0161evska i Igor Despot\u2013 bit \u0107e u utorak, 7. studenog 2017. u 19 sati u Zagrebu (Tribina Grada Zagreba, Kaptol 27).<\/p>\n<p>&nbsp;<\/p>\n<p>&nbsp;<\/p>\n<p>&#8212;<\/p>\n<p>&nbsp;<\/p>\n<p>&nbsp;<\/p>\n<p>MAKEDONSKO KULTURNO DRU\u0160TVO<br \/>\n\u201eOHRIDSKI BISER\u201d<\/p>\n<p>&nbsp;<\/p>\n<p>&nbsp;<\/p>\n<p>ORGANIZIRA I POZIVA VAS<br \/>\nNA KULTURNU MANIFESTACIJU<\/p>\n<p>&nbsp;<\/p>\n<p>&nbsp;<\/p>\n<p>\u201eDUH MAKEDONIJE U HRVATSKOJ\u201d<\/p>\n<p>&nbsp;<\/p>\n<p>&nbsp;<\/p>\n<p>7. studenog 2017. godine, u 19.00 sati<br \/>\nTribina Grada Zagreba<br \/>\nKaptol 27, Zagreb<\/p>\n<p>&nbsp;<\/p>\n<p>&nbsp;<\/p>\n<p>POVIJESNA VE\u010cER<\/p>\n<p>\u201eMAKEDONIJA I HRVATSKA OD PO\u010cETKA 19. STOLJE\u0106A DO KRAJA PRVOG SVJETSKOG RATA\u201d<\/p>\n<p>&nbsp;<\/p>\n<p>&nbsp;<\/p>\n<p>Predava\u010di:<\/p>\n<p>&nbsp;<\/p>\n<p>Prof. dr. sc. Nata\u0161a Kotlar-Trajkova, Institut za nacionalnu povijest, Skopje<br \/>\n\u201eMakedonsko-hrvatske povijesne paralele u XIX. stolje\u0107u\u201c<\/p>\n<p>&nbsp;<\/p>\n<p>Prof. dr. sc. Liljana Gu\u0161evska, Institut za nacionalnu povijest, Skopje<br \/>\n\u201eKulturni procesi u Makedoniji i Hrvatskoj u XIX. stolje\u0107u\u201c<\/p>\n<p>&nbsp;<\/p>\n<p>Doc. dr. sc. Igor Despot, povjesni\u010dar, Zagreb<br \/>\n\u201eBalkanski ratovi: osvajanje i podjela Makedonije\u201c<\/p>\n<p>&nbsp;<\/p>\n<p>&nbsp;<\/p>\n<p>Moderator:<\/p>\n<p>&nbsp;<\/p>\n<p>Doc. dr. sc. Vedran Obu\u0107ina, Institut za europske i globalizacijske studije, Split<\/p>\n<p>&nbsp;<\/p>\n<p>&nbsp;<\/p>\n<p>RADUJEMO SE VA\u0160EM POSJETU!<\/p>\n<p>&nbsp;<\/p>\n<p>&nbsp;<\/p>\n<p>FINANCIJSKA PODR\u0160KA<\/p>\n<p>&nbsp;<\/p>\n<p>Ministarstvo vanjskih i europskih poslova Republike Hrvatske<\/p>\n<p>&nbsp;<\/p>\n<p>&#8212;<\/p>\n<p>&nbsp;<\/p>\n<p>M\u0410\u041a\u0415\u0414\u041e\u041d\u0421\u041a\u041e \u041a\u0423\u041b\u0422\u0423\u0420\u041d\u041e \u0414\u0420\u0423\u0428\u0422\u0412\u041e<br \/>\n\u201eO\u0425\u0420\u0418\u0414\u0421\u041a\u0418 \u0411\u0418\u0421\u0415\u0420\u201d<\/p>\n<p>&nbsp;<\/p>\n<p>&nbsp;<\/p>\n<p>O\u0420\u0413\u0410\u041d\u0418\u0417\u0418\u0420\u0410 \u0418 \u0412\u0415 \u041f\u041e\u041aA\u041d\u0423\u0412\u0410<br \/>\n\u041d\u0410 \u041a\u0423\u041b\u0422\u0423\u0420\u041d\u0410\u0422\u0410 \u041c\u0410\u041d\u0418\u0424\u0415\u0421\u0422\u0410\u0426\u0418\u0408\u0410<\/p>\n<p>&nbsp;<\/p>\n<p>&nbsp;<\/p>\n<p>\u201e\u0414\u0423\u0425\u041e\u0422 \u041d\u0410 \u041c\u0410\u041a\u0415\u0414\u041e\u041d\u0418\u0408\u0410 \u0412\u041e \u0425\u0420\u0412\u0410\u0422\u0421\u041a\u0410\u201d<\/p>\n<p>&nbsp;<\/p>\n<p>&nbsp;<\/p>\n<p>7 \u043d\u043e\u0435\u043c\u0432\u0440\u0438 2017 \u0433\u043e\u0434\u0438\u043d\u0430, \u0432\u043e 19.00 \u0447\u0430\u0441\u043e\u0442<br \/>\n\u0422\u0440\u0438\u0431\u0438\u043d\u0430 \u043d\u0430 \u0413\u0440\u0430\u0434 \u0417\u0430\u0433\u0440\u0435\u0431<br \/>\n\u041a\u0430\u043f\u0442\u043e\u043b 27, \u0417\u0430\u0433\u0440\u0435\u0431<\/p>\n<p>&nbsp;<\/p>\n<p>&nbsp;<\/p>\n<p>&nbsp;<\/p>\n<p>\u0418\u0421\u0422\u041e\u0420\u0418\u0421\u041a\u0410 \u0412\u0415\u0427\u0415\u0420<\/p>\n<p>&nbsp;<\/p>\n<p>&nbsp;<\/p>\n<p>\u201e\u041c\u0410\u041a\u0415\u0414\u041e\u041d\u0418\u0408\u0410 \u0418 \u0425\u0420\u0412\u0410\u0422\u0421\u041a\u0410 \u041e\u0414 \u041f\u041e\u0427\u0415\u0422\u041e\u041a\u041e\u0422 \u041d\u0410 19. \u0412\u0415\u041a \u0414\u041e \u041a\u0420\u0410\u0408\u041e\u0422 \u041d\u0410 \u041f\u0420\u0412\u0410\u0422\u0410 \u0421\u0412\u0415\u0422\u0421\u041a\u0410 \u0412\u041e\u0408\u041d\u0410\u201d<\/p>\n<p>&nbsp;<\/p>\n<p>&nbsp;<\/p>\n<p>&nbsp;<\/p>\n<p>\u041f\u0440\u0435\u0434\u0430\u0432\u0430\u0447\u0438:<\/p>\n<p>&nbsp;<\/p>\n<p>\u041f\u0440\u043e\u0444. \u0434-\u0440 \u041d\u0430\u0442\u0430\u0448\u0430 \u041a\u043e\u0442\u043b\u0430\u0440-\u0422\u0440\u0430\u0458\u043a\u043e\u0432\u0430, \u0418\u043d\u0441\u0442\u0438\u0442\u0443\u0442 \u0437\u0430 \u043d\u0430\u0446\u0438\u043e\u043d\u0430\u043b\u043d\u0430 \u0438\u0441\u0442\u043e\u0440\u0438\u0458\u0430, \u0421\u043a\u043e\u043f\u0458\u0435<br \/>\n\u201e\u041c\u0430\u043a\u0435\u0434\u043e\u043d\u0441\u043a\u043e-\u0445\u0440\u0432\u0430\u0442\u0441\u043a\u0438 \u0438\u0441\u0442\u043e\u0440\u0438\u0441\u043a\u0438 \u043f\u0430\u0440\u0430\u043b\u0435\u043b\u0438 \u0432\u043e XIX \u0432\u0435\u043a\u201c<\/p>\n<p>&nbsp;<\/p>\n<p>\u041f\u0440\u043e\u0444. \u0434-\u0440 \u041b\u0438\u043b\u0458\u0430\u043d\u0430 \u0413\u0443\u0448\u0435\u0432\u0441\u043a\u0430, \u0418\u043d\u0441\u0442\u0438\u0442\u0443\u0442 \u0437\u0430 \u043d\u0430\u0446\u0438\u043e\u043d\u0430\u043b\u043d\u0430 \u0438\u0441\u0442\u043e\u0440\u0438\u0458\u0430, \u0421\u043a\u043e\u043f\u0458\u0435<br \/>\n\u201e\u041a\u0443\u043b\u0442\u0443\u0440\u043d\u0438 \u043f\u0440\u043e\u0446\u0435\u0441\u0438 \u0432\u043e \u041c\u0430\u043a\u0435\u0434\u043e\u043d\u0438\u0458\u0430 \u0438 \u0425\u0440\u0432\u0430\u0442\u0441\u043a\u0430 \u0432\u043e XIX \u0432\u0435\u043a\u201c<\/p>\n<p>&nbsp;<\/p>\n<p>\u0414\u043e\u0446. \u0434-\u0440 \u0418\u0433\u043e\u0440 \u0414\u0435\u0441\u043f\u043e\u0442, \u0438\u0441\u0442\u043e\u0440\u0438\u0447\u0430\u0440, \u0417\u0430\u0433\u0440\u0435\u0431<br \/>\n\u201e\u0411\u0430\u043b\u043a\u0430\u043d\u0441\u043a\u0438\u0442\u0435 \u0432\u043e\u0458\u043d\u0438 \u0438 \u043e\u0441\u0432\u043e\u0458\u0443\u0432\u0430\u045a\u0435\u0442\u043e \u043d\u0430 \u041c\u0430\u043a\u0435\u0434\u043e\u043d\u0438\u0458\u0430\u201c<\/p>\n<p>&nbsp;<\/p>\n<p>&nbsp;<\/p>\n<p>\u041c\u043e\u0434\u0435\u0440\u0430\u0442\u043e\u0440:<br \/>\n\u0414\u043e\u0446. \u0434-\u0440 \u0412\u0435\u0434\u0440\u0430\u043d \u041e\u0431\u0443\u045c\u0438\u043d\u0430, \u0418\u043d\u0441\u0442\u0438\u0442\u0443\u0442 \u0437\u0430 \u0435\u0432\u0440\u043e\u043f\u0441\u043a\u0438 \u0438 \u0433\u043b\u043e\u0431\u0430\u043b\u0438\u0437\u0430\u0446\u0438\u0441\u043a\u0438 \u0441\u0442\u0443\u0434\u0438\u0438, \u0421\u043f\u043b\u0438\u0442<\/p>\n<p>&nbsp;<\/p>\n<p>&nbsp;<\/p>\n<p>\u0421\u0415 \u0420\u0410\u0414\u0423\u0412\u0410\u041c\u0415 \u041d\u0410 \u0412\u0410\u0428\u0410\u0422\u0410 \u041f\u041e\u0421\u0415\u0422\u0410!<\/p>\n<p>&nbsp;<\/p>\n<p>&nbsp;<\/p>\n<p>\u0424\u0418\u041d\u0410\u041d\u0421\u0418\u0421\u041a\u0410 \u041f\u041e\u0414\u0414\u0420\u0428\u041a\u0410<\/p>\n<p>&nbsp;<\/p>\n<p>&nbsp;<\/p>\n<p>\u041c\u0438\u043d\u0438\u0441\u0442\u0435\u0440\u0441\u0442\u0432\u043e \u0437\u0430 \u043d\u0430\u0434\u0432\u043e\u0440\u0435\u0448\u043d\u0438 \u0438 \u0435\u0432\u0440\u043e\u043f\u0441\u043a\u0438 \u0440\u0430\u0431\u043e\u0442\u0438 \u043d\u0430 \u0420\u0435\u043f\u0443\u0431\u043b\u0438\u043a\u0430 \u0425\u0440\u0432\u0430\u0442\u0441\u043a\u0430<\/p>\n<p>&nbsp;<\/p>\n<p>&nbsp;<\/p>\n<p><a href=\"https:\/\/historiografija.hr\/wp-content\/uploads\/2017\/11\/Duh-Makedonije-u-Hrvatskoj-povijesna-ve\u00e8er-2.pdf\">Duh Makedonije u Hrvatskoj &#8211; povijesna ve\u00e8er 2<\/a><\/p>\n<p>&nbsp;<\/p>\n<p>&nbsp;<\/p>\n","protected":false},"excerpt":{"rendered":"","protected":false},"author":2,"featured_media":6709,"comment_status":"open","ping_status":"open","sticky":false,"template":"","format":"standard","meta":{"_acf_changed":false,"jetpack_post_was_ever_published":false,"_jetpack_newsletter_access":"","_jetpack_dont_email_post_to_subs":false,"_jetpack_newsletter_tier_id":0,"_jetpack_memberships_contains_paywalled_content":false,"_jetpack_memberships_contains_paid_content":false,"footnotes":"","jetpack_publicize_message":"","jetpack_publicize_feature_enabled":true,"jetpack_social_post_already_shared":true,"jetpack_social_options":{"image_generator_settings":{"template":"highway","default_image_id":0,"font":"","enabled":false},"version":2}},"categories":[3],"tags":[],"class_list":["post-6708","post","type-post","status-publish","format-standard","has-post-thumbnail","hentry","category-novosti"],"acf":{"facebook_opis":""},"jetpack_publicize_connections":[],"jetpack_featured_media_url":"https:\/\/i0.wp.com\/historiografija.hr\/wp-content\/uploads\/2017\/11\/Povijesna-vecer-2.png?fit=940%2C1335&ssl=1","jetpack_sharing_enabled":true,"jetpack-related-posts":[{"id":52502,"url":"https:\/\/historiografija.hr\/?p=52502","url_meta":{"origin":6708,"position":0},"title":"Novi znanstveni projekt Hrvatskog instituta za povijest: \u201c\u017drtve ratova i dr\u017eavnog\/politi\u010dkog nasilja u hrvatskoj povijesti 20. stolje\u0107a\u201d","author":"Branimir Jankovi\u0107","date":"17. travnja 2026.","format":false,"excerpt":"Na redovitoj sjednici Vlade RH, 16. travnja 2026., donijet je Zaklju\u010dak kojim se pokre\u0107e znanstveni projekt \u201c\u017drtve ratova i dr\u017eavnog\/politi\u010dkog nasilja u hrvatskoj povijesti 20. stolje\u0107a\u201d. Projekt \u0107e provoditi i koordinirati Hrvatski institut za povijest u razdoblju trajanja projekta od pet godina. Zakljucak Vlade RH Iz teksta projektnog prijedloga: Problematika\u2026","rel":"","context":"U &quot;Novosti&quot;","block_context":{"text":"Novosti","link":"https:\/\/historiografija.hr\/?cat=3"},"img":{"alt_text":"","src":"https:\/\/i0.wp.com\/historiografija.hr\/wp-content\/uploads\/2026\/04\/Vlada-RH.jpg?fit=1200%2C557&ssl=1&resize=350%2C200","width":350,"height":200,"srcset":"https:\/\/i0.wp.com\/historiografija.hr\/wp-content\/uploads\/2026\/04\/Vlada-RH.jpg?fit=1200%2C557&ssl=1&resize=350%2C200 1x, https:\/\/i0.wp.com\/historiografija.hr\/wp-content\/uploads\/2026\/04\/Vlada-RH.jpg?fit=1200%2C557&ssl=1&resize=525%2C300 1.5x, https:\/\/i0.wp.com\/historiografija.hr\/wp-content\/uploads\/2026\/04\/Vlada-RH.jpg?fit=1200%2C557&ssl=1&resize=700%2C400 2x, https:\/\/i0.wp.com\/historiografija.hr\/wp-content\/uploads\/2026\/04\/Vlada-RH.jpg?fit=1200%2C557&ssl=1&resize=1050%2C600 3x"},"classes":[]},{"id":52669,"url":"https:\/\/historiografija.hr\/?p=52669","url_meta":{"origin":6708,"position":1},"title":"Predavanje Igora Dude &#8220;Odmor kao \u017eivotna potreba: o slobodnom vremenu u socijalisti\u010dkoj Jugoslaviji&#8221;","author":"Branimir Jankovi\u0107","date":"27. travnja 2026.","format":false,"excerpt":"U sklopu proljetnog ciklusa programa\u00a0Kriti\u010dka dramaturgija: pauza, u\u00a0subotu, 25. travnja 2026. u 19 sati\u00a0u prostoru Udru\u017eenja hrvatskih arhitekata povjesni\u010dar Igor Duda\u00a0odr\u017eao je predavanje naslovljeno\u00a0Odmor kao \u017eivotna potreba: o slobodnom vremenu u socijalisti\u010dkoj Jugoslaviji. Industrijalizacija i urbanizacija dru\u0161tava u povijesti su zna\u010dile i prelazak s predindustrijskog na industrijsko shva\u0107anje vremena. Ono\u2026","rel":"","context":"U &quot;Novosti&quot;","block_context":{"text":"Novosti","link":"https:\/\/historiografija.hr\/?cat=3"},"img":{"alt_text":"","src":"https:\/\/i0.wp.com\/historiografija.hr\/wp-content\/uploads\/2026\/04\/Duda.png?fit=1200%2C628&ssl=1&resize=350%2C200","width":350,"height":200,"srcset":"https:\/\/i0.wp.com\/historiografija.hr\/wp-content\/uploads\/2026\/04\/Duda.png?fit=1200%2C628&ssl=1&resize=350%2C200 1x, https:\/\/i0.wp.com\/historiografija.hr\/wp-content\/uploads\/2026\/04\/Duda.png?fit=1200%2C628&ssl=1&resize=525%2C300 1.5x, https:\/\/i0.wp.com\/historiografija.hr\/wp-content\/uploads\/2026\/04\/Duda.png?fit=1200%2C628&ssl=1&resize=700%2C400 2x, https:\/\/i0.wp.com\/historiografija.hr\/wp-content\/uploads\/2026\/04\/Duda.png?fit=1200%2C628&ssl=1&resize=1050%2C600 3x"},"classes":[]},{"id":52666,"url":"https:\/\/historiografija.hr\/?p=52666","url_meta":{"origin":6708,"position":2},"title":"Najava programa Festivala povijesti Kliofest (5-8. V. 2026)","author":"Branimir Jankovi\u0107","date":"24. travnja 2026.","format":false,"excerpt":"Po trinaesti put odr\u017eava se Festival povijesti Kliofest! Do petka \u0107emo odr\u017eati osam okruglih stolova i dva kolokvija te niz predstavljanja knjiga i projekata razli\u010dite tematike, od antike do suvremenosti. Bit \u0107e predstavljeno i nekoliko izlo\u017ebi te odr\u017ean jedan povijesni kviz. Prikazat \u0107emo i jedan film \u2013 o generalu Boroevi\u0107u.\u2026","rel":"","context":"U &quot;Novosti&quot;","block_context":{"text":"Novosti","link":"https:\/\/historiografija.hr\/?cat=3"},"img":{"alt_text":"","src":"https:\/\/i0.wp.com\/historiografija.hr\/wp-content\/uploads\/2026\/04\/Kliofest-2026.jpg?fit=526%2C526&ssl=1&resize=350%2C200","width":350,"height":200,"srcset":"https:\/\/i0.wp.com\/historiografija.hr\/wp-content\/uploads\/2026\/04\/Kliofest-2026.jpg?fit=526%2C526&ssl=1&resize=350%2C200 1x, https:\/\/i0.wp.com\/historiografija.hr\/wp-content\/uploads\/2026\/04\/Kliofest-2026.jpg?fit=526%2C526&ssl=1&resize=525%2C300 1.5x"},"classes":[]},{"id":52547,"url":"https:\/\/historiografija.hr\/?p=52547","url_meta":{"origin":6708,"position":3},"title":"ISHA Zagreb \u2013 Filmska ve\u010der: Povratak Martina Guerrea","author":"Branimir Jankovi\u0107","date":"20. travnja 2026.","format":false,"excerpt":"Klub studenata povijesti \u2013 ISHA Zagreb poziva Vas na filmsku ve\u010der na kojoj \u0107e se prikazivati \u201ePovratak Martina Guerrea\u201c, povijesna drama iz 1982. godine s radnjom smje\u0161tenom u 16. stolje\u0107u. Radnja je utemeljena na stvarnoj povijesnoj li\u010dnosti Martina Guerrea koji se nakon mnogo godina izbivanja vra\u0107a u svoje rodno mjesto\u2026","rel":"","context":"U &quot;Filmovi i serije&quot;","block_context":{"text":"Filmovi i serije","link":"https:\/\/historiografija.hr\/?cat=13"},"img":{"alt_text":"","src":"https:\/\/i0.wp.com\/historiografija.hr\/wp-content\/uploads\/2026\/04\/M-Guerre.png?fit=702%2C1006&ssl=1&resize=350%2C200","width":350,"height":200,"srcset":"https:\/\/i0.wp.com\/historiografija.hr\/wp-content\/uploads\/2026\/04\/M-Guerre.png?fit=702%2C1006&ssl=1&resize=350%2C200 1x, https:\/\/i0.wp.com\/historiografija.hr\/wp-content\/uploads\/2026\/04\/M-Guerre.png?fit=702%2C1006&ssl=1&resize=525%2C300 1.5x, https:\/\/i0.wp.com\/historiografija.hr\/wp-content\/uploads\/2026\/04\/M-Guerre.png?fit=702%2C1006&ssl=1&resize=700%2C400 2x"},"classes":[]},{"id":52631,"url":"https:\/\/historiografija.hr\/?p=52631","url_meta":{"origin":6708,"position":4},"title":"Predavanje Ivana Tepe\u0161a: Djelovanje hrvatske politi\u010dke emigracije","author":"Branimir Jankovi\u0107","date":"23. travnja 2026.","format":false,"excerpt":"Odjel za me\u0111unarodnu suradnju i iseljeni\u0161tvo Matice hrvatske Predavanje Ivana Tepe\u0161a: Djelovanje hrvatske politi\u010dke emigracije Utorak, 28. travnja 2026. u 18:00 sati, Dvorana Ljudevita Jonkea (Mala dvorana MH), Strossmayerov trg 4, Zagreb dr. sc. Ivan Tepe\u0161, Institut za istra\u017eivanje migracija Hrvatska politi\u010dka emigracija obilje\u017eila je polustoljetnu hrvatsku povijest u drugoj\u2026","rel":"","context":"U &quot;Novosti&quot;","block_context":{"text":"Novosti","link":"https:\/\/historiografija.hr\/?cat=3"},"img":{"alt_text":"","src":"","width":0,"height":0},"classes":[]},{"id":52633,"url":"https:\/\/historiografija.hr\/?p=52633","url_meta":{"origin":6708,"position":5},"title":"POVIJEST TRE\u0160NJEVA\u010cKE GLAZBE: prikupljanje virtualnog fundusa Muzeja susjedstva Tre\u0161njevka","author":"Branimir Jankovi\u0107","date":"23. travnja 2026.","format":false,"excerpt":"utorak 28. 4. 2026. 14 - 18 h Nova BAZA, Nova cesta 66, Zagreb Prvi su dani ljeta 1957. godine. Bo\u017eica Kalafati\u0107 poha\u0111a drugi razred Osnovne \u0161kole Bratstvo i jedinstvo, danas kralja Tomislava, a ide i na muzi\u010dke satove u Mo\u0161\u0107eni\u010dkoj ulici. Na fotografiji s harmonikom u rukama stoji u\u2026","rel":"","context":"U &quot;Novosti&quot;","block_context":{"text":"Novosti","link":"https:\/\/historiografija.hr\/?cat=3"},"img":{"alt_text":"","src":"https:\/\/i0.wp.com\/historiografija.hr\/wp-content\/uploads\/2026\/04\/MST_prikupljanje.jpg?fit=380%2C475&ssl=1&resize=350%2C200","width":350,"height":200},"classes":[]}],"_links":{"self":[{"href":"https:\/\/historiografija.hr\/index.php?rest_route=\/wp\/v2\/posts\/6708","targetHints":{"allow":["GET"]}}],"collection":[{"href":"https:\/\/historiografija.hr\/index.php?rest_route=\/wp\/v2\/posts"}],"about":[{"href":"https:\/\/historiografija.hr\/index.php?rest_route=\/wp\/v2\/types\/post"}],"author":[{"embeddable":true,"href":"https:\/\/historiografija.hr\/index.php?rest_route=\/wp\/v2\/users\/2"}],"replies":[{"embeddable":true,"href":"https:\/\/historiografija.hr\/index.php?rest_route=%2Fwp%2Fv2%2Fcomments&post=6708"}],"version-history":[{"count":2,"href":"https:\/\/historiografija.hr\/index.php?rest_route=\/wp\/v2\/posts\/6708\/revisions"}],"predecessor-version":[{"id":6712,"href":"https:\/\/historiografija.hr\/index.php?rest_route=\/wp\/v2\/posts\/6708\/revisions\/6712"}],"wp:featuredmedia":[{"embeddable":true,"href":"https:\/\/historiografija.hr\/index.php?rest_route=\/wp\/v2\/media\/6709"}],"wp:attachment":[{"href":"https:\/\/historiografija.hr\/index.php?rest_route=%2Fwp%2Fv2%2Fmedia&parent=6708"}],"wp:term":[{"taxonomy":"category","embeddable":true,"href":"https:\/\/historiografija.hr\/index.php?rest_route=%2Fwp%2Fv2%2Fcategories&post=6708"},{"taxonomy":"post_tag","embeddable":true,"href":"https:\/\/historiografija.hr\/index.php?rest_route=%2Fwp%2Fv2%2Ftags&post=6708"}],"curies":[{"name":"wp","href":"https:\/\/api.w.org\/{rel}","templated":true}]}}