{"id":6658,"date":"2017-10-31T09:37:59","date_gmt":"2017-10-31T09:37:59","guid":{"rendered":"http:\/\/historiografija.hr\/?p=6658"},"modified":"2017-10-31T09:37:59","modified_gmt":"2017-10-31T09:37:59","slug":"odrzan-znanstveni-kolokvij-800-godina-krizarskog-pohoda-andrije-ii","status":"publish","type":"post","link":"https:\/\/historiografija.hr\/?p=6658","title":{"rendered":"Odr\u017ean znanstveni kolokvij \u201c800 godina kri\u017earskog pohoda Andrije II.\u201d"},"content":{"rendered":"<p>Na Hrvatskom katoli\u010dkom sveu\u010dili\u0161tu u Zagrebu odr\u017ean je 27. listopada 2017. znanstveni kolokvij \u201e800 godina kri\u017earskog pohoda Andrije II.\u201c u organizaciji Hrvatskog katoli\u010dkog sveu\u010dili\u0161ta i Magistralne delegacije za Hrvatsku Vite\u0161kog reda Svetoga groba jeruzalemskog.<\/p>\n<p>&nbsp;<\/p>\n<p>&nbsp;<\/p>\n<p>&#8212;<\/p>\n<p>&nbsp;<\/p>\n<p>&nbsp;<\/p>\n<p><strong>Hrvatsko katoli\u010dko sveu\u010dili\u0161te u Zagrebu<\/strong><\/p>\n<p>&nbsp;<\/p>\n<p>&nbsp;<\/p>\n<p>Znanstveni kolokvij: 800 godina kri\u017earskog pohoda Andrije II.<\/p>\n<p>&nbsp;<\/p>\n<p>&nbsp;<\/p>\n<p>Dana 27. listopada 2017. godine na Hrvatskom katoli\u010dkom sveu\u010dili\u0161tu odr\u017ean je znanstveni kolokvij \u201e800 godina kri\u017earskog pohoda Andrije II.\u201c u organizaciji Hrvatskog katoli\u010dkog sveu\u010dili\u0161ta i Magistralne delegacije za Hrvatsku Vite\u0161kog reda Svetoga groba jeruzalemskog. To je drugi znanstveni kolokvij u nizu \u201eColloquia Historica Universitatis Studiorum Catholicae Croaticae.\u201c Svojim su ga govorima otvorili prorektor za organizaciju i poslovanje Hrvatskog katoli\u010dkog sveu\u010dili\u0161ta prof. dr. sc. Gordan \u010crpi\u0107, magistralni delegat za Hrvatsku Vite\u0161kog reda Svetoga groba jeruzalemskog njegova ekselencija Claude Grbe\u0161a i pro\u010delnik Odjela za povijest Hrvatskog katoli\u010dkog sveu\u010dili\u0161ta doc. dr. sc. Ivan Majnari\u0107. Kolokviju je nazo\u010dio i ravnatelj Instituta Balassi \u2013 Ma\u0111arskog instituta u Zagrebu dr. sc. Dinko \u0160ok\u010devi\u0107.<\/p>\n<p>&nbsp;<\/p>\n<p>&nbsp;<\/p>\n<p>Ukupno jedanaest izlaga\u010da odr\u017ealo je svoja izlaganja, podijeljena u \u010detiri sekcije. U prvoj sekciji, pod naslovom \u201eVojno-politi\u010dki aspekti kri\u017earskog pohoda Andrije II.\u201c, izlaganja su, uz moderiranje doc. dr. sc. Hrvoja Kekeza, odr\u017eali prof. dr. sc. Borislav Grgin s Odsjeka za povijest Filozofskog fakulteta Sveu\u010dili\u0161ta u Zagrebu (\u201ePeti kri\u017earski rat i Andrija II. u europskom kontekstu\u201c), dr. sc. J\u00e1nos H\u00f3v\u00e1ri, vitez-zapovjednik VRSGJ i i profesor na Sveu\u010dili\u0161tu Reformirane Crkve u Ma\u0111arskoj \u201eK\u00e1roli G\u00e1sp\u00e1r\u201c (\u201eWhat Motivated Andrew II, King of Hungary to Join the Fifth Crusade with his Army, 1217-18\u201c) i dr. sc. Kre\u0161imir Ku\u017ei\u0107 s Visokog vojnog u\u010dili\u0161ta \u201ePetar Zrinski\u201c u Zagrebu (\u201eKonjani\u010dko i pje\u0161a\u010dko naoru\u017eanje vojnika iz hrvatskih krajeva u vrijeme kri\u017earskog pohoda kralja Andrije II. 1217. g.\u201c). U drugoj sekciji, pod naslovom \u201eSocijalno-kulturni aspekti i utjecaji kri\u017earskog pohoda Andrije II.\u201c i moderiranjem dr. Majnari\u0107a, sudjelovali su prof. dr. sc. Mirjana Matijevi\u0107 Sokol (\u201ePeti kri\u017earski rat u Salonitanskoj povijesti\u201c) i izv. prof. dr. sc. Hrvoje Gra\u010danin (\u201eKri\u017earski pohod Andrije II. u o\u010dima srednjovjekovnih pisaca\u201c) s Odsjeka za povijest Filozofskog fakulteta Sveu\u010dili\u0161ta u Zagrebu, te dr. sc. Zoran Ladi\u0107 s Odsjeka za povijesne znanosti zavoda za povijesne i dru\u0161tvene znanosti Hrvatske akademije znanosti i umjetnosti (\u201eO kri\u017earskoj vojni kao vidu hodo\u010da\u0161\u0107u i njenom tuma\u010denju prema teoriji \u201cpravednog rata\u201d).<\/p>\n<p>&nbsp;<\/p>\n<p>&nbsp;<\/p>\n<p>Nakon stanke, u tre\u0107oj sekciji pod naslovom \u201eUtjecaj kri\u017earskog rata na lokalnim razinama\u201c, pod moderiranjem dr. Kekeza, svoja su izlaganja odr\u017eali dr. Majnari\u0107 (\u201eVulpes parvula in vineam Domini \u2013 kri\u017earske vojne na podru\u010dju vladara Krune sv. Stjepana?\u201c), dr. sc. Tomislav Mati\u0107 s Odjela za povijest Hrvatskog katoli\u010dkog sveu\u010dili\u0161ta (\u201eUloga templara u kri\u017earskom pohodu Andrije II.\u201c) i vitez Svetoga groba jeruzalemskog Vladimir Palo\u0161ika (\u201eKulturno-povijesna ba\u0161tina Glogovnice \u2013 drevnog sjedi\u0161ta templara, ivanovaca i sepulkralaca\u201c). Kolokvij je zavr\u0161io \u010detvrtom sekcijom pod naslovom \u201eAndrijin kri\u017earski pohod u povijesnim narativima i sje\u0107anju\u201c, koju je moderirao vitez VRSGJ Antun Tomislav \u0160aban. U sklopu nje svoja su izlaganja odr\u017eali dr. Kekez s Odjela za povijest HKS (\u201eObiteljske predaje i srednjovjekovno slavonsko plemstvo: knezovi Baboni\u0107i i kri\u017earski pohod kralja Andrije II. 1217. godine\u201c) i namjesnik VRSGJ za Ma\u0111arsku njegova ekselencija B\u00e9la Jungbert sa Sveu\u010dili\u0161ta Corvinus u Budimpe\u0161ti (\u201eThe Current Christian Approach to the Crusades\u201c).<\/p>\n<p>&nbsp;<\/p>\n<p>&nbsp;<\/p>\n<p><strong>Izvor i fotogalerija:<\/strong><\/p>\n<p>&nbsp;<\/p>\n<blockquote class=\"wp-embedded-content\" data-secret=\"loTY6IseXP\"><p><a href=\"http:\/\/www.unicath.hr\/znanstveni-kolokvij-800-godina-krizarskog-pohoda-andrije-ii\">Znanstveni kolokvij: 800 godina kri\u017earskog pohoda Andrije II.<\/a><\/p><\/blockquote>\n<p><iframe loading=\"lazy\" class=\"wp-embedded-content\" sandbox=\"allow-scripts\" security=\"restricted\" style=\"position: absolute; clip: rect(1px, 1px, 1px, 1px);\" src=\"http:\/\/www.unicath.hr\/znanstveni-kolokvij-800-godina-krizarskog-pohoda-andrije-ii\/embed#?secret=loTY6IseXP\" data-secret=\"loTY6IseXP\" width=\"600\" height=\"338\" title=\"&#8220;Znanstveni kolokvij: 800 godina kri\u017earskog pohoda Andrije II.&#8221; &#8212; Hrvatsko katoli\u010dko sveu\u010dili\u0161te\" frameborder=\"0\" marginwidth=\"0\" marginheight=\"0\" scrolling=\"no\"><\/iframe><\/p>\n<p>&nbsp;<\/p>\n<p>&nbsp;<\/p>\n","protected":false},"excerpt":{"rendered":"","protected":false},"author":2,"featured_media":6659,"comment_status":"open","ping_status":"open","sticky":false,"template":"","format":"standard","meta":{"_acf_changed":false,"jetpack_post_was_ever_published":false,"_jetpack_newsletter_access":"","_jetpack_dont_email_post_to_subs":false,"_jetpack_newsletter_tier_id":0,"_jetpack_memberships_contains_paywalled_content":false,"_jetpack_memberships_contains_paid_content":false,"footnotes":"","jetpack_publicize_message":"","jetpack_publicize_feature_enabled":true,"jetpack_social_post_already_shared":true,"jetpack_social_options":{"image_generator_settings":{"template":"highway","default_image_id":0,"font":"","enabled":false},"version":2}},"categories":[3],"tags":[],"class_list":["post-6658","post","type-post","status-publish","format-standard","has-post-thumbnail","hentry","category-novosti"],"acf":{"facebook_opis":""},"jetpack_publicize_connections":[],"jetpack_featured_media_url":"https:\/\/i0.wp.com\/historiografija.hr\/wp-content\/uploads\/2017\/10\/IMG_2868.jpg?fit=2000%2C1333&ssl=1","jetpack_sharing_enabled":true,"jetpack-related-posts":[{"id":52666,"url":"https:\/\/historiografija.hr\/?p=52666","url_meta":{"origin":6658,"position":0},"title":"Najava programa Festivala povijesti Kliofest (5-8. V. 2026)","author":"Branimir Jankovi\u0107","date":"24. travnja 2026.","format":false,"excerpt":"Po trinaesti put odr\u017eava se Festival povijesti Kliofest! Do petka \u0107emo odr\u017eati osam okruglih stolova i dva kolokvija te niz predstavljanja knjiga i projekata razli\u010dite tematike, od antike do suvremenosti. Bit \u0107e predstavljeno i nekoliko izlo\u017ebi te odr\u017ean jedan povijesni kviz. Prikazat \u0107emo i jedan film \u2013 o generalu Boroevi\u0107u.\u2026","rel":"","context":"U &quot;Novosti&quot;","block_context":{"text":"Novosti","link":"https:\/\/historiografija.hr\/?cat=3"},"img":{"alt_text":"","src":"https:\/\/i0.wp.com\/historiografija.hr\/wp-content\/uploads\/2026\/04\/Kliofest-2026.jpg?fit=526%2C526&ssl=1&resize=350%2C200","width":350,"height":200,"srcset":"https:\/\/i0.wp.com\/historiografija.hr\/wp-content\/uploads\/2026\/04\/Kliofest-2026.jpg?fit=526%2C526&ssl=1&resize=350%2C200 1x, https:\/\/i0.wp.com\/historiografija.hr\/wp-content\/uploads\/2026\/04\/Kliofest-2026.jpg?fit=526%2C526&ssl=1&resize=525%2C300 1.5x"},"classes":[]},{"id":52502,"url":"https:\/\/historiografija.hr\/?p=52502","url_meta":{"origin":6658,"position":1},"title":"Novi znanstveni projekt Hrvatskog instituta za povijest: \u201c\u017drtve ratova i dr\u017eavnog\/politi\u010dkog nasilja u hrvatskoj povijesti 20. stolje\u0107a\u201d","author":"Branimir Jankovi\u0107","date":"17. travnja 2026.","format":false,"excerpt":"Na redovitoj sjednici Vlade RH, 16. travnja 2026., donijet je Zaklju\u010dak kojim se pokre\u0107e znanstveni projekt \u201c\u017drtve ratova i dr\u017eavnog\/politi\u010dkog nasilja u hrvatskoj povijesti 20. stolje\u0107a\u201d. Projekt \u0107e provoditi i koordinirati Hrvatski institut za povijest u razdoblju trajanja projekta od pet godina. Zakljucak Vlade RH Iz teksta projektnog prijedloga: Problematika\u2026","rel":"","context":"U &quot;Novosti&quot;","block_context":{"text":"Novosti","link":"https:\/\/historiografija.hr\/?cat=3"},"img":{"alt_text":"","src":"https:\/\/i0.wp.com\/historiografija.hr\/wp-content\/uploads\/2026\/04\/Vlada-RH.jpg?fit=1200%2C557&ssl=1&resize=350%2C200","width":350,"height":200,"srcset":"https:\/\/i0.wp.com\/historiografija.hr\/wp-content\/uploads\/2026\/04\/Vlada-RH.jpg?fit=1200%2C557&ssl=1&resize=350%2C200 1x, https:\/\/i0.wp.com\/historiografija.hr\/wp-content\/uploads\/2026\/04\/Vlada-RH.jpg?fit=1200%2C557&ssl=1&resize=525%2C300 1.5x, https:\/\/i0.wp.com\/historiografija.hr\/wp-content\/uploads\/2026\/04\/Vlada-RH.jpg?fit=1200%2C557&ssl=1&resize=700%2C400 2x, https:\/\/i0.wp.com\/historiografija.hr\/wp-content\/uploads\/2026\/04\/Vlada-RH.jpg?fit=1200%2C557&ssl=1&resize=1050%2C600 3x"},"classes":[]},{"id":52660,"url":"https:\/\/historiografija.hr\/?p=52660","url_meta":{"origin":6658,"position":2},"title":"Medijski odjeci \u010dlanka Steve \u0110ura\u0161kovi\u0107a \u201e\u017dupanovljeva ne\u017eeljena djeca: ideolo\u0161ko pribli\u017eavanje neoliberala i kr\u0161\u0107anske radikalne desnice u Hrvatskoj\u201c","author":"Branimir Jankovi\u0107","date":"24. travnja 2026.","format":false,"excerpt":"U sklopu projekta \u201eIzazovi intelektualne povijesti: recepcije, preobrazbe i upotrebe politi\u010dkih ideja\u201c objavljen je polemi\u010dki \u010dlanak Steve \u0110ura\u0161kovi\u0107a \u201e\u017dupanovljeva ne\u017eeljena djeca: ideolo\u0161ko pribli\u017eavanje neoliberala i kr\u0161\u0107anske radikalne desnice u Hrvatskoj\u201c, koji je izazvao odre\u0111ene medijske reakcije. Stevo \u0110ura\u0161kovi\u0107 \u017dupanovljeva ne\u017eeljena djeca: ideolo\u0161ko pribli\u017eavanje neoliberala i kr\u0161\u0107anske radikalne desnice u Hrvatskoj\u2026","rel":"","context":"U &quot;Novosti&quot;","block_context":{"text":"Novosti","link":"https:\/\/historiografija.hr\/?cat=3"},"img":{"alt_text":"","src":"https:\/\/i0.wp.com\/historiografija.hr\/wp-content\/uploads\/2026\/04\/SD.png?fit=809%2C821&ssl=1&resize=350%2C200","width":350,"height":200,"srcset":"https:\/\/i0.wp.com\/historiografija.hr\/wp-content\/uploads\/2026\/04\/SD.png?fit=809%2C821&ssl=1&resize=350%2C200 1x, https:\/\/i0.wp.com\/historiografija.hr\/wp-content\/uploads\/2026\/04\/SD.png?fit=809%2C821&ssl=1&resize=525%2C300 1.5x, https:\/\/i0.wp.com\/historiografija.hr\/wp-content\/uploads\/2026\/04\/SD.png?fit=809%2C821&ssl=1&resize=700%2C400 2x"},"classes":[]},{"id":52559,"url":"https:\/\/historiografija.hr\/?p=52559","url_meta":{"origin":6658,"position":3},"title":"Dobitnici dr\u017eavne nagrade za znanost za 2024. godinu","author":"Branimir Jankovi\u0107","date":"20. travnja 2026.","format":false,"excerpt":"Na sjednici Odbora za podjelu dr\u017eavnih nagrada za znanost odr\u017eanoj 16. travnja 2026. godine donesena je Odluka o dodjeli dr\u017eavnih nagrada za znanost za 2024. godinu. Godi\u0161njom nagradom za popularizaciju i promid\u017ebu znanosti nagra\u0111eni su u podru\u010dju humanisti\u010dkih znanosti znanstveni suradnici dr. sc. Josip Mihaljevi\u0107 i dr. sc. Gordan Ravan\u010di\u0107,\u2026","rel":"","context":"U &quot;Novosti&quot;","block_context":{"text":"Novosti","link":"https:\/\/historiografija.hr\/?cat=3"},"img":{"alt_text":"","src":"https:\/\/i0.wp.com\/historiografija.hr\/wp-content\/uploads\/2021\/12\/povijesne-kontroverze.jpg?fit=1200%2C675&ssl=1&resize=350%2C200","width":350,"height":200,"srcset":"https:\/\/i0.wp.com\/historiografija.hr\/wp-content\/uploads\/2021\/12\/povijesne-kontroverze.jpg?fit=1200%2C675&ssl=1&resize=350%2C200 1x, https:\/\/i0.wp.com\/historiografija.hr\/wp-content\/uploads\/2021\/12\/povijesne-kontroverze.jpg?fit=1200%2C675&ssl=1&resize=525%2C300 1.5x, https:\/\/i0.wp.com\/historiografija.hr\/wp-content\/uploads\/2021\/12\/povijesne-kontroverze.jpg?fit=1200%2C675&ssl=1&resize=700%2C400 2x, https:\/\/i0.wp.com\/historiografija.hr\/wp-content\/uploads\/2021\/12\/povijesne-kontroverze.jpg?fit=1200%2C675&ssl=1&resize=1050%2C600 3x"},"classes":[]},{"id":52592,"url":"https:\/\/historiografija.hr\/?p=52592","url_meta":{"origin":6658,"position":4},"title":"Predstavljanje knjige &#8220;Turska ku\u0107a u Rijeci&#8221; u Zagrebu","author":"Branimir Jankovi\u0107","date":"22. travnja 2026.","format":false,"excerpt":"U prostorijama Turskog kulturnog centra Yunus Emre u Zagrebu, u utorak 21. travnja 2026. godine, odr\u017eano je sve\u010dano predstavljanje dopunjenog izdanja knjige Turska ku\u0107a u Rijeci, u organizaciji Hrvatsko-turskog dru\u0161tva Rijeka i partnerstvu sa Skupinom prijateljstva Hrvatska-Turska Hrvatskog sabora, Veleposlanstvom Republike Turske u Republici Hrvatskoj te Turskim kulturnim centrom Yunus\u2026","rel":"","context":"U &quot;Novosti&quot;","block_context":{"text":"Novosti","link":"https:\/\/historiografija.hr\/?cat=3"},"img":{"alt_text":"","src":"https:\/\/i0.wp.com\/historiografija.hr\/wp-content\/uploads\/2026\/04\/Turska-kuca-ZG.jpg?fit=1200%2C800&ssl=1&resize=350%2C200","width":350,"height":200,"srcset":"https:\/\/i0.wp.com\/historiografija.hr\/wp-content\/uploads\/2026\/04\/Turska-kuca-ZG.jpg?fit=1200%2C800&ssl=1&resize=350%2C200 1x, https:\/\/i0.wp.com\/historiografija.hr\/wp-content\/uploads\/2026\/04\/Turska-kuca-ZG.jpg?fit=1200%2C800&ssl=1&resize=525%2C300 1.5x, https:\/\/i0.wp.com\/historiografija.hr\/wp-content\/uploads\/2026\/04\/Turska-kuca-ZG.jpg?fit=1200%2C800&ssl=1&resize=700%2C400 2x, https:\/\/i0.wp.com\/historiografija.hr\/wp-content\/uploads\/2026\/04\/Turska-kuca-ZG.jpg?fit=1200%2C800&ssl=1&resize=1050%2C600 3x"},"classes":[]},{"id":52607,"url":"https:\/\/historiografija.hr\/?p=52607","url_meta":{"origin":6658,"position":5},"title":"No\u0107 knjige: Kako je prije 410 godina smr\u0107u Shakespearea i Cervantesa zavr\u0161ilo razdoblje renesanse u knji\u017eevnosti","author":"Branimir Jankovi\u0107","date":"22. travnja 2026.","format":false,"excerpt":"\u010cetvrtak, 23. travnja 2026. u 18:00 sati, Knji\u017eara Matice hrvatske, Ulica Matice hrvatske 2, Zagreb Uvodna rije\u010d: dr. sc.\u00a0Dubravka Brezak Stama\u0107, pro\u010delnica Odjela za knji\u017eevnost Matice hrvatske Prof. dr. sc. Ivan Lupi\u0107, redoviti profesor u Odsjeku za anglistiku i Odsjeku za kroatistiku Sveu\u010dili\u0161ta u RijeciShakespeare, kazali\u0161te, glazbaKada se susre\u0107emo sa\u2026","rel":"","context":"U &quot;Novosti&quot;","block_context":{"text":"Novosti","link":"https:\/\/historiografija.hr\/?cat=3"},"img":{"alt_text":"","src":"https:\/\/i0.wp.com\/historiografija.hr\/wp-content\/uploads\/2026\/04\/noc_knjige_2026.jpg?fit=680%2C276&ssl=1&resize=350%2C200","width":350,"height":200,"srcset":"https:\/\/i0.wp.com\/historiografija.hr\/wp-content\/uploads\/2026\/04\/noc_knjige_2026.jpg?fit=680%2C276&ssl=1&resize=350%2C200 1x, https:\/\/i0.wp.com\/historiografija.hr\/wp-content\/uploads\/2026\/04\/noc_knjige_2026.jpg?fit=680%2C276&ssl=1&resize=525%2C300 1.5x"},"classes":[]}],"_links":{"self":[{"href":"https:\/\/historiografija.hr\/index.php?rest_route=\/wp\/v2\/posts\/6658","targetHints":{"allow":["GET"]}}],"collection":[{"href":"https:\/\/historiografija.hr\/index.php?rest_route=\/wp\/v2\/posts"}],"about":[{"href":"https:\/\/historiografija.hr\/index.php?rest_route=\/wp\/v2\/types\/post"}],"author":[{"embeddable":true,"href":"https:\/\/historiografija.hr\/index.php?rest_route=\/wp\/v2\/users\/2"}],"replies":[{"embeddable":true,"href":"https:\/\/historiografija.hr\/index.php?rest_route=%2Fwp%2Fv2%2Fcomments&post=6658"}],"version-history":[{"count":1,"href":"https:\/\/historiografija.hr\/index.php?rest_route=\/wp\/v2\/posts\/6658\/revisions"}],"predecessor-version":[{"id":6660,"href":"https:\/\/historiografija.hr\/index.php?rest_route=\/wp\/v2\/posts\/6658\/revisions\/6660"}],"wp:featuredmedia":[{"embeddable":true,"href":"https:\/\/historiografija.hr\/index.php?rest_route=\/wp\/v2\/media\/6659"}],"wp:attachment":[{"href":"https:\/\/historiografija.hr\/index.php?rest_route=%2Fwp%2Fv2%2Fmedia&parent=6658"}],"wp:term":[{"taxonomy":"category","embeddable":true,"href":"https:\/\/historiografija.hr\/index.php?rest_route=%2Fwp%2Fv2%2Fcategories&post=6658"},{"taxonomy":"post_tag","embeddable":true,"href":"https:\/\/historiografija.hr\/index.php?rest_route=%2Fwp%2Fv2%2Ftags&post=6658"}],"curies":[{"name":"wp","href":"https:\/\/api.w.org\/{rel}","templated":true}]}}