{"id":6626,"date":"2017-10-28T09:44:21","date_gmt":"2017-10-28T09:44:21","guid":{"rendered":"http:\/\/historiografija.hr\/?p=6626"},"modified":"2017-10-28T09:48:32","modified_gmt":"2017-10-28T09:48:32","slug":"jugoslawien-apuz-40-412017","status":"publish","type":"post","link":"https:\/\/historiografija.hr\/?p=6626","title":{"rendered":"Jugoslawien (APuZ 40-41\/2017)"},"content":{"rendered":"<p>Objavljen je temat o Jugoslaviji u \u010dasopisu \u201cAus Politik und Zeitgeschichte\u201d njema\u010dke Savezne agencije za politi\u010dko obrazovanje (Bundeszentrale f\u00fcr politische Bildung) u kojem povijest Jugoslavije sa\u017eeto predstavlja Marie-Janine Calic.<\/p>\n<p>&nbsp;<\/p>\n<p>&nbsp;<\/p>\n<p>&#8212;<\/p>\n<p>&nbsp;<\/p>\n<p>&nbsp;<\/p>\n<p><em><strong>Aus Politik und Zeitgeschichte<\/strong><\/em> (APuZ 40-41\/2017)<\/p>\n<p>&nbsp;<\/p>\n<p>&nbsp;<\/p>\n<p>Jugoslawien<\/p>\n<p>&nbsp;<\/p>\n<p>&nbsp;<\/p>\n<p><a href=\"https:\/\/www.bpb.de\/apuz\/256915\/jugoslawien\">https:\/\/www.bpb.de\/apuz\/256915\/jugoslawien<\/a><\/p>\n<p>&nbsp;<\/p>\n<p>&nbsp;<\/p>\n<p>Am 20. Juli 1917 vereinbarten Vertreter von Serben, Kroaten und Slowenen in der Deklaration von Korfu, die drei Teile ihrer &#8220;dreinamigen Nation&#8221; zu vereinen, und eines der komplexesten Staatsgebilde des 20. Jahrhunderts entstand.<\/p>\n<p>&nbsp;<\/p>\n<p>&nbsp;<\/p>\n<p>\u00dcber zwei Jahrzehnte nach dem Zerfall Jugoslawiens in ethnischer Gewalt mehren sich die Fragen nach der Zukunft der Region. Denn die katalysierende Wirkung hat nachgelassen, die das Ziel eines EU-Beitritts f\u00fcr den Prozess der demokratischen Transformation im postjugoslawischen Raum einst entfaltete, und autorit\u00e4re Tendenzen wie ethnopolitische Spannungen nehmen zu.<\/p>\n<p>&nbsp;<\/p>\n<p>&nbsp;<\/p>\n<p>&#8212;<\/p>\n<p>&nbsp;<\/p>\n<p>Anne-Sophie Friedel<\/p>\n<p>Editorial<\/p>\n<p>&nbsp;<\/p>\n<p>&#8212;<\/p>\n<p>&nbsp;<\/p>\n<p>Andreas Ernst<\/p>\n<p>Echoraum, nicht Pulverfass<\/p>\n<p>&nbsp;<\/p>\n<p>&nbsp;<\/p>\n<p>Bedenkliche Befunde zum postjugoslawischen Raum h\u00e4ufen sich. Aber ist die Warnung vor der brennenden Lunte am Pulverfass gerechtfertigt? Um das beurteilen zu k\u00f6nnen, ist es sinnvoll, zun\u00e4chst zu kl\u00e4ren, inwiefern von diesen Staaten \u00fcberhaupt als Region gesprochen werden kann.<\/p>\n<p>&nbsp;<\/p>\n<p>&#8212;<\/p>\n<p>&nbsp;<\/p>\n<p>Vedran D\u017eihi\u0107<\/p>\n<p>Verlorene Strahlkraft? Die Nachfolgestaaten Jugoslawiens zwischen EU, Russland und T\u00fcrkei<\/p>\n<p>&nbsp;<\/p>\n<p>&nbsp;<\/p>\n<p>In den postjugoslawischen Staaten, die noch keine EU-Mitglieder sind, sinkt die Zustimmung zur Europ\u00e4ischen Union. Gleichzeitig wachsen die Sympathien f\u00fcr Russland oder die T\u00fcrkei. Die Krisen in der Region h\u00e4ufen sich. Welche Rolle spielt die EU in dieser Situation?<\/p>\n<p>&nbsp;<\/p>\n<p>&nbsp;<\/p>\n<p>&#8212;<\/p>\n<p>&nbsp;<\/p>\n<p>Marie-Janine Calic<\/p>\n<p>Kleine Geschichte Jugoslawiens<\/p>\n<p>&nbsp;<\/p>\n<p>&nbsp;<\/p>\n<p>Die beiden Jugoslawien \u2013 das k\u00f6nigliche und das sozialistische \u2013 standen vor \u00e4hnlichen Heraus-forderungen, w\u00e4hlten aber unterschiedliche Ans\u00e4tze zur Herstellung nationaler Einheit. Beide scheiterten schlie\u00dflich an einer wachsenden Diskrepanz zwischen Wunsch und Wirklichkeit.<\/p>\n<p>&nbsp;<\/p>\n<p>&nbsp;<\/p>\n<p>&#8212;<\/p>\n<p>&nbsp;<\/p>\n<p>&nbsp;<\/p>\n<p>Ana Miji\u0107<\/p>\n<p>Der bosnisch-herzegowinische Nachkrieg. Ein Kampf um den Opferstatus<\/p>\n<p>&nbsp;<\/p>\n<p>&nbsp;<\/p>\n<p>\u00dcber 20 Jahre nach Ende des Krieges ist das Verh\u00e4ltnis zwischen den bosniakischen, kroatischen und serbischen Bosnierinnen und Bosniern durch tiefe Gr\u00e4ben gekennzeichnet. \u00dcber die Verantwortung f\u00fcr den Krieg und die begangenen Verbrechen wird noch immer gestritten.<\/p>\n<p>&nbsp;<\/p>\n<p>&nbsp;<\/p>\n<p>&#8212;<\/p>\n<p>&nbsp;<\/p>\n<p>&nbsp;<\/p>\n<p>Tanja Petrovi\u0107<\/p>\n<p>Jugoslawien nach Jugoslawien. Erinnerungen an ein untergegangenes Land &#8211; Essay<\/p>\n<p>&nbsp;<\/p>\n<p>&nbsp;<\/p>\n<p>Im dritten Jahrzehnt nach dem von ethnischer Gewalt gepr\u00e4gten Zerfall Jugoslawiens wird der Vielv\u00f6lkerstaat in seinen Nachfolgestaaten von offizieller Seite gerne auf ein historisches Faktum reduziert. Aber geh\u00f6rt Jugoslawien wirklich definitiv der Vergangenheit an?<\/p>\n<p>&nbsp;<\/p>\n<p>&nbsp;<\/p>\n<p>&#8212;<\/p>\n<p>&nbsp;<\/p>\n<p>&nbsp;<\/p>\n<p>Marc Halder<\/p>\n<p>Mythos Tito<\/p>\n<p>&nbsp;<\/p>\n<p>&nbsp;<\/p>\n<p>Wie wurde aus dem kroatischen Bauernsohn Josip Broz der charismatische Partisanenf\u00fchrer und weltweit geachtete Staatsmann Tito? Die Antwort auf diese Frage f\u00fchrt \u00fcber den Personenkult um den jugoslawischen Staatschef, der bis heute nachwirkt.<\/p>\n<p>&nbsp;<\/p>\n<p>&nbsp;<\/p>\n<p>&#8212;<\/p>\n<p>&nbsp;<\/p>\n<p>&nbsp;<\/p>\n<p>APuZ 40-41\/2017: Jugoslawien<\/p>\n<p>Karten<\/p>\n<p>&nbsp;<\/p>\n<p>&nbsp;<\/p>\n","protected":false},"excerpt":{"rendered":"","protected":false},"author":2,"featured_media":6627,"comment_status":"open","ping_status":"open","sticky":false,"template":"","format":"standard","meta":{"_acf_changed":false,"jetpack_post_was_ever_published":false,"_jetpack_newsletter_access":"","_jetpack_dont_email_post_to_subs":false,"_jetpack_newsletter_tier_id":0,"_jetpack_memberships_contains_paywalled_content":false,"_jetpack_memberships_contains_paid_content":false,"footnotes":"","jetpack_publicize_message":"","jetpack_publicize_feature_enabled":true,"jetpack_social_post_already_shared":true,"jetpack_social_options":{"image_generator_settings":{"template":"highway","default_image_id":0,"font":"","enabled":false},"version":2}},"categories":[3],"tags":[],"class_list":["post-6626","post","type-post","status-publish","format-standard","has-post-thumbnail","hentry","category-novosti"],"acf":{"facebook_opis":""},"jetpack_publicize_connections":[],"jetpack_featured_media_url":"https:\/\/i0.wp.com\/historiografija.hr\/wp-content\/uploads\/2017\/10\/jugoslawien.jpg?fit=445%2C301&ssl=1","jetpack_sharing_enabled":true,"jetpack-related-posts":[{"id":52505,"url":"https:\/\/historiografija.hr\/?p=52505","url_meta":{"origin":6626,"position":0},"title":"Izlo\u017eba &#8220;Eschenstock \/ Jasenov prut&#8221;","author":"Branimir Jankovi\u0107","date":"17. travnja 2026.","format":false,"excerpt":"Srpsko narodno vije\u0107e (SNV) i Vizura aperta postavljaju izlo\u017ebu \u0161vicarskog slikara Velimira Ili\u0161evi\u0107a: Eschenstock \/ Jasenov prut. Izlo\u017eba se uz prisustvo autora otvara povodom 81. godi\u0161njice proboja logora\u0161a iz usta\u0161kog logora smrti Jasenovac 22. aprila 2026. u 19 sati u Srpskom kulturnom centru (SKC) u Preradovi\u0107evoj ulici 21 u Zagrebu.\u2026","rel":"","context":"U &quot;Izlo\u017ebe&quot;","block_context":{"text":"Izlo\u017ebe","link":"https:\/\/historiografija.hr\/?cat=10"},"img":{"alt_text":"","src":"https:\/\/i0.wp.com\/historiografija.hr\/wp-content\/uploads\/2026\/04\/Jasenov_prut.jpg?fit=1024%2C640&ssl=1&resize=350%2C200","width":350,"height":200,"srcset":"https:\/\/i0.wp.com\/historiografija.hr\/wp-content\/uploads\/2026\/04\/Jasenov_prut.jpg?fit=1024%2C640&ssl=1&resize=350%2C200 1x, https:\/\/i0.wp.com\/historiografija.hr\/wp-content\/uploads\/2026\/04\/Jasenov_prut.jpg?fit=1024%2C640&ssl=1&resize=525%2C300 1.5x, https:\/\/i0.wp.com\/historiografija.hr\/wp-content\/uploads\/2026\/04\/Jasenov_prut.jpg?fit=1024%2C640&ssl=1&resize=700%2C400 2x"},"classes":[]}],"_links":{"self":[{"href":"https:\/\/historiografija.hr\/index.php?rest_route=\/wp\/v2\/posts\/6626","targetHints":{"allow":["GET"]}}],"collection":[{"href":"https:\/\/historiografija.hr\/index.php?rest_route=\/wp\/v2\/posts"}],"about":[{"href":"https:\/\/historiografija.hr\/index.php?rest_route=\/wp\/v2\/types\/post"}],"author":[{"embeddable":true,"href":"https:\/\/historiografija.hr\/index.php?rest_route=\/wp\/v2\/users\/2"}],"replies":[{"embeddable":true,"href":"https:\/\/historiografija.hr\/index.php?rest_route=%2Fwp%2Fv2%2Fcomments&post=6626"}],"version-history":[{"count":3,"href":"https:\/\/historiografija.hr\/index.php?rest_route=\/wp\/v2\/posts\/6626\/revisions"}],"predecessor-version":[{"id":6630,"href":"https:\/\/historiografija.hr\/index.php?rest_route=\/wp\/v2\/posts\/6626\/revisions\/6630"}],"wp:featuredmedia":[{"embeddable":true,"href":"https:\/\/historiografija.hr\/index.php?rest_route=\/wp\/v2\/media\/6627"}],"wp:attachment":[{"href":"https:\/\/historiografija.hr\/index.php?rest_route=%2Fwp%2Fv2%2Fmedia&parent=6626"}],"wp:term":[{"taxonomy":"category","embeddable":true,"href":"https:\/\/historiografija.hr\/index.php?rest_route=%2Fwp%2Fv2%2Fcategories&post=6626"},{"taxonomy":"post_tag","embeddable":true,"href":"https:\/\/historiografija.hr\/index.php?rest_route=%2Fwp%2Fv2%2Ftags&post=6626"}],"curies":[{"name":"wp","href":"https:\/\/api.w.org\/{rel}","templated":true}]}}