{"id":6455,"date":"2017-10-19T08:52:48","date_gmt":"2017-10-19T08:52:48","guid":{"rendered":"http:\/\/historiografija.hr\/?p=6455"},"modified":"2017-10-19T08:54:40","modified_gmt":"2017-10-19T08:54:40","slug":"ustavni-sud-imenovanje-ulice-10-travnja-neustavno","status":"publish","type":"post","link":"https:\/\/historiografija.hr\/?p=6455","title":{"rendered":"Ustavni sud: Imenovanje &#8220;Ulice 10. travnja&#8221; neustavno"},"content":{"rendered":"<p>Ustavni sud Republike Hrvatske donio je odluku o neustavnosti imenovanja &#8220;Ulice 10.travnja&#8221; u slavonskom selu Slatinski Drenovac.<\/p>\n<p>&nbsp;<\/p>\n<p>&nbsp;<\/p>\n<p>&#8212;<\/p>\n<p>&nbsp;<\/p>\n<p>&nbsp;<\/p>\n<p><strong>Ustavni sud odlu\u010dio: Imenovanje &#8220;Ulice 10. travnja&#8221; neustavno<\/strong><\/p>\n<p>&nbsp;<\/p>\n<p>&nbsp;<\/p>\n<p>&nbsp;<\/p>\n<p>Ustavni sud objavio je na svojoj internetskoj stranici nedavno donesenu odluku prema kojoj je imenovanje &#8220;Ulice 10. travnja&#8221; u slavonskom selu Slatinski Drenovac neustavno, isti\u010du\u0107i da je &#8220;dobro poznata povijesna istina&#8221; da je NDH bila nacisti\u010dka i fa\u0161isti\u010dka tvorevina te da moderna Hrvatska nije njezina sljednica ni po kojoj osnovi.<\/p>\n<p>&nbsp;<\/p>\n<p>&nbsp;<\/p>\n<p>Odluka je donesena 10. listopada, a protiv nje je bio sudac Miroslav \u0160umanovi\u0107, \u010dije je izdvojeno mi\u0161ljenje tako\u0111er objavljeno. Ocjenu ustavnost odluke Op\u0107inskog vije\u0107a \u010ca\u010dinaca iz 1997. o izmjeni naziva &#8220;Ulice 21. novembra&#8221; u naselju Slatinski Drenovac u &#8220;Ulicu 10. travnja&#8221; zatra\u017eila je Vlada u prosincu 2013. na prijedlog Ministarstva uprave koje je sporno imenovanje neposredno obustavilo od primjene.<\/p>\n<p>&nbsp;<\/p>\n<p>&nbsp;<\/p>\n<p>Vlada Zorana Milanovi\u0107a je smatrala da se imenovanjem ulice po datumu kada je 1941. osnovana Nezavisna Dr\u017eava Hrvatska, dr\u017eava utemeljena na postavkama fa\u0161izma, &#8220;u potpunosti anuliraju nastojanja Hrvatske za afirmacijom temeljnih vrijednosti antifa\u0161izma, a koja su ugra\u0111ena u Ustav&#8221;.<\/p>\n<p>&nbsp;<\/p>\n<p>&nbsp;<\/p>\n<p>Prije svoje odluke ustavni suci su zatra\u017eili o\u010ditovanje op\u0107ine \u010ca\u010dinci iz koje su odgovorili da je odluka o preimenovanju donesena jednoglasno &#8220;na inicijativu grupe gra\u0111ana, \u017eitelja mjesta Slatinski Drenovac&#8221;, ali da u njihovoj arhivi ne postoji pisana inicijativa i obrazlo\u017eenje prijedloga odluke te je nemogu\u0107e utvrditi uz \u0161to se predlo\u017eeni i usvojeni naziv ulice povezuje. Suci su zaklju\u010dili da bi se sporni naziv jedino mogao povezati s datumom 10. travnja 1941., kao danom osnivanja NDH.<\/p>\n<p>&nbsp;<\/p>\n<p>&nbsp;<\/p>\n<p>Prema pisanju medija, nakon odluke Ministarstva uprave 2013. plo\u010de sa spornim nazivom ulice u Slatinskom Drenovcu su skinute, a Op\u0107insko vije\u0107e \u010ca\u010dinaca do danas nije donijelo odluku o novom nazivu ulice, no stanovnici i dalje u osobnim dokumentima kao ulicu stanovanja imaju naziv &#8220;Ulica 10. travnja&#8221;.<\/p>\n<p>&nbsp;<\/p>\n<p>&nbsp;<\/p>\n<p>HNS: Odluka Ustavnog suda treba biti primjer Vije\u0107u za suo\u010davanje s pro\u0161lo\u0161\u0107u<\/p>\n<p>&nbsp;<\/p>\n<p>&nbsp;<\/p>\n<p>HNS je pozdravio odluku Ustavnog suda da je naziv ulice &#8220;10. travnja&#8221; u Slatinskim Drenovcima neustavan te dr\u017ee kako ta odluka treba biti primjer kojim \u0107e se voditi Vije\u0107e za suo\u010davanje s posljedicama vladavine nedemokratskih re\u017eima.<\/p>\n<p>&nbsp;<\/p>\n<p>&nbsp;<\/p>\n<p>HNS \u0107e podr\u017eati svaku odluku i inicijativu kojom se zabranjuje kori\u0161tenje fa\u0161isti\u010dkih simbola i usta\u0161kog pozdrava za dom spremni i ne\u0107emo se umoriti od ponavljanja da usta\u0161koj ikonografiji nema mjesta u hrvatskom javnom prostoru.<\/p>\n<p>&nbsp;<\/p>\n<p>&nbsp;<\/p>\n<p>\u017delimo da se ve\u0107 jednom znanost, obrazovanje i tehnologija stave ispred ideolo\u0161kih rovova svih boja i da kona\u010dno stvorimo \u0161kolu za \u017eivot, a ne za ocjene, kako bi povezali tr\u017ei\u0161te rada s obrazovanjem. To \u0107e biti glavni fokus HNS-a koji \u0107e nas voditi u Vladi s HDZ-om u naredne tri godine, na dobrobit svih gra\u0111anki i gra\u0111ana na\u0161e zemlje, poru\u010duju iz HNS-a.<\/p>\n<p>&nbsp;<\/p>\n<p>&nbsp;<\/p>\n<p>17. 10. 2017.<\/p>\n<p>&nbsp;<\/p>\n<p>Izvor: <a href=\"http:\/\/vijesti.hrt.hr\/410649\/ustavni-sud-odlucio-imenovanje-ulice-10-travnja-neustavno\">http:\/\/vijesti.hrt.hr\/410649\/ustavni-sud-odlucio-imenovanje-ulice-10-travnja-neustavno<\/a><\/p>\n<p>&nbsp;<\/p>\n<p>&#8212;<\/p>\n<p>&nbsp;<\/p>\n<p><strong>Dodatne informacije:<\/strong><\/p>\n<p>&nbsp;<\/p>\n<p><a href=\"http:\/\/www.jutarnji.hr\/vijesti\/hrvatska\/jutarnji-doznaje-ustavni-sud-donio-presudnu-odluku-o-ustaskim-simbolima-ime-ulice-10-travnja-u-suprotnosti-je-s-hrvatskim-ustavom\/6643275\/\">http:\/\/www.jutarnji.hr\/vijesti\/hrvatska\/jutarnji-doznaje-ustavni-sud-donio-presudnu-odluku-o-ustaskim-simbolima-ime-ulice-10-travnja-u-suprotnosti-je-s-hrvatskim-ustavom\/6643275\/<\/a><\/p>\n<p>&nbsp;<\/p>\n<p><a href=\"http:\/\/www.novilist.hr\/Vijesti\/Hrvatska\/NDH-bila-nacisticka-i-fasisticka-tvorevina-Ustavni-sud-donio-vaznu-i-dalekoseznu-odluku\">http:\/\/www.novilist.hr\/Vijesti\/Hrvatska\/NDH-bila-nacisticka-i-fasisticka-tvorevina-Ustavni-sud-donio-vaznu-i-dalekoseznu-odluku<\/a><\/p>\n<p>&nbsp;<\/p>\n<p><a href=\"http:\/\/www.novilist.hr\/Vijesti\/Hrvatska\/HASANBEGOVIC-NAPAO-USTAVNI-SUD-Ova-odluka-je-povratak-cenzure-iz-vremena-komunizma?meta_refresh=true\">http:\/\/www.novilist.hr\/Vijesti\/Hrvatska\/HASANBEGOVIC-NAPAO-USTAVNI-SUD-Ova-odluka-je-povratak-cenzure-iz-vremena-komunizma?meta_refresh=true<\/a><\/p>\n<p>&nbsp;<\/p>\n<p>&nbsp;<\/p>\n<p><strong>Odluka Ustavnog suda<\/strong><\/p>\n<p>&nbsp;<\/p>\n<p><a href=\"https:\/\/sljeme.usud.hr\/usud\/praksaw.nsf\/NovostiO\/C12570D30061CE54C12581B5003D8E75?OpenDocument\">https:\/\/sljeme.usud.hr\/usud\/praksaw.nsf\/NovostiO\/C12570D30061CE54C12581B5003D8E75?OpenDocument<\/a><\/p>\n<p>&nbsp;<\/p>\n<p>&nbsp;<\/p>\n<p>&nbsp;<\/p>\n","protected":false},"excerpt":{"rendered":"","protected":false},"author":2,"featured_media":6456,"comment_status":"open","ping_status":"open","sticky":false,"template":"","format":"standard","meta":{"_acf_changed":false,"jetpack_post_was_ever_published":false,"_jetpack_newsletter_access":"","_jetpack_dont_email_post_to_subs":false,"_jetpack_newsletter_tier_id":0,"_jetpack_memberships_contains_paywalled_content":false,"_jetpack_memberships_contains_paid_content":false,"footnotes":"","jetpack_publicize_message":"","jetpack_publicize_feature_enabled":true,"jetpack_social_post_already_shared":true,"jetpack_social_options":{"image_generator_settings":{"template":"highway","default_image_id":0,"font":"","enabled":false},"version":2}},"categories":[3],"tags":[],"class_list":["post-6455","post","type-post","status-publish","format-standard","has-post-thumbnail","hentry","category-novosti"],"acf":{"facebook_opis":""},"jetpack_publicize_connections":[],"jetpack_featured_media_url":"https:\/\/i0.wp.com\/historiografija.hr\/wp-content\/uploads\/2017\/10\/Ustavni-sud.jpg?fit=688%2C388&ssl=1","jetpack_sharing_enabled":true,"jetpack-related-posts":[{"id":52547,"url":"https:\/\/historiografija.hr\/?p=52547","url_meta":{"origin":6455,"position":0},"title":"ISHA Zagreb \u2013 Filmska ve\u010der: Povratak Martina Guerrea","author":"Branimir Jankovi\u0107","date":"20. travnja 2026.","format":false,"excerpt":"Klub studenata povijesti \u2013 ISHA Zagreb poziva Vas na filmsku ve\u010der na kojoj \u0107e se prikazivati \u201ePovratak Martina Guerrea\u201c, povijesna drama iz 1982. godine s radnjom smje\u0161tenom u 16. stolje\u0107u. Radnja je utemeljena na stvarnoj povijesnoj li\u010dnosti Martina Guerrea koji se nakon mnogo godina izbivanja vra\u0107a u svoje rodno mjesto\u2026","rel":"","context":"U &quot;Filmovi i serije&quot;","block_context":{"text":"Filmovi i serije","link":"https:\/\/historiografija.hr\/?cat=13"},"img":{"alt_text":"","src":"https:\/\/i0.wp.com\/historiografija.hr\/wp-content\/uploads\/2026\/04\/M-Guerre.png?fit=702%2C1006&ssl=1&resize=350%2C200","width":350,"height":200,"srcset":"https:\/\/i0.wp.com\/historiografija.hr\/wp-content\/uploads\/2026\/04\/M-Guerre.png?fit=702%2C1006&ssl=1&resize=350%2C200 1x, https:\/\/i0.wp.com\/historiografija.hr\/wp-content\/uploads\/2026\/04\/M-Guerre.png?fit=702%2C1006&ssl=1&resize=525%2C300 1.5x, https:\/\/i0.wp.com\/historiografija.hr\/wp-content\/uploads\/2026\/04\/M-Guerre.png?fit=702%2C1006&ssl=1&resize=700%2C400 2x"},"classes":[]},{"id":52573,"url":"https:\/\/historiografija.hr\/?p=52573","url_meta":{"origin":6455,"position":1},"title":"Znanstvena konferencija &#8220;Filozofija odgoja: povijest, praksa, perspektive&#8221;","author":"Branimir Jankovi\u0107","date":"21. travnja 2026.","format":false,"excerpt":"Znanstvena konferencija \"Filozofija odgoja: povijest, praksa, perspektive\" odr\u017eat \u0107e se 23. i 24. travnja 2026. u Konferencijskoj dvorani Knji\u017enice Filozofskog fakulteta u Zagrebu (2. kat).\u00a0Konferencija je organizirana u okviru projekta\u00a0SUMKOS (voditeljica prof. dr. sc. Ivana Zagorac, financiran\u00a0sredstvima NextGenerationEU), uz potporu Odsjeka za filozofiju.\u00a0 Uz izlaga\u010dki dio, konferencija obuhva\u0107a i izlo\u017ebu\u2026","rel":"","context":"U &quot;Novosti&quot;","block_context":{"text":"Novosti","link":"https:\/\/historiografija.hr\/?cat=3"},"img":{"alt_text":"","src":"","width":0,"height":0},"classes":[]},{"id":52496,"url":"https:\/\/historiografija.hr\/?p=52496","url_meta":{"origin":6455,"position":2},"title":"30 godina Podru\u017enice \u2013 Javno predavanje Matea \u010calu\u0161i\u0107a \u201eSlavonski Brod u Domovinskom ratu\u201c","author":"Branimir Jankovi\u0107","date":"17. travnja 2026.","format":false,"excerpt":"U 2026. navr\u0161ava se trideset godina od osnutka Podru\u017enice za povijest Slavonije, Srijema i Baranje Hrvatskoga instituta za povijest. Obilje\u017eavanje ove zna\u010dajne obljetnice zapo\u010dinje ciklusom javnih povijesnih predavanja znanstvenika Instituta. Tre\u0107e po redu je predavanje Matea \u010calu\u0161i\u0107a \u2013 \u201eSLAVONSKI BROD U DOMOVINSKOM RATU\u201c. Predavanje \u0107e se odr\u017eati 21. travnja 2026.\u2026","rel":"","context":"U &quot;Novosti&quot;","block_context":{"text":"Novosti","link":"https:\/\/historiografija.hr\/?cat=3"},"img":{"alt_text":"","src":"https:\/\/i0.wp.com\/historiografija.hr\/wp-content\/uploads\/2026\/04\/Predavanje-Calusic.png?fit=860%2C1200&ssl=1&resize=350%2C200","width":350,"height":200,"srcset":"https:\/\/i0.wp.com\/historiografija.hr\/wp-content\/uploads\/2026\/04\/Predavanje-Calusic.png?fit=860%2C1200&ssl=1&resize=350%2C200 1x, https:\/\/i0.wp.com\/historiografija.hr\/wp-content\/uploads\/2026\/04\/Predavanje-Calusic.png?fit=860%2C1200&ssl=1&resize=525%2C300 1.5x, https:\/\/i0.wp.com\/historiografija.hr\/wp-content\/uploads\/2026\/04\/Predavanje-Calusic.png?fit=860%2C1200&ssl=1&resize=700%2C400 2x"},"classes":[]},{"id":52616,"url":"https:\/\/historiografija.hr\/?p=52616","url_meta":{"origin":6455,"position":3},"title":"No\u0107 knjige 2026.","author":"Branimir Jankovi\u0107","date":"22. travnja 2026.","format":false,"excerpt":"Slavljeni\u010dka 15. No\u0107 knjige odr\u017eat \u0107e se 23. travnja diljem Hrvatske u povodu Svjetskog dana knjige i autorskih prava te Dana hrvatske knjige. S vi\u0161e od 1.000 prijavljenih programa i akcija s pravom nosi epitet najmasovnije doma\u0107e kulturne manifestacije, a ove \u0107e godine prote\u0107i u znaku mira, razumijevanja, tolerancije, srodnosti\u2026","rel":"","context":"U &quot;Novosti&quot;","block_context":{"text":"Novosti","link":"https:\/\/historiografija.hr\/?cat=3"},"img":{"alt_text":"","src":"https:\/\/i0.wp.com\/historiografija.hr\/wp-content\/uploads\/2026\/04\/noc_knjige_2026.jpg?fit=680%2C276&ssl=1&resize=350%2C200","width":350,"height":200,"srcset":"https:\/\/i0.wp.com\/historiografija.hr\/wp-content\/uploads\/2026\/04\/noc_knjige_2026.jpg?fit=680%2C276&ssl=1&resize=350%2C200 1x, https:\/\/i0.wp.com\/historiografija.hr\/wp-content\/uploads\/2026\/04\/noc_knjige_2026.jpg?fit=680%2C276&ssl=1&resize=525%2C300 1.5x"},"classes":[]},{"id":52543,"url":"https:\/\/historiografija.hr\/?p=52543","url_meta":{"origin":6455,"position":4},"title":"Znanstveno-stru\u010dni skup \u201eOto\u010dne pu\u010dke pobo\u017enosti: kontinuiteti i transformacije\u201c","author":"Branimir Jankovi\u0107","date":"20. travnja 2026.","format":false,"excerpt":"Najavljujemo\u00a0znanstveno-stru\u010dni skup \u201eOto\u010dne pu\u010dke pobo\u017enosti: kontinuiteti i transformacije\u201c,\u00a0koji \u0107e se odr\u017eati\u00a0u Rabu od 24. do 26. travnja 2026.,\u00a0u organizaciji i uz potporu\u00a0Instituta za etnologiju i folkloristiku, Zagreb, \u00a0Grada Raba, Pu\u010dkog otvorenog u\u010dili\u0161ta Rab i Centra za istra\u017eivanje srednjovjekovne ba\u0161tine Jadrana RIMAH. Skup okuplja vode\u0107e doma\u0107e stru\u010dnjake koji \u0107e kroz niz\u2026","rel":"","context":"U &quot;Novosti&quot;","block_context":{"text":"Novosti","link":"https:\/\/historiografija.hr\/?cat=3"},"img":{"alt_text":"","src":"https:\/\/i0.wp.com\/historiografija.hr\/wp-content\/uploads\/2026\/04\/Skup_Rab.jpg?fit=848%2C1200&ssl=1&resize=350%2C200","width":350,"height":200,"srcset":"https:\/\/i0.wp.com\/historiografija.hr\/wp-content\/uploads\/2026\/04\/Skup_Rab.jpg?fit=848%2C1200&ssl=1&resize=350%2C200 1x, https:\/\/i0.wp.com\/historiografija.hr\/wp-content\/uploads\/2026\/04\/Skup_Rab.jpg?fit=848%2C1200&ssl=1&resize=525%2C300 1.5x, https:\/\/i0.wp.com\/historiografija.hr\/wp-content\/uploads\/2026\/04\/Skup_Rab.jpg?fit=848%2C1200&ssl=1&resize=700%2C400 2x"},"classes":[]},{"id":52559,"url":"https:\/\/historiografija.hr\/?p=52559","url_meta":{"origin":6455,"position":5},"title":"Dobitnici dr\u017eavne nagrade za znanost za 2024. godinu","author":"Branimir Jankovi\u0107","date":"20. travnja 2026.","format":false,"excerpt":"Na sjednici Odbora za podjelu dr\u017eavnih nagrada za znanost odr\u017eanoj 16. travnja 2026. godine donesena je Odluka o dodjeli dr\u017eavnih nagrada za znanost za 2024. godinu. Godi\u0161njom nagradom za popularizaciju i promid\u017ebu znanosti nagra\u0111eni su u podru\u010dju humanisti\u010dkih znanosti znanstveni suradnici dr. sc. Josip Mihaljevi\u0107 i dr. sc. Gordan Ravan\u010di\u0107,\u2026","rel":"","context":"U &quot;Novosti&quot;","block_context":{"text":"Novosti","link":"https:\/\/historiografija.hr\/?cat=3"},"img":{"alt_text":"","src":"https:\/\/i0.wp.com\/historiografija.hr\/wp-content\/uploads\/2021\/12\/povijesne-kontroverze.jpg?fit=1200%2C675&ssl=1&resize=350%2C200","width":350,"height":200,"srcset":"https:\/\/i0.wp.com\/historiografija.hr\/wp-content\/uploads\/2021\/12\/povijesne-kontroverze.jpg?fit=1200%2C675&ssl=1&resize=350%2C200 1x, https:\/\/i0.wp.com\/historiografija.hr\/wp-content\/uploads\/2021\/12\/povijesne-kontroverze.jpg?fit=1200%2C675&ssl=1&resize=525%2C300 1.5x, https:\/\/i0.wp.com\/historiografija.hr\/wp-content\/uploads\/2021\/12\/povijesne-kontroverze.jpg?fit=1200%2C675&ssl=1&resize=700%2C400 2x, https:\/\/i0.wp.com\/historiografija.hr\/wp-content\/uploads\/2021\/12\/povijesne-kontroverze.jpg?fit=1200%2C675&ssl=1&resize=1050%2C600 3x"},"classes":[]}],"_links":{"self":[{"href":"https:\/\/historiografija.hr\/index.php?rest_route=\/wp\/v2\/posts\/6455","targetHints":{"allow":["GET"]}}],"collection":[{"href":"https:\/\/historiografija.hr\/index.php?rest_route=\/wp\/v2\/posts"}],"about":[{"href":"https:\/\/historiografija.hr\/index.php?rest_route=\/wp\/v2\/types\/post"}],"author":[{"embeddable":true,"href":"https:\/\/historiografija.hr\/index.php?rest_route=\/wp\/v2\/users\/2"}],"replies":[{"embeddable":true,"href":"https:\/\/historiografija.hr\/index.php?rest_route=%2Fwp%2Fv2%2Fcomments&post=6455"}],"version-history":[{"count":3,"href":"https:\/\/historiografija.hr\/index.php?rest_route=\/wp\/v2\/posts\/6455\/revisions"}],"predecessor-version":[{"id":6459,"href":"https:\/\/historiografija.hr\/index.php?rest_route=\/wp\/v2\/posts\/6455\/revisions\/6459"}],"wp:featuredmedia":[{"embeddable":true,"href":"https:\/\/historiografija.hr\/index.php?rest_route=\/wp\/v2\/media\/6456"}],"wp:attachment":[{"href":"https:\/\/historiografija.hr\/index.php?rest_route=%2Fwp%2Fv2%2Fmedia&parent=6455"}],"wp:term":[{"taxonomy":"category","embeddable":true,"href":"https:\/\/historiografija.hr\/index.php?rest_route=%2Fwp%2Fv2%2Fcategories&post=6455"},{"taxonomy":"post_tag","embeddable":true,"href":"https:\/\/historiografija.hr\/index.php?rest_route=%2Fwp%2Fv2%2Ftags&post=6455"}],"curies":[{"name":"wp","href":"https:\/\/api.w.org\/{rel}","templated":true}]}}