{"id":6416,"date":"2017-10-18T08:13:00","date_gmt":"2017-10-18T08:13:00","guid":{"rendered":"http:\/\/historiografija.hr\/?p=6416"},"modified":"2017-10-18T08:14:54","modified_gmt":"2017-10-18T08:14:54","slug":"otvorenje-sense-centra-za-tranzicijsku-pravdu-ctp-u-puli","status":"publish","type":"post","link":"https:\/\/historiografija.hr\/?p=6416","title":{"rendered":"Otvorenje SENSE \u2013 Centra za tranzicijsku pravdu (CTP) u Puli"},"content":{"rendered":"<p>U Puli je 13. listopada 2017. otvoren SENSE \u2013 Centar za tranzicijsku pravdu koji posjeduje gra\u0111u vezanu uz pra\u0107enje postupaka vo\u0111enih na Me\u0111unarodnom kaznenom sudu za biv\u0161u Jugoslaviju (MKSJ).<\/p>\n<p>&nbsp;<\/p>\n<p>&#8212;<\/p>\n<p><strong>\u00a0<\/strong><\/p>\n<p><strong>OTVORENJE SENSE CTP \/ SPOMENICI NA NI\u0160ANU \/ ME\u0110. KONF. \u201cUni\u0161tavanje kulturnog naslije\u0111a &#8230;.&#8221;<\/strong><\/p>\n<p>&nbsp;<\/p>\n<p>&nbsp;<\/p>\n<p>Pozivamo vas na otvorenje SENSE &#8211; Centra za tranzicijsku pravdu (CTP) u petak 13.10. 2017. u 19:30 na Danteovom trgu 3, I kat, u Puli.<\/p>\n<p>&nbsp;<\/p>\n<p>Na otvorenju Centra okupljenima \u0107e se obratiti Serge Brammertz, glavni tu\u017eitelj Me\u0111unarodnog kaznenog suda za biv\u0161u Jugoslaviju (MKSJ) i Mehanizma za me\u0111unarodne kaznene sudove (MMKS), Helen Walasek ekspertica u u podru\u010dju za\u0161tite kulturnog naslije\u0111a, Mirko Klarin Direktor SENSE &#8211; Centra za tranzicijsku pravdu i Vesna Ter\u0161eli\u010d voditeljica Documente &#8211; Centra za suo\u010davanje s pro\u0161lo\u0161\u0107u.<\/p>\n<p>&nbsp;<\/p>\n<p>Uz predstavnike lokalnih vlasti Grada Pule, Istarske \u017eupanije, aktiviste za ljudska prava iz Hrvatske i regije, na otvaranju Centra \u0107e sudjelovati i;<\/p>\n<p>&nbsp;<\/p>\n<p>Sne\u017eana Stanojkovi\u0107, Tu\u017eiteljica za ratne zlo\u010dine Srbije i njena pomo\u0107nica Jelena Vladisavljev \/ vr\u0161iteljica du\u017enosti Glavnog tu\u017eitelja BiH Gordana Tadi\u0107, BiH tu\u017eitelji Posebnog odjela za ratne zlo\u010dine Izet Odoba\u0161i\u0107 i Stanko Blagi\u0107 \/ kao i zamjenici Glavnog dr\u017eavnog odvjetnika Republike Hrvatske Jasmina Dolmagi\u0107 i Darko Klier.<\/p>\n<p>&nbsp;<\/p>\n<p>U prostorijama Centra \u0107e istovremeno biti otvorena izlo\u017eba \u201cSpomenici na ni\u0161anu\u201d, koja se temelji na interaktivnom narativu Zatiranje povijesti i sje\u0107anja u produkciji SENSE \u2013 CTP-a i posve\u0107enog postupcima koje je MKSJ vodio za razaranja kulturnog, historijskog i vjerskog nasle\u0111a tokom ratova 1990-tih u Hrvatskoj, BiH i na Kosovu.<\/p>\n<p>&nbsp;<\/p>\n<p>SENSE centar je \u201cnasljednik\u201d Agencije SENSE, koja je u proteklih dvadeset godina redovito i iscrpno izvje\u0161tavala o postupcima vo\u0111enim na Me\u0111unarodnom kaznenom sudu za biv\u0161u Jugoslaviju (MKSJ). Produkcijom interaktivnih narativa, dokumentarnih i obrazovnih filmova, izlo\u017ebama i drugim prezentacijama, SENSE centar nastojat \u0107e u\u010diniti javno dostupnim \u010dinjenice koje su o doga\u0111ajima u biv\u0161oj Jugoslaviji utvr\u0111ene tokom sudskih postupaka pred MKSJ i nacionalnim pravosu\u0111ima.<\/p>\n<p>&nbsp;<\/p>\n<p>Izlo\u017eba \u201cSpomenici na ni\u0161anu\u201d u Pulu sti\u017ee nakon \u0161to je bila predstavljena u Zagrebu (Gliptoteka HAZU-a), Beogradu (Centar za kulturnu dekontaminaciju), Sarajevu (Historijski muzej Bosne i Hercegovine) a u velja\u010di\/februaru 2018. \u0107e biti postavljena i u Nizozemskoj.<\/p>\n<p>&nbsp;<\/p>\n<p>U subotu, 14.10.2017, u SENSE Centru \u0107e se odr\u017eati me\u0111unarodna konferencija \u201cUni\u0161tavanje kulturnog naslije\u0111a, poslijeratna obnova i izgradnja povjerenja\u201d, \u010diji je cilj analizirati \u0161to je u zadnja dva desetlje\u0107a u\u010dinjeno i\u00a0 nau\u010deno o zna\u010daju kulturnog i vjerskog naslije\u0111a u ratnim sukobima i koji izazovi ostaju u pitanjima obnove kulturnog naslije\u0111a, poslijeratne izgradnje mira i problema podijeljenih dru\u0161tava na podru\u010dju jugoisto\u010dne Europe.<\/p>\n<p>&nbsp;<\/p>\n<p>Konferencija i izlo\u017eba realizirane su u okviru zajedni\u010dkog projekta pet organizacija civilnog dru\u0161tva iz Hrvatske, Bosne i Hercegovine, Srbije i Nizozemske, uz podr\u0161ku\u00a0 programa Remembrance &#8211; Europe za gra\u0111ane.<\/p>\n<p>&nbsp;<\/p>\n<p>Izvor:<\/p>\n<p>&nbsp;<\/p>\n<p><a href=\"https:\/\/www.documenta.hr\/hr\/otvorenje-sense-ctp-spomenici-na-ni%C5%A1anu-me%C4%91.-konf.-uni%C5%A1tavanje-kulturnog-naslije%C4%91a.html\">https:\/\/www.documenta.hr\/hr\/otvorenje-sense-ctp-spomenici-na-ni%C5%A1anu-me%C4%91.-konf.-uni%C5%A1tavanje-kulturnog-naslije%C4%91a.html<\/a><\/p>\n<p>&nbsp;<\/p>\n<p>&nbsp;<\/p>\n<p>&#8212;<\/p>\n<p>&nbsp;<\/p>\n<p><strong>Uni\u0161tavanje kulturnog naslije\u0111a \/ Konferencija \/ Pula, 14. listopada 2017.<\/strong><\/p>\n<p><a href=\"https:\/\/www.documenta.hr\/hr\/uni%C5%A1tavanje-kulturnog-naslije%C4%91a-konferencija-pula-14.-listopada-2017.html\">https:\/\/www.documenta.hr\/hr\/uni%C5%A1tavanje-kulturnog-naslije%C4%91a-konferencija-pula-14.-listopada-2017.html<\/a><\/p>\n<p>&nbsp;<\/p>\n<p>&#8212;<\/p>\n<p>&nbsp;<\/p>\n<p><strong>Iz medija:<\/strong><\/p>\n<p>&nbsp;<\/p>\n<p><a href=\"http:\/\/kulturistra.hr\/lang\/en\/2017\/10\/otvoren-sense-centar-za-tranzicijsku-pravdu-u-puli\/\">http:\/\/kulturistra.hr\/lang\/en\/2017\/10\/otvoren-sense-centar-za-tranzicijsku-pravdu-u-puli\/<\/a><\/p>\n<p>&nbsp;<\/p>\n<p><a href=\"http:\/\/www.sense-agency.com\/tribunal_(mksj)\/otvoren-dokumentacijski-centar-sense-u-puli.25.html?news_id=17230\">http:\/\/www.sense-agency.com\/tribunal_(mksj)\/otvoren-dokumentacijski-centar-sense-u-puli.25.html?news_id=17230<\/a><\/p>\n<p>&nbsp;<\/p>\n<p><a href=\"https:\/\/www.glasistre.hr\/a8288110-fd70-4242-8438-fe70dd86dfc5\">https:\/\/www.glasistre.hr\/a8288110-fd70-4242-8438-fe70dd86dfc5<\/a><\/p>\n<p>&nbsp;<\/p>\n<p><a href=\"http:\/\/www.novilist.hr\/Vijesti\/Hrvatska\/Brammertz-na-otvorenju-Sense-centra-za-tranzicijsku-pravdu-Hrvatska-mora-procesuirati-jos-mnoge-ratne-zlocine\">http:\/\/www.novilist.hr\/Vijesti\/Hrvatska\/Brammertz-na-otvorenju-Sense-centra-za-tranzicijsku-pravdu-Hrvatska-mora-procesuirati-jos-mnoge-ratne-zlocine<\/a><\/p>\n<p>&nbsp;<\/p>\n<p><a href=\"https:\/\/www.nacional.hr\/glavni-tuzitelj-haskog-suda-serge-brammertz-u-puli-otvorio-centar-za-tranzicijsku-pravdu-sense\/\">https:\/\/www.nacional.hr\/glavni-tuzitelj-haskog-suda-serge-brammertz-u-puli-otvorio-centar-za-tranzicijsku-pravdu-sense\/<\/a><\/p>\n<p>&nbsp;<\/p>\n<p>&nbsp;<\/p>\n","protected":false},"excerpt":{"rendered":"","protected":false},"author":2,"featured_media":6417,"comment_status":"open","ping_status":"open","sticky":false,"template":"","format":"standard","meta":{"_acf_changed":false,"jetpack_post_was_ever_published":false,"_jetpack_newsletter_access":"","_jetpack_dont_email_post_to_subs":false,"_jetpack_newsletter_tier_id":0,"_jetpack_memberships_contains_paywalled_content":false,"_jetpack_memberships_contains_paid_content":false,"footnotes":"","jetpack_publicize_message":"","jetpack_publicize_feature_enabled":true,"jetpack_social_post_already_shared":true,"jetpack_social_options":{"image_generator_settings":{"template":"highway","default_image_id":0,"font":"","enabled":false},"version":2}},"categories":[3],"tags":[],"class_list":["post-6416","post","type-post","status-publish","format-standard","has-post-thumbnail","hentry","category-novosti"],"acf":{"facebook_opis":""},"jetpack_publicize_connections":[],"jetpack_featured_media_url":"https:\/\/i0.wp.com\/historiografija.hr\/wp-content\/uploads\/2017\/10\/Otvaranje-Sense-Centra.jpg?fit=800%2C523&ssl=1","jetpack_sharing_enabled":true,"jetpack-related-posts":[{"id":52543,"url":"https:\/\/historiografija.hr\/?p=52543","url_meta":{"origin":6416,"position":0},"title":"Znanstveno-stru\u010dni skup \u201eOto\u010dne pu\u010dke pobo\u017enosti: kontinuiteti i transformacije\u201c","author":"Branimir Jankovi\u0107","date":"20. travnja 2026.","format":false,"excerpt":"Najavljujemo\u00a0znanstveno-stru\u010dni skup \u201eOto\u010dne pu\u010dke pobo\u017enosti: kontinuiteti i transformacije\u201c,\u00a0koji \u0107e se odr\u017eati\u00a0u Rabu od 24. do 26. travnja 2026.,\u00a0u organizaciji i uz potporu\u00a0Instituta za etnologiju i folkloristiku, Zagreb, \u00a0Grada Raba, Pu\u010dkog otvorenog u\u010dili\u0161ta Rab i Centra za istra\u017eivanje srednjovjekovne ba\u0161tine Jadrana RIMAH. Skup okuplja vode\u0107e doma\u0107e stru\u010dnjake koji \u0107e kroz niz\u2026","rel":"","context":"U &quot;Novosti&quot;","block_context":{"text":"Novosti","link":"https:\/\/historiografija.hr\/?cat=3"},"img":{"alt_text":"","src":"https:\/\/i0.wp.com\/historiografija.hr\/wp-content\/uploads\/2026\/04\/Skup_Rab.jpg?fit=848%2C1200&ssl=1&resize=350%2C200","width":350,"height":200,"srcset":"https:\/\/i0.wp.com\/historiografija.hr\/wp-content\/uploads\/2026\/04\/Skup_Rab.jpg?fit=848%2C1200&ssl=1&resize=350%2C200 1x, https:\/\/i0.wp.com\/historiografija.hr\/wp-content\/uploads\/2026\/04\/Skup_Rab.jpg?fit=848%2C1200&ssl=1&resize=525%2C300 1.5x, https:\/\/i0.wp.com\/historiografija.hr\/wp-content\/uploads\/2026\/04\/Skup_Rab.jpg?fit=848%2C1200&ssl=1&resize=700%2C400 2x"},"classes":[]},{"id":52148,"url":"https:\/\/historiografija.hr\/?p=52148","url_meta":{"origin":6416,"position":1},"title":"Poziv za prijavu na me\u0111unarodnu znanstvenu konferenciju \u201eGranice (ne)slobode: Zadarski krug 1966. Intelektualna opozicija u totalitarnom dru\u0161tvu\u201c","author":"Branimir Jankovi\u0107","date":"27. o\u017eujka 2026.","format":false,"excerpt":"\u00a0\u00a0\u00a0\u00a0 Povodom \u0161ezdesete obljetnice poku\u0161aja osnivanja \u010dasopisa Slobodan glas u Zadru 1966. godine, pozivamo vas na znanstvenu konferenciju posve\u0107enu istra\u017eivanju disidentstva, intelektualne opozicije i granica divergentnog mi\u0161ljenja nasuprot slu\u017ebenoj ideologiji u komunisti\u010dkoj Jugoslaviji. Ideja konferencije je analizirati konkretan fenomen zadarskog slu\u010daja razloge i okolnosti njegove pojave, ali uz otvaranje komparativnih\u2026","rel":"","context":"U &quot;Novosti&quot;","block_context":{"text":"Novosti","link":"https:\/\/historiografija.hr\/?cat=3"},"img":{"alt_text":"","src":"https:\/\/i0.wp.com\/historiografija.hr\/wp-content\/uploads\/2026\/03\/Poziv-konferencija-Zadar.jpg?fit=1200%2C509&ssl=1&resize=350%2C200","width":350,"height":200,"srcset":"https:\/\/i0.wp.com\/historiografija.hr\/wp-content\/uploads\/2026\/03\/Poziv-konferencija-Zadar.jpg?fit=1200%2C509&ssl=1&resize=350%2C200 1x, https:\/\/i0.wp.com\/historiografija.hr\/wp-content\/uploads\/2026\/03\/Poziv-konferencija-Zadar.jpg?fit=1200%2C509&ssl=1&resize=525%2C300 1.5x, https:\/\/i0.wp.com\/historiografija.hr\/wp-content\/uploads\/2026\/03\/Poziv-konferencija-Zadar.jpg?fit=1200%2C509&ssl=1&resize=700%2C400 2x, https:\/\/i0.wp.com\/historiografija.hr\/wp-content\/uploads\/2026\/03\/Poziv-konferencija-Zadar.jpg?fit=1200%2C509&ssl=1&resize=1050%2C600 3x"},"classes":[]},{"id":52592,"url":"https:\/\/historiografija.hr\/?p=52592","url_meta":{"origin":6416,"position":2},"title":"Predstavljanje knjige &#8220;Turska ku\u0107a u Rijeci&#8221; u Zagrebu","author":"Branimir Jankovi\u0107","date":"22. travnja 2026.","format":false,"excerpt":"U prostorijama Turskog kulturnog centra Yunus Emre u Zagrebu, u utorak 21. travnja 2026. godine, odr\u017eano je sve\u010dano predstavljanje dopunjenog izdanja knjige Turska ku\u0107a u Rijeci, u organizaciji Hrvatsko-turskog dru\u0161tva Rijeka i partnerstvu sa Skupinom prijateljstva Hrvatska-Turska Hrvatskog sabora, Veleposlanstvom Republike Turske u Republici Hrvatskoj te Turskim kulturnim centrom Yunus\u2026","rel":"","context":"U &quot;Novosti&quot;","block_context":{"text":"Novosti","link":"https:\/\/historiografija.hr\/?cat=3"},"img":{"alt_text":"","src":"https:\/\/i0.wp.com\/historiografija.hr\/wp-content\/uploads\/2026\/04\/Turska-kuca-ZG.jpg?fit=1200%2C800&ssl=1&resize=350%2C200","width":350,"height":200,"srcset":"https:\/\/i0.wp.com\/historiografija.hr\/wp-content\/uploads\/2026\/04\/Turska-kuca-ZG.jpg?fit=1200%2C800&ssl=1&resize=350%2C200 1x, https:\/\/i0.wp.com\/historiografija.hr\/wp-content\/uploads\/2026\/04\/Turska-kuca-ZG.jpg?fit=1200%2C800&ssl=1&resize=525%2C300 1.5x, https:\/\/i0.wp.com\/historiografija.hr\/wp-content\/uploads\/2026\/04\/Turska-kuca-ZG.jpg?fit=1200%2C800&ssl=1&resize=700%2C400 2x, https:\/\/i0.wp.com\/historiografija.hr\/wp-content\/uploads\/2026\/04\/Turska-kuca-ZG.jpg?fit=1200%2C800&ssl=1&resize=1050%2C600 3x"},"classes":[]},{"id":52666,"url":"https:\/\/historiografija.hr\/?p=52666","url_meta":{"origin":6416,"position":3},"title":"Najava programa Festivala povijesti Kliofest (5-8. V. 2026)","author":"Branimir Jankovi\u0107","date":"24. travnja 2026.","format":false,"excerpt":"Po trinaesti put odr\u017eava se Festival povijesti Kliofest! Do petka \u0107emo odr\u017eati osam okruglih stolova i dva kolokvija te niz predstavljanja knjiga i projekata razli\u010dite tematike, od antike do suvremenosti. Bit \u0107e predstavljeno i nekoliko izlo\u017ebi te odr\u017ean jedan povijesni kviz. Prikazat \u0107emo i jedan film \u2013 o generalu Boroevi\u0107u.\u2026","rel":"","context":"U &quot;Novosti&quot;","block_context":{"text":"Novosti","link":"https:\/\/historiografija.hr\/?cat=3"},"img":{"alt_text":"","src":"https:\/\/i0.wp.com\/historiografija.hr\/wp-content\/uploads\/2026\/04\/Kliofest-2026.jpg?fit=526%2C526&ssl=1&resize=350%2C200","width":350,"height":200,"srcset":"https:\/\/i0.wp.com\/historiografija.hr\/wp-content\/uploads\/2026\/04\/Kliofest-2026.jpg?fit=526%2C526&ssl=1&resize=350%2C200 1x, https:\/\/i0.wp.com\/historiografija.hr\/wp-content\/uploads\/2026\/04\/Kliofest-2026.jpg?fit=526%2C526&ssl=1&resize=525%2C300 1.5x"},"classes":[]},{"id":52502,"url":"https:\/\/historiografija.hr\/?p=52502","url_meta":{"origin":6416,"position":4},"title":"Novi znanstveni projekt Hrvatskog instituta za povijest: \u201c\u017drtve ratova i dr\u017eavnog\/politi\u010dkog nasilja u hrvatskoj povijesti 20. stolje\u0107a\u201d","author":"Branimir Jankovi\u0107","date":"17. travnja 2026.","format":false,"excerpt":"Na redovitoj sjednici Vlade RH, 16. travnja 2026., donijet je Zaklju\u010dak kojim se pokre\u0107e znanstveni projekt \u201c\u017drtve ratova i dr\u017eavnog\/politi\u010dkog nasilja u hrvatskoj povijesti 20. stolje\u0107a\u201d. Projekt \u0107e provoditi i koordinirati Hrvatski institut za povijest u razdoblju trajanja projekta od pet godina. Zakljucak Vlade RH Iz teksta projektnog prijedloga: Problematika\u2026","rel":"","context":"U &quot;Novosti&quot;","block_context":{"text":"Novosti","link":"https:\/\/historiografija.hr\/?cat=3"},"img":{"alt_text":"","src":"https:\/\/i0.wp.com\/historiografija.hr\/wp-content\/uploads\/2026\/04\/Vlada-RH.jpg?fit=1200%2C557&ssl=1&resize=350%2C200","width":350,"height":200,"srcset":"https:\/\/i0.wp.com\/historiografija.hr\/wp-content\/uploads\/2026\/04\/Vlada-RH.jpg?fit=1200%2C557&ssl=1&resize=350%2C200 1x, https:\/\/i0.wp.com\/historiografija.hr\/wp-content\/uploads\/2026\/04\/Vlada-RH.jpg?fit=1200%2C557&ssl=1&resize=525%2C300 1.5x, https:\/\/i0.wp.com\/historiografija.hr\/wp-content\/uploads\/2026\/04\/Vlada-RH.jpg?fit=1200%2C557&ssl=1&resize=700%2C400 2x, https:\/\/i0.wp.com\/historiografija.hr\/wp-content\/uploads\/2026\/04\/Vlada-RH.jpg?fit=1200%2C557&ssl=1&resize=1050%2C600 3x"},"classes":[]},{"id":52511,"url":"https:\/\/historiografija.hr\/?p=52511","url_meta":{"origin":6416,"position":5},"title":"Izlo\u017eba &#8220;Lica Sljemena&#8221;","author":"Branimir Jankovi\u0107","date":"17. travnja 2026.","format":false,"excerpt":"Srda\u010dno vas pozivamo na otvorenje izlo\u017ebe Lica Sljemena koje \u0107e se odr\u017eati u srijedu 22. travnja 2026. u 18 h ispred Muzeja Prigorja (Trg Dragutina Domjani\u0107a 5, Sesvete). Izlo\u017eba proizlazi iz istra\u017eivanja Nevene \u0160krbi\u0107 Alempijevi\u0107, Petre Kelemen i Sanje Potkonjak te intervjua sa Sljemena\u0161icama i Sljemena\u0161ima, koji su provedeni u\u2026","rel":"","context":"U &quot;Izlo\u017ebe&quot;","block_context":{"text":"Izlo\u017ebe","link":"https:\/\/historiografija.hr\/?cat=10"},"img":{"alt_text":"","src":"https:\/\/i0.wp.com\/historiografija.hr\/wp-content\/uploads\/2026\/04\/Izlozba-Lica-Sljemena.png?fit=1080%2C686&ssl=1&resize=350%2C200","width":350,"height":200,"srcset":"https:\/\/i0.wp.com\/historiografija.hr\/wp-content\/uploads\/2026\/04\/Izlozba-Lica-Sljemena.png?fit=1080%2C686&ssl=1&resize=350%2C200 1x, https:\/\/i0.wp.com\/historiografija.hr\/wp-content\/uploads\/2026\/04\/Izlozba-Lica-Sljemena.png?fit=1080%2C686&ssl=1&resize=525%2C300 1.5x, https:\/\/i0.wp.com\/historiografija.hr\/wp-content\/uploads\/2026\/04\/Izlozba-Lica-Sljemena.png?fit=1080%2C686&ssl=1&resize=700%2C400 2x, https:\/\/i0.wp.com\/historiografija.hr\/wp-content\/uploads\/2026\/04\/Izlozba-Lica-Sljemena.png?fit=1080%2C686&ssl=1&resize=1050%2C600 3x"},"classes":[]}],"_links":{"self":[{"href":"https:\/\/historiografija.hr\/index.php?rest_route=\/wp\/v2\/posts\/6416","targetHints":{"allow":["GET"]}}],"collection":[{"href":"https:\/\/historiografija.hr\/index.php?rest_route=\/wp\/v2\/posts"}],"about":[{"href":"https:\/\/historiografija.hr\/index.php?rest_route=\/wp\/v2\/types\/post"}],"author":[{"embeddable":true,"href":"https:\/\/historiografija.hr\/index.php?rest_route=\/wp\/v2\/users\/2"}],"replies":[{"embeddable":true,"href":"https:\/\/historiografija.hr\/index.php?rest_route=%2Fwp%2Fv2%2Fcomments&post=6416"}],"version-history":[{"count":3,"href":"https:\/\/historiografija.hr\/index.php?rest_route=\/wp\/v2\/posts\/6416\/revisions"}],"predecessor-version":[{"id":6420,"href":"https:\/\/historiografija.hr\/index.php?rest_route=\/wp\/v2\/posts\/6416\/revisions\/6420"}],"wp:featuredmedia":[{"embeddable":true,"href":"https:\/\/historiografija.hr\/index.php?rest_route=\/wp\/v2\/media\/6417"}],"wp:attachment":[{"href":"https:\/\/historiografija.hr\/index.php?rest_route=%2Fwp%2Fv2%2Fmedia&parent=6416"}],"wp:term":[{"taxonomy":"category","embeddable":true,"href":"https:\/\/historiografija.hr\/index.php?rest_route=%2Fwp%2Fv2%2Fcategories&post=6416"},{"taxonomy":"post_tag","embeddable":true,"href":"https:\/\/historiografija.hr\/index.php?rest_route=%2Fwp%2Fv2%2Ftags&post=6416"}],"curies":[{"name":"wp","href":"https:\/\/api.w.org\/{rel}","templated":true}]}}