{"id":6407,"date":"2017-10-17T12:34:51","date_gmt":"2017-10-17T12:34:51","guid":{"rendered":"http:\/\/historiografija.hr\/?p=6407"},"modified":"2017-10-17T12:36:16","modified_gmt":"2017-10-17T12:36:16","slug":"znanstveni-skup-uloga-maticina-nakladnistva-u-oblikovanju-hrvatskoga-duhovno-kulturalnog-identiteta","status":"publish","type":"post","link":"https:\/\/historiografija.hr\/?p=6407","title":{"rendered":"Znanstveni skup \u201eUloga Mati\u010dina nakladni\u0161tva u oblikovanju hrvatskoga duhovno-kulturalnog identiteta\u201c"},"content":{"rendered":"<p>Znanstveni skup povodom 175. obljetnice postojanja Matice hrvatske odr\u017eat \u0107e se u petak\u00a0i subotu \u00a0(20-21.X.2017) u Zagrebu.<\/p>\n<p>&nbsp;<\/p>\n<p>&nbsp;<\/p>\n<p>&#8212;<\/p>\n<p>&nbsp;<\/p>\n<p>&nbsp;<\/p>\n<p>Predsjedni\u0161tvo Matice hrvatske<\/p>\n<p>&nbsp;<\/p>\n<p>Znanstveni skup Matice hrvatske u povodu 175. obljetnice postojanja <strong>ULOGA MATI\u010cINA NAKLADNI\u0160TVA U OBLIKOVANJU HRVATSKOGA DUHOVNO-KULTURALNOG IDENTITETA<\/strong><\/p>\n<p>&nbsp;<\/p>\n<p>Petak, 20. listopada 2017. u 09:00 sati, Velika dvorana Matice hrvatske, Ulica Matice hrvatske 2, Strossmayerov trg 4, Zagreb<\/p>\n<p>&nbsp;<\/p>\n<p>P R O G R A M<\/p>\n<p>&nbsp;<\/p>\n<p>&nbsp;<\/p>\n<p><strong>Petak, 20. listopada 2017.<\/strong><\/p>\n<p>&nbsp;<\/p>\n<p>09.00 Otvaranje skupa<\/p>\n<p>&nbsp;<\/p>\n<p>09.15 \u2013 10.00 Stjepan Damjanovi\u0107: Pogled na nakladni\u0161tvo Matice hrvatske<\/p>\n<p>&nbsp;<\/p>\n<p>10.00 \u2013 10.45 \u017deljko Holjevac: Mati\u010dino nakladni\u0161tvo i hrvatska povijest 1842-1918.<\/p>\n<p>&nbsp;<\/p>\n<p>10.45 \u2013 11.30 Stipe Kljai\u0107: Povijesna izdanja u Mati\u010dinom nakladni\u0161tvu 1918-2008.<\/p>\n<p>&nbsp;<\/p>\n<p>11.30 \u2013 12.00 Stanka<\/p>\n<p>&nbsp;<\/p>\n<p>12.00 \u2013 12.45 Ivo Pranjkovi\u0107: Publikacije Matice hrvatske s podru\u010dja jezikoslovlja od 1842. do 1941.<\/p>\n<p>&nbsp;<\/p>\n<p>12.45 \u2013 13.30 Josip Lisac: Nakladni\u0161tvo Matice hrvatske u podru\u010dju jezikoslovlja nakon 1941.<\/p>\n<p>&nbsp;<\/p>\n<p>13.30 \u2013 15.00 Stanka za ru\u010dak<\/p>\n<p>&nbsp;<\/p>\n<p>15.00 \u2013 15.45 Ivica Martinovi\u0107: Od Augusta \u0160enoe do Alberta Halera: Hrvatska filozofska produkcija u izdanju Matice hrvatske do 1945.<\/p>\n<p>&nbsp;<\/p>\n<p>15.45 \u2013 16.30 Stipe Kutle\u0161a: Va\u017enost Matice hrvatske u promicanju filozofije nakon Drugog svjetskog rata<\/p>\n<p>&nbsp;<\/p>\n<p>16.30 \u2013 17.15 Renata Husinec\/Jasna Matekalo Draganovi\u0107\/Nenad Trinajsti\u0107: Doprinos Matice hrvatske promicanju i populariziranju prirodnih znanosti<\/p>\n<p>&nbsp;<\/p>\n<p>17.15 \u2013 17.45 Stanka<\/p>\n<p>&nbsp;<\/p>\n<p>17.45 \u2013 18.30 Jure Vuji\u0107: Uloga i doprinos Matice hrvatske za razvoj i afirmiranje hrvatske politolo\u0161ke misli<\/p>\n<p>&nbsp;<\/p>\n<p>18.30 \u2013 19.15 Damir Zori\u0107: Etnologija u Matici hrvatskoj<\/p>\n<p>&nbsp;<\/p>\n<p>&nbsp;<\/p>\n<p><strong>Subota, 21. listopada 2017.<\/strong><\/p>\n<p>&nbsp;<\/p>\n<p>&nbsp;<\/p>\n<p>&nbsp;<\/p>\n<p>09.15 \u2013 10.00 Stipe Botica: Rukopisne zbirke usmene knji\u017eevnosti u Matici hrvatskoj<\/p>\n<p>&nbsp;<\/p>\n<p>10.00 \u2013 10.45 Lahorka Pleji\u0107 Poje: Matica hrvatska i stvaranje knji\u017eevnoga kanona<\/p>\n<p>&nbsp;<\/p>\n<p>10.45 \u2013 11.30 Suzana Coha: Uloga Matice hrvatske u hrvatskoj kulturi 19. stolje\u0107a<\/p>\n<p>&nbsp;<\/p>\n<p>11.30 \u2013 12.00 Stanka<\/p>\n<p>&nbsp;<\/p>\n<p>12.00 \u2013 12.45 Stanislav Tuksar: Opseg, karakter i zna\u010denje izdanja Matice hrvatske na podru\u010dju glazbe<\/p>\n<p>&nbsp;<\/p>\n<p>12.45 \u2013 13.30 Bojan Marotti: \u201ePreliepo i \u010dastno poduze\u0107e\u201c. O Mati\u010dinim prijevodima gr\u010dkih i rimskih pisaca<\/p>\n<p>&nbsp;<\/p>\n<p>13.30 \u2013 14.15 Damir Barbari\u0107: Izazov moderne. Matica hrvatska u \u201eSukobu starih i mladih\u201c<\/p>\n<p>&nbsp;<\/p>\n<p>14.15 Zatvaranje skupa<\/p>\n<p>&nbsp;<\/p>\n<p>Organizacija skupa: Predsjedni\u0161tvo Matice hrvatske<\/p>\n<p>&nbsp;<\/p>\n<p>Koordinator: Damir Barbari\u0107<\/p>\n<p>&nbsp;<\/p>\n<p>&nbsp;<\/p>\n<p><strong>PDF programa skupa<\/strong><br \/>\n<a href=\"http:\/\/www.matica.hr\/media\/uploads\/zbivanja\/2017\/zs_nakladnistvo_mh\/program.pdf\">http:\/\/www.matica.hr\/media\/uploads\/zbivanja\/2017\/zs_nakladnistvo_mh\/program.pdf<\/a><\/p>\n<p>&nbsp;<\/p>\n<p>&nbsp;<\/p>\n<p><strong>PDF plakata skupa<\/strong><br \/>\n<a href=\"http:\/\/www.matica.hr\/media\/uploads\/zbivanja\/2017\/zs_nakladnistvo_mh\/plakat.pdf\">http:\/\/www.matica.hr\/media\/uploads\/zbivanja\/2017\/zs_nakladnistvo_mh\/plakat.pdf<\/a><\/p>\n<p>&nbsp;<\/p>\n<p>&nbsp;<\/p>\n<p>Izvor:<\/p>\n<p><a href=\"http:\/\/www.matica.hr\/zbivanja\/znanstveni-skup-matice-hrvatske-u-povodu-175-obljetnice-postojanja-uloga-maticina-nakladnistva-u-oblikovanju-hrvatskoga-duhovno-kulturalnog-identiteta-2126\/\">http:\/\/www.matica.hr\/zbivanja\/znanstveni-skup-matice-hrvatske-u-povodu-175-obljetnice-postojanja-uloga-maticina-nakladnistva-u-oblikovanju-hrvatskoga-duhovno-kulturalnog-identiteta-2126\/<\/a><\/p>\n<p>&nbsp;<\/p>\n<p>&nbsp;<\/p>\n","protected":false},"excerpt":{"rendered":"","protected":false},"author":2,"featured_media":6408,"comment_status":"open","ping_status":"open","sticky":false,"template":"","format":"standard","meta":{"_acf_changed":false,"jetpack_post_was_ever_published":false,"_jetpack_newsletter_access":"","_jetpack_dont_email_post_to_subs":false,"_jetpack_newsletter_tier_id":0,"_jetpack_memberships_contains_paywalled_content":false,"_jetpack_memberships_contains_paid_content":false,"footnotes":"","jetpack_publicize_message":"","jetpack_publicize_feature_enabled":true,"jetpack_social_post_already_shared":true,"jetpack_social_options":{"image_generator_settings":{"template":"highway","default_image_id":0,"font":"","enabled":false},"version":2}},"categories":[3,9],"tags":[],"class_list":["post-6407","post","type-post","status-publish","format-standard","has-post-thumbnail","hentry","category-novosti","category-skupovi"],"acf":{"facebook_opis":""},"jetpack_publicize_connections":[],"jetpack_featured_media_url":"https:\/\/i0.wp.com\/historiografija.hr\/wp-content\/uploads\/2017\/10\/plakat_MH-skup.jpg?fit=680%2C970&ssl=1","jetpack_sharing_enabled":true,"jetpack-related-posts":[{"id":52578,"url":"https:\/\/historiografija.hr\/?p=52578","url_meta":{"origin":6407,"position":0},"title":"Poziv za sudjelovanje: XXII. Dani Julija Bene\u0161i\u0107a u Iloku","author":"Branimir Jankovi\u0107","date":"21. travnja 2026.","format":false,"excerpt":"Zavod za lingvisti\u010dka istra\u017eivanja Hrvatske akademije znanosti i umjetnosti, zajedno s Muzejom grada Iloka, organizira XXII. Dane Julija Bene\u0161i\u0107a, koji \u0107e se odr\u017eati od 28. do 30. listopada 2026. u Iloku.\u00a0Teme ovogodi\u0161njih Dana podijeljene su u dvije cjeline: Knji\u017eevno-jezikoslovni d\u00ecv\u0101n s Bene\u0161i\u0107em te Ilok i Srijem u povijesnim stalnicama i\u2026","rel":"","context":"U &quot;Novosti&quot;","block_context":{"text":"Novosti","link":"https:\/\/historiografija.hr\/?cat=3"},"img":{"alt_text":"","src":"https:\/\/i0.wp.com\/historiografija.hr\/wp-content\/uploads\/2019\/10\/HE2_Benesic.jpg?fit=413%2C591&ssl=1&resize=350%2C200","width":350,"height":200},"classes":[]},{"id":52502,"url":"https:\/\/historiografija.hr\/?p=52502","url_meta":{"origin":6407,"position":1},"title":"Novi znanstveni projekt Hrvatskog instituta za povijest: \u201c\u017drtve ratova i dr\u017eavnog\/politi\u010dkog nasilja u hrvatskoj povijesti 20. stolje\u0107a\u201d","author":"Branimir Jankovi\u0107","date":"17. travnja 2026.","format":false,"excerpt":"Na redovitoj sjednici Vlade RH, 16. travnja 2026., donijet je Zaklju\u010dak kojim se pokre\u0107e znanstveni projekt \u201c\u017drtve ratova i dr\u017eavnog\/politi\u010dkog nasilja u hrvatskoj povijesti 20. stolje\u0107a\u201d. Projekt \u0107e provoditi i koordinirati Hrvatski institut za povijest u razdoblju trajanja projekta od pet godina. Zakljucak Vlade RH Iz teksta projektnog prijedloga: Problematika\u2026","rel":"","context":"U &quot;Novosti&quot;","block_context":{"text":"Novosti","link":"https:\/\/historiografija.hr\/?cat=3"},"img":{"alt_text":"","src":"https:\/\/i0.wp.com\/historiografija.hr\/wp-content\/uploads\/2026\/04\/Vlada-RH.jpg?fit=1200%2C557&ssl=1&resize=350%2C200","width":350,"height":200,"srcset":"https:\/\/i0.wp.com\/historiografija.hr\/wp-content\/uploads\/2026\/04\/Vlada-RH.jpg?fit=1200%2C557&ssl=1&resize=350%2C200 1x, https:\/\/i0.wp.com\/historiografija.hr\/wp-content\/uploads\/2026\/04\/Vlada-RH.jpg?fit=1200%2C557&ssl=1&resize=525%2C300 1.5x, https:\/\/i0.wp.com\/historiografija.hr\/wp-content\/uploads\/2026\/04\/Vlada-RH.jpg?fit=1200%2C557&ssl=1&resize=700%2C400 2x, https:\/\/i0.wp.com\/historiografija.hr\/wp-content\/uploads\/2026\/04\/Vlada-RH.jpg?fit=1200%2C557&ssl=1&resize=1050%2C600 3x"},"classes":[]},{"id":52499,"url":"https:\/\/historiografija.hr\/?p=52499","url_meta":{"origin":6407,"position":2},"title":"POTPISAN UGOVOR O ZNANSTVENO-ISTRA\u017dIVA\u010cKOJ SURADNJI: PROJEKT \u201eTEMELJI HRVATSKE SAMOSTALNOSTI\u201d","author":"Branimir Jankovi\u0107","date":"17. travnja 2026.","format":false,"excerpt":"Hrvatski institut za povijest, Sveu\u010dili\u0161te obrane i sigurnosti \u201eDr. Franjo Tu\u0111man\u201d, Institut dru\u0161tvenih znanosti Ivo Pilar i Hrvatski dr\u017eavni arhiv\u00a0potpisali su 23. o\u017eujka 2026.\u00a0Ugovor o znanstveno-istra\u017eiva\u010dkoj suradnji s ciljem provedbe projekta \u201eTemelji hrvatske samostalnosti\u201d. Tim projektom obuhva\u0107a se istra\u017eivanje arhivskoga gradiva, priprema znanstvenih publikacija, digitalizacija i javna prezentacija rezultata istra\u017eivanja\u2026","rel":"","context":"U &quot;Novosti&quot;","block_context":{"text":"Novosti","link":"https:\/\/historiografija.hr\/?cat=3"},"img":{"alt_text":"","src":"https:\/\/i0.wp.com\/historiografija.hr\/wp-content\/uploads\/2026\/04\/THS_sporazum.jpg?fit=1200%2C583&ssl=1&resize=350%2C200","width":350,"height":200,"srcset":"https:\/\/i0.wp.com\/historiografija.hr\/wp-content\/uploads\/2026\/04\/THS_sporazum.jpg?fit=1200%2C583&ssl=1&resize=350%2C200 1x, https:\/\/i0.wp.com\/historiografija.hr\/wp-content\/uploads\/2026\/04\/THS_sporazum.jpg?fit=1200%2C583&ssl=1&resize=525%2C300 1.5x, https:\/\/i0.wp.com\/historiografija.hr\/wp-content\/uploads\/2026\/04\/THS_sporazum.jpg?fit=1200%2C583&ssl=1&resize=700%2C400 2x, https:\/\/i0.wp.com\/historiografija.hr\/wp-content\/uploads\/2026\/04\/THS_sporazum.jpg?fit=1200%2C583&ssl=1&resize=1050%2C600 3x"},"classes":[]},{"id":52631,"url":"https:\/\/historiografija.hr\/?p=52631","url_meta":{"origin":6407,"position":3},"title":"Predavanje Ivana Tepe\u0161a: Djelovanje hrvatske politi\u010dke emigracije","author":"Branimir Jankovi\u0107","date":"23. travnja 2026.","format":false,"excerpt":"Odjel za me\u0111unarodnu suradnju i iseljeni\u0161tvo Matice hrvatske Predavanje Ivana Tepe\u0161a: Djelovanje hrvatske politi\u010dke emigracije Utorak, 28. travnja 2026. u 18:00 sati, Dvorana Ljudevita Jonkea (Mala dvorana MH), Strossmayerov trg 4, Zagreb dr. sc. Ivan Tepe\u0161, Institut za istra\u017eivanje migracija Hrvatska politi\u010dka emigracija obilje\u017eila je polustoljetnu hrvatsku povijest u drugoj\u2026","rel":"","context":"U &quot;Novosti&quot;","block_context":{"text":"Novosti","link":"https:\/\/historiografija.hr\/?cat=3"},"img":{"alt_text":"","src":"","width":0,"height":0},"classes":[]},{"id":52616,"url":"https:\/\/historiografija.hr\/?p=52616","url_meta":{"origin":6407,"position":4},"title":"No\u0107 knjige 2026.","author":"Branimir Jankovi\u0107","date":"22. travnja 2026.","format":false,"excerpt":"Slavljeni\u010dka 15. No\u0107 knjige odr\u017eat \u0107e se 23. travnja diljem Hrvatske u povodu Svjetskog dana knjige i autorskih prava te Dana hrvatske knjige. S vi\u0161e od 1.000 prijavljenih programa i akcija s pravom nosi epitet najmasovnije doma\u0107e kulturne manifestacije, a ove \u0107e godine prote\u0107i u znaku mira, razumijevanja, tolerancije, srodnosti\u2026","rel":"","context":"U &quot;Novosti&quot;","block_context":{"text":"Novosti","link":"https:\/\/historiografija.hr\/?cat=3"},"img":{"alt_text":"","src":"https:\/\/i0.wp.com\/historiografija.hr\/wp-content\/uploads\/2026\/04\/noc_knjige_2026.jpg?fit=680%2C276&ssl=1&resize=350%2C200","width":350,"height":200,"srcset":"https:\/\/i0.wp.com\/historiografija.hr\/wp-content\/uploads\/2026\/04\/noc_knjige_2026.jpg?fit=680%2C276&ssl=1&resize=350%2C200 1x, https:\/\/i0.wp.com\/historiografija.hr\/wp-content\/uploads\/2026\/04\/noc_knjige_2026.jpg?fit=680%2C276&ssl=1&resize=525%2C300 1.5x"},"classes":[]},{"id":52607,"url":"https:\/\/historiografija.hr\/?p=52607","url_meta":{"origin":6407,"position":5},"title":"No\u0107 knjige: Kako je prije 410 godina smr\u0107u Shakespearea i Cervantesa zavr\u0161ilo razdoblje renesanse u knji\u017eevnosti","author":"Branimir Jankovi\u0107","date":"22. travnja 2026.","format":false,"excerpt":"\u010cetvrtak, 23. travnja 2026. u 18:00 sati, Knji\u017eara Matice hrvatske, Ulica Matice hrvatske 2, Zagreb Uvodna rije\u010d: dr. sc.\u00a0Dubravka Brezak Stama\u0107, pro\u010delnica Odjela za knji\u017eevnost Matice hrvatske Prof. dr. sc. Ivan Lupi\u0107, redoviti profesor u Odsjeku za anglistiku i Odsjeku za kroatistiku Sveu\u010dili\u0161ta u RijeciShakespeare, kazali\u0161te, glazbaKada se susre\u0107emo sa\u2026","rel":"","context":"U &quot;Novosti&quot;","block_context":{"text":"Novosti","link":"https:\/\/historiografija.hr\/?cat=3"},"img":{"alt_text":"","src":"https:\/\/i0.wp.com\/historiografija.hr\/wp-content\/uploads\/2026\/04\/noc_knjige_2026.jpg?fit=680%2C276&ssl=1&resize=350%2C200","width":350,"height":200,"srcset":"https:\/\/i0.wp.com\/historiografija.hr\/wp-content\/uploads\/2026\/04\/noc_knjige_2026.jpg?fit=680%2C276&ssl=1&resize=350%2C200 1x, https:\/\/i0.wp.com\/historiografija.hr\/wp-content\/uploads\/2026\/04\/noc_knjige_2026.jpg?fit=680%2C276&ssl=1&resize=525%2C300 1.5x"},"classes":[]}],"_links":{"self":[{"href":"https:\/\/historiografija.hr\/index.php?rest_route=\/wp\/v2\/posts\/6407","targetHints":{"allow":["GET"]}}],"collection":[{"href":"https:\/\/historiografija.hr\/index.php?rest_route=\/wp\/v2\/posts"}],"about":[{"href":"https:\/\/historiografija.hr\/index.php?rest_route=\/wp\/v2\/types\/post"}],"author":[{"embeddable":true,"href":"https:\/\/historiografija.hr\/index.php?rest_route=\/wp\/v2\/users\/2"}],"replies":[{"embeddable":true,"href":"https:\/\/historiografija.hr\/index.php?rest_route=%2Fwp%2Fv2%2Fcomments&post=6407"}],"version-history":[{"count":3,"href":"https:\/\/historiografija.hr\/index.php?rest_route=\/wp\/v2\/posts\/6407\/revisions"}],"predecessor-version":[{"id":6411,"href":"https:\/\/historiografija.hr\/index.php?rest_route=\/wp\/v2\/posts\/6407\/revisions\/6411"}],"wp:featuredmedia":[{"embeddable":true,"href":"https:\/\/historiografija.hr\/index.php?rest_route=\/wp\/v2\/media\/6408"}],"wp:attachment":[{"href":"https:\/\/historiografija.hr\/index.php?rest_route=%2Fwp%2Fv2%2Fmedia&parent=6407"}],"wp:term":[{"taxonomy":"category","embeddable":true,"href":"https:\/\/historiografija.hr\/index.php?rest_route=%2Fwp%2Fv2%2Fcategories&post=6407"},{"taxonomy":"post_tag","embeddable":true,"href":"https:\/\/historiografija.hr\/index.php?rest_route=%2Fwp%2Fv2%2Ftags&post=6407"}],"curies":[{"name":"wp","href":"https:\/\/api.w.org\/{rel}","templated":true}]}}