{"id":6391,"date":"2017-10-17T11:35:13","date_gmt":"2017-10-17T11:35:13","guid":{"rendered":"http:\/\/historiografija.hr\/?p=6391"},"modified":"2017-10-17T11:35:56","modified_gmt":"2017-10-17T11:35:56","slug":"seminar-izmedu-nacije-i-istine-nova-istorija-republike-srpske","status":"publish","type":"post","link":"https:\/\/historiografija.hr\/?p=6391","title":{"rendered":"Seminar \u201cIzme\u0111u nacije i istine: (Nova) Istorija Republike Srpske\u201d"},"content":{"rendered":"<p>Povod seminaru koji \u0107e se odr\u017eati u srijedu (18. listopada 2017) u Banja Luci je knjiga \u201cIstorija Republike Srpske\u201d \u010cedomira Anti\u0107a i Nenada Kecmanovi\u0107a.<\/p>\n<p>&nbsp;<\/p>\n<p>&#8212;<\/p>\n<p>&nbsp;<\/p>\n<p>&nbsp;<\/p>\n<p>Muzi\u010dki paviljon Staklenac, Banja Luka<\/p>\n<p>&nbsp;<\/p>\n<p>&nbsp;<\/p>\n<p>18.10.2017. u 14h<\/p>\n<p>&nbsp;<\/p>\n<p>&nbsp;<\/p>\n<p><strong>ReEX<\/strong><\/p>\n<p>&nbsp;<\/p>\n<p><a href=\"http:\/\/reex.rd.gd\/sr\">http:\/\/reex.rd.gd\/sr<\/a><\/p>\n<p>&nbsp;<\/p>\n<p><a href=\"https:\/\/www.facebook.com\/ReEx-1092492970847884\/\">https:\/\/www.facebook.com\/ReEx-1092492970847884\/<\/a><\/p>\n<p>&nbsp;<\/p>\n<p>&nbsp;<\/p>\n<p>&nbsp;<\/p>\n<p>Povod seminaru jeste objavljivanje knjige \u201cIstorija Republike Srpske\u201d \u010cedomira Anti\u0107a i Nenada Kecmanovi\u0107a u izdanju politi\u010dkog magazina Nedeljnik. Prvo izdanje izdano je u ograni\u010denijoj nakladi zahvaljuju\u0107i instutucijama Republike Srpske i namjenjeno je za upotrebu u vi\u0161im dru\u0161tvenim ustanovama, a na seminaru \u0107emo se prvenstveno baviti skra\u0107enim \u201cd\u017eepnim\u201d izdanjem koje je dostupnije \u0161irem \u010ditateljstvu. Ovaj naslov kojeg je RTS ocijenio \u201cknjigom za svaki dom\u201d jednu od svojih prvih promocija do\u017eivio je na Belom dvoru u Beogradu prilikom \u010dega su autori primili \u010destitke prestolonaslednika Aleksandra Kara\u0111or\u0111evi\u0107a. Ovakav prijem Anti\u0107eve i Kecmanovi\u0107e knjige od strane najvi\u0161ih instanci politi\u010dkog poretka ukazuje na to da se interes autora knjige preklapa s interesima njegovih nosioca. Uz pomo\u0107 petoro izlaga\u010da poku\u0161at \u0107emo dati odgovor na pitanje koji su ciljevi najnovije mejnstrim historiografske produkcije u Republici Srpskoj i susjedstvu. Mo\u017ee li se do\u0107i do vjernog prikaza historijske istine ukoliko doga\u0111anja promatramo kroz prizmu i u svrhu afirmacije aktualnih dr\u017eavno-entitetskih tvorevina? Publici \u0107e nakon svakog izlaganja biti omogu\u0107eno aktivno u\u0107e\u0161\u0107e u seminaru.<\/p>\n<p>&nbsp;<\/p>\n<p>&nbsp;<\/p>\n<p>IZLAGA\u010cI:<\/p>\n<p>&nbsp;<\/p>\n<p>&nbsp;<\/p>\n<p>NIKOLA VUKOBRATOVI\u0106 ro\u0111en je 1985. godine u Koprivnici. Diplomirao je povijest i komparativnu knji\u017eevnost na Filozofskom fakultetu u Zagrebu. Od 2012. radi kao izvr\u0161ni, a od 2015. godine kao glavni urednik hrvatskog izdanja Le Monde diplomatiquea. Od 2014. je i urednik na regionalnom kriti\u010dkom portalu Bilten.org. Objavljivao je novinske \u010dlanke u raznim medijima (Zarez, poljski i hrvatski Le Monde diplomatique, Novosti, Novi Plamen, LeftEast, Otvoreni magazin, H-Alter itd&#8230;). Popularno-znanstvene \u010dlanke objavljivao u publikacijama dru\u0161tva &#8220;Povijest izvan mitova&#8221;, kustoskog kolektiva BLOK i drugdje. Sura\u0111ivao kao povjesni\u010dar na izlo\u017ebi &#8220;Problem umjetnosti kolektiva: slu\u010daj Zemlja&#8221; (Zagreb, 2016.).<\/p>\n<p>&nbsp;<\/p>\n<p>&nbsp;<\/p>\n<p>VLADIMIR MARKOVI\u0106 (Kraljevo, 1977). Sociolog. Od 2003. godine zaposlen je u administraciji Univerziteta u Beogradu, a od 2011. radi i kao jedan od urednika u Knji\u017earsko-izdava\u010dkoj zadruzi Baraba. Bio je \u010dlan redakcije \u010dasopisa Prelom. Politi\u010dki se anga\u017eovao u vi\u0161e inicijativa za reafirmaciju revolucionarnog radni\u010dkog pokreta.<\/p>\n<p>&nbsp;<\/p>\n<p>&nbsp;<\/p>\n<p>GORAN MUSI\u0106 (Beograd, 1981). Ekonomista i istori\u010dar. Doktorirao na temu radni\u010dkih \u0161trajkova u poznom jugoslovenskom socijalizmu. Zaposlen kao istra\u017eiva\u010d na Centralno-evropskom univerzitetu u Budimpe\u0161ti. Autor vi\u0161e \u010dlanaka u nau\u010dnim \u010dasopisima kao i studije \u201eRadni\u010dka klasa Srbije u tranziciji 1988-2013\u201c (Rosa Luxemburg Stiftung, 2013). Urednik veb portala Crvena Kritika i aktivista \u201eMarksisti\u010dke organizacije Crveni\u201c.<\/p>\n<p>&nbsp;<\/p>\n<p>&nbsp;<\/p>\n<p>SVJETLANA NEDIMOVI\u0106 ro\u0111ena je u Sarajevu 1974. godine. Radi u dru\u0161tveno-politi\u010dkoj organizaciji iz Sarajeva &#8220;Jedan grad, jedna borba&#8221;, a za \u017eivot zara\u0111uje poku\u0161avaju\u0107i na\u0107i odgovor na pitanje \u0161ta da se radi sa pro\u0161lo\u0161\u0107u s pozicija ljevice bratskog trougla Hrvatska-BiH-Srbija. Istra\u017eivanje radi pri Univerzitetu u Barseloni, u okviru istra\u017eiva\u010dkog projekta na temu duga i odnosa Evrope s Jugoslavijom.<\/p>\n<p>&nbsp;<\/p>\n<p>&nbsp;<\/p>\n<p>TAMARA \u0160MIDLING ro\u0111ena u Beogradu, poslednjih 16 godina \u017eivi u Sarajevu. Socijalna antropologinja po (formalnom) obrazovanju, niz godina se bavi politikama se\u0107anja i na\u010dinima na koje se post-jugoslovenski prostori se\u0107aju i govore o svojoj pro\u0161losti i budu\u0107nosti. \u010cita, pi\u0161e, istra\u017euje i trudi se da direktno deluje gde god mo\u017ee.<\/p>\n<p>&nbsp;<\/p>\n<p>&nbsp;<\/p>\n<p>BARTUL \u010cOVI\u0106 (moderator) ro\u0111en je u Zagrebu 1996. godine. \u017divi u Beogradu gdje studira sociologiju na Filozofskom fakultetu. Suradnik je regionalnih portala Slobodni filozofski, Ma\u0161ina i Bilten. Jedan je od pokreta\u010da raznih antifa\u0161isti\u010dkih medijskih platformi i projektni radnik. Bavi se istra\u017eivanjem historije Narodnooslobodila\u010dke borbe.<\/p>\n<p>&nbsp;<\/p>\n<p>&nbsp;<\/p>\n","protected":false},"excerpt":{"rendered":"","protected":false},"author":2,"featured_media":6392,"comment_status":"open","ping_status":"open","sticky":false,"template":"","format":"standard","meta":{"_acf_changed":false,"jetpack_post_was_ever_published":false,"_jetpack_newsletter_access":"","_jetpack_dont_email_post_to_subs":false,"_jetpack_newsletter_tier_id":0,"_jetpack_memberships_contains_paywalled_content":false,"_jetpack_memberships_contains_paid_content":false,"footnotes":"","jetpack_publicize_message":"","jetpack_publicize_feature_enabled":true,"jetpack_social_post_already_shared":true,"jetpack_social_options":{"image_generator_settings":{"template":"highway","default_image_id":0,"font":"","enabled":false},"version":2}},"categories":[3],"tags":[],"class_list":["post-6391","post","type-post","status-publish","format-standard","has-post-thumbnail","hentry","category-novosti"],"acf":{"facebook_opis":""},"jetpack_publicize_connections":[],"jetpack_featured_media_url":"https:\/\/i0.wp.com\/historiografija.hr\/wp-content\/uploads\/2017\/10\/Knjiga-BL.jpg?fit=500%2C350&ssl=1","jetpack_sharing_enabled":true,"jetpack-related-posts":[{"id":52657,"url":"https:\/\/historiografija.hr\/?p=52657","url_meta":{"origin":6391,"position":0},"title":"[Predavanje] Jezik i drugost u (post)socijalisti\u010dkoj Srbiji: diskurzivne politike identiteta (YugoLab)","author":"Branimir Jankovi\u0107","date":"24. travnja 2026.","format":false,"excerpt":"U sklopu projekta Prizma \/ IMAGINATION (\u201eZami\u0161ljanje nacije: srpski nacionalni narativi u sporu (XX\u2013XXI vek)\u201c), koji se realizuje na Institutu za filozofiju i dru\u0161tvenu teoriju Univerziteta u Beogradu (2024\u20132027) uz finansijsku podr\u0161ku Fonda za nauku Republike Srbije, organizuje se serija predavanja na kojoj istra\u017eiva\u010di i istra\u017eiva\u010dice projekta predstavljaju rezultate svojih\u2026","rel":"","context":"U &quot;Novosti&quot;","block_context":{"text":"Novosti","link":"https:\/\/historiografija.hr\/?cat=3"},"img":{"alt_text":"","src":"https:\/\/i0.wp.com\/historiografija.hr\/wp-content\/uploads\/2026\/04\/IFDT_28_IV.png?fit=1200%2C675&ssl=1&resize=350%2C200","width":350,"height":200,"srcset":"https:\/\/i0.wp.com\/historiografija.hr\/wp-content\/uploads\/2026\/04\/IFDT_28_IV.png?fit=1200%2C675&ssl=1&resize=350%2C200 1x, https:\/\/i0.wp.com\/historiografija.hr\/wp-content\/uploads\/2026\/04\/IFDT_28_IV.png?fit=1200%2C675&ssl=1&resize=525%2C300 1.5x, https:\/\/i0.wp.com\/historiografija.hr\/wp-content\/uploads\/2026\/04\/IFDT_28_IV.png?fit=1200%2C675&ssl=1&resize=700%2C400 2x, https:\/\/i0.wp.com\/historiografija.hr\/wp-content\/uploads\/2026\/04\/IFDT_28_IV.png?fit=1200%2C675&ssl=1&resize=1050%2C600 3x"},"classes":[]},{"id":52592,"url":"https:\/\/historiografija.hr\/?p=52592","url_meta":{"origin":6391,"position":1},"title":"Predstavljanje knjige &#8220;Turska ku\u0107a u Rijeci&#8221; u Zagrebu","author":"Branimir Jankovi\u0107","date":"22. travnja 2026.","format":false,"excerpt":"U prostorijama Turskog kulturnog centra Yunus Emre u Zagrebu, u utorak 21. travnja 2026. godine, odr\u017eano je sve\u010dano predstavljanje dopunjenog izdanja knjige Turska ku\u0107a u Rijeci, u organizaciji Hrvatsko-turskog dru\u0161tva Rijeka i partnerstvu sa Skupinom prijateljstva Hrvatska-Turska Hrvatskog sabora, Veleposlanstvom Republike Turske u Republici Hrvatskoj te Turskim kulturnim centrom Yunus\u2026","rel":"","context":"U &quot;Novosti&quot;","block_context":{"text":"Novosti","link":"https:\/\/historiografija.hr\/?cat=3"},"img":{"alt_text":"","src":"https:\/\/i0.wp.com\/historiografija.hr\/wp-content\/uploads\/2026\/04\/Turska-kuca-ZG.jpg?fit=1200%2C800&ssl=1&resize=350%2C200","width":350,"height":200,"srcset":"https:\/\/i0.wp.com\/historiografija.hr\/wp-content\/uploads\/2026\/04\/Turska-kuca-ZG.jpg?fit=1200%2C800&ssl=1&resize=350%2C200 1x, https:\/\/i0.wp.com\/historiografija.hr\/wp-content\/uploads\/2026\/04\/Turska-kuca-ZG.jpg?fit=1200%2C800&ssl=1&resize=525%2C300 1.5x, https:\/\/i0.wp.com\/historiografija.hr\/wp-content\/uploads\/2026\/04\/Turska-kuca-ZG.jpg?fit=1200%2C800&ssl=1&resize=700%2C400 2x, https:\/\/i0.wp.com\/historiografija.hr\/wp-content\/uploads\/2026\/04\/Turska-kuca-ZG.jpg?fit=1200%2C800&ssl=1&resize=1050%2C600 3x"},"classes":[]},{"id":52631,"url":"https:\/\/historiografija.hr\/?p=52631","url_meta":{"origin":6391,"position":2},"title":"Predavanje Ivana Tepe\u0161a: Djelovanje hrvatske politi\u010dke emigracije","author":"Branimir Jankovi\u0107","date":"23. travnja 2026.","format":false,"excerpt":"Odjel za me\u0111unarodnu suradnju i iseljeni\u0161tvo Matice hrvatske Predavanje Ivana Tepe\u0161a: Djelovanje hrvatske politi\u010dke emigracije Utorak, 28. travnja 2026. u 18:00 sati, Dvorana Ljudevita Jonkea (Mala dvorana MH), Strossmayerov trg 4, Zagreb dr. sc. Ivan Tepe\u0161, Institut za istra\u017eivanje migracija Hrvatska politi\u010dka emigracija obilje\u017eila je polustoljetnu hrvatsku povijest u drugoj\u2026","rel":"","context":"U &quot;Novosti&quot;","block_context":{"text":"Novosti","link":"https:\/\/historiografija.hr\/?cat=3"},"img":{"alt_text":"","src":"","width":0,"height":0},"classes":[]},{"id":52502,"url":"https:\/\/historiografija.hr\/?p=52502","url_meta":{"origin":6391,"position":3},"title":"Novi znanstveni projekt Hrvatskog instituta za povijest: \u201c\u017drtve ratova i dr\u017eavnog\/politi\u010dkog nasilja u hrvatskoj povijesti 20. stolje\u0107a\u201d","author":"Branimir Jankovi\u0107","date":"17. travnja 2026.","format":false,"excerpt":"Na redovitoj sjednici Vlade RH, 16. travnja 2026., donijet je Zaklju\u010dak kojim se pokre\u0107e znanstveni projekt \u201c\u017drtve ratova i dr\u017eavnog\/politi\u010dkog nasilja u hrvatskoj povijesti 20. stolje\u0107a\u201d. Projekt \u0107e provoditi i koordinirati Hrvatski institut za povijest u razdoblju trajanja projekta od pet godina. Zakljucak Vlade RH Iz teksta projektnog prijedloga: Problematika\u2026","rel":"","context":"U &quot;Novosti&quot;","block_context":{"text":"Novosti","link":"https:\/\/historiografija.hr\/?cat=3"},"img":{"alt_text":"","src":"https:\/\/i0.wp.com\/historiografija.hr\/wp-content\/uploads\/2026\/04\/Vlada-RH.jpg?fit=1200%2C557&ssl=1&resize=350%2C200","width":350,"height":200,"srcset":"https:\/\/i0.wp.com\/historiografija.hr\/wp-content\/uploads\/2026\/04\/Vlada-RH.jpg?fit=1200%2C557&ssl=1&resize=350%2C200 1x, https:\/\/i0.wp.com\/historiografija.hr\/wp-content\/uploads\/2026\/04\/Vlada-RH.jpg?fit=1200%2C557&ssl=1&resize=525%2C300 1.5x, https:\/\/i0.wp.com\/historiografija.hr\/wp-content\/uploads\/2026\/04\/Vlada-RH.jpg?fit=1200%2C557&ssl=1&resize=700%2C400 2x, https:\/\/i0.wp.com\/historiografija.hr\/wp-content\/uploads\/2026\/04\/Vlada-RH.jpg?fit=1200%2C557&ssl=1&resize=1050%2C600 3x"},"classes":[]},{"id":52505,"url":"https:\/\/historiografija.hr\/?p=52505","url_meta":{"origin":6391,"position":4},"title":"Izlo\u017eba &#8220;Eschenstock \/ Jasenov prut&#8221;","author":"Branimir Jankovi\u0107","date":"17. travnja 2026.","format":false,"excerpt":"Srpsko narodno vije\u0107e (SNV) i Vizura aperta postavljaju izlo\u017ebu \u0161vicarskog slikara Velimira Ili\u0161evi\u0107a: Eschenstock \/ Jasenov prut. Izlo\u017eba se uz prisustvo autora otvara povodom 81. godi\u0161njice proboja logora\u0161a iz usta\u0161kog logora smrti Jasenovac 22. aprila 2026. u 19 sati u Srpskom kulturnom centru (SKC) u Preradovi\u0107evoj ulici 21 u Zagrebu.\u2026","rel":"","context":"U &quot;Izlo\u017ebe&quot;","block_context":{"text":"Izlo\u017ebe","link":"https:\/\/historiografija.hr\/?cat=10"},"img":{"alt_text":"","src":"https:\/\/i0.wp.com\/historiografija.hr\/wp-content\/uploads\/2026\/04\/Jasenov_prut.jpg?fit=1024%2C640&ssl=1&resize=350%2C200","width":350,"height":200,"srcset":"https:\/\/i0.wp.com\/historiografija.hr\/wp-content\/uploads\/2026\/04\/Jasenov_prut.jpg?fit=1024%2C640&ssl=1&resize=350%2C200 1x, https:\/\/i0.wp.com\/historiografija.hr\/wp-content\/uploads\/2026\/04\/Jasenov_prut.jpg?fit=1024%2C640&ssl=1&resize=525%2C300 1.5x, https:\/\/i0.wp.com\/historiografija.hr\/wp-content\/uploads\/2026\/04\/Jasenov_prut.jpg?fit=1024%2C640&ssl=1&resize=700%2C400 2x"},"classes":[]},{"id":52552,"url":"https:\/\/historiografija.hr\/?p=52552","url_meta":{"origin":6391,"position":5},"title":"Besplatni glazbeni antikvarijat","author":"Branimir Jankovi\u0107","date":"20. travnja 2026.","format":false,"excerpt":"Muzi\u010dka akademija Sveu\u010dili\u0161ta u Zagrebu 23. travnja 2026. od 10 do 17 sati Pozivamo Vas na Besplatni glazbeni antikvarijat, koji u sklopu manifestacije No\u0107 knjige 2026. organizira Hrvatska udruga muzi\u010dkih knji\u017enica, arhiva i dokumentacijskih centara (HUMKAD). Antikvarijat \u0107e se odr\u017eati na Svjetski dan knjige \u2013 u \u010detvrtak 23. travnja 2026.\u2026","rel":"","context":"U &quot;Novosti&quot;","block_context":{"text":"Novosti","link":"https:\/\/historiografija.hr\/?cat=3"},"img":{"alt_text":"","src":"https:\/\/i0.wp.com\/historiografija.hr\/wp-content\/uploads\/2026\/04\/Besplatni-glazbeni-antikvarijat-23.-4.-2026.jpg?fit=1200%2C848&ssl=1&resize=350%2C200","width":350,"height":200,"srcset":"https:\/\/i0.wp.com\/historiografija.hr\/wp-content\/uploads\/2026\/04\/Besplatni-glazbeni-antikvarijat-23.-4.-2026.jpg?fit=1200%2C848&ssl=1&resize=350%2C200 1x, https:\/\/i0.wp.com\/historiografija.hr\/wp-content\/uploads\/2026\/04\/Besplatni-glazbeni-antikvarijat-23.-4.-2026.jpg?fit=1200%2C848&ssl=1&resize=525%2C300 1.5x, https:\/\/i0.wp.com\/historiografija.hr\/wp-content\/uploads\/2026\/04\/Besplatni-glazbeni-antikvarijat-23.-4.-2026.jpg?fit=1200%2C848&ssl=1&resize=700%2C400 2x, https:\/\/i0.wp.com\/historiografija.hr\/wp-content\/uploads\/2026\/04\/Besplatni-glazbeni-antikvarijat-23.-4.-2026.jpg?fit=1200%2C848&ssl=1&resize=1050%2C600 3x"},"classes":[]}],"_links":{"self":[{"href":"https:\/\/historiografija.hr\/index.php?rest_route=\/wp\/v2\/posts\/6391","targetHints":{"allow":["GET"]}}],"collection":[{"href":"https:\/\/historiografija.hr\/index.php?rest_route=\/wp\/v2\/posts"}],"about":[{"href":"https:\/\/historiografija.hr\/index.php?rest_route=\/wp\/v2\/types\/post"}],"author":[{"embeddable":true,"href":"https:\/\/historiografija.hr\/index.php?rest_route=\/wp\/v2\/users\/2"}],"replies":[{"embeddable":true,"href":"https:\/\/historiografija.hr\/index.php?rest_route=%2Fwp%2Fv2%2Fcomments&post=6391"}],"version-history":[{"count":2,"href":"https:\/\/historiografija.hr\/index.php?rest_route=\/wp\/v2\/posts\/6391\/revisions"}],"predecessor-version":[{"id":6394,"href":"https:\/\/historiografija.hr\/index.php?rest_route=\/wp\/v2\/posts\/6391\/revisions\/6394"}],"wp:featuredmedia":[{"embeddable":true,"href":"https:\/\/historiografija.hr\/index.php?rest_route=\/wp\/v2\/media\/6392"}],"wp:attachment":[{"href":"https:\/\/historiografija.hr\/index.php?rest_route=%2Fwp%2Fv2%2Fmedia&parent=6391"}],"wp:term":[{"taxonomy":"category","embeddable":true,"href":"https:\/\/historiografija.hr\/index.php?rest_route=%2Fwp%2Fv2%2Fcategories&post=6391"},{"taxonomy":"post_tag","embeddable":true,"href":"https:\/\/historiografija.hr\/index.php?rest_route=%2Fwp%2Fv2%2Ftags&post=6391"}],"curies":[{"name":"wp","href":"https:\/\/api.w.org\/{rel}","templated":true}]}}