{"id":6375,"date":"2017-10-16T10:18:08","date_gmt":"2017-10-16T10:18:08","guid":{"rendered":"http:\/\/historiografija.hr\/?p=6375"},"modified":"2017-10-16T10:18:50","modified_gmt":"2017-10-16T10:18:50","slug":"cetvrti-medunarodni-znanstveni-skup-franjevacki-velikani-o-sv-nikoli-tavelicu","status":"publish","type":"post","link":"https:\/\/historiografija.hr\/?p=6375","title":{"rendered":"\u010cetvrti me\u0111unarodni znanstveni skup \u201eFranjeva\u010dki velikani&#8221; o sv. Nikoli Taveli\u0107u"},"content":{"rendered":"<p>\u010cetvrti me\u0111unarodni znanstveni skup \u201eFranjeva\u010dki velikani&#8221; o sv. Nikoli Taveli\u0107u odr\u017eat \u0107e se u Gradskoj knji\u017enici \u201eJuraj \u0160i\u017egori\u0107&#8221; u \u0160ibeniku (20-21.10.2017).<\/p>\n<p>&nbsp;<\/p>\n<p>&nbsp;<\/p>\n<p>&#8212;<\/p>\n<p>&nbsp;<\/p>\n<p>&nbsp;<\/p>\n<p>\u0160ibenik, (IKA) &#8211; \u010cetvrti me\u0111unarodni znanstveni skup \u201eFranjeva\u010dki velikani&#8221; o sv. Nikoli Taveli\u0107u odr\u017eat \u0107e se u Gradska knji\u017enica \u201eJuraj \u0160i\u017egori\u0107&#8221; u \u0160ibeniku 20. i 21. listopada.<\/p>\n<p>&nbsp;<\/p>\n<p>Organizatori skupa su Katoli\u010dki bogoslovni fakultet Sveu\u010dili\u0161ta u Zagrebu, Studium Biblicum Franciscanum \u2013 Custodia di Terra Santa, Grad \u0160ibenik, Samostan sv. Frane u \u0160ibeniku, Hrvatska provincija sv. Jeronima franjevaca konventualaca i Hrvatska franjeva\u010dka provincija sv. \u0106irila i Metoda.<\/p>\n<p>&nbsp;<\/p>\n<p>Program skupa po\u010dinje u petak, 20. listopada u 9 sati. U prvom bloku \u201eProstor i vrijeme&#8221; odr\u017eat \u0107e se predavanja \u201eFranjeva\u010dki red u doba sv. Nikole Taveli\u0107a&#8221; (dr. sc. Daniel Patafta, OFM), \u201eKraljevine Hrvatska i Dalmacija u XIV. stolje\u0107u&#8221; (doc. dr. sc. Ivan Majnari\u0107), \u201e\u0160ibenik Taveli\u0107eva vremena&#8221; (doc. dr. sc. Tomislav Galovi\u0107), \u201eFranjevci u \u0160ibeniku od kraja 13. do po\u010detka 15. stolje\u0107a&#8221; (mr. sc. Sanja Miljan), \u201ePovijesne okolnosti u Svetoj Zemlji u vrijeme Nikole Taveli\u0107a&#8221; (dr. sc. Narcyz Stanis\u0142aw Klimas, OFM) i \u201eArheolo\u0161ka saznanja o samostanu na brdu Sion&#8221; (dr. sc. Eugenio Alliata, OFM).<\/p>\n<p>&nbsp;<\/p>\n<p>U poslijepodnevnim satima na programu je drugi blok predavanja \u201eFranjevci i teologija mu\u010deni\u0161tva&#8221;. U tom bloku bit \u0107e predstavljena predavanja \u201eSvetopisamsko promi\u0161ljanje o mu\u010deni\u0161tvu&#8221; (doc. dr. sc. Darko Tepert, OFM), \u201eMu\u010deni\u0161tvo kao zahtjev Kristom preobra\u017eene egzistencije&#8221; (doc. dr. sc. Nedjeljka s. Valerija Kova\u010d), \u201eMu\u010deni\u0161tvo-svjedo\u010danstvo za istinu evan\u0111elja. Teolo\u0161ko-moralne implikacije mu\u010deni\u0161tva u svjetlu kristocenti\u010dnog ustrojstva kr\u0161\u0107anske vjere&#8221; (mr. sc. Tomislav Smiljani\u0107, OFM), \u201eAn\u0111eo Klarenski (Angelo Clareno) izme\u0111u kr\u0161\u0107anskog Istoka i Zapada&#8221; (prof. dr. sc. Marinko Peji\u0107, OFM) i \u201e&#8217;Vita activa&#8217; franjevaca: idejna i normativna pozadina djelovanja me\u0111u Saracenima \u010detvorice jeruzalemskih mu\u010denika&#8221; (dr. sc. Marko Jerkovi\u0107).<\/p>\n<p>&nbsp;<\/p>\n<p>Euharistijsko slavlje je u 19 sati u crkvi sv. Frane.<\/p>\n<p>&nbsp;<\/p>\n<p>U subotu, 21. listopada rad se nastavlja u 9 sati blokom \u201eOd beatifikacije do kanonizacije&#8221; s predavanjima \u201eIzvje\u0161\u0107a o mu\u010deni\u0161tvu sv. Nikole, posebno ona iz \u0161ibenskog samostana sv. Frane&#8221; (Ljudevit Mara\u010di\u0107, OFMConv., prof.), \u201eBl. Nikola Tavili\u0107 izme\u0111u prvog i Drugog svjetskog rata&#8221; (Augustin Kordi\u0107, OFMConv.), \u201ePut prema beatifikaciji Nikole Taveli\u0107a i uloga biskupa Antuna Josipa Fosca u tome&#8221; (mr. sc. Ivan Armanda), \u201eManje poznate pojedinosti vezane uz kanonizaciju bl. Nikole Taveli\u0107a&#8221; (Hrvatin Gabrijel Juri\u0161i\u0107, OFM), \u201eTeolo\u0161ka analiza govora pape Pavla VI. prigodom progla\u0161enja svetim Nikole Tavili\u0107a i drugova. Svojevoljno mu\u010deni\u0161tvo u kontekstu franjeva\u010dke teolo\u0161ke misli&#8221; (prof. dr. sc. Ivan Karli\u0107, OFMConv. &#8211; Milan Gelo, OFMConv., mag. theol.) i \u201eMedijski odjek kanonizacije sv. Nikole Taveli\u0107a&#8221; (dr. sc. Suzana Vrhovski-Peran).<\/p>\n<p>&nbsp;<\/p>\n<p>&nbsp;<\/p>\n<p>Izvor: <a href=\"http:\/\/www.ika.hr\/index.php?prikaz=vijest&amp;ID=193639\">http:\/\/www.ika.hr\/index.php?prikaz=vijest&amp;ID=193639<\/a><\/p>\n<p>&nbsp;<\/p>\n<p>&nbsp;<\/p>\n<p>Dodatne informacije:<\/p>\n<p>&nbsp;<\/p>\n<p><a href=\"https:\/\/historiografija.hr\/wp-content\/uploads\/2017\/10\/pozivnica.pdf\">pozivnica<\/a><\/p>\n<p>&nbsp;<\/p>\n<p><a href=\"https:\/\/historiografija.hr\/wp-content\/uploads\/2017\/10\/plakat-a3.pdf\">plakat-a3<\/a><\/p>\n<p>&nbsp;<\/p>\n<p><a href=\"https:\/\/historiografija.hr\/wp-content\/uploads\/2017\/10\/knjizica.pdf\">knjizica<\/a><\/p>\n<p>&nbsp;<\/p>\n<p>&nbsp;<\/p>\n<p>&nbsp;<\/p>\n<p>&nbsp;<\/p>\n","protected":false},"excerpt":{"rendered":"","protected":false},"author":2,"featured_media":6379,"comment_status":"open","ping_status":"open","sticky":false,"template":"","format":"standard","meta":{"_acf_changed":false,"jetpack_post_was_ever_published":false,"_jetpack_newsletter_access":"","_jetpack_dont_email_post_to_subs":false,"_jetpack_newsletter_tier_id":0,"_jetpack_memberships_contains_paywalled_content":false,"_jetpack_memberships_contains_paid_content":false,"footnotes":"","jetpack_publicize_message":"","jetpack_publicize_feature_enabled":true,"jetpack_social_post_already_shared":true,"jetpack_social_options":{"image_generator_settings":{"template":"highway","default_image_id":0,"font":"","enabled":false},"version":2}},"categories":[3,9],"tags":[],"class_list":["post-6375","post","type-post","status-publish","format-standard","has-post-thumbnail","hentry","category-novosti","category-skupovi"],"acf":{"facebook_opis":""},"jetpack_publicize_connections":[],"jetpack_featured_media_url":"https:\/\/i0.wp.com\/historiografija.hr\/wp-content\/uploads\/2017\/10\/skup-m-t.jpg?fit=800%2C520&ssl=1","jetpack_sharing_enabled":true,"jetpack-related-posts":[{"id":52578,"url":"https:\/\/historiografija.hr\/?p=52578","url_meta":{"origin":6375,"position":0},"title":"Poziv za sudjelovanje: XXII. Dani Julija Bene\u0161i\u0107a u Iloku","author":"Branimir Jankovi\u0107","date":"21. travnja 2026.","format":false,"excerpt":"Zavod za lingvisti\u010dka istra\u017eivanja Hrvatske akademije znanosti i umjetnosti, zajedno s Muzejom grada Iloka, organizira XXII. Dane Julija Bene\u0161i\u0107a, koji \u0107e se odr\u017eati od 28. do 30. listopada 2026. u Iloku.\u00a0Teme ovogodi\u0161njih Dana podijeljene su u dvije cjeline: Knji\u017eevno-jezikoslovni d\u00ecv\u0101n s Bene\u0161i\u0107em te Ilok i Srijem u povijesnim stalnicama i\u2026","rel":"","context":"U &quot;Novosti&quot;","block_context":{"text":"Novosti","link":"https:\/\/historiografija.hr\/?cat=3"},"img":{"alt_text":"","src":"https:\/\/i0.wp.com\/historiografija.hr\/wp-content\/uploads\/2019\/10\/HE2_Benesic.jpg?fit=413%2C591&ssl=1&resize=350%2C200","width":350,"height":200},"classes":[]},{"id":52666,"url":"https:\/\/historiografija.hr\/?p=52666","url_meta":{"origin":6375,"position":1},"title":"Najava programa Festivala povijesti Kliofest (5-8. V. 2026)","author":"Branimir Jankovi\u0107","date":"24. travnja 2026.","format":false,"excerpt":"Po trinaesti put odr\u017eava se Festival povijesti Kliofest! Do petka \u0107emo odr\u017eati osam okruglih stolova i dva kolokvija te niz predstavljanja knjiga i projekata razli\u010dite tematike, od antike do suvremenosti. Bit \u0107e predstavljeno i nekoliko izlo\u017ebi te odr\u017ean jedan povijesni kviz. Prikazat \u0107emo i jedan film \u2013 o generalu Boroevi\u0107u.\u2026","rel":"","context":"U &quot;Novosti&quot;","block_context":{"text":"Novosti","link":"https:\/\/historiografija.hr\/?cat=3"},"img":{"alt_text":"","src":"https:\/\/i0.wp.com\/historiografija.hr\/wp-content\/uploads\/2026\/04\/Kliofest-2026.jpg?fit=526%2C526&ssl=1&resize=350%2C200","width":350,"height":200,"srcset":"https:\/\/i0.wp.com\/historiografija.hr\/wp-content\/uploads\/2026\/04\/Kliofest-2026.jpg?fit=526%2C526&ssl=1&resize=350%2C200 1x, https:\/\/i0.wp.com\/historiografija.hr\/wp-content\/uploads\/2026\/04\/Kliofest-2026.jpg?fit=526%2C526&ssl=1&resize=525%2C300 1.5x"},"classes":[]},{"id":52543,"url":"https:\/\/historiografija.hr\/?p=52543","url_meta":{"origin":6375,"position":2},"title":"Znanstveno-stru\u010dni skup \u201eOto\u010dne pu\u010dke pobo\u017enosti: kontinuiteti i transformacije\u201c","author":"Branimir Jankovi\u0107","date":"20. travnja 2026.","format":false,"excerpt":"Najavljujemo\u00a0znanstveno-stru\u010dni skup \u201eOto\u010dne pu\u010dke pobo\u017enosti: kontinuiteti i transformacije\u201c,\u00a0koji \u0107e se odr\u017eati\u00a0u Rabu od 24. do 26. travnja 2026.,\u00a0u organizaciji i uz potporu\u00a0Instituta za etnologiju i folkloristiku, Zagreb, \u00a0Grada Raba, Pu\u010dkog otvorenog u\u010dili\u0161ta Rab i Centra za istra\u017eivanje srednjovjekovne ba\u0161tine Jadrana RIMAH. Skup okuplja vode\u0107e doma\u0107e stru\u010dnjake koji \u0107e kroz niz\u2026","rel":"","context":"U &quot;Novosti&quot;","block_context":{"text":"Novosti","link":"https:\/\/historiografija.hr\/?cat=3"},"img":{"alt_text":"","src":"https:\/\/i0.wp.com\/historiografija.hr\/wp-content\/uploads\/2026\/04\/Skup_Rab.jpg?fit=848%2C1200&ssl=1&resize=350%2C200","width":350,"height":200,"srcset":"https:\/\/i0.wp.com\/historiografija.hr\/wp-content\/uploads\/2026\/04\/Skup_Rab.jpg?fit=848%2C1200&ssl=1&resize=350%2C200 1x, https:\/\/i0.wp.com\/historiografija.hr\/wp-content\/uploads\/2026\/04\/Skup_Rab.jpg?fit=848%2C1200&ssl=1&resize=525%2C300 1.5x, https:\/\/i0.wp.com\/historiografija.hr\/wp-content\/uploads\/2026\/04\/Skup_Rab.jpg?fit=848%2C1200&ssl=1&resize=700%2C400 2x"},"classes":[]},{"id":52573,"url":"https:\/\/historiografija.hr\/?p=52573","url_meta":{"origin":6375,"position":3},"title":"Znanstvena konferencija &#8220;Filozofija odgoja: povijest, praksa, perspektive&#8221;","author":"Branimir Jankovi\u0107","date":"21. travnja 2026.","format":false,"excerpt":"Znanstvena konferencija \"Filozofija odgoja: povijest, praksa, perspektive\" odr\u017eat \u0107e se 23. i 24. travnja 2026. u Konferencijskoj dvorani Knji\u017enice Filozofskog fakulteta u Zagrebu (2. kat).\u00a0Konferencija je organizirana u okviru projekta\u00a0SUMKOS (voditeljica prof. dr. sc. Ivana Zagorac, financiran\u00a0sredstvima NextGenerationEU), uz potporu Odsjeka za filozofiju.\u00a0 Uz izlaga\u010dki dio, konferencija obuhva\u0107a i izlo\u017ebu\u2026","rel":"","context":"U &quot;Novosti&quot;","block_context":{"text":"Novosti","link":"https:\/\/historiografija.hr\/?cat=3"},"img":{"alt_text":"","src":"","width":0,"height":0},"classes":[]},{"id":52628,"url":"https:\/\/historiografija.hr\/?p=52628","url_meta":{"origin":6375,"position":4},"title":"Predavanje dopisnog \u010dlana HAZU Alaina Finkielkrauta Izrael, Europa, antisemitizam","author":"Branimir Jankovi\u0107","date":"23. travnja 2026.","format":false,"excerpt":"Francuski filozof Alain Finkielkraut, redoviti \u010dlan Francuske akademije i dopisni \u010dlan HAZU, odr\u017eat \u0107e predavanje\u00a0Izrael, Europa, antisemitizam u utorak 28. travnja 2026. u 13 sati u Knji\u017enici HAZU,\u00a0Strossmayerov trg 14 u Zagrebu. Uvodne rije\u010di odr\u017eat \u0107e\u00a0akademkinja \u017deljka \u010corak i\u00a0akademik Dra\u017een Katunari\u0107. Predavanje \u0107e se odr\u017eati na francuskom jeziku uz konsekutivno\u2026","rel":"","context":"U &quot;Novosti&quot;","block_context":{"text":"Novosti","link":"https:\/\/historiografija.hr\/?cat=3"},"img":{"alt_text":"","src":"https:\/\/i0.wp.com\/historiografija.hr\/wp-content\/uploads\/2026\/04\/Alain_Finkielkraut.jpg?fit=350%2C407&ssl=1&resize=350%2C200","width":350,"height":200},"classes":[]},{"id":52539,"url":"https:\/\/historiografija.hr\/?p=52539","url_meta":{"origin":6375,"position":5},"title":"Drugi po redu studentski simpozij &#8220;In fonte veritas&#8221;","author":"Branimir Jankovi\u0107","date":"20. travnja 2026.","format":false,"excerpt":"U srijedu, 22. travnja 2026. godine, u dvorani C 0.4 na Hrvatskom katoli\u010dkom sveu\u010dili\u0161tu odr\u017eat \u0107e se drugi studentski simpozij \u201eIn fonte veritas\". Ovogodi\u0161nja sredi\u0161nja tema simpozija je Papinstvo. Kroz istra\u017eiva\u010dko suo\u010davanje s povijesnim izvorima deset \u0107e studenata predstaviti rezultate svojih istra\u017eivanja o instituciji koja je stolje\u0107ima oblikovala europsku i\u2026","rel":"","context":"U &quot;Novosti&quot;","block_context":{"text":"Novosti","link":"https:\/\/historiografija.hr\/?cat=3"},"img":{"alt_text":"","src":"https:\/\/i0.wp.com\/historiografija.hr\/wp-content\/uploads\/2026\/04\/Papinstvo.png?fit=1024%2C500&ssl=1&resize=350%2C200","width":350,"height":200,"srcset":"https:\/\/i0.wp.com\/historiografija.hr\/wp-content\/uploads\/2026\/04\/Papinstvo.png?fit=1024%2C500&ssl=1&resize=350%2C200 1x, https:\/\/i0.wp.com\/historiografija.hr\/wp-content\/uploads\/2026\/04\/Papinstvo.png?fit=1024%2C500&ssl=1&resize=525%2C300 1.5x, https:\/\/i0.wp.com\/historiografija.hr\/wp-content\/uploads\/2026\/04\/Papinstvo.png?fit=1024%2C500&ssl=1&resize=700%2C400 2x"},"classes":[]}],"_links":{"self":[{"href":"https:\/\/historiografija.hr\/index.php?rest_route=\/wp\/v2\/posts\/6375","targetHints":{"allow":["GET"]}}],"collection":[{"href":"https:\/\/historiografija.hr\/index.php?rest_route=\/wp\/v2\/posts"}],"about":[{"href":"https:\/\/historiografija.hr\/index.php?rest_route=\/wp\/v2\/types\/post"}],"author":[{"embeddable":true,"href":"https:\/\/historiografija.hr\/index.php?rest_route=\/wp\/v2\/users\/2"}],"replies":[{"embeddable":true,"href":"https:\/\/historiografija.hr\/index.php?rest_route=%2Fwp%2Fv2%2Fcomments&post=6375"}],"version-history":[{"count":2,"href":"https:\/\/historiografija.hr\/index.php?rest_route=\/wp\/v2\/posts\/6375\/revisions"}],"predecessor-version":[{"id":6381,"href":"https:\/\/historiografija.hr\/index.php?rest_route=\/wp\/v2\/posts\/6375\/revisions\/6381"}],"wp:featuredmedia":[{"embeddable":true,"href":"https:\/\/historiografija.hr\/index.php?rest_route=\/wp\/v2\/media\/6379"}],"wp:attachment":[{"href":"https:\/\/historiografija.hr\/index.php?rest_route=%2Fwp%2Fv2%2Fmedia&parent=6375"}],"wp:term":[{"taxonomy":"category","embeddable":true,"href":"https:\/\/historiografija.hr\/index.php?rest_route=%2Fwp%2Fv2%2Fcategories&post=6375"},{"taxonomy":"post_tag","embeddable":true,"href":"https:\/\/historiografija.hr\/index.php?rest_route=%2Fwp%2Fv2%2Ftags&post=6375"}],"curies":[{"name":"wp","href":"https:\/\/api.w.org\/{rel}","templated":true}]}}