{"id":6368,"date":"2017-10-16T09:56:46","date_gmt":"2017-10-16T09:56:46","guid":{"rendered":"http:\/\/historiografija.hr\/?p=6368"},"modified":"2017-10-16T09:57:13","modified_gmt":"2017-10-16T09:57:13","slug":"workshop-prostor-kao-perspektiva-za-istrazivanje-jugoslavije-space-as-a-perspective-for-research-of-yugoslavia","status":"publish","type":"post","link":"https:\/\/historiografija.hr\/?p=6368","title":{"rendered":"Workshop \u201cProstor kao perspektiva za istra\u017eivanje Jugoslavije \/ Space as a perspective for research of Yugoslavia\u201d"},"content":{"rendered":"<p>Centar za jugoslovenske studije (Cejus) i Berlinski centar za transnacionalno istra\u017eivanje granica organizirali su u Beogradu znanstveni skup \u201cProstor kao perspektiva za istra\u017eivanje Jugoslavije \/ Space as a perspective for research of Yugoslavia\u201d.<\/p>\n<p>&nbsp;<\/p>\n<p>&nbsp;<\/p>\n<p>&#8212;<\/p>\n<p>&nbsp;<\/p>\n<p>&nbsp;<\/p>\n<p><strong>Cejus: Centar za jugoslovenske studije<\/strong><\/p>\n<p>&nbsp;<\/p>\n<p>&nbsp;<\/p>\n<p>Fakultet za medije i komunikacije<\/p>\n<p>&nbsp;<\/p>\n<p>&nbsp;<\/p>\n<p>Univerzitet Singidunum<\/p>\n<p>&nbsp;<\/p>\n<p>&nbsp;<\/p>\n<p>Beograd<\/p>\n<p>&nbsp;<\/p>\n<p>&nbsp;<\/p>\n<p>8. 10. 2017.<\/p>\n<p>&nbsp;<\/p>\n<p>PROSTOR KAO PERSPEKTIVA ZA ISTRA\u017dIVANJE JUGOSLAVIJE &#8211; SPACE AS A PERSPECTIVE FOR RESEARCH OF YUGOSLAVIA<\/p>\n<p>&nbsp;<\/p>\n<p>&nbsp;<\/p>\n<p>Ovog je vikenda Centar za jugoslovenske studije (Cejus) zajedno sa Berlinskim centrom za transnacionalno istra\u017eivanje granica Border Crossings\/Crossing Borders (Berlin Center for Transnational Border Research), uz podr\u0161ku DAAD na Fakultetu za medije i komunikacije (Beograd) odr\u017eao workshop PROSTOR KAO PERSPEKTIVA ZA ISTRA\u017dIVANJE JUGOSLAVIJE (SPACE AS A PERSPECTIVE FOR RESEARCH OF YUGOSLAVIA). Na radionici su u\u010destvovali saradnici oba centra, te kolege iz vi\u0161e nau\u010dnih i kulturnih ustanova, muzeja i organizacija iz pet zemalja:<\/p>\n<p>&nbsp;<\/p>\n<p>&nbsp;<\/p>\n<p>Dr. Nenad Stefanov (Humboldt Universit\u00e4t Berlin) i dr Sr\u0111an Radovi\u0107 (Etnografski institut SANU, Beograd): Uvodno izlaganje\/Introduction<\/p>\n<p>&nbsp;<\/p>\n<p>Dr. Marko Zajc (In\u0161titut za novej\u0161u zgodovinu, Ljubljana): Boders and administrative legacy \/ Granice i administrativno naslje\u0111e<\/p>\n<p>&nbsp;<\/p>\n<p>Dr Lada Stevanovi\u0107 (Etnografski institut SANU, Beograd): Borders of Yugoslav national identity in the Kingdom of Yugoslavia \/ Granice jugoslovenskog nacionalnog identiteta u Kraljevini Jugoslaviji<\/p>\n<p>&nbsp;<\/p>\n<p>Dr Milivoj Be\u0161lin (Institut za filozofiju i dru\u0161tvenu teoriju, Beograd): Community of the peoples and\/or community of the republics and provinces: specificities of the Yugoslav federalist frame\/ Zajednica naroda i(li) republika i pokrajina: Specifi\u010dnosti jugoslovenskog federalisti\u010dkog okvira<\/p>\n<p>&nbsp;<\/p>\n<p>Dr Petar Todorov (Univerzitet \u201eSveti Kiril i Metodij\u201c, Skopje): Creation of borders: demarcation between Yugoslavia and Albania in the Ohrid Lake area (1912-1928)\/ Stvaranje granica: razgrani\u010denje Jugoslavije i Albanije u predelu Ohridskog jezera (1912-1926)<\/p>\n<p>&nbsp;<\/p>\n<p>Dr. Kaja \u0160irok (Muzej za novej\u0161o zgodovino, Ljubljana): The \u201cmobile\u201d Adriatic borders. The story of the temporary border 1945\/47 \/ \u201cMobilne\u201d jadranske granice. Pri\u010da o privremenoj granici 1945\/47<\/p>\n<p>&nbsp;<\/p>\n<p>Elizabeta Georgieva (Narodna biblioteka \u201cDetko Petrov\u201d, Dimitrovgrad): Book without frontiers. Libraries in the context of border shifts. Serbo-Bulgarian Experience \/ Knjiga bez granica. Biblioteke u kontekstu pomeranja granica. Srpsko-bugarsko iskustvo<\/p>\n<p>&nbsp;<\/p>\n<p>Dr Sanja Petrovi\u0107 Todosijevi\u0107 (Institut za noviju istoriju Srbije, Beograd): On the passage. Jewish refugees in the Kingdom of Yugoslavia 1933-1941\/ Na proputovanju. Jevrejske izbeglice u Kraljevini Jugoslaviji 1933-1941.<\/p>\n<p>&nbsp;<\/p>\n<p>Dr Ivana Panteli\u0107 (Institut za savremenu istoriju, Beograd): Gendering revolutionary institutions in Second World War Yugoslavia \/ Mesto \u017eene u revolucionarnim institucijama u Drugom svetskom ratu<\/p>\n<p>&nbsp;<\/p>\n<p>Ru\u017ea Fotiadis (Humboldt Universit\u00e4t Berlin): &#8220;Dangerous friends, unfaithful brothers&#8221; &#8211; proximity and distance in international relations \/ &#8220;Opasni prijatelji, nevjerna bra\u0107a&#8221; &#8211; bliskost i udaljenost u me\u0111unarodnim odnosima<\/p>\n<p>&nbsp;<\/p>\n<p>Aleksandar Todosijevi\u0107 (Udru\u017eenje za dru\u0161tvenu istoriju \u2013 Euroclio, Beograd): Learning a history that is \u2018not yet history\u2019\/ &#8220;U\u010denje istorije koja to jo\u0161 uvek nije&#8221;<\/p>\n<p>&nbsp;<\/p>\n<p>Dr Sr\u0111an Atanasovski (Muzikolo\u0161ki institut SANU, Beograd): Songbooks and territory: The role of mass singing in early socialist Yugoslavia \/ Pesmarice i teritorija: uloga masovnog pevanja u ranoj socijalisti\u010dkoj Jugoslaviji<\/p>\n<p>&nbsp;<\/p>\n<p>Dr Ana Petrov (Fakultet za medije i komunikacije, Beograd): Society without the territory: (Re)connecting Yugoslavs through Yugoslav popular music \/ Dru\u0161tvo bez teritorije: ponovno povezivanje Jugoslovena kroz jugoslovensku popularnu muziku<\/p>\n<p>&nbsp;<\/p>\n<p>Dr. Iva Kosmos (In\u0161titut za kulturne in spominske \u0161tudije ZRC SAZU, Ljubljana): \u201eWhen we were not a periphery\u201c: critical nostalgia and Yugoslav space in the fiction documentary \u201eHouston, we have a problem\u201c \/ &#8220;Kada nismo bili periferija&#8221;: kriti\u010dka nostalgija i jugoslavenski prostor u igrano-dokumentarnom filmu \u201eHjustone, imamo problem\u201c<\/p>\n<p>&nbsp;<\/p>\n<p>Dr Andrija Filipovi\u0107 (Fakultet za medije i komunikacije, Beograd): Technologies of discursive formation of sexuality in Yugoslavia \/ Tehnologije diskurzivnog formiranja seksualnosti u Jugoslaviji<\/p>\n<p>&nbsp;<\/p>\n<p>Prof. dr Dubravka \u0110uri\u0107 (Fakultet za medije i komunikacije, Beograd): Post-Yugoslav feminist and female magazines \/ Postjugoslovenski feministi\u010dki i \u017eenski \u010dasopisi<\/p>\n<p>&nbsp;<\/p>\n<p>Discussing participants:<\/p>\n<p>&nbsp;<\/p>\n<p>Izv. prof. dr. sc. Igor Duda (Sveu\u010dili\u0161te Jurja Dobrile, Pula\/CKPIS)<br \/>\nIvan Manojlovi\u0107 (Muzej Jugoslavije, Beograd)<br \/>\nAna Pani\u0107 (Muzej Jugoslavije, Beograd)<br \/>\nSne\u017eana Stankovi\u0107 (Humboldt Universit\u00e4t Berlin)<br \/>\nProf. Dr. Christian Voss (Humboldt Universit\u00e4t Berlin)<\/p>\n<p>&nbsp;<\/p>\n<p>&nbsp;<\/p>\n<p>Izvor\u00a0i dodatne informacije:<\/p>\n<p>&nbsp;<\/p>\n<p><a href=\"https:\/\/www.facebook.com\/cejus.jus\/\">https:\/\/www.facebook.com\/cejus.jus\/<\/a><\/p>\n<p>&nbsp;<\/p>\n<p><a href=\"http:\/\/www.fmk.singidunum.ac.rs\/projekti\/19-fakultetski-centri\/\">http:\/\/www.fmk.singidunum.ac.rs\/projekti\/19-fakultetski-centri\/<\/a><\/p>\n<p>&nbsp;<\/p>\n<p>&nbsp;<\/p>\n","protected":false},"excerpt":{"rendered":"","protected":false},"author":2,"featured_media":6369,"comment_status":"open","ping_status":"open","sticky":false,"template":"","format":"standard","meta":{"_acf_changed":false,"jetpack_post_was_ever_published":false,"_jetpack_newsletter_access":"","_jetpack_dont_email_post_to_subs":false,"_jetpack_newsletter_tier_id":0,"_jetpack_memberships_contains_paywalled_content":false,"_jetpack_memberships_contains_paid_content":false,"footnotes":"","jetpack_publicize_message":"","jetpack_publicize_feature_enabled":true,"jetpack_social_post_already_shared":true,"jetpack_social_options":{"image_generator_settings":{"template":"highway","default_image_id":0,"font":"","enabled":false},"version":2}},"categories":[3,9],"tags":[],"class_list":["post-6368","post","type-post","status-publish","format-standard","has-post-thumbnail","hentry","category-novosti","category-skupovi"],"acf":{"facebook_opis":""},"jetpack_publicize_connections":[],"jetpack_featured_media_url":"https:\/\/i0.wp.com\/historiografija.hr\/wp-content\/uploads\/2017\/10\/Cejus.jpg?fit=2048%2C2048&ssl=1","jetpack_sharing_enabled":true,"jetpack-related-posts":[{"id":52502,"url":"https:\/\/historiografija.hr\/?p=52502","url_meta":{"origin":6368,"position":0},"title":"Novi znanstveni projekt Hrvatskog instituta za povijest: \u201c\u017drtve ratova i dr\u017eavnog\/politi\u010dkog nasilja u hrvatskoj povijesti 20. stolje\u0107a\u201d","author":"Branimir Jankovi\u0107","date":"17. travnja 2026.","format":false,"excerpt":"Na redovitoj sjednici Vlade RH, 16. travnja 2026., donijet je Zaklju\u010dak kojim se pokre\u0107e znanstveni projekt \u201c\u017drtve ratova i dr\u017eavnog\/politi\u010dkog nasilja u hrvatskoj povijesti 20. stolje\u0107a\u201d. Projekt \u0107e provoditi i koordinirati Hrvatski institut za povijest u razdoblju trajanja projekta od pet godina. Zakljucak Vlade RH Iz teksta projektnog prijedloga: Problematika\u2026","rel":"","context":"U &quot;Novosti&quot;","block_context":{"text":"Novosti","link":"https:\/\/historiografija.hr\/?cat=3"},"img":{"alt_text":"","src":"https:\/\/i0.wp.com\/historiografija.hr\/wp-content\/uploads\/2026\/04\/Vlada-RH.jpg?fit=1200%2C557&ssl=1&resize=350%2C200","width":350,"height":200,"srcset":"https:\/\/i0.wp.com\/historiografija.hr\/wp-content\/uploads\/2026\/04\/Vlada-RH.jpg?fit=1200%2C557&ssl=1&resize=350%2C200 1x, https:\/\/i0.wp.com\/historiografija.hr\/wp-content\/uploads\/2026\/04\/Vlada-RH.jpg?fit=1200%2C557&ssl=1&resize=525%2C300 1.5x, https:\/\/i0.wp.com\/historiografija.hr\/wp-content\/uploads\/2026\/04\/Vlada-RH.jpg?fit=1200%2C557&ssl=1&resize=700%2C400 2x, https:\/\/i0.wp.com\/historiografija.hr\/wp-content\/uploads\/2026\/04\/Vlada-RH.jpg?fit=1200%2C557&ssl=1&resize=1050%2C600 3x"},"classes":[]},{"id":52631,"url":"https:\/\/historiografija.hr\/?p=52631","url_meta":{"origin":6368,"position":1},"title":"Predavanje Ivana Tepe\u0161a: Djelovanje hrvatske politi\u010dke emigracije","author":"Branimir Jankovi\u0107","date":"23. travnja 2026.","format":false,"excerpt":"Odjel za me\u0111unarodnu suradnju i iseljeni\u0161tvo Matice hrvatske Predavanje Ivana Tepe\u0161a: Djelovanje hrvatske politi\u010dke emigracije Utorak, 28. travnja 2026. u 18:00 sati, Dvorana Ljudevita Jonkea (Mala dvorana MH), Strossmayerov trg 4, Zagreb dr. sc. Ivan Tepe\u0161, Institut za istra\u017eivanje migracija Hrvatska politi\u010dka emigracija obilje\u017eila je polustoljetnu hrvatsku povijest u drugoj\u2026","rel":"","context":"U &quot;Novosti&quot;","block_context":{"text":"Novosti","link":"https:\/\/historiografija.hr\/?cat=3"},"img":{"alt_text":"","src":"","width":0,"height":0},"classes":[]},{"id":52657,"url":"https:\/\/historiografija.hr\/?p=52657","url_meta":{"origin":6368,"position":2},"title":"[Predavanje] Jezik i drugost u (post)socijalisti\u010dkoj Srbiji: diskurzivne politike identiteta (YugoLab)","author":"Branimir Jankovi\u0107","date":"24. travnja 2026.","format":false,"excerpt":"U sklopu projekta Prizma \/ IMAGINATION (\u201eZami\u0161ljanje nacije: srpski nacionalni narativi u sporu (XX\u2013XXI vek)\u201c), koji se realizuje na Institutu za filozofiju i dru\u0161tvenu teoriju Univerziteta u Beogradu (2024\u20132027) uz finansijsku podr\u0161ku Fonda za nauku Republike Srbije, organizuje se serija predavanja na kojoj istra\u017eiva\u010di i istra\u017eiva\u010dice projekta predstavljaju rezultate svojih\u2026","rel":"","context":"U &quot;Novosti&quot;","block_context":{"text":"Novosti","link":"https:\/\/historiografija.hr\/?cat=3"},"img":{"alt_text":"","src":"https:\/\/i0.wp.com\/historiografija.hr\/wp-content\/uploads\/2026\/04\/IFDT_28_IV.png?fit=1200%2C675&ssl=1&resize=350%2C200","width":350,"height":200,"srcset":"https:\/\/i0.wp.com\/historiografija.hr\/wp-content\/uploads\/2026\/04\/IFDT_28_IV.png?fit=1200%2C675&ssl=1&resize=350%2C200 1x, https:\/\/i0.wp.com\/historiografija.hr\/wp-content\/uploads\/2026\/04\/IFDT_28_IV.png?fit=1200%2C675&ssl=1&resize=525%2C300 1.5x, https:\/\/i0.wp.com\/historiografija.hr\/wp-content\/uploads\/2026\/04\/IFDT_28_IV.png?fit=1200%2C675&ssl=1&resize=700%2C400 2x, https:\/\/i0.wp.com\/historiografija.hr\/wp-content\/uploads\/2026\/04\/IFDT_28_IV.png?fit=1200%2C675&ssl=1&resize=1050%2C600 3x"},"classes":[]},{"id":52499,"url":"https:\/\/historiografija.hr\/?p=52499","url_meta":{"origin":6368,"position":3},"title":"POTPISAN UGOVOR O ZNANSTVENO-ISTRA\u017dIVA\u010cKOJ SURADNJI: PROJEKT \u201eTEMELJI HRVATSKE SAMOSTALNOSTI\u201d","author":"Branimir Jankovi\u0107","date":"17. travnja 2026.","format":false,"excerpt":"Hrvatski institut za povijest, Sveu\u010dili\u0161te obrane i sigurnosti \u201eDr. Franjo Tu\u0111man\u201d, Institut dru\u0161tvenih znanosti Ivo Pilar i Hrvatski dr\u017eavni arhiv\u00a0potpisali su 23. o\u017eujka 2026.\u00a0Ugovor o znanstveno-istra\u017eiva\u010dkoj suradnji s ciljem provedbe projekta \u201eTemelji hrvatske samostalnosti\u201d. Tim projektom obuhva\u0107a se istra\u017eivanje arhivskoga gradiva, priprema znanstvenih publikacija, digitalizacija i javna prezentacija rezultata istra\u017eivanja\u2026","rel":"","context":"U &quot;Novosti&quot;","block_context":{"text":"Novosti","link":"https:\/\/historiografija.hr\/?cat=3"},"img":{"alt_text":"","src":"https:\/\/i0.wp.com\/historiografija.hr\/wp-content\/uploads\/2026\/04\/THS_sporazum.jpg?fit=1200%2C583&ssl=1&resize=350%2C200","width":350,"height":200,"srcset":"https:\/\/i0.wp.com\/historiografija.hr\/wp-content\/uploads\/2026\/04\/THS_sporazum.jpg?fit=1200%2C583&ssl=1&resize=350%2C200 1x, https:\/\/i0.wp.com\/historiografija.hr\/wp-content\/uploads\/2026\/04\/THS_sporazum.jpg?fit=1200%2C583&ssl=1&resize=525%2C300 1.5x, https:\/\/i0.wp.com\/historiografija.hr\/wp-content\/uploads\/2026\/04\/THS_sporazum.jpg?fit=1200%2C583&ssl=1&resize=700%2C400 2x, https:\/\/i0.wp.com\/historiografija.hr\/wp-content\/uploads\/2026\/04\/THS_sporazum.jpg?fit=1200%2C583&ssl=1&resize=1050%2C600 3x"},"classes":[]},{"id":52543,"url":"https:\/\/historiografija.hr\/?p=52543","url_meta":{"origin":6368,"position":4},"title":"Znanstveno-stru\u010dni skup \u201eOto\u010dne pu\u010dke pobo\u017enosti: kontinuiteti i transformacije\u201c","author":"Branimir Jankovi\u0107","date":"20. travnja 2026.","format":false,"excerpt":"Najavljujemo\u00a0znanstveno-stru\u010dni skup \u201eOto\u010dne pu\u010dke pobo\u017enosti: kontinuiteti i transformacije\u201c,\u00a0koji \u0107e se odr\u017eati\u00a0u Rabu od 24. do 26. travnja 2026.,\u00a0u organizaciji i uz potporu\u00a0Instituta za etnologiju i folkloristiku, Zagreb, \u00a0Grada Raba, Pu\u010dkog otvorenog u\u010dili\u0161ta Rab i Centra za istra\u017eivanje srednjovjekovne ba\u0161tine Jadrana RIMAH. Skup okuplja vode\u0107e doma\u0107e stru\u010dnjake koji \u0107e kroz niz\u2026","rel":"","context":"U &quot;Novosti&quot;","block_context":{"text":"Novosti","link":"https:\/\/historiografija.hr\/?cat=3"},"img":{"alt_text":"","src":"https:\/\/i0.wp.com\/historiografija.hr\/wp-content\/uploads\/2026\/04\/Skup_Rab.jpg?fit=848%2C1200&ssl=1&resize=350%2C200","width":350,"height":200,"srcset":"https:\/\/i0.wp.com\/historiografija.hr\/wp-content\/uploads\/2026\/04\/Skup_Rab.jpg?fit=848%2C1200&ssl=1&resize=350%2C200 1x, https:\/\/i0.wp.com\/historiografija.hr\/wp-content\/uploads\/2026\/04\/Skup_Rab.jpg?fit=848%2C1200&ssl=1&resize=525%2C300 1.5x, https:\/\/i0.wp.com\/historiografija.hr\/wp-content\/uploads\/2026\/04\/Skup_Rab.jpg?fit=848%2C1200&ssl=1&resize=700%2C400 2x"},"classes":[]},{"id":52148,"url":"https:\/\/historiografija.hr\/?p=52148","url_meta":{"origin":6368,"position":5},"title":"Poziv za prijavu na me\u0111unarodnu znanstvenu konferenciju \u201eGranice (ne)slobode: Zadarski krug 1966. Intelektualna opozicija u totalitarnom dru\u0161tvu\u201c","author":"Branimir Jankovi\u0107","date":"27. o\u017eujka 2026.","format":false,"excerpt":"\u00a0\u00a0\u00a0\u00a0 Povodom \u0161ezdesete obljetnice poku\u0161aja osnivanja \u010dasopisa Slobodan glas u Zadru 1966. godine, pozivamo vas na znanstvenu konferenciju posve\u0107enu istra\u017eivanju disidentstva, intelektualne opozicije i granica divergentnog mi\u0161ljenja nasuprot slu\u017ebenoj ideologiji u komunisti\u010dkoj Jugoslaviji. Ideja konferencije je analizirati konkretan fenomen zadarskog slu\u010daja razloge i okolnosti njegove pojave, ali uz otvaranje komparativnih\u2026","rel":"","context":"U &quot;Novosti&quot;","block_context":{"text":"Novosti","link":"https:\/\/historiografija.hr\/?cat=3"},"img":{"alt_text":"","src":"https:\/\/i0.wp.com\/historiografija.hr\/wp-content\/uploads\/2026\/03\/Poziv-konferencija-Zadar.jpg?fit=1200%2C509&ssl=1&resize=350%2C200","width":350,"height":200,"srcset":"https:\/\/i0.wp.com\/historiografija.hr\/wp-content\/uploads\/2026\/03\/Poziv-konferencija-Zadar.jpg?fit=1200%2C509&ssl=1&resize=350%2C200 1x, https:\/\/i0.wp.com\/historiografija.hr\/wp-content\/uploads\/2026\/03\/Poziv-konferencija-Zadar.jpg?fit=1200%2C509&ssl=1&resize=525%2C300 1.5x, https:\/\/i0.wp.com\/historiografija.hr\/wp-content\/uploads\/2026\/03\/Poziv-konferencija-Zadar.jpg?fit=1200%2C509&ssl=1&resize=700%2C400 2x, https:\/\/i0.wp.com\/historiografija.hr\/wp-content\/uploads\/2026\/03\/Poziv-konferencija-Zadar.jpg?fit=1200%2C509&ssl=1&resize=1050%2C600 3x"},"classes":[]}],"_links":{"self":[{"href":"https:\/\/historiografija.hr\/index.php?rest_route=\/wp\/v2\/posts\/6368","targetHints":{"allow":["GET"]}}],"collection":[{"href":"https:\/\/historiografija.hr\/index.php?rest_route=\/wp\/v2\/posts"}],"about":[{"href":"https:\/\/historiografija.hr\/index.php?rest_route=\/wp\/v2\/types\/post"}],"author":[{"embeddable":true,"href":"https:\/\/historiografija.hr\/index.php?rest_route=\/wp\/v2\/users\/2"}],"replies":[{"embeddable":true,"href":"https:\/\/historiografija.hr\/index.php?rest_route=%2Fwp%2Fv2%2Fcomments&post=6368"}],"version-history":[{"count":2,"href":"https:\/\/historiografija.hr\/index.php?rest_route=\/wp\/v2\/posts\/6368\/revisions"}],"predecessor-version":[{"id":6371,"href":"https:\/\/historiografija.hr\/index.php?rest_route=\/wp\/v2\/posts\/6368\/revisions\/6371"}],"wp:featuredmedia":[{"embeddable":true,"href":"https:\/\/historiografija.hr\/index.php?rest_route=\/wp\/v2\/media\/6369"}],"wp:attachment":[{"href":"https:\/\/historiografija.hr\/index.php?rest_route=%2Fwp%2Fv2%2Fmedia&parent=6368"}],"wp:term":[{"taxonomy":"category","embeddable":true,"href":"https:\/\/historiografija.hr\/index.php?rest_route=%2Fwp%2Fv2%2Fcategories&post=6368"},{"taxonomy":"post_tag","embeddable":true,"href":"https:\/\/historiografija.hr\/index.php?rest_route=%2Fwp%2Fv2%2Ftags&post=6368"}],"curies":[{"name":"wp","href":"https:\/\/api.w.org\/{rel}","templated":true}]}}