{"id":6298,"date":"2017-10-11T12:32:12","date_gmt":"2017-10-11T12:32:12","guid":{"rendered":"http:\/\/historiografija.hr\/?p=6298"},"modified":"2017-10-19T09:37:56","modified_gmt":"2017-10-19T09:37:56","slug":"apel-hrvatskih-intelektualaca-za-slobodu-misli-i-govora","status":"publish","type":"post","link":"https:\/\/historiografija.hr\/?p=6298","title":{"rendered":"Apel hrvatskih intelektualaca za slobodu misli i govora!"},"content":{"rendered":"<p>Prenosimo zainteresiranoj historiografskoj javnosti informaciju o apelu hrvatskih intelektualca za slobodu mi\u0161ljenja (u kontekstu rada Vije\u0107a za suo\u010davanje s posljedicama vladavine nedemokratskih re\u017eima i pitanja zabrane pozdrava \u201eZa dom spremni\u201c) me\u0111u \u010dijim su inicijalnim potpisnicima i mnogi povjesni\u010dari.<\/p>\n<p>&nbsp;<\/p>\n<p>&#8212;<\/p>\n<p>&nbsp;<\/p>\n<p>&nbsp;<\/p>\n<p>slobodamisljenja.com<\/p>\n<p>&nbsp;<\/p>\n<p>Apel hrvatskih intelektualaca za slobodu misli i govora!<\/p>\n<p>&nbsp;<\/p>\n<p>&nbsp;<\/p>\n<p><strong>Apel<\/strong><\/p>\n<p>&nbsp;<\/p>\n<p>HRVATSKI INTELEKTUALCI ZA SLOBODU MI\u0160LJENJA<\/p>\n<p>&nbsp;<\/p>\n<p>Hrvatska javnost dulji niz godina svjedo\u010di nastojanjima politi\u010dara i politi\u010dkih stranaka, da se pretvore u vrhovne tuma\u010de nacionalne i svjetske povijesti, poglavito povijesti 20. stolje\u0107a i napose Drugoga svjetskog rata.<\/p>\n<p>&nbsp;<\/p>\n<p>To nastojanje se ne o\u010dituje samo u poku\u0161ajima manipulacije javno\u0161\u0107u, nego i u te\u017enjama da se takozvana povijesna istina propi\u0161e rezolucijama i deklaracijama politi\u010dkih ustanova i njihovih parapoliti\u010dkih izdanaka, a ponekad i u poku\u0161ajima da se znanstvena istra\u017eivanja i interpretacije fakti\u010dno ograni\u010de odlukama pravosudnih tijela koje su donesene za pojedina\u010dne, konkretne slu\u010dajeve.<\/p>\n<p>&nbsp;<\/p>\n<p>Historiografija je znanstvena disciplina, a ne ideolo\u0161ka batina. Njezina je zada\u0107a istra\u017eivati i tuma\u010diti pro\u0161lost, ne podre\u0111uju\u0107i se dana\u0161njim ideolo\u0161kim predod\u017ebama i ne slu\u017ee\u0107i sada\u0161njim politi\u010dkim potrebama.<\/p>\n<p>&nbsp;<\/p>\n<p>Odvijaju\u0107i se u kontekstu europskih i svjetskih politi\u010dkih, svjetonazorskih, kulturnih, gospodarskih, vjerskih i drugih prijepora, povijest je hrvatskoga naroda u posljednje stolje\u0107e i pol obilje\u017eena sna\u017enim sukobima, koji su pridonijeli dubokim podjelama u hrvatskom dru\u0161tvu. One nisu otklonjene ni u Domovinskome ratu, koji je ozna\u010dio pobjedu borbe hrvatskoga naroda za neovisno\u0161\u0107u i u kojem je stvorena i obranjena neovisna i demokratska hrvatska dr\u017eava.<\/p>\n<p>&nbsp;<\/p>\n<p>Te podjele su se odrazile i na historiografske prijepore i nedoumice koje traju desetlje\u0107ima, i koje iz dana u dan ra\u0111aju novim spoznajama i novim interpretacijama. Te spoznaje i interpretacije se ne obaziru na politi\u010dke i ideolo\u0161ke dogme, jer to nu\u017eno proizlazi iz karaktera historiografije kao znanstvene discipline. One su plod novih istra\u017eivanja, novootkrivenih dokumenata i svjedo\u010denja. Svaki poku\u0161aj da ih se ograni\u010di i propi\u0161e politi\u010dkim deklaracijama, zakonodavnim rje\u0161enjima ili pravosudnim odlukama, nasrtaj je na znanost, demokraciju i slobodu.<\/p>\n<p>&nbsp;<\/p>\n<p>Samo nedemokratski, totalitarni re\u017eimi propisuju istine, a samo oni koji o povijesti ne znaju ni\u0161ta, ne znaju da je to propisivanje istine jedan od glavnih razloga njihove propasti. Potpuno iluzorno je misliti da se dru\u0161tveni prijepori, kao sastavnica svakoga demokratskog dru\u0161tva, mogu ukloniti represijom i zabranama. Svaka zabrana ili \u201eistina\u201c koju izravno ili neizravno propi\u0161e dr\u017eava, mo\u017ee ne samo produbiti postoje\u0107e dru\u0161tvene podjele i pridonijeti novima, nego i ozbiljno ugroziti slobodu izra\u017eavanja i istra\u017eivanja.<\/p>\n<p>&nbsp;<\/p>\n<p>Zbog svega toga pozivamo hrvatsku javnost i sve odgovorne \u010dimbenike, da se suzdr\u017ee od politi\u010dkoga, zakonodavnog i pravosudnog ograni\u010davanja znanosti, i od svakog poku\u0161aja da propi\u0161u po\u017eeljne, ideolo\u0161ki pravovjerne istine. Upozoravamo da se u protivnome kre\u0107e na put bez povratka \u2013 put u cenzuru i kontrolu mi\u0161ljenja. Demokratskom je poretku lak\u0161e otrpjeti negativne posljedice zloporabe totalitarnih simbola i apologije totalitarnih re\u017eima, kolikogod one nerazumne i \u0161tetne bile, negoli ugroziti slobodu misli i govora, slobodu izra\u017eavanja i istra\u017eivanja.<\/p>\n<p>&nbsp;<\/p>\n<p>&nbsp;<\/p>\n<ol start=\"10\">\n<li>listopada 2017.<\/li>\n<\/ol>\n<p>&nbsp;<\/p>\n<p>&nbsp;<\/p>\n<p>&nbsp;<\/p>\n<p>POTPISNICI (abecednim redom):<\/p>\n<ol>\n<li>dr. sc. Mato Artukovi\u0107<\/li>\n<li>prof. dr. sc. Ivo Banac<\/li>\n<li>dr. sc. Nikica Bari\u0107<\/li>\n<li>doc. dr. sc. Zlatko Begonja<\/li>\n<li>dr. sc. Ante Deli\u0107<\/li>\n<li>izv. prof. dr. sc. Andrea Feldman<\/li>\n<li>dr. sc. Mislav Gabelica<\/li>\n<li>dr. sc. Vladimir Geiger<\/li>\n<li>dr. sc. Zlatko Hasanbegovi\u0107<\/li>\n<li>dr. sc. Mario Jareb<\/li>\n<li>dr. sc. Tomislav Jonji\u0107<\/li>\n<li>dr. sc. Stipe Kljaji\u0107<\/li>\n<li>prof. dr. sc. Mijo Korade<\/li>\n<li>dr. sc. Jure Kri\u0161to<\/li>\n<li>dr. sc. Ana Lederer<\/li>\n<li>dr. sc. Zlatko Matijevi\u0107<\/li>\n<li>dr. sc. Stjepan Matkovi\u0107<\/li>\n<li>dr. sc. An\u0111elko Mijatovi\u0107<\/li>\n<li>doc. dr. sc. Ana Munk<\/li>\n<li>prof. dr. sc. Slobodan Prosperov Novak<\/li>\n<li>dr. sc. Amir Obho\u0111a\u0161<\/li>\n<li>prof. dr. sc. Ante Ugle\u0161i\u0107<\/li>\n<li>izv. prof. dr. sc. Ivica Vigato<\/li>\n<li>izv. prof. dr. sc. Teodora Vigato<\/li>\n<\/ol>\n<p>&nbsp;<\/p>\n<p>Podr\u017eite Apel i potpi\u0161ite peticiju!<\/p>\n<p>&nbsp;<\/p>\n<p>Izvor: <a href=\"http:\/\/slobodamisljenja.com\/\">http:\/\/slobodamisljenja.com\/<\/a><\/p>\n<p>&nbsp;<\/p>\n<p>&#8212;<\/p>\n<p>&nbsp;<\/p>\n<p>Dodatne informacije i medijski odjeci:<\/p>\n<p>&nbsp;<\/p>\n<p><a href=\"http:\/\/www.novilist.hr\/Vijesti\/Hrvatska\/Desni-povjesnicari-protiv-zabrane-Za-dom-spremni-imaju-poruku-i-za-Plenkovicevo-vijece-za-povijest?meta_refresh=true\">http:\/\/www.novilist.hr\/Vijesti\/Hrvatska\/Desni-povjesnicari-protiv-zabrane-Za-dom-spremni-imaju-poruku-i-za-Plenkovicevo-vijece-za-povijest?meta_refresh=true<\/a><\/p>\n<p>&nbsp;<\/p>\n<p>&nbsp;<\/p>\n<p><a href=\"http:\/\/liberal.hr\/clanak.php?id=1160\">http:\/\/liberal.hr\/clanak.php?id=1160<\/a><\/p>\n<p>&nbsp;<\/p>\n<p>&nbsp;<\/p>\n<p><a href=\"http:\/\/www.jutarnji.hr\/komentari\/nikad-nisam-mislio-da-cu-se-sloziti-s-hasanbegovicem-ali-to-pismo-koje-je-prosvjed-oko-kriminalizacije-za-dom-spremni-potpisao-bih-i-ja\/6646824\/\">http:\/\/www.jutarnji.hr\/komentari\/nikad-nisam-mislio-da-cu-se-sloziti-s-hasanbegovicem-ali-to-pismo-koje-je-prosvjed-oko-kriminalizacije-za-dom-spremni-potpisao-bih-i-ja\/6646824\/<\/a><\/p>\n<p>&nbsp;<\/p>\n<p>&nbsp;<\/p>\n<blockquote class=\"wp-embedded-content\" data-secret=\"wAmAqUgw63\"><p><a href=\"https:\/\/narod.hr\/hrvatska\/povjesnicarka-feldman-27-godina-uspostave-demokratskog-poretka-hrvatskoj-jos-uvijek-nailazimo-nedostupnost-gradiva-iz-razdoblja-komunizma\">Povjesni\u010darka Feldman: 27 godina od uspostave demokratskog poretka u Hrvatskoj nailazimo na nedostupnost gradiva iz razdoblja komunizma<\/a><\/p><\/blockquote>\n<p><iframe loading=\"lazy\" class=\"wp-embedded-content\" sandbox=\"allow-scripts\" security=\"restricted\" style=\"position: absolute; clip: rect(1px, 1px, 1px, 1px);\" src=\"https:\/\/narod.hr\/hrvatska\/povjesnicarka-feldman-27-godina-uspostave-demokratskog-poretka-hrvatskoj-jos-uvijek-nailazimo-nedostupnost-gradiva-iz-razdoblja-komunizma\/embed#?secret=wAmAqUgw63\" data-secret=\"wAmAqUgw63\" width=\"600\" height=\"338\" title=\"&#8220;Povjesni\u010darka Feldman: 27 godina od uspostave demokratskog poretka u Hrvatskoj nailazimo na nedostupnost gradiva iz razdoblja komunizma&#8221; &#8212; narod.hr\" frameborder=\"0\" marginwidth=\"0\" marginheight=\"0\" scrolling=\"no\"><\/iframe><\/p>\n<p>&nbsp;<\/p>\n<blockquote class=\"wp-embedded-content\" data-secret=\"gghouMvobX\"><p><a href=\"https:\/\/narod.hr\/hrvatska\/dr-sc-tomislav-jonjic-oblici-gusenja-slobode-povijesnog-istrazivanja-drasticniji\">Dr. sc. Tomislav Jonji\u0107: Oblici gu\u0161enja slobode povijesnog istra\u017eivanja sve su drasti\u010dniji<\/a><\/p><\/blockquote>\n<p><iframe loading=\"lazy\" class=\"wp-embedded-content\" sandbox=\"allow-scripts\" security=\"restricted\" style=\"position: absolute; clip: rect(1px, 1px, 1px, 1px);\" src=\"https:\/\/narod.hr\/hrvatska\/dr-sc-tomislav-jonjic-oblici-gusenja-slobode-povijesnog-istrazivanja-drasticniji\/embed#?secret=gghouMvobX\" data-secret=\"gghouMvobX\" width=\"600\" height=\"338\" title=\"&#8220;Dr. sc. Tomislav Jonji\u0107: Oblici gu\u0161enja slobode povijesnog istra\u017eivanja sve su drasti\u010dniji&#8221; &#8212; narod.hr\" frameborder=\"0\" marginwidth=\"0\" marginheight=\"0\" scrolling=\"no\"><\/iframe><\/p>\n<p>&nbsp;<\/p>\n<p>http:\/\/liberal.hr\/clanak.php?id=1160http:\/\/www.jutarnji.hr\/komentari\/nikad-nisam-mislio-da-cu-se-sloziti-s-hasanbegovicem-ali-to-pismo-koje-je-prosvjed-oko-kriminalizacije-za-dom-spremni-potpisao-bih-i-ja\/6646824\/https:\/\/historiografija.hr\/?p=6355<\/p>\n<p>&nbsp;<\/p>\n<p>&nbsp;<\/p>\n<p>&nbsp;<\/p>\n","protected":false},"excerpt":{"rendered":"","protected":false},"author":2,"featured_media":6299,"comment_status":"open","ping_status":"open","sticky":false,"template":"","format":"standard","meta":{"_acf_changed":false,"jetpack_post_was_ever_published":false,"_jetpack_newsletter_access":"","_jetpack_dont_email_post_to_subs":false,"_jetpack_newsletter_tier_id":0,"_jetpack_memberships_contains_paywalled_content":false,"_jetpack_memberships_contains_paid_content":false,"footnotes":"","jetpack_publicize_message":"","jetpack_publicize_feature_enabled":true,"jetpack_social_post_already_shared":true,"jetpack_social_options":{"image_generator_settings":{"template":"highway","default_image_id":0,"font":"","enabled":false},"version":2}},"categories":[3],"tags":[],"class_list":["post-6298","post","type-post","status-publish","format-standard","has-post-thumbnail","hentry","category-novosti"],"acf":{"facebook_opis":""},"jetpack_publicize_connections":[],"jetpack_featured_media_url":"https:\/\/i0.wp.com\/historiografija.hr\/wp-content\/uploads\/2017\/10\/Apel.jpeg?fit=2000%2C1200&ssl=1","jetpack_sharing_enabled":true,"jetpack-related-posts":[{"id":52499,"url":"https:\/\/historiografija.hr\/?p=52499","url_meta":{"origin":6298,"position":0},"title":"POTPISAN UGOVOR O ZNANSTVENO-ISTRA\u017dIVA\u010cKOJ SURADNJI: PROJEKT \u201eTEMELJI HRVATSKE SAMOSTALNOSTI\u201d","author":"Branimir Jankovi\u0107","date":"17. travnja 2026.","format":false,"excerpt":"Hrvatski institut za povijest, Sveu\u010dili\u0161te obrane i sigurnosti \u201eDr. Franjo Tu\u0111man\u201d, Institut dru\u0161tvenih znanosti Ivo Pilar i Hrvatski dr\u017eavni arhiv\u00a0potpisali su 23. o\u017eujka 2026.\u00a0Ugovor o znanstveno-istra\u017eiva\u010dkoj suradnji s ciljem provedbe projekta \u201eTemelji hrvatske samostalnosti\u201d. Tim projektom obuhva\u0107a se istra\u017eivanje arhivskoga gradiva, priprema znanstvenih publikacija, digitalizacija i javna prezentacija rezultata istra\u017eivanja\u2026","rel":"","context":"U &quot;Novosti&quot;","block_context":{"text":"Novosti","link":"https:\/\/historiografija.hr\/?cat=3"},"img":{"alt_text":"","src":"https:\/\/i0.wp.com\/historiografija.hr\/wp-content\/uploads\/2026\/04\/THS_sporazum.jpg?fit=1200%2C583&ssl=1&resize=350%2C200","width":350,"height":200,"srcset":"https:\/\/i0.wp.com\/historiografija.hr\/wp-content\/uploads\/2026\/04\/THS_sporazum.jpg?fit=1200%2C583&ssl=1&resize=350%2C200 1x, https:\/\/i0.wp.com\/historiografija.hr\/wp-content\/uploads\/2026\/04\/THS_sporazum.jpg?fit=1200%2C583&ssl=1&resize=525%2C300 1.5x, https:\/\/i0.wp.com\/historiografija.hr\/wp-content\/uploads\/2026\/04\/THS_sporazum.jpg?fit=1200%2C583&ssl=1&resize=700%2C400 2x, https:\/\/i0.wp.com\/historiografija.hr\/wp-content\/uploads\/2026\/04\/THS_sporazum.jpg?fit=1200%2C583&ssl=1&resize=1050%2C600 3x"},"classes":[]},{"id":52666,"url":"https:\/\/historiografija.hr\/?p=52666","url_meta":{"origin":6298,"position":1},"title":"Najava programa Festivala povijesti Kliofest (5-8. V. 2026)","author":"Branimir Jankovi\u0107","date":"24. travnja 2026.","format":false,"excerpt":"Po trinaesti put odr\u017eava se Festival povijesti Kliofest! Do petka \u0107emo odr\u017eati osam okruglih stolova i dva kolokvija te niz predstavljanja knjiga i projekata razli\u010dite tematike, od antike do suvremenosti. Bit \u0107e predstavljeno i nekoliko izlo\u017ebi te odr\u017ean jedan povijesni kviz. Prikazat \u0107emo i jedan film \u2013 o generalu Boroevi\u0107u.\u2026","rel":"","context":"U &quot;Novosti&quot;","block_context":{"text":"Novosti","link":"https:\/\/historiografija.hr\/?cat=3"},"img":{"alt_text":"","src":"https:\/\/i0.wp.com\/historiografija.hr\/wp-content\/uploads\/2026\/04\/Kliofest-2026.jpg?fit=526%2C526&ssl=1&resize=350%2C200","width":350,"height":200,"srcset":"https:\/\/i0.wp.com\/historiografija.hr\/wp-content\/uploads\/2026\/04\/Kliofest-2026.jpg?fit=526%2C526&ssl=1&resize=350%2C200 1x, https:\/\/i0.wp.com\/historiografija.hr\/wp-content\/uploads\/2026\/04\/Kliofest-2026.jpg?fit=526%2C526&ssl=1&resize=525%2C300 1.5x"},"classes":[]},{"id":52148,"url":"https:\/\/historiografija.hr\/?p=52148","url_meta":{"origin":6298,"position":2},"title":"Poziv za prijavu na me\u0111unarodnu znanstvenu konferenciju \u201eGranice (ne)slobode: Zadarski krug 1966. Intelektualna opozicija u totalitarnom dru\u0161tvu\u201c","author":"Branimir Jankovi\u0107","date":"27. o\u017eujka 2026.","format":false,"excerpt":"\u00a0\u00a0\u00a0\u00a0 Povodom \u0161ezdesete obljetnice poku\u0161aja osnivanja \u010dasopisa Slobodan glas u Zadru 1966. godine, pozivamo vas na znanstvenu konferenciju posve\u0107enu istra\u017eivanju disidentstva, intelektualne opozicije i granica divergentnog mi\u0161ljenja nasuprot slu\u017ebenoj ideologiji u komunisti\u010dkoj Jugoslaviji. Ideja konferencije je analizirati konkretan fenomen zadarskog slu\u010daja razloge i okolnosti njegove pojave, ali uz otvaranje komparativnih\u2026","rel":"","context":"U &quot;Novosti&quot;","block_context":{"text":"Novosti","link":"https:\/\/historiografija.hr\/?cat=3"},"img":{"alt_text":"","src":"https:\/\/i0.wp.com\/historiografija.hr\/wp-content\/uploads\/2026\/03\/Poziv-konferencija-Zadar.jpg?fit=1200%2C509&ssl=1&resize=350%2C200","width":350,"height":200,"srcset":"https:\/\/i0.wp.com\/historiografija.hr\/wp-content\/uploads\/2026\/03\/Poziv-konferencija-Zadar.jpg?fit=1200%2C509&ssl=1&resize=350%2C200 1x, https:\/\/i0.wp.com\/historiografija.hr\/wp-content\/uploads\/2026\/03\/Poziv-konferencija-Zadar.jpg?fit=1200%2C509&ssl=1&resize=525%2C300 1.5x, https:\/\/i0.wp.com\/historiografija.hr\/wp-content\/uploads\/2026\/03\/Poziv-konferencija-Zadar.jpg?fit=1200%2C509&ssl=1&resize=700%2C400 2x, https:\/\/i0.wp.com\/historiografija.hr\/wp-content\/uploads\/2026\/03\/Poziv-konferencija-Zadar.jpg?fit=1200%2C509&ssl=1&resize=1050%2C600 3x"},"classes":[]},{"id":52502,"url":"https:\/\/historiografija.hr\/?p=52502","url_meta":{"origin":6298,"position":3},"title":"Novi znanstveni projekt Hrvatskog instituta za povijest: \u201c\u017drtve ratova i dr\u017eavnog\/politi\u010dkog nasilja u hrvatskoj povijesti 20. stolje\u0107a\u201d","author":"Branimir Jankovi\u0107","date":"17. travnja 2026.","format":false,"excerpt":"Na redovitoj sjednici Vlade RH, 16. travnja 2026., donijet je Zaklju\u010dak kojim se pokre\u0107e znanstveni projekt \u201c\u017drtve ratova i dr\u017eavnog\/politi\u010dkog nasilja u hrvatskoj povijesti 20. stolje\u0107a\u201d. Projekt \u0107e provoditi i koordinirati Hrvatski institut za povijest u razdoblju trajanja projekta od pet godina. Zakljucak Vlade RH Iz teksta projektnog prijedloga: Problematika\u2026","rel":"","context":"U &quot;Novosti&quot;","block_context":{"text":"Novosti","link":"https:\/\/historiografija.hr\/?cat=3"},"img":{"alt_text":"","src":"https:\/\/i0.wp.com\/historiografija.hr\/wp-content\/uploads\/2026\/04\/Vlada-RH.jpg?fit=1200%2C557&ssl=1&resize=350%2C200","width":350,"height":200,"srcset":"https:\/\/i0.wp.com\/historiografija.hr\/wp-content\/uploads\/2026\/04\/Vlada-RH.jpg?fit=1200%2C557&ssl=1&resize=350%2C200 1x, https:\/\/i0.wp.com\/historiografija.hr\/wp-content\/uploads\/2026\/04\/Vlada-RH.jpg?fit=1200%2C557&ssl=1&resize=525%2C300 1.5x, https:\/\/i0.wp.com\/historiografija.hr\/wp-content\/uploads\/2026\/04\/Vlada-RH.jpg?fit=1200%2C557&ssl=1&resize=700%2C400 2x, https:\/\/i0.wp.com\/historiografija.hr\/wp-content\/uploads\/2026\/04\/Vlada-RH.jpg?fit=1200%2C557&ssl=1&resize=1050%2C600 3x"},"classes":[]},{"id":52563,"url":"https:\/\/historiografija.hr\/?p=52563","url_meta":{"origin":6298,"position":4},"title":"Predavanje Nenada Fabijani\u0107a o stadionu Poljud u Splitu","author":"Branimir Jankovi\u0107","date":"21. travnja 2026.","format":false,"excerpt":"Znanstveno vije\u0107e za arhitekturu, urbanizam i ure\u0111enje prostora Hrvatske akademije znanosti i umjetnosti organizira predavanje \u201cPo Poljudu\u201d koje \u0107e u srijedu 22. travnja 2026. s po\u010detkom u 14 sati u Knji\u017enici HAZU, Strossmayerov trg 14 u Zagrebu, odr\u017eati\u00a0prof. emerit. dr. art. Nenad Fabijani\u0107,\u00a0\u010dlan suradnik HAZU. Predavanje \u201ePo Poljudu\u201c (Projekt obnove)\u2026","rel":"","context":"U &quot;Novosti&quot;","block_context":{"text":"Novosti","link":"https:\/\/historiografija.hr\/?cat=3"},"img":{"alt_text":"","src":"https:\/\/i0.wp.com\/historiografija.hr\/wp-content\/uploads\/2026\/04\/Poljud-scaled.jpeg?fit=1200%2C800&ssl=1&resize=350%2C200","width":350,"height":200,"srcset":"https:\/\/i0.wp.com\/historiografija.hr\/wp-content\/uploads\/2026\/04\/Poljud-scaled.jpeg?fit=1200%2C800&ssl=1&resize=350%2C200 1x, https:\/\/i0.wp.com\/historiografija.hr\/wp-content\/uploads\/2026\/04\/Poljud-scaled.jpeg?fit=1200%2C800&ssl=1&resize=525%2C300 1.5x, https:\/\/i0.wp.com\/historiografija.hr\/wp-content\/uploads\/2026\/04\/Poljud-scaled.jpeg?fit=1200%2C800&ssl=1&resize=700%2C400 2x, https:\/\/i0.wp.com\/historiografija.hr\/wp-content\/uploads\/2026\/04\/Poljud-scaled.jpeg?fit=1200%2C800&ssl=1&resize=1050%2C600 3x"},"classes":[]},{"id":52646,"url":"https:\/\/historiografija.hr\/?p=52646","url_meta":{"origin":6298,"position":5},"title":"5. MALI FESTIVAL POVIJESTI U LASTOVU","author":"Branimir Jankovi\u0107","date":"24. travnja 2026.","format":false,"excerpt":"Peti Mali festival povijesti odr\u017eava se od 25. do 27. travnja 2026. na Lastovu, u suradnji Zavoda za povijesne znanosti HAZU u Dubrovniku, Op\u0107ine Lastovo i Turisti\u010dke zajednice te uz potporu Dubrova\u010dko-neretvanske \u017eupanije. Predavanja: Dr. sc. Jasna \u010capo \u201eKu\u0107a kao zalog budu\u0107nosti i most izme\u0111u iseljenika i domovine\u201c Dr. sc.\u2026","rel":"","context":"U &quot;Novosti&quot;","block_context":{"text":"Novosti","link":"https:\/\/historiografija.hr\/?cat=3"},"img":{"alt_text":"","src":"https:\/\/i0.wp.com\/historiografija.hr\/wp-content\/uploads\/2026\/04\/Lastovo.jpg?fit=1200%2C700&ssl=1&resize=350%2C200","width":350,"height":200,"srcset":"https:\/\/i0.wp.com\/historiografija.hr\/wp-content\/uploads\/2026\/04\/Lastovo.jpg?fit=1200%2C700&ssl=1&resize=350%2C200 1x, https:\/\/i0.wp.com\/historiografija.hr\/wp-content\/uploads\/2026\/04\/Lastovo.jpg?fit=1200%2C700&ssl=1&resize=525%2C300 1.5x, https:\/\/i0.wp.com\/historiografija.hr\/wp-content\/uploads\/2026\/04\/Lastovo.jpg?fit=1200%2C700&ssl=1&resize=700%2C400 2x, https:\/\/i0.wp.com\/historiografija.hr\/wp-content\/uploads\/2026\/04\/Lastovo.jpg?fit=1200%2C700&ssl=1&resize=1050%2C600 3x"},"classes":[]}],"_links":{"self":[{"href":"https:\/\/historiografija.hr\/index.php?rest_route=\/wp\/v2\/posts\/6298","targetHints":{"allow":["GET"]}}],"collection":[{"href":"https:\/\/historiografija.hr\/index.php?rest_route=\/wp\/v2\/posts"}],"about":[{"href":"https:\/\/historiografija.hr\/index.php?rest_route=\/wp\/v2\/types\/post"}],"author":[{"embeddable":true,"href":"https:\/\/historiografija.hr\/index.php?rest_route=\/wp\/v2\/users\/2"}],"replies":[{"embeddable":true,"href":"https:\/\/historiografija.hr\/index.php?rest_route=%2Fwp%2Fv2%2Fcomments&post=6298"}],"version-history":[{"count":5,"href":"https:\/\/historiografija.hr\/index.php?rest_route=\/wp\/v2\/posts\/6298\/revisions"}],"predecessor-version":[{"id":6462,"href":"https:\/\/historiografija.hr\/index.php?rest_route=\/wp\/v2\/posts\/6298\/revisions\/6462"}],"wp:featuredmedia":[{"embeddable":true,"href":"https:\/\/historiografija.hr\/index.php?rest_route=\/wp\/v2\/media\/6299"}],"wp:attachment":[{"href":"https:\/\/historiografija.hr\/index.php?rest_route=%2Fwp%2Fv2%2Fmedia&parent=6298"}],"wp:term":[{"taxonomy":"category","embeddable":true,"href":"https:\/\/historiografija.hr\/index.php?rest_route=%2Fwp%2Fv2%2Fcategories&post=6298"},{"taxonomy":"post_tag","embeddable":true,"href":"https:\/\/historiografija.hr\/index.php?rest_route=%2Fwp%2Fv2%2Ftags&post=6298"}],"curies":[{"name":"wp","href":"https:\/\/api.w.org\/{rel}","templated":true}]}}