{"id":6254,"date":"2017-10-10T10:14:35","date_gmt":"2017-10-10T10:14:35","guid":{"rendered":"http:\/\/historiografija.hr\/?p=6254"},"modified":"2017-10-10T15:33:01","modified_gmt":"2017-10-10T15:33:01","slug":"kultura-pamcenja-u-hrvatskoj-i-europi-kako-dalje-na-odabranim-lokacijama-na-golom-otoku-grguru-pagi-i-rabu","status":"publish","type":"post","link":"https:\/\/historiografija.hr\/?p=6254","title":{"rendered":"Kultura pam\u0107enja u Hrvatskoj i Europi (kako dalje na odabranim lokacijama na Golom otoku, Grguru, Pagu i Rabu)"},"content":{"rendered":"<p>Od 29. rujna do 1. listopada 2017. u Rijeci je odr\u017ean skup u organizaciji Zaklade Friedrich Ebert i Centra za suo\u010davanje s pro\u0161lo\u0161\u0107u &#8211; Documenta.<\/p>\n<p>&nbsp;<\/p>\n<p>&#8212;<\/p>\n<p>&nbsp;<\/p>\n<p><strong>Kultura pam\u0107enja u Hrvatskoj i Europi<\/strong> \/ Rijeka<\/p>\n<p>&nbsp;<\/p>\n<p>&nbsp;<\/p>\n<p>KULTURA PAM\u0106ENJA U HRVATSKOJ I SUVREMENOJ EUROPI (kako dalje na odabranim lokacijama na Golom otoku, Grguru, Pagi i Rabu)\u00a0 naziv je skupa kojeg njema\u010dka Zaklada Friedrich Ebert i Documenta \u2013 Centar za suo\u010davanje s pro\u0161lo\u0161\u0107u organiziraju u Rijeci, petak, 29. rujna 2017., Hotel Bonavia, Dolac 4, s po\u010detkom u 12.00 h.<\/p>\n<p>&nbsp;<\/p>\n<p>Kroz uvodna izlaganja na po\u010detku skupa govorit \u0107e Vesna Ter\u0161eli\u010d, voditeljica Documente, Max Brandle, Friedrich Ebert Stiftung, Valerij Jure\u0161i\u0107, Primorsko \u2013 goranska \u017eupanija, Nata\u0161a Matau\u0161i\u0107, Hrvatski povijesni muzej, Zagreb i Martin Previ\u0161i\u0107, Filozofski fakultet, Sveu\u010dili\u0161te u Zagrebu. Uz okrugli stol i radionice skup uklju\u010duje i studijski posjet odabranim lokalitetima, Golom otoku i Rabu.<\/p>\n<p>&nbsp;<\/p>\n<p>U prilogu se nalazi cjelokupni program i raspored svih doga\u0111anja.<\/p>\n<p>&nbsp;<\/p>\n<p>U nastavku vi\u0161e informacija o skupu:<\/p>\n<p>&nbsp;<\/p>\n<p>Okrugli stol i radionice odr\u017eavaju se od 29. rujna do 1. listopada u Rijeci uz podr\u0161ku regionalnog ureda Zaklade Friedrich Ebert, te sudjelovanje predstavnika grada Rijeke i Primorsko-goranske \u017eupanije, zainteresiranih muzeja i organizacija civilnog dru\u0161tva. Trodnevni doga\u0111aj posve\u0107en je osmi\u0161ljavanju plana memorijalizacije mjesta politi\u010dke represije i stradanja u prostoru ju\u017enog Kvarnera, na \u010detiri lokaliteta: usta\u0161ki logor u uvali Slana na Pagu, talijanski internacijski logor Kampor na Rabu, te Goli otok i obli\u017enji oto\u010di\u0107 Grgur na kojima su koncem \u010detrdesetih godina otvorene mu\u0161ka i \u017eenska kaznionica za politi\u010dke zatvorenike.<\/p>\n<p>&nbsp;<\/p>\n<p>Memorijalizacija mjesta politi\u010dke represije i stradanja je va\u017ena dru\u0161tvena zada\u0107a u kompleksnim okolnostima dugodi\u0161nje dru\u0161tvene polarizacije uzdu\u017e linija ideolo\u0161kih rascjepa u 20. stolje\u0107u. Na\u017ealost, posljednjih godina primjetna je upotreba povijesti u dnevno-politi\u010dke svrhe \u0161to pridonosti \u0161irokoprisutnoj relativizaciji ili \u010dak negiranju \u201ctu\u0111ih\u201d stradanja. Documenta zagovara primjereno obilje\u017eavanje mjesta politi\u010dkog progona i stradanja u razli\u010ditim re\u017eimima, uz znanstveno utemeljenu povijesnu kontekstualizaciju. Pam\u0107enje svih progona i stradanja razumijemo kao alternativu hijerarhizaciji izme\u0111u \u201cnjihovih\u201d i \u201cna\u0161ih\u201d \u017ertava, te va\u017ean aspekt pomirenja i su\u017eivota.<\/p>\n<p>&nbsp;<\/p>\n<p>Namjera okruglog stola i radionice nije uspore\u0111ivanje razli\u010dlitih politi\u010dkih sustava u kojima su ljudi zatvarani na navedenim lokalitetima i drugdje. \u017delimo u prvi plan istaknuti pam\u0107enje stradanja pojedinaca i grupa pod udarom ideolo\u0161ki motiviranog nasilja kao vrijednosnog konsenzusa oko kojeg treba razvijati kulturu pam\u0107enja u Hrvatskoj i svijetu.<\/p>\n<p>&nbsp;<\/p>\n<p>Documenta &#8211; Centar za suo\u010davanje s pro\u0161lo\u0161\u0107u<\/p>\n<p>&nbsp;<\/p>\n<p>Program:<\/p>\n<p>&nbsp;<\/p>\n<p><a href=\"https:\/\/www.documenta.hr\/assets\/files\/kultura%20sjecanja\/Okrugli-stol---Radionica---Nacrt-programa---29-09-2017-1.pdf\">https:\/\/www.documenta.hr\/assets\/files\/kultura%20sjecanja\/Okrugli-stol&#8212;Radionica&#8212;Nacrt-programa&#8212;29-09-2017-1.pdf<\/a><\/p>\n<p>&nbsp;<\/p>\n<p>Izvor i dodatne informacije:<\/p>\n<p>&nbsp;<\/p>\n<p><a href=\"https:\/\/www.documenta.hr\/hr\/kultura-pam%C4%87enja-u-hrvatskoj-i-europi-rijeka.html\">https:\/\/www.documenta.hr\/hr\/kultura-pam%C4%87enja-u-hrvatskoj-i-europi-rijeka.html<\/a><\/p>\n<p>&nbsp;<\/p>\n<p><a href=\"https:\/\/www.documenta.hr\/hr\/kako-dalje-na-odabranim-lokacijama-na-golom-otoku-grguru-pagu-i-rabu.html\">https:\/\/www.documenta.hr\/hr\/kako-dalje-na-odabranim-lokacijama-na-golom-otoku-grguru-pagu-i-rabu.html<\/a><\/p>\n<p>&nbsp;<\/p>\n<p>&nbsp;<\/p>\n<p>&nbsp;<\/p>\n","protected":false},"excerpt":{"rendered":"","protected":false},"author":2,"featured_media":6255,"comment_status":"open","ping_status":"open","sticky":false,"template":"","format":"standard","meta":{"_acf_changed":false,"jetpack_post_was_ever_published":false,"_jetpack_newsletter_access":"","_jetpack_dont_email_post_to_subs":false,"_jetpack_newsletter_tier_id":0,"_jetpack_memberships_contains_paywalled_content":false,"_jetpack_memberships_contains_paid_content":false,"footnotes":"","jetpack_publicize_message":"","jetpack_publicize_feature_enabled":true,"jetpack_social_post_already_shared":true,"jetpack_social_options":{"image_generator_settings":{"template":"highway","default_image_id":0,"font":"","enabled":false},"version":2}},"categories":[3,9],"tags":[],"class_list":["post-6254","post","type-post","status-publish","format-standard","has-post-thumbnail","hentry","category-novosti","category-skupovi"],"acf":{"facebook_opis":""},"jetpack_publicize_connections":[],"jetpack_featured_media_url":"https:\/\/i0.wp.com\/historiografija.hr\/wp-content\/uploads\/2017\/10\/Skup-RI.jpeg?fit=200%2C150&ssl=1","jetpack_sharing_enabled":true,"jetpack-related-posts":[{"id":52660,"url":"https:\/\/historiografija.hr\/?p=52660","url_meta":{"origin":6254,"position":0},"title":"Medijski odjeci \u010dlanka Steve \u0110ura\u0161kovi\u0107a \u201e\u017dupanovljeva ne\u017eeljena djeca: ideolo\u0161ko pribli\u017eavanje neoliberala i kr\u0161\u0107anske radikalne desnice u Hrvatskoj\u201c","author":"Branimir Jankovi\u0107","date":"24. travnja 2026.","format":false,"excerpt":"U sklopu projekta \u201eIzazovi intelektualne povijesti: recepcije, preobrazbe i upotrebe politi\u010dkih ideja\u201c objavljen je polemi\u010dki \u010dlanak Steve \u0110ura\u0161kovi\u0107a \u201e\u017dupanovljeva ne\u017eeljena djeca: ideolo\u0161ko pribli\u017eavanje neoliberala i kr\u0161\u0107anske radikalne desnice u Hrvatskoj\u201c, koji je izazvao odre\u0111ene medijske reakcije. Stevo \u0110ura\u0161kovi\u0107 \u017dupanovljeva ne\u017eeljena djeca: ideolo\u0161ko pribli\u017eavanje neoliberala i kr\u0161\u0107anske radikalne desnice u Hrvatskoj\u2026","rel":"","context":"U &quot;Novosti&quot;","block_context":{"text":"Novosti","link":"https:\/\/historiografija.hr\/?cat=3"},"img":{"alt_text":"","src":"https:\/\/i0.wp.com\/historiografija.hr\/wp-content\/uploads\/2026\/04\/SD.png?fit=809%2C821&ssl=1&resize=350%2C200","width":350,"height":200,"srcset":"https:\/\/i0.wp.com\/historiografija.hr\/wp-content\/uploads\/2026\/04\/SD.png?fit=809%2C821&ssl=1&resize=350%2C200 1x, https:\/\/i0.wp.com\/historiografija.hr\/wp-content\/uploads\/2026\/04\/SD.png?fit=809%2C821&ssl=1&resize=525%2C300 1.5x, https:\/\/i0.wp.com\/historiografija.hr\/wp-content\/uploads\/2026\/04\/SD.png?fit=809%2C821&ssl=1&resize=700%2C400 2x"},"classes":[]},{"id":52592,"url":"https:\/\/historiografija.hr\/?p=52592","url_meta":{"origin":6254,"position":1},"title":"Predstavljanje knjige &#8220;Turska ku\u0107a u Rijeci&#8221; u Zagrebu","author":"Branimir Jankovi\u0107","date":"22. travnja 2026.","format":false,"excerpt":"U prostorijama Turskog kulturnog centra Yunus Emre u Zagrebu, u utorak 21. travnja 2026. godine, odr\u017eano je sve\u010dano predstavljanje dopunjenog izdanja knjige Turska ku\u0107a u Rijeci, u organizaciji Hrvatsko-turskog dru\u0161tva Rijeka i partnerstvu sa Skupinom prijateljstva Hrvatska-Turska Hrvatskog sabora, Veleposlanstvom Republike Turske u Republici Hrvatskoj te Turskim kulturnim centrom Yunus\u2026","rel":"","context":"U &quot;Novosti&quot;","block_context":{"text":"Novosti","link":"https:\/\/historiografija.hr\/?cat=3"},"img":{"alt_text":"","src":"https:\/\/i0.wp.com\/historiografija.hr\/wp-content\/uploads\/2026\/04\/Turska-kuca-ZG.jpg?fit=1200%2C800&ssl=1&resize=350%2C200","width":350,"height":200,"srcset":"https:\/\/i0.wp.com\/historiografija.hr\/wp-content\/uploads\/2026\/04\/Turska-kuca-ZG.jpg?fit=1200%2C800&ssl=1&resize=350%2C200 1x, https:\/\/i0.wp.com\/historiografija.hr\/wp-content\/uploads\/2026\/04\/Turska-kuca-ZG.jpg?fit=1200%2C800&ssl=1&resize=525%2C300 1.5x, https:\/\/i0.wp.com\/historiografija.hr\/wp-content\/uploads\/2026\/04\/Turska-kuca-ZG.jpg?fit=1200%2C800&ssl=1&resize=700%2C400 2x, https:\/\/i0.wp.com\/historiografija.hr\/wp-content\/uploads\/2026\/04\/Turska-kuca-ZG.jpg?fit=1200%2C800&ssl=1&resize=1050%2C600 3x"},"classes":[]},{"id":52148,"url":"https:\/\/historiografija.hr\/?p=52148","url_meta":{"origin":6254,"position":2},"title":"Poziv za prijavu na me\u0111unarodnu znanstvenu konferenciju \u201eGranice (ne)slobode: Zadarski krug 1966. Intelektualna opozicija u totalitarnom dru\u0161tvu\u201c","author":"Branimir Jankovi\u0107","date":"27. o\u017eujka 2026.","format":false,"excerpt":"\u00a0\u00a0\u00a0\u00a0 Povodom \u0161ezdesete obljetnice poku\u0161aja osnivanja \u010dasopisa Slobodan glas u Zadru 1966. godine, pozivamo vas na znanstvenu konferenciju posve\u0107enu istra\u017eivanju disidentstva, intelektualne opozicije i granica divergentnog mi\u0161ljenja nasuprot slu\u017ebenoj ideologiji u komunisti\u010dkoj Jugoslaviji. Ideja konferencije je analizirati konkretan fenomen zadarskog slu\u010daja razloge i okolnosti njegove pojave, ali uz otvaranje komparativnih\u2026","rel":"","context":"U &quot;Novosti&quot;","block_context":{"text":"Novosti","link":"https:\/\/historiografija.hr\/?cat=3"},"img":{"alt_text":"","src":"https:\/\/i0.wp.com\/historiografija.hr\/wp-content\/uploads\/2026\/03\/Poziv-konferencija-Zadar.jpg?fit=1200%2C509&ssl=1&resize=350%2C200","width":350,"height":200,"srcset":"https:\/\/i0.wp.com\/historiografija.hr\/wp-content\/uploads\/2026\/03\/Poziv-konferencija-Zadar.jpg?fit=1200%2C509&ssl=1&resize=350%2C200 1x, https:\/\/i0.wp.com\/historiografija.hr\/wp-content\/uploads\/2026\/03\/Poziv-konferencija-Zadar.jpg?fit=1200%2C509&ssl=1&resize=525%2C300 1.5x, https:\/\/i0.wp.com\/historiografija.hr\/wp-content\/uploads\/2026\/03\/Poziv-konferencija-Zadar.jpg?fit=1200%2C509&ssl=1&resize=700%2C400 2x, https:\/\/i0.wp.com\/historiografija.hr\/wp-content\/uploads\/2026\/03\/Poziv-konferencija-Zadar.jpg?fit=1200%2C509&ssl=1&resize=1050%2C600 3x"},"classes":[]},{"id":52628,"url":"https:\/\/historiografija.hr\/?p=52628","url_meta":{"origin":6254,"position":3},"title":"Predavanje dopisnog \u010dlana HAZU Alaina Finkielkrauta Izrael, Europa, antisemitizam","author":"Branimir Jankovi\u0107","date":"23. travnja 2026.","format":false,"excerpt":"Francuski filozof Alain Finkielkraut, redoviti \u010dlan Francuske akademije i dopisni \u010dlan HAZU, odr\u017eat \u0107e predavanje\u00a0Izrael, Europa, antisemitizam u utorak 28. travnja 2026. u 13 sati u Knji\u017enici HAZU,\u00a0Strossmayerov trg 14 u Zagrebu. Uvodne rije\u010di odr\u017eat \u0107e\u00a0akademkinja \u017deljka \u010corak i\u00a0akademik Dra\u017een Katunari\u0107. Predavanje \u0107e se odr\u017eati na francuskom jeziku uz konsekutivno\u2026","rel":"","context":"U &quot;Novosti&quot;","block_context":{"text":"Novosti","link":"https:\/\/historiografija.hr\/?cat=3"},"img":{"alt_text":"","src":"https:\/\/i0.wp.com\/historiografija.hr\/wp-content\/uploads\/2026\/04\/Alain_Finkielkraut.jpg?fit=350%2C407&ssl=1&resize=350%2C200","width":350,"height":200},"classes":[]},{"id":52502,"url":"https:\/\/historiografija.hr\/?p=52502","url_meta":{"origin":6254,"position":4},"title":"Novi znanstveni projekt Hrvatskog instituta za povijest: \u201c\u017drtve ratova i dr\u017eavnog\/politi\u010dkog nasilja u hrvatskoj povijesti 20. stolje\u0107a\u201d","author":"Branimir Jankovi\u0107","date":"17. travnja 2026.","format":false,"excerpt":"Na redovitoj sjednici Vlade RH, 16. travnja 2026., donijet je Zaklju\u010dak kojim se pokre\u0107e znanstveni projekt \u201c\u017drtve ratova i dr\u017eavnog\/politi\u010dkog nasilja u hrvatskoj povijesti 20. stolje\u0107a\u201d. Projekt \u0107e provoditi i koordinirati Hrvatski institut za povijest u razdoblju trajanja projekta od pet godina. Zakljucak Vlade RH Iz teksta projektnog prijedloga: Problematika\u2026","rel":"","context":"U &quot;Novosti&quot;","block_context":{"text":"Novosti","link":"https:\/\/historiografija.hr\/?cat=3"},"img":{"alt_text":"","src":"https:\/\/i0.wp.com\/historiografija.hr\/wp-content\/uploads\/2026\/04\/Vlada-RH.jpg?fit=1200%2C557&ssl=1&resize=350%2C200","width":350,"height":200,"srcset":"https:\/\/i0.wp.com\/historiografija.hr\/wp-content\/uploads\/2026\/04\/Vlada-RH.jpg?fit=1200%2C557&ssl=1&resize=350%2C200 1x, https:\/\/i0.wp.com\/historiografija.hr\/wp-content\/uploads\/2026\/04\/Vlada-RH.jpg?fit=1200%2C557&ssl=1&resize=525%2C300 1.5x, https:\/\/i0.wp.com\/historiografija.hr\/wp-content\/uploads\/2026\/04\/Vlada-RH.jpg?fit=1200%2C557&ssl=1&resize=700%2C400 2x, https:\/\/i0.wp.com\/historiografija.hr\/wp-content\/uploads\/2026\/04\/Vlada-RH.jpg?fit=1200%2C557&ssl=1&resize=1050%2C600 3x"},"classes":[]},{"id":52578,"url":"https:\/\/historiografija.hr\/?p=52578","url_meta":{"origin":6254,"position":5},"title":"Poziv za sudjelovanje: XXII. Dani Julija Bene\u0161i\u0107a u Iloku","author":"Branimir Jankovi\u0107","date":"21. travnja 2026.","format":false,"excerpt":"Zavod za lingvisti\u010dka istra\u017eivanja Hrvatske akademije znanosti i umjetnosti, zajedno s Muzejom grada Iloka, organizira XXII. Dane Julija Bene\u0161i\u0107a, koji \u0107e se odr\u017eati od 28. do 30. listopada 2026. u Iloku.\u00a0Teme ovogodi\u0161njih Dana podijeljene su u dvije cjeline: Knji\u017eevno-jezikoslovni d\u00ecv\u0101n s Bene\u0161i\u0107em te Ilok i Srijem u povijesnim stalnicama i\u2026","rel":"","context":"U &quot;Novosti&quot;","block_context":{"text":"Novosti","link":"https:\/\/historiografija.hr\/?cat=3"},"img":{"alt_text":"","src":"https:\/\/i0.wp.com\/historiografija.hr\/wp-content\/uploads\/2019\/10\/HE2_Benesic.jpg?fit=413%2C591&ssl=1&resize=350%2C200","width":350,"height":200},"classes":[]}],"_links":{"self":[{"href":"https:\/\/historiografija.hr\/index.php?rest_route=\/wp\/v2\/posts\/6254","targetHints":{"allow":["GET"]}}],"collection":[{"href":"https:\/\/historiografija.hr\/index.php?rest_route=\/wp\/v2\/posts"}],"about":[{"href":"https:\/\/historiografija.hr\/index.php?rest_route=\/wp\/v2\/types\/post"}],"author":[{"embeddable":true,"href":"https:\/\/historiografija.hr\/index.php?rest_route=\/wp\/v2\/users\/2"}],"replies":[{"embeddable":true,"href":"https:\/\/historiografija.hr\/index.php?rest_route=%2Fwp%2Fv2%2Fcomments&post=6254"}],"version-history":[{"count":4,"href":"https:\/\/historiografija.hr\/index.php?rest_route=\/wp\/v2\/posts\/6254\/revisions"}],"predecessor-version":[{"id":6281,"href":"https:\/\/historiografija.hr\/index.php?rest_route=\/wp\/v2\/posts\/6254\/revisions\/6281"}],"wp:featuredmedia":[{"embeddable":true,"href":"https:\/\/historiografija.hr\/index.php?rest_route=\/wp\/v2\/media\/6255"}],"wp:attachment":[{"href":"https:\/\/historiografija.hr\/index.php?rest_route=%2Fwp%2Fv2%2Fmedia&parent=6254"}],"wp:term":[{"taxonomy":"category","embeddable":true,"href":"https:\/\/historiografija.hr\/index.php?rest_route=%2Fwp%2Fv2%2Fcategories&post=6254"},{"taxonomy":"post_tag","embeddable":true,"href":"https:\/\/historiografija.hr\/index.php?rest_route=%2Fwp%2Fv2%2Ftags&post=6254"}],"curies":[{"name":"wp","href":"https:\/\/api.w.org\/{rel}","templated":true}]}}