{"id":6237,"date":"2017-10-09T09:15:33","date_gmt":"2017-10-09T09:15:33","guid":{"rendered":"http:\/\/historiografija.hr\/?p=6237"},"modified":"2017-10-09T09:16:21","modified_gmt":"2017-10-09T09:16:21","slug":"u-pragu-obiljezavanje-400-godisnjice-smrti-fausta-vrancica","status":"publish","type":"post","link":"https:\/\/historiografija.hr\/?p=6237","title":{"rendered":"U Pragu obilje\u017eavanje 400. godi\u0161njice smrti Fausta Vran\u010di\u0107a"},"content":{"rendered":"<p>U ponedjeljak, 9. listopada 2017. u Pragu se odr\u017eava znanstveni kolokvij o Faustu Vran\u010di\u0107u na kojem govore Marijana Bori\u0107, Sanja Vuli\u0107, Zrinka Bla\u017eevi\u0107.<\/p>\n<p>&nbsp;<\/p>\n<p>&nbsp;<\/p>\n<p>&#8212;<\/p>\n<p>&nbsp;<\/p>\n<p>&nbsp;<\/p>\n<p>Znanstvenim kolokvijem posve\u0107enim Faustu Vran\u010di\u0107u i snimanjem milenijskih fotografija fotografa \u0160ime Strikomana u Pragu \u0107e se po\u010detkom idu\u0107eg tjedna obilje\u017eiti 400. godi\u0161njica smrti velikog hrvatskog polihistora, izumitelja i leksikografa koji je dio svojeg \u017eivota proveo u tome gradu.<\/p>\n<p>&nbsp;<\/p>\n<p>&nbsp;<\/p>\n<p>Vran\u010di\u0107 je od 1581. do 1594. \u017eivio u Pragu kao savjetnik rimsko-njema\u010dkog cara te \u010de\u0161kog i hrvatskog kralja Rudolfa II., \u0161to je uvelike odredilo njegovo djelovanje na vi\u0161e podru\u010dja.<\/p>\n<p>&nbsp;<\/p>\n<p>U sklopu projekta Hrvatske akademije znanosti i umjetnosti &#8220;Upoznajmo hrvatsku znanstvenu ba\u0161tinu&#8221;, Veleposlanstvo Hrvatske u \u010ce\u0161koj, \u010ce\u0161ko-hrvatsko dru\u0161tvo iz Praga i Hrvatsko-\u010de\u0161ko dru\u0161tvo iz Zagreba obilje\u017eit \u0107e 400. godi\u0161njicu njegove smrti znanstvenim kolokvijem te snimanjem triju milenijskih fotografija fotografa \u0160ime Strikomana.<\/p>\n<p>&nbsp;<\/p>\n<p>U ponedjeljak, 9. listopada, u Domu nacionalnih manjina u Pragu odr\u017eat \u0107e se znanstveni kolokvij o Vran\u010di\u0107u na kojem \u0107e o Vran\u010di\u0107u, kao izumitelju svjetskog glasa, predavanje odr\u017eati Marijana Bori\u0107 s Odsjeka za povijest prirodnih i matemati\u010dkih znanosti HAZU, voditeljica projekta &#8220;Upoznajmo hrvatsku znanstvenu ba\u0161tinu&#8221;.<\/p>\n<p>&nbsp;<\/p>\n<p>Faust Vran\u010di\u0107 dugi je niz godina boravio u Pragu \u010dija mu je razvijena sredina bila poticaj da zapo\u010dne rad na djelima iz podru\u010dja leksikografije, tehnike, filozofije, historiografije i knji\u017eevnosti.<\/p>\n<p>&nbsp;<\/p>\n<p>&#8220;Svojim je profesionalnim, intelektualnim i duhovnim djelovanjem povezivao razli\u010dite politi\u010dke prostore Europe svoga doba. Djelima i zna\u010dajem Vran\u010di\u0107 nadilazi okvire nacionalne ba\u0161tine, a vizionarskim projektima prerasta granice epoha&#8221;, isti\u010de Bori\u0107 u najavi doga\u0111anja.<\/p>\n<p>&nbsp;<\/p>\n<p>Sanja Vuli\u0107 s Hrvatskih studija govorit \u0107e o hrvatskom jeziku u Vran\u010di\u0107evo doba, a Zrinka Bla\u017eevi\u0107 s Filozofskog fakulteta Sveu\u010dili\u0161ta u Zagrebu o Misaonim horizontima i politi\u010dkoj koncepciji Fausta Vran\u010di\u0107a.<\/p>\n<p>&nbsp;<\/p>\n<p>Vran\u010di\u0107 se u Pragu, uz slu\u017ebu na dvoru, zanimao i za tehni\u010dke projekte te dovr\u0161io u rukopisu hagiografsko djelo &#8220;\u017divot nikoliko izabranih divic&#8221;, objavljeno 1606. Tako\u0111er je u Pragu prikupljao i jezi\u010dnu gra\u0111u za svoj &#8220;Rje\u010dnik pet najuglednijih europskih jezika&#8221; (latinskog, talijanskog, njema\u010dkog, hrvatskog i ma\u0111arskog), prvi rje\u010dnik hrvatskog jezika, koji je dovr\u0161io i objavio u Veneciji 1595.<\/p>\n<p>&nbsp;<\/p>\n<p>U utorak, 10. listopada, fotograf \u0160ime Strikoman na Strossmayerovom trgu u Pragu snimit \u0107e tri milenijske fotografije posve\u0107ene trojici hrvatskih velikana povezanih s glavnim gradom \u010ce\u0161ke: uz Fausta Vran\u010di\u0107a, to su Josip Juraj Strossmayer i Nikola Tesla.<\/p>\n<p>&nbsp;<\/p>\n<p>Bit \u0107e to 591., 592. i 593. Strikomanova fotografija u sklopu projekta &#8220;Milenijska fotografija&#8221; koji realizira od 2000., te prvi puta da proslavljeni fotograf iz Vodica istom prigodom na jednoj lokaciji snima \u010dak tri milenijske fotografije, i to uz pomo\u0107 pra\u0161kih vatrogasaca.<\/p>\n<p>&nbsp;<\/p>\n<p>U snimanju \u0107e sudjelovati nekoliko stotina u\u010denika osnovne \u0161kole Strossmayerovo n\u00e1m\u011bst\u00ed koja se nalazi na Strossmayerovom trgu, a koja ove godine slavi svoju 110. godi\u0161njicu. U \u010dast tog jubileja u\u010denici \u0107e formirati logo svoje \u0161kole koji se sastoji od natpisa &#8220;Stross&#8221; i \u010detiri olovke.<\/p>\n<p>&nbsp;<\/p>\n<p>\u0110akova\u010dki i srijemski biskup, politi\u010dar i mecena Josip Juraj Strossmayer, osniva\u010d HAZU-a, bio je od 1888. po\u010dasni gra\u0111anin Praga gdje je nakon smrti 1905. dobio \u010dak sedam ulica koje danas nove druga imena, a od 1925. ima i svoj trg koji Pra\u017eani zovu \u0160trosmajr\u00e1k ili \u0160tros, kao i Zagrep\u010dani Strossmayerovo \u0161etali\u0161te.<\/p>\n<p>&nbsp;<\/p>\n<p>Na Strossmayerovom trgu je u velja\u010di 2017., na inicijativu Hrvatsko-\u010de\u0161kog dru\u0161tva i hrvatskog Veleposlanstva u Pragu, postavljena spomen-plo\u010da u Strossmayerovu \u010dast.<\/p>\n<p>&nbsp;<\/p>\n<p>Svjetski poznati hrvatski izumitelj Nikola Tesla je 1880. jedan semestar studirao filozofiju na Karlovu sveu\u010dili\u0161tu u Pragu, a 1936. postao po\u010dasni doktor \u010ce\u0161kog visokog tehni\u010dkog u\u010dili\u0161ta. U Pragu ima i svoju ulicu u kojoj mu je 2014., temeljem inicijative Hrvatsko-\u010de\u0161kog dru\u0161tva i uz financijsku potporu Grada Zagreba postavljen spomenik.<\/p>\n<p>&nbsp;<\/p>\n<p>Strossmayerov trg i Ulica Nikole Tesle dvije su najpoznatije &#8220;hrvatske&#8221; javne povr\u0161ine u Pragu, kao \u0161to su u Zagrebu najpoznatije &#8220;\u010de\u0161ke&#8221; ulice Masarykova i Pra\u0161ka.<\/p>\n<p>&nbsp;<\/p>\n<p>U spomen Nikoli Tesli u\u010denici \u0161kole Strossmayerovo n\u00e1m\u011bst\u00ed svojim \u0107e tijelima formirati natpis Tesla i znak munje, dok \u0107e milenijska fotografija posve\u0107ena Vran\u010di\u0107u imati motiv njegovog najpoznatijeg izuma \u2013 padobrana.<\/p>\n<p>&nbsp;<\/p>\n<p>&nbsp;<\/p>\n<p>(Hina)<\/p>\n<p>&nbsp;<\/p>\n<p>&nbsp;<\/p>\n<p>Izvor: <a href=\"http:\/\/www.culturenet.hr\/\">http:\/\/www.culturenet.hr\/<\/a><\/p>\n<p>&nbsp;<\/p>\n<p>&nbsp;<\/p>\n<p>&nbsp;<\/p>\n","protected":false},"excerpt":{"rendered":"","protected":false},"author":2,"featured_media":6238,"comment_status":"open","ping_status":"open","sticky":false,"template":"","format":"standard","meta":{"_acf_changed":false,"jetpack_post_was_ever_published":false,"_jetpack_newsletter_access":"","_jetpack_dont_email_post_to_subs":false,"_jetpack_newsletter_tier_id":0,"_jetpack_memberships_contains_paywalled_content":false,"_jetpack_memberships_contains_paid_content":false,"footnotes":"","jetpack_publicize_message":"","jetpack_publicize_feature_enabled":true,"jetpack_social_post_already_shared":true,"jetpack_social_options":{"image_generator_settings":{"template":"highway","default_image_id":0,"font":"","enabled":false},"version":2}},"categories":[3],"tags":[],"class_list":["post-6237","post","type-post","status-publish","format-standard","has-post-thumbnail","hentry","category-novosti"],"acf":{"facebook_opis":""},"jetpack_publicize_connections":[],"jetpack_featured_media_url":"https:\/\/i0.wp.com\/historiografija.hr\/wp-content\/uploads\/2017\/10\/Vrancic.jpg?fit=800%2C533&ssl=1","jetpack_sharing_enabled":true,"jetpack-related-posts":[{"id":52592,"url":"https:\/\/historiografija.hr\/?p=52592","url_meta":{"origin":6237,"position":0},"title":"Predstavljanje knjige &#8220;Turska ku\u0107a u Rijeci&#8221; u Zagrebu","author":"Branimir Jankovi\u0107","date":"22. travnja 2026.","format":false,"excerpt":"U prostorijama Turskog kulturnog centra Yunus Emre u Zagrebu, u utorak 21. travnja 2026. godine, odr\u017eano je sve\u010dano predstavljanje dopunjenog izdanja knjige Turska ku\u0107a u Rijeci, u organizaciji Hrvatsko-turskog dru\u0161tva Rijeka i partnerstvu sa Skupinom prijateljstva Hrvatska-Turska Hrvatskog sabora, Veleposlanstvom Republike Turske u Republici Hrvatskoj te Turskim kulturnim centrom Yunus\u2026","rel":"","context":"U &quot;Novosti&quot;","block_context":{"text":"Novosti","link":"https:\/\/historiografija.hr\/?cat=3"},"img":{"alt_text":"","src":"https:\/\/i0.wp.com\/historiografija.hr\/wp-content\/uploads\/2026\/04\/Turska-kuca-ZG.jpg?fit=1200%2C800&ssl=1&resize=350%2C200","width":350,"height":200,"srcset":"https:\/\/i0.wp.com\/historiografija.hr\/wp-content\/uploads\/2026\/04\/Turska-kuca-ZG.jpg?fit=1200%2C800&ssl=1&resize=350%2C200 1x, https:\/\/i0.wp.com\/historiografija.hr\/wp-content\/uploads\/2026\/04\/Turska-kuca-ZG.jpg?fit=1200%2C800&ssl=1&resize=525%2C300 1.5x, https:\/\/i0.wp.com\/historiografija.hr\/wp-content\/uploads\/2026\/04\/Turska-kuca-ZG.jpg?fit=1200%2C800&ssl=1&resize=700%2C400 2x, https:\/\/i0.wp.com\/historiografija.hr\/wp-content\/uploads\/2026\/04\/Turska-kuca-ZG.jpg?fit=1200%2C800&ssl=1&resize=1050%2C600 3x"},"classes":[]},{"id":52631,"url":"https:\/\/historiografija.hr\/?p=52631","url_meta":{"origin":6237,"position":1},"title":"Predavanje Ivana Tepe\u0161a: Djelovanje hrvatske politi\u010dke emigracije","author":"Branimir Jankovi\u0107","date":"23. travnja 2026.","format":false,"excerpt":"Odjel za me\u0111unarodnu suradnju i iseljeni\u0161tvo Matice hrvatske Predavanje Ivana Tepe\u0161a: Djelovanje hrvatske politi\u010dke emigracije Utorak, 28. travnja 2026. u 18:00 sati, Dvorana Ljudevita Jonkea (Mala dvorana MH), Strossmayerov trg 4, Zagreb dr. sc. Ivan Tepe\u0161, Institut za istra\u017eivanje migracija Hrvatska politi\u010dka emigracija obilje\u017eila je polustoljetnu hrvatsku povijest u drugoj\u2026","rel":"","context":"U &quot;Novosti&quot;","block_context":{"text":"Novosti","link":"https:\/\/historiografija.hr\/?cat=3"},"img":{"alt_text":"","src":"","width":0,"height":0},"classes":[]},{"id":52666,"url":"https:\/\/historiografija.hr\/?p=52666","url_meta":{"origin":6237,"position":2},"title":"Najava programa Festivala povijesti Kliofest (5-8. V. 2026)","author":"Branimir Jankovi\u0107","date":"24. travnja 2026.","format":false,"excerpt":"Po trinaesti put odr\u017eava se Festival povijesti Kliofest! Do petka \u0107emo odr\u017eati osam okruglih stolova i dva kolokvija te niz predstavljanja knjiga i projekata razli\u010dite tematike, od antike do suvremenosti. Bit \u0107e predstavljeno i nekoliko izlo\u017ebi te odr\u017ean jedan povijesni kviz. Prikazat \u0107emo i jedan film \u2013 o generalu Boroevi\u0107u.\u2026","rel":"","context":"U &quot;Novosti&quot;","block_context":{"text":"Novosti","link":"https:\/\/historiografija.hr\/?cat=3"},"img":{"alt_text":"","src":"https:\/\/i0.wp.com\/historiografija.hr\/wp-content\/uploads\/2026\/04\/Kliofest-2026.jpg?fit=526%2C526&ssl=1&resize=350%2C200","width":350,"height":200,"srcset":"https:\/\/i0.wp.com\/historiografija.hr\/wp-content\/uploads\/2026\/04\/Kliofest-2026.jpg?fit=526%2C526&ssl=1&resize=350%2C200 1x, https:\/\/i0.wp.com\/historiografija.hr\/wp-content\/uploads\/2026\/04\/Kliofest-2026.jpg?fit=526%2C526&ssl=1&resize=525%2C300 1.5x"},"classes":[]},{"id":52502,"url":"https:\/\/historiografija.hr\/?p=52502","url_meta":{"origin":6237,"position":3},"title":"Novi znanstveni projekt Hrvatskog instituta za povijest: \u201c\u017drtve ratova i dr\u017eavnog\/politi\u010dkog nasilja u hrvatskoj povijesti 20. stolje\u0107a\u201d","author":"Branimir Jankovi\u0107","date":"17. travnja 2026.","format":false,"excerpt":"Na redovitoj sjednici Vlade RH, 16. travnja 2026., donijet je Zaklju\u010dak kojim se pokre\u0107e znanstveni projekt \u201c\u017drtve ratova i dr\u017eavnog\/politi\u010dkog nasilja u hrvatskoj povijesti 20. stolje\u0107a\u201d. Projekt \u0107e provoditi i koordinirati Hrvatski institut za povijest u razdoblju trajanja projekta od pet godina. Zakljucak Vlade RH Iz teksta projektnog prijedloga: Problematika\u2026","rel":"","context":"U &quot;Novosti&quot;","block_context":{"text":"Novosti","link":"https:\/\/historiografija.hr\/?cat=3"},"img":{"alt_text":"","src":"https:\/\/i0.wp.com\/historiografija.hr\/wp-content\/uploads\/2026\/04\/Vlada-RH.jpg?fit=1200%2C557&ssl=1&resize=350%2C200","width":350,"height":200,"srcset":"https:\/\/i0.wp.com\/historiografija.hr\/wp-content\/uploads\/2026\/04\/Vlada-RH.jpg?fit=1200%2C557&ssl=1&resize=350%2C200 1x, https:\/\/i0.wp.com\/historiografija.hr\/wp-content\/uploads\/2026\/04\/Vlada-RH.jpg?fit=1200%2C557&ssl=1&resize=525%2C300 1.5x, https:\/\/i0.wp.com\/historiografija.hr\/wp-content\/uploads\/2026\/04\/Vlada-RH.jpg?fit=1200%2C557&ssl=1&resize=700%2C400 2x, https:\/\/i0.wp.com\/historiografija.hr\/wp-content\/uploads\/2026\/04\/Vlada-RH.jpg?fit=1200%2C557&ssl=1&resize=1050%2C600 3x"},"classes":[]},{"id":52578,"url":"https:\/\/historiografija.hr\/?p=52578","url_meta":{"origin":6237,"position":4},"title":"Poziv za sudjelovanje: XXII. Dani Julija Bene\u0161i\u0107a u Iloku","author":"Branimir Jankovi\u0107","date":"21. travnja 2026.","format":false,"excerpt":"Zavod za lingvisti\u010dka istra\u017eivanja Hrvatske akademije znanosti i umjetnosti, zajedno s Muzejom grada Iloka, organizira XXII. Dane Julija Bene\u0161i\u0107a, koji \u0107e se odr\u017eati od 28. do 30. listopada 2026. u Iloku.\u00a0Teme ovogodi\u0161njih Dana podijeljene su u dvije cjeline: Knji\u017eevno-jezikoslovni d\u00ecv\u0101n s Bene\u0161i\u0107em te Ilok i Srijem u povijesnim stalnicama i\u2026","rel":"","context":"U &quot;Novosti&quot;","block_context":{"text":"Novosti","link":"https:\/\/historiografija.hr\/?cat=3"},"img":{"alt_text":"","src":"https:\/\/i0.wp.com\/historiografija.hr\/wp-content\/uploads\/2019\/10\/HE2_Benesic.jpg?fit=413%2C591&ssl=1&resize=350%2C200","width":350,"height":200},"classes":[]},{"id":52505,"url":"https:\/\/historiografija.hr\/?p=52505","url_meta":{"origin":6237,"position":5},"title":"Izlo\u017eba &#8220;Eschenstock \/ Jasenov prut&#8221;","author":"Branimir Jankovi\u0107","date":"17. travnja 2026.","format":false,"excerpt":"Srpsko narodno vije\u0107e (SNV) i Vizura aperta postavljaju izlo\u017ebu \u0161vicarskog slikara Velimira Ili\u0161evi\u0107a: Eschenstock \/ Jasenov prut. Izlo\u017eba se uz prisustvo autora otvara povodom 81. godi\u0161njice proboja logora\u0161a iz usta\u0161kog logora smrti Jasenovac 22. aprila 2026. u 19 sati u Srpskom kulturnom centru (SKC) u Preradovi\u0107evoj ulici 21 u Zagrebu.\u2026","rel":"","context":"U &quot;Izlo\u017ebe&quot;","block_context":{"text":"Izlo\u017ebe","link":"https:\/\/historiografija.hr\/?cat=10"},"img":{"alt_text":"","src":"https:\/\/i0.wp.com\/historiografija.hr\/wp-content\/uploads\/2026\/04\/Jasenov_prut.jpg?fit=1024%2C640&ssl=1&resize=350%2C200","width":350,"height":200,"srcset":"https:\/\/i0.wp.com\/historiografija.hr\/wp-content\/uploads\/2026\/04\/Jasenov_prut.jpg?fit=1024%2C640&ssl=1&resize=350%2C200 1x, https:\/\/i0.wp.com\/historiografija.hr\/wp-content\/uploads\/2026\/04\/Jasenov_prut.jpg?fit=1024%2C640&ssl=1&resize=525%2C300 1.5x, https:\/\/i0.wp.com\/historiografija.hr\/wp-content\/uploads\/2026\/04\/Jasenov_prut.jpg?fit=1024%2C640&ssl=1&resize=700%2C400 2x"},"classes":[]}],"_links":{"self":[{"href":"https:\/\/historiografija.hr\/index.php?rest_route=\/wp\/v2\/posts\/6237","targetHints":{"allow":["GET"]}}],"collection":[{"href":"https:\/\/historiografija.hr\/index.php?rest_route=\/wp\/v2\/posts"}],"about":[{"href":"https:\/\/historiografija.hr\/index.php?rest_route=\/wp\/v2\/types\/post"}],"author":[{"embeddable":true,"href":"https:\/\/historiografija.hr\/index.php?rest_route=\/wp\/v2\/users\/2"}],"replies":[{"embeddable":true,"href":"https:\/\/historiografija.hr\/index.php?rest_route=%2Fwp%2Fv2%2Fcomments&post=6237"}],"version-history":[{"count":2,"href":"https:\/\/historiografija.hr\/index.php?rest_route=\/wp\/v2\/posts\/6237\/revisions"}],"predecessor-version":[{"id":6240,"href":"https:\/\/historiografija.hr\/index.php?rest_route=\/wp\/v2\/posts\/6237\/revisions\/6240"}],"wp:featuredmedia":[{"embeddable":true,"href":"https:\/\/historiografija.hr\/index.php?rest_route=\/wp\/v2\/media\/6238"}],"wp:attachment":[{"href":"https:\/\/historiografija.hr\/index.php?rest_route=%2Fwp%2Fv2%2Fmedia&parent=6237"}],"wp:term":[{"taxonomy":"category","embeddable":true,"href":"https:\/\/historiografija.hr\/index.php?rest_route=%2Fwp%2Fv2%2Fcategories&post=6237"},{"taxonomy":"post_tag","embeddable":true,"href":"https:\/\/historiografija.hr\/index.php?rest_route=%2Fwp%2Fv2%2Ftags&post=6237"}],"curies":[{"name":"wp","href":"https:\/\/api.w.org\/{rel}","templated":true}]}}