{"id":6187,"date":"2017-10-06T21:06:52","date_gmt":"2017-10-06T21:06:52","guid":{"rendered":"http:\/\/historiografija.hr\/?p=6187"},"modified":"2017-10-06T21:07:55","modified_gmt":"2017-10-06T21:07:55","slug":"goran-korov-otkrivanje-spomen-ploce-zidovima-stradalima-u-holokaustu-donji-miholjac-24-rujna-2017","status":"publish","type":"post","link":"https:\/\/historiografija.hr\/?p=6187","title":{"rendered":"Goran Korov \u2013 Otkrivanje spomen-plo\u010de \u017didovima stradalima u Holokaustu \u2013 Donji Miholjac, 24. rujna 2017."},"content":{"rendered":"<p><strong>Otkrivanje spomen-plo\u010de \u017didovima stradalima u Holokaustu, Donji Miholjac, 24. rujna 2017.<\/strong><\/p>\n<p>&nbsp;<\/p>\n<p>Dana 24. rujna 2017. godine u Donjem Miholjcu sve\u010dano je otkrivena spomen-plo\u010da posve\u0107ena \u017didovima Donjeg Miholjca i okolice koji su stradali u Holokaustu tijekom Drugog svjetskog rata. Sama plo\u010da postavljena je simboli\u010dno neposredno blizu mjesta gdje se do 1942. godine nalazio \u017eidovski hram. Donjomiholja\u010dki \u017didovi podijelili su istu tragi\u010dnu sudbinu ve\u0107ine svojih sunarodnjaka u Europi pod fa\u0161isti\u010dkom vladavinom.<\/p>\n<p>&nbsp;<\/p>\n<p>Prisutnost \u017didova na donjomiholja\u010dkom podru\u010dju po\u010dinje od sredine 19. stolje\u0107a odnosno razdoblja kada su, zahvaljuju\u0107i zakonskim regulativama, kona\u010dno dobili priliku za vlastitu emancipaciju. Zakon iz 1840. godine osigurao je ugarskim \u017didovima slobodu kretanja, naseljavanje u gradovima, bavljenje trgovinom te mogu\u0107nost odabira zanimanja. Tijekom ma\u0111arske republikanske revolucije 1848.\/1849. jedan od posljednjih \u010dinova revolucionarne vlade bilo je dono\u0161enje zakona o potpunoj emancipaciji \u017didova, s ciljem da zadobiju \u0161to \u0161iru podr\u0161ku u borbi za republikanske ideje. Habsbur\u0161ki dvor je nakon gu\u0161enja revolucije poni\u0161tio taj zakon. Me\u0111utim, prvo zasjedanje parlamenta nakon Austro-ugarske nagodbe izglasalo je zakon o njihovoj potpunoj emancipaciji krajem 1866. godine.<\/p>\n<p>&nbsp;<\/p>\n<p>Jedan od preduvjeta za naseljavanje \u017didova na donjomiholja\u010dko podru\u010dje bio je gospodarski razvoj, koji je uslijedio dolaskom obitelji ugarskih \u017didova iz Erdelja, Gutmanna, na podru\u010dje dana\u0161njeg Beli\u0161\u0107a. Drvnoprera\u0111iva\u010da industrija u Beli\u0161\u0107u potaknula je potra\u017enju za novim radnim mjestima, izgradnju \u017eeljezni\u010dke pruge do obronaka Krndije i Papuka te samim time i potrebu za novim djelatnostima. Pruga je prolazila i kroz sam Donji Miholjac, \u0161to je, me\u0111u ostalima, motiviralo i \u017eidovske poduzetnike uglavnom s podru\u010dja Siklosa da pro\u0161ire ili u potpunosti premjeste svoju djelatnost na to mjesto.<\/p>\n<p>&nbsp;<\/p>\n<p>Prvi \u017didovi su se u Donji Miholjac doselili iz Siklosa po\u010detkom 1860-ih godina. Podaci o njihovom prvotnom naseljavanju upu\u0107uju na to da su isprva \u017eivjeli na padinama sliva rijeke Drave. S vremenom su se imu\u0107niji \u017didovi naselili uz tada\u0161nji rub mjesta, ono \u0161to je danas centar grada. Dana\u0161nja ulica \u0110ure Basari\u010deka, tada\u0161nja Mailathova (poznata po kolokvijalnom nazivu <em>\u010cifutski sokak<\/em>), bila je lokacija izgradnje prve sinagoge ve\u0107 1864. godine (na tom je mjestu 1923. godine sagra\u0111ena nova zgrada hrama). \u017didovi su ubrzo dobili i zemlji\u0161nu parcelu za vlastito groblje, jugoisto\u010dno od mjesta.<\/p>\n<p>&nbsp;<\/p>\n<p>U to su se vrijeme miholja\u010dke starosjedila\u010dke obitelji bavile raznim zanimanjima \u2013 bili su opan\u010dari, kova\u010di, poljoprivrednici, korpari, kolari, u\u017eari. \u017didovi su uglavnom bili trgovci, industrijalci, bankari, lije\u010dnici i ugostitelji. Starijim stanovnicima grada ostale su u sje\u0107anju obitelji Kirschner, Kerschner, Schulhoff, Ehrlich, Glasner, Spitzer, Schlesinger, Cohen, Moritz, Freiling, Weiss, Rosenberg&#8230;<\/p>\n<p>&nbsp;<\/p>\n<p>Mnoge od ovih obitelji su u davna vremena iz Njema\u010dke preselile na podru\u010dje \u010ce\u0161ke i Slova\u010dke te postupnim seljenjem do\u0161le u Ma\u0111arsku. Ljudevit Kirschner bio je lije\u010dnik; Bernard Glasner vlasnik tvornice za bojanje tkanina na Majuru; obitelj Polgar dr\u017eala je banku, kinematograf, restoran i mlin na parni pogon; Spitzeri, Schlesingeri, Kerschneri i Glasneri bavili su se trgovinom mje\u0161ovite robe. Poneki od njih ostavili su trag u Hrvatskoj i izvan Donjeg Miholjca, pa i u inozemstvu (Hugo Ehrlich bio je znameniti arhitekt, autor pojedinih stambenih zgrada u strogom centru Zagreba; Artur Kerschner poginuo je 1938. godine u redovima Internacionalnih brigada tijekom \u0160panjolskog gra\u0111anskog rata).<\/p>\n<p>&nbsp;<\/p>\n<p>Te su obitelji u Donjem Miholjcu \u017eivjele svoj \u017eivot, kona\u010dno do\u010dekav\u0161i razdoblje emancipacije i nesmetanog razvoja vlastite kulture te doprinose\u0107i razvoju zajednice. Raspad Austro-Ugarske Monarhije i osnutak Kraljevine SHS nisu previ\u0161e potresli \u017eidovsku zajednicu na ovim prostorima. Me\u0111utim, dolazak nacista na vlast 1933. godine ubrzo je naslutio da se \u017didovima ne sprema ni\u0161ta dobro. \u017didovski izbjeglice iz nacisti\u010dke Njema\u010dke postupno su dolazili na granice Kraljevine Jugoslavije. Vlada Cvetkovi\u0107\u2013Ma\u010dek je ve\u0107 1939. godine donijela zakone koji su \u017didovima ograni\u010davali upis u visoke obrazovne ustanove.<\/p>\n<p>&nbsp;<\/p>\n<p>Dana 6. travnja 1941. Sile osovine izvr\u0161ile su agresiju na Kraljevinu Jugoslaviju, a 10. travnja progla\u0161ena je Nezavisna Dr\u017eava Hrvatska. Ve\u0107 30. travnja usta\u0161ka vlast je masovni teror ozakonila \u201eZakonskom odredbom o rasnoj pripadnosti\u201c i \u201eZakonskom odredbom o za\u0161titi arijske krvi i \u010dasti hrvatskog naroda\u201c, \u010dime su \u017didovi, Srbi i Romi stavljeni van zakona. Budu\u0107i da su im predstavnici Tre\u0107eg Reicha prepustili da od travnja 1941. do kolovoza 1942. godine rije\u0161e \u201e\u017eidovsko pitanje\u201c, usta\u0161e su ubrzo pokrenuli formiranje sabirnih i koncentracijskih logora \u0161irom NDH.<\/p>\n<p>&nbsp;<\/p>\n<p>Sudbina ve\u0107ine slavonskih \u017didova, me\u0111u kojima i donjomiholja\u010dkih, bila je zape\u010da\u0107ena u lipnju 1942. godine. Donjomiholja\u010dki \u017didovi su sakupljeni prakti\u010dki preko no\u0107i, a nemo\u0107ne \u017didove usta\u0161e su odmah postrijeljali u samom mjestu. Miholja\u010dku su sinagogu tih dana usta\u0161e uni\u0161tili i spalili do temelja. Svi zarobljeni slavonski \u017didovi privremeno su bili smje\u0161teni u sabirni logor pored ceste izme\u0111u Osijeka i Tenje. Do srpnja 1942. u logoru se nalazilo ve\u0107 oko 2.000 osje\u010dkih i preko 500 \u017didova iz okolice. Usta\u0161ke su vlasti dvama transportima u kolovozu 1942. organizirale preba\u010daj ve\u0107e skupine \u017didova u logor Auschwitz, a manje u Jasenovac.<\/p>\n<p>&nbsp;<\/p>\n<p>Do kraja Drugog svjetskog rata Holokaust su pre\u017eivjela samo tri donjomiholja\u010dka \u017didova od njih preko 200 na podru\u010dju tada\u0161njeg kotara. Jedan od njih bio je Lavoslav Ehrlich, otac Mire Ehrlich, posljednje \u017didovke koja \u017eivi u Donjem Miholjcu. Izbjegao je Holokaust bijegom u Italiju, da bi se naposljetku pridru\u017eio borcima Narodnooslobodila\u010dke vojske Jugoslavije u Lici. Njegov brat, Lavoslav Ehrlich, pre\u017eivio je pakao Jasenovca spasiv\u0161i se u proboju logora\u0161a 22. travnja 1945. godine. Tre\u0107i, Polgar, pre\u017eivio je logor Auschwitz.<\/p>\n<p>&nbsp;<\/p>\n<p>Donji Miholjac, kao i ostala slavonska mjesta, zbog djelovanja zlokobne ideologije fa\u0161izma ostao je bez jedne zajednice marljivih ljudi koji su vjekovima tra\u017eili svoje mjesto pod suncem. Njihova je jedina \u201ekrivnja\u201c bila ta \u0161to nisu pripadali \u201earijevskoj\u201c rasi, zato \u0161to je sr\u017e fa\u0161isti\u010dke ideologije \u201ekrvi i tla\u201c pokoravanje i uni\u0161tavanje \u201emanje vrijednih\u201c. Zbog toga svako spomen-obilje\u017eje, svaka napisana rije\u010d o tim \u017ertvama, mora doprijeti do o\u010diju i u\u0161iju svakog pripadnika ljudske rase, posebno u dana\u0161nje vrijeme kada ponovno \u0161irom svijeta mo\u017eemo \u010duti razne pokli\u010de mr\u017enje, negiranja Holokausta i isticanja simbola pod kojima su stradavale \u017ertve fa\u0161izma. Kona\u010dno je i spomen-plo\u010di u Donjem Miholjcu pripalo to zaslu\u017eeno mjesto, koje je, poput prostora nekada\u0161nje sinagoge, zjapilo prazno punih 75 godina.<\/p>\n<p>&nbsp;<\/p>\n<p>&nbsp;<\/p>\n<p><em>Goran Korov<\/em><\/p>\n<p>&nbsp;<\/p>\n<p>&nbsp;<\/p>\n","protected":false},"excerpt":{"rendered":"","protected":false},"author":2,"featured_media":0,"comment_status":"open","ping_status":"open","sticky":false,"template":"","format":"standard","meta":{"_acf_changed":false,"jetpack_post_was_ever_published":false,"_jetpack_newsletter_access":"","_jetpack_dont_email_post_to_subs":false,"_jetpack_newsletter_tier_id":0,"_jetpack_memberships_contains_paywalled_content":false,"_jetpack_memberships_contains_paid_content":false,"footnotes":"","jetpack_publicize_message":"","jetpack_publicize_feature_enabled":true,"jetpack_social_post_already_shared":true,"jetpack_social_options":{"image_generator_settings":{"template":"highway","default_image_id":0,"font":"","enabled":false},"version":2}},"categories":[4],"tags":[],"class_list":["post-6187","post","type-post","status-publish","format-standard","hentry","category-osvrti"],"acf":{"facebook_opis":""},"jetpack_publicize_connections":[],"jetpack_featured_media_url":"","jetpack_sharing_enabled":true,"jetpack-related-posts":[{"id":52439,"url":"https:\/\/historiografija.hr\/?p=52439","url_meta":{"origin":6187,"position":0},"title":"Tribina &#8220;Ahmi\u0107i 33 godine kasnije: Ne u na\u0161e ime&#8221;","author":"Branimir Jankovi\u0107","date":"16. travnja 2026.","format":false,"excerpt":"U \u010detvrtak, 16. travnja 2026. u 17 sati u Knji\u017enici i \u010ditaonici Bogdana Ogrizovi\u0107a u Zagrebu odr\u017eat \u0107e se tribina pod nazivom Ahmi\u0107i 33 godine kasnije: Ne u na\u0161e ime. Na tribini \u0107e govoriti Ivica \u0110iki\u0107, novinar, Mubera Masli\u0107 \u2013 \u017ddralovi\u0107, aktivistikinja, prevoditeljica za arapski, Domagoj Fuk, student politologije, \u010dlan\u2026","rel":"","context":"U &quot;Novosti&quot;","block_context":{"text":"Novosti","link":"https:\/\/historiografija.hr\/?cat=3"},"img":{"alt_text":"","src":"https:\/\/i0.wp.com\/historiografija.hr\/wp-content\/uploads\/2026\/04\/Zagreb_2026.jpeg?fit=1200%2C900&ssl=1&resize=350%2C200","width":350,"height":200,"srcset":"https:\/\/i0.wp.com\/historiografija.hr\/wp-content\/uploads\/2026\/04\/Zagreb_2026.jpeg?fit=1200%2C900&ssl=1&resize=350%2C200 1x, https:\/\/i0.wp.com\/historiografija.hr\/wp-content\/uploads\/2026\/04\/Zagreb_2026.jpeg?fit=1200%2C900&ssl=1&resize=525%2C300 1.5x, https:\/\/i0.wp.com\/historiografija.hr\/wp-content\/uploads\/2026\/04\/Zagreb_2026.jpeg?fit=1200%2C900&ssl=1&resize=700%2C400 2x, https:\/\/i0.wp.com\/historiografija.hr\/wp-content\/uploads\/2026\/04\/Zagreb_2026.jpeg?fit=1200%2C900&ssl=1&resize=1050%2C600 3x"},"classes":[]},{"id":52768,"url":"https:\/\/historiografija.hr\/?p=52768","url_meta":{"origin":6187,"position":1},"title":"Poziv za prijavu na me\u0111unarodni ljetni kamp za mlade \u201cYouth in Cold-War Europe\u201d","author":"Filip \u0160imunjak","date":"30. travnja 2026.","format":false,"excerpt":"Otvoren je poziv za prijavu na me\u0111unarodni ljetni kamp \"Youth in Cold-War Europe\", koji se odr\u017eava od 28.08. do 06.09. 2026. godine u Weimaru (Njema\u010dka). Kamp se odr\u017eava u organizaciji Europskog centra za obrazovanje mladih (EJBW) iz Weimara i njegovih me\u0111unarodnih partnera, te uz financijsku podr\u0161ku Europske unije i Savezne\u2026","rel":"","context":"U &quot;Novosti&quot;","block_context":{"text":"Novosti","link":"https:\/\/historiografija.hr\/?cat=3"},"img":{"alt_text":"","src":"https:\/\/i0.wp.com\/historiografija.hr\/wp-content\/uploads\/2026\/04\/LJETNI-KAMP-ZA-MLADE-YOUTH-IN-COLD-WAR-EUROPE.jpg?fit=667%2C375&ssl=1&resize=350%2C200","width":350,"height":200,"srcset":"https:\/\/i0.wp.com\/historiografija.hr\/wp-content\/uploads\/2026\/04\/LJETNI-KAMP-ZA-MLADE-YOUTH-IN-COLD-WAR-EUROPE.jpg?fit=667%2C375&ssl=1&resize=350%2C200 1x, https:\/\/i0.wp.com\/historiografija.hr\/wp-content\/uploads\/2026\/04\/LJETNI-KAMP-ZA-MLADE-YOUTH-IN-COLD-WAR-EUROPE.jpg?fit=667%2C375&ssl=1&resize=525%2C300 1.5x"},"classes":[]},{"id":52760,"url":"https:\/\/historiografija.hr\/?p=52760","url_meta":{"origin":6187,"position":2},"title":"Izlo\u017eba \u201cLo\u0161injski brodovi, njihove zastave i ljudi\u201d, 4. svibnja u 19h","author":"Filip \u0160imunjak","date":"30. travnja 2026.","format":false,"excerpt":"Hrvatski pomorski muzej Split, Glagolja\u0161a 18 (Tvr\u0111ava Gripe) Nakon \u0161to je u rujnu 2025. godine na otoku Lo\u0161inju, u suradnji Lo\u0161injskog muzeja i Hrvatskog pomorskog muzeja Split, predstavljena izlo\u017eba posve\u0107ena bogatoj pomorskoj ba\u0161tini otoka, njezino pro\u0161ireno izdanje postavlja se u Splitu. Uo\u010di blagdana svetog Dujma splitskoj \u0107e se publici predstaviti\u2026","rel":"","context":"U &quot;Izlo\u017ebe&quot;","block_context":{"text":"Izlo\u017ebe","link":"https:\/\/historiografija.hr\/?cat=10"},"img":{"alt_text":"","src":"https:\/\/i0.wp.com\/historiografija.hr\/wp-content\/uploads\/2026\/04\/Losinjski-brodovi-Izlozba-1-scaled.webp?fit=840%2C1200&ssl=1&resize=350%2C200","width":350,"height":200,"srcset":"https:\/\/i0.wp.com\/historiografija.hr\/wp-content\/uploads\/2026\/04\/Losinjski-brodovi-Izlozba-1-scaled.webp?fit=840%2C1200&ssl=1&resize=350%2C200 1x, https:\/\/i0.wp.com\/historiografija.hr\/wp-content\/uploads\/2026\/04\/Losinjski-brodovi-Izlozba-1-scaled.webp?fit=840%2C1200&ssl=1&resize=525%2C300 1.5x, https:\/\/i0.wp.com\/historiografija.hr\/wp-content\/uploads\/2026\/04\/Losinjski-brodovi-Izlozba-1-scaled.webp?fit=840%2C1200&ssl=1&resize=700%2C400 2x"},"classes":[]},{"id":52733,"url":"https:\/\/historiografija.hr\/?p=52733","url_meta":{"origin":6187,"position":3},"title":"Vlado Raji\u0107 \u201eGranica na kraju stolje\u0107a\u201c","author":"Filip \u0160imunjak","date":"29. travnja 2026.","format":false,"excerpt":"U suizdanju Durieuxa i Beletre objavljena je 2025. godine knjiga Granica na kraju stolje\u0107a autora Vlade Raji\u0107a.\u00a0 O knjizi\u00a0 Romansirana biografija Vladimira Iblera mnogo je vi\u0161e od zanimljive pri\u010de o privatnom \u017eivotu i impresivnoj profesionalnoj karijeri istaknutog stru\u010dnjaka za me\u0111unarodno pravo i dugo\u00adgodi\u0161njeg profesora na zagreba\u010dkom Pravnom fakultetu, akademika, koji\u2026","rel":"","context":"U &quot;Knjige&quot;","block_context":{"text":"Knjige","link":"https:\/\/historiografija.hr\/?cat=8"},"img":{"alt_text":"","src":"https:\/\/i0.wp.com\/historiografija.hr\/wp-content\/uploads\/2026\/04\/VLADO-RAJIC-GRANICA-NA-KRAJU-STOLJECA.jpg?fit=450%2C650&ssl=1&resize=350%2C200","width":350,"height":200},"classes":[]},{"id":52616,"url":"https:\/\/historiografija.hr\/?p=52616","url_meta":{"origin":6187,"position":4},"title":"No\u0107 knjige 2026.","author":"Branimir Jankovi\u0107","date":"22. travnja 2026.","format":false,"excerpt":"Slavljeni\u010dka 15. No\u0107 knjige odr\u017eat \u0107e se 23. travnja diljem Hrvatske u povodu Svjetskog dana knjige i autorskih prava te Dana hrvatske knjige. S vi\u0161e od 1.000 prijavljenih programa i akcija s pravom nosi epitet najmasovnije doma\u0107e kulturne manifestacije, a ove \u0107e godine prote\u0107i u znaku mira, razumijevanja, tolerancije, srodnosti\u2026","rel":"","context":"U &quot;Novosti&quot;","block_context":{"text":"Novosti","link":"https:\/\/historiografija.hr\/?cat=3"},"img":{"alt_text":"","src":"https:\/\/i0.wp.com\/historiografija.hr\/wp-content\/uploads\/2026\/04\/noc_knjige_2026.jpg?fit=680%2C276&ssl=1&resize=350%2C200","width":350,"height":200,"srcset":"https:\/\/i0.wp.com\/historiografija.hr\/wp-content\/uploads\/2026\/04\/noc_knjige_2026.jpg?fit=680%2C276&ssl=1&resize=350%2C200 1x, https:\/\/i0.wp.com\/historiografija.hr\/wp-content\/uploads\/2026\/04\/noc_knjige_2026.jpg?fit=680%2C276&ssl=1&resize=525%2C300 1.5x"},"classes":[]},{"id":52666,"url":"https:\/\/historiografija.hr\/?p=52666","url_meta":{"origin":6187,"position":5},"title":"Najava programa Festivala povijesti Kliofest (5-8. V. 2026)","author":"Branimir Jankovi\u0107","date":"24. travnja 2026.","format":false,"excerpt":"Po trinaesti put odr\u017eava se Festival povijesti Kliofest! Do petka \u0107emo odr\u017eati osam okruglih stolova i dva kolokvija te niz predstavljanja knjiga i projekata razli\u010dite tematike, od antike do suvremenosti. Bit \u0107e predstavljeno i nekoliko izlo\u017ebi te odr\u017ean jedan povijesni kviz. Prikazat \u0107emo i jedan film \u2013 o generalu Boroevi\u0107u.\u2026","rel":"","context":"U &quot;Novosti&quot;","block_context":{"text":"Novosti","link":"https:\/\/historiografija.hr\/?cat=3"},"img":{"alt_text":"","src":"https:\/\/i0.wp.com\/historiografija.hr\/wp-content\/uploads\/2026\/04\/Kliofest-2026.jpg?fit=526%2C526&ssl=1&resize=350%2C200","width":350,"height":200,"srcset":"https:\/\/i0.wp.com\/historiografija.hr\/wp-content\/uploads\/2026\/04\/Kliofest-2026.jpg?fit=526%2C526&ssl=1&resize=350%2C200 1x, https:\/\/i0.wp.com\/historiografija.hr\/wp-content\/uploads\/2026\/04\/Kliofest-2026.jpg?fit=526%2C526&ssl=1&resize=525%2C300 1.5x"},"classes":[]}],"_links":{"self":[{"href":"https:\/\/historiografija.hr\/index.php?rest_route=\/wp\/v2\/posts\/6187","targetHints":{"allow":["GET"]}}],"collection":[{"href":"https:\/\/historiografija.hr\/index.php?rest_route=\/wp\/v2\/posts"}],"about":[{"href":"https:\/\/historiografija.hr\/index.php?rest_route=\/wp\/v2\/types\/post"}],"author":[{"embeddable":true,"href":"https:\/\/historiografija.hr\/index.php?rest_route=\/wp\/v2\/users\/2"}],"replies":[{"embeddable":true,"href":"https:\/\/historiografija.hr\/index.php?rest_route=%2Fwp%2Fv2%2Fcomments&post=6187"}],"version-history":[{"count":2,"href":"https:\/\/historiografija.hr\/index.php?rest_route=\/wp\/v2\/posts\/6187\/revisions"}],"predecessor-version":[{"id":6189,"href":"https:\/\/historiografija.hr\/index.php?rest_route=\/wp\/v2\/posts\/6187\/revisions\/6189"}],"wp:attachment":[{"href":"https:\/\/historiografija.hr\/index.php?rest_route=%2Fwp%2Fv2%2Fmedia&parent=6187"}],"wp:term":[{"taxonomy":"category","embeddable":true,"href":"https:\/\/historiografija.hr\/index.php?rest_route=%2Fwp%2Fv2%2Fcategories&post=6187"},{"taxonomy":"post_tag","embeddable":true,"href":"https:\/\/historiografija.hr\/index.php?rest_route=%2Fwp%2Fv2%2Ftags&post=6187"}],"curies":[{"name":"wp","href":"https:\/\/api.w.org\/{rel}","templated":true}]}}