{"id":6182,"date":"2017-10-06T20:39:21","date_gmt":"2017-10-06T20:39:21","guid":{"rendered":"http:\/\/historiografija.hr\/?p=6182"},"modified":"2017-10-06T20:44:34","modified_gmt":"2017-10-06T20:44:34","slug":"20emes-rendez-vous-de-lhistoire-blois","status":"publish","type":"post","link":"https:\/\/historiografija.hr\/?p=6182","title":{"rendered":"20es Rendez-vous de l&#8217;Histoire \u2013 Blois"},"content":{"rendered":"<p>Od 4. do 8. listopada 2017. u tijeku je veliki 20.festival povijesti u Bloisu (Francuska) \/ Sredi\u0161nja ovogodi\u0161nja tema je izumljivanje, otkrivanje, inoviranje, a program sadr\u017ei brojne okrugle stolove i predavanja, sajam knjiga, projekcije filmova, izlo\u017ebe i niz drugih doga\u0111anja.<\/p>\n<p>&nbsp;<\/p>\n<p>&nbsp;<\/p>\n<p>&#8212;<\/p>\n<p>&nbsp;<\/p>\n<p>&nbsp;<\/p>\n<p><strong>Eur\u00eaka \u2013 inventer, d\u00e9couvrir, innover<\/strong><\/p>\n<p>&nbsp;<\/p>\n<p>&nbsp;<\/p>\n<p>20\u00e8mes Rendez-vous de l&#8217;Histoire du 4 au 8 octobre 2017 \u00e0 Blois.<\/p>\n<p>&nbsp;<\/p>\n<p>&nbsp;<\/p>\n<p><a href=\"http:\/\/www.rdv-histoire.com\/\">http:\/\/www.rdv-histoire.com\/<\/a><\/p>\n<p>&nbsp;<\/p>\n<p>&nbsp;<\/p>\n<p><strong>\u00c0 propos du festival<\/strong><\/p>\n<p>&nbsp;<\/p>\n<p><strong>Un lieu d\u2019\u00e9changes<\/strong><\/p>\n<p>Il s\u2019agit de cr\u00e9er un lieu de rencontre privil\u00e9gi\u00e9 o\u00f9 chaque ann\u00e9e les historiens peuvent se retrouver afin d\u2019exposer l\u2019\u00e9tat de leurs r\u00e9flexions, de pr\u00e9senter leurs travaux et de confronter leurs points de vue dans le but de concourir au progr\u00e8s de la recherche et de la connaissance historique. Il importe \u00e9galement que les Rendez-vous de l\u2019histoire soient une manifestation populaire. Il faut que chacun puisse assouvir sa curiosit\u00e9, trouver mati\u00e8re \u00e0 s\u2019instruire mais aussi \u00e0 se divertir. Ainsi, les Rendez-vous de l\u2019histoire ont pour vocation de devenir un lieu unique et privil\u00e9gi\u00e9 d\u2019\u00e9changes, de discussions, et de divertissement entre les historiens et le grand public.<\/p>\n<p>&nbsp;<\/p>\n<p><strong>Rigueur et coh\u00e9rence scientifique<\/strong><\/p>\n<p>&nbsp;<\/p>\n<p>Un Comit\u00e9 scientifique, compos\u00e9 d\u2019\u00e9minentes personnalit\u00e9s, veille \u00e0 la coh\u00e9rence et \u00e0 la rigueur du festival. Il choisit chaque ann\u00e9e le th\u00e8me g\u00e9n\u00e9ral de la manifestation, le fil rouge qui orientera d\u00e9bats et conf\u00e9rences. Ce th\u00e8me doit \u00eatre f\u00e9d\u00e9rateur et concerner toutes les p\u00e9riodes de l\u2019histoire. Il doit rencontrer les pr\u00e9occupations des chercheurs ou des enseignants, et int\u00e9resser le grand public. Une manifestation populaire accueillant 40 000 personnes soucieuses de mieux comprendre le monde<\/p>\n<p>&nbsp;<\/p>\n<p>Ce forum de l\u2019histoire entend mettre \u00e0 la port\u00e9e de tous les connaissances historiques les plus r\u00e9centes, dans une authentique d\u00e9marche d\u00e9mocratique. Il r\u00e9pond ainsi \u00e0 un besoin permanent d\u2019\u00e9clairer le pr\u00e9sent \u00e0 la lumi\u00e8re du pass\u00e9, et de comprendre la construction des m\u00e9moires historiques qui structurent les identit\u00e9s sociales et culturelles. Il repr\u00e9sente aussi pour les enseignants un fructueux moment de formation continue salu\u00e9 par l\u2019Education nationale.<\/p>\n<p>&nbsp;<\/p>\n<p><strong>Les Rendez-vous de l\u2019histoire ce sont pendant quatre jours :<\/strong><\/p>\n<p>&nbsp;<\/p>\n<p><strong>Un grand salon du livre d\u2019histoire<\/strong><\/p>\n<p>&nbsp;<\/p>\n<p>Gigantesque librairie enti\u00e8rement consacr\u00e9e \u00e0 l\u2019histoire, l\u2019occasion de d\u00e9couvrir, gr\u00e2ce \u00e0 la pr\u00e9sence de plus de 200 \u00e9diteurs, toute l\u2019actualit\u00e9 du livre d\u2019histoire et la richesse des parutions : de la biographie au roman historique, du multim\u00e9dia au livre ancien, de l\u2019Antiquit\u00e9 \u00e0 l\u2019histoire contemporaine, de l\u2019histoire locale aux \u00e9v\u00e9nements internationaux, toute l\u2019histoire et tous les sujets sont pr\u00e9sents. Plus de 300 auteurs viennent y d\u00e9dicacer leurs ouvrages et rencontrer leurs lecteurs.<\/p>\n<p>&nbsp;<\/p>\n<p><strong>Plus de 400 d\u00e9bats et conf\u00e9rences<\/strong><\/p>\n<p>&nbsp;<\/p>\n<p>1000 intellectuels et intervenants de renom croisent leurs points de vue et r\u00e9pondent aux interpellations du public. Une formidable occasion de rencontrer ceux qui, au quotidien, \u00e9crivent et commentent l\u2019histoire.<\/p>\n<p>&nbsp;<\/p>\n<p><strong>Un cycle cin\u00e9ma<\/strong><\/p>\n<p>&nbsp;<\/p>\n<p>Une cinquantaine de films, fictions et documentaires, du patrimoine comme de la production r\u00e9cente, archives filmiques et audiovisuelles. De nombreuses s\u00e9ances accompagn\u00e9es de d\u00e9bats en pr\u00e9sence de r\u00e9alisateurs, critiques et historiens.<\/p>\n<p>&nbsp;<\/p>\n<p><strong>Une Histoire autrement<\/strong><\/p>\n<p>&nbsp;<\/p>\n<p>Des formes d\u2019expression plus inattendues et moins conventionnelles : expositions, Caf\u00e9s historiques, d\u00e9couvertes gastronomiques (d\u00eeners historiques), spectacles.<br \/>\nPour plus d\u2019informations, rendez-vous sur notre page contacts, dans la rubrique Infos pratiques et naviguez sur le site pour conna\u00eetre les d\u00e9tails de la programmation. Retrouvez \u00e9galement les ambiances des \u00e9ditions pr\u00e9c\u00e9dentes et nos conf\u00e9rences en ligne !<\/p>\n<p>&nbsp;<\/p>\n","protected":false},"excerpt":{"rendered":"","protected":false},"author":2,"featured_media":6183,"comment_status":"open","ping_status":"open","sticky":false,"template":"","format":"standard","meta":{"_acf_changed":false,"jetpack_post_was_ever_published":false,"_jetpack_newsletter_access":"","_jetpack_dont_email_post_to_subs":false,"_jetpack_newsletter_tier_id":0,"_jetpack_memberships_contains_paywalled_content":false,"_jetpack_memberships_contains_paid_content":false,"footnotes":"","jetpack_publicize_message":"","jetpack_publicize_feature_enabled":true,"jetpack_social_post_already_shared":true,"jetpack_social_options":{"image_generator_settings":{"template":"highway","default_image_id":0,"font":"","enabled":false},"version":2}},"categories":[3],"tags":[],"class_list":["post-6182","post","type-post","status-publish","format-standard","has-post-thumbnail","hentry","category-novosti"],"acf":{"facebook_opis":""},"jetpack_publicize_connections":[],"jetpack_featured_media_url":"https:\/\/i0.wp.com\/historiografija.hr\/wp-content\/uploads\/2017\/10\/Blois-2017.jpg?fit=1440%2C400&ssl=1","jetpack_sharing_enabled":true,"jetpack-related-posts":[{"id":52646,"url":"https:\/\/historiografija.hr\/?p=52646","url_meta":{"origin":6182,"position":0},"title":"5. MALI FESTIVAL POVIJESTI U LASTOVU","author":"Branimir Jankovi\u0107","date":"24. travnja 2026.","format":false,"excerpt":"Peti Mali festival povijesti odr\u017eava se od 25. do 27. travnja 2026. na Lastovu, u suradnji Zavoda za povijesne znanosti HAZU u Dubrovniku, Op\u0107ine Lastovo i Turisti\u010dke zajednice te uz potporu Dubrova\u010dko-neretvanske \u017eupanije. Predavanja: Dr. sc. Jasna \u010capo \u201eKu\u0107a kao zalog budu\u0107nosti i most izme\u0111u iseljenika i domovine\u201c Dr. sc.\u2026","rel":"","context":"U &quot;Novosti&quot;","block_context":{"text":"Novosti","link":"https:\/\/historiografija.hr\/?cat=3"},"img":{"alt_text":"","src":"https:\/\/i0.wp.com\/historiografija.hr\/wp-content\/uploads\/2026\/04\/Lastovo.jpg?fit=1200%2C700&ssl=1&resize=350%2C200","width":350,"height":200,"srcset":"https:\/\/i0.wp.com\/historiografija.hr\/wp-content\/uploads\/2026\/04\/Lastovo.jpg?fit=1200%2C700&ssl=1&resize=350%2C200 1x, https:\/\/i0.wp.com\/historiografija.hr\/wp-content\/uploads\/2026\/04\/Lastovo.jpg?fit=1200%2C700&ssl=1&resize=525%2C300 1.5x, https:\/\/i0.wp.com\/historiografija.hr\/wp-content\/uploads\/2026\/04\/Lastovo.jpg?fit=1200%2C700&ssl=1&resize=700%2C400 2x, https:\/\/i0.wp.com\/historiografija.hr\/wp-content\/uploads\/2026\/04\/Lastovo.jpg?fit=1200%2C700&ssl=1&resize=1050%2C600 3x"},"classes":[]},{"id":52666,"url":"https:\/\/historiografija.hr\/?p=52666","url_meta":{"origin":6182,"position":1},"title":"Najava programa Festivala povijesti Kliofest (5-8. V. 2026)","author":"Branimir Jankovi\u0107","date":"24. travnja 2026.","format":false,"excerpt":"Po trinaesti put odr\u017eava se Festival povijesti Kliofest! Do petka \u0107emo odr\u017eati osam okruglih stolova i dva kolokvija te niz predstavljanja knjiga i projekata razli\u010dite tematike, od antike do suvremenosti. Bit \u0107e predstavljeno i nekoliko izlo\u017ebi te odr\u017ean jedan povijesni kviz. Prikazat \u0107emo i jedan film \u2013 o generalu Boroevi\u0107u.\u2026","rel":"","context":"U &quot;Novosti&quot;","block_context":{"text":"Novosti","link":"https:\/\/historiografija.hr\/?cat=3"},"img":{"alt_text":"","src":"https:\/\/i0.wp.com\/historiografija.hr\/wp-content\/uploads\/2026\/04\/Kliofest-2026.jpg?fit=526%2C526&ssl=1&resize=350%2C200","width":350,"height":200,"srcset":"https:\/\/i0.wp.com\/historiografija.hr\/wp-content\/uploads\/2026\/04\/Kliofest-2026.jpg?fit=526%2C526&ssl=1&resize=350%2C200 1x, https:\/\/i0.wp.com\/historiografija.hr\/wp-content\/uploads\/2026\/04\/Kliofest-2026.jpg?fit=526%2C526&ssl=1&resize=525%2C300 1.5x"},"classes":[]},{"id":52628,"url":"https:\/\/historiografija.hr\/?p=52628","url_meta":{"origin":6182,"position":2},"title":"Predavanje dopisnog \u010dlana HAZU Alaina Finkielkrauta Izrael, Europa, antisemitizam","author":"Branimir Jankovi\u0107","date":"23. travnja 2026.","format":false,"excerpt":"Francuski filozof Alain Finkielkraut, redoviti \u010dlan Francuske akademije i dopisni \u010dlan HAZU, odr\u017eat \u0107e predavanje\u00a0Izrael, Europa, antisemitizam u utorak 28. travnja 2026. u 13 sati u Knji\u017enici HAZU,\u00a0Strossmayerov trg 14 u Zagrebu. Uvodne rije\u010di odr\u017eat \u0107e\u00a0akademkinja \u017deljka \u010corak i\u00a0akademik Dra\u017een Katunari\u0107. Predavanje \u0107e se odr\u017eati na francuskom jeziku uz konsekutivno\u2026","rel":"","context":"U &quot;Novosti&quot;","block_context":{"text":"Novosti","link":"https:\/\/historiografija.hr\/?cat=3"},"img":{"alt_text":"","src":"https:\/\/i0.wp.com\/historiografija.hr\/wp-content\/uploads\/2026\/04\/Alain_Finkielkraut.jpg?fit=350%2C407&ssl=1&resize=350%2C200","width":350,"height":200},"classes":[]},{"id":52505,"url":"https:\/\/historiografija.hr\/?p=52505","url_meta":{"origin":6182,"position":3},"title":"Izlo\u017eba &#8220;Eschenstock \/ Jasenov prut&#8221;","author":"Branimir Jankovi\u0107","date":"17. travnja 2026.","format":false,"excerpt":"Srpsko narodno vije\u0107e (SNV) i Vizura aperta postavljaju izlo\u017ebu \u0161vicarskog slikara Velimira Ili\u0161evi\u0107a: Eschenstock \/ Jasenov prut. Izlo\u017eba se uz prisustvo autora otvara povodom 81. godi\u0161njice proboja logora\u0161a iz usta\u0161kog logora smrti Jasenovac 22. aprila 2026. u 19 sati u Srpskom kulturnom centru (SKC) u Preradovi\u0107evoj ulici 21 u Zagrebu.\u2026","rel":"","context":"U &quot;Izlo\u017ebe&quot;","block_context":{"text":"Izlo\u017ebe","link":"https:\/\/historiografija.hr\/?cat=10"},"img":{"alt_text":"","src":"https:\/\/i0.wp.com\/historiografija.hr\/wp-content\/uploads\/2026\/04\/Jasenov_prut.jpg?fit=1024%2C640&ssl=1&resize=350%2C200","width":350,"height":200,"srcset":"https:\/\/i0.wp.com\/historiografija.hr\/wp-content\/uploads\/2026\/04\/Jasenov_prut.jpg?fit=1024%2C640&ssl=1&resize=350%2C200 1x, https:\/\/i0.wp.com\/historiografija.hr\/wp-content\/uploads\/2026\/04\/Jasenov_prut.jpg?fit=1024%2C640&ssl=1&resize=525%2C300 1.5x, https:\/\/i0.wp.com\/historiografija.hr\/wp-content\/uploads\/2026\/04\/Jasenov_prut.jpg?fit=1024%2C640&ssl=1&resize=700%2C400 2x"},"classes":[]},{"id":52569,"url":"https:\/\/historiografija.hr\/?p=52569","url_meta":{"origin":6182,"position":4},"title":"[Predavanje] Ne \u010dekaju\u0107i inspiraciju \u2013 anga\u017eovane intelektualne, kulturalne i umetni\u010dke prakse u me\u0111uratnom periodu: teorija i praksa kriti\u010dke levice u jugoslovenskoj kulturi (YugoLab)","author":"Branimir Jankovi\u0107","date":"21. travnja 2026.","format":false,"excerpt":"U vreme agresivnog ja\u010danja globalne desnice, (pro)fa\u0161isti\u010dkih, rasisti\u010dkih i imperijalisti\u010dkih politika, dok je istovremeno globalna levica izrazito slaba, a progresivni pokreti atomizirani i fragmentisani, va\u017eno je iz savremene perspektive vratiti se revolucionarnim i emancipatorskim zbivanjima u jugoslovenskom (ali i s njima u vezi internacionalnim de\u0161avanjima), kao i dru\u0161tvenoj ulozi kulturalnih\u2026","rel":"","context":"U &quot;Novosti&quot;","block_context":{"text":"Novosti","link":"https:\/\/historiografija.hr\/?cat=3"},"img":{"alt_text":"","src":"","width":0,"height":0},"classes":[]},{"id":52563,"url":"https:\/\/historiografija.hr\/?p=52563","url_meta":{"origin":6182,"position":5},"title":"Predavanje Nenada Fabijani\u0107a o stadionu Poljud u Splitu","author":"Branimir Jankovi\u0107","date":"21. travnja 2026.","format":false,"excerpt":"Znanstveno vije\u0107e za arhitekturu, urbanizam i ure\u0111enje prostora Hrvatske akademije znanosti i umjetnosti organizira predavanje \u201cPo Poljudu\u201d koje \u0107e u srijedu 22. travnja 2026. s po\u010detkom u 14 sati u Knji\u017enici HAZU, Strossmayerov trg 14 u Zagrebu, odr\u017eati\u00a0prof. emerit. dr. art. Nenad Fabijani\u0107,\u00a0\u010dlan suradnik HAZU. Predavanje \u201ePo Poljudu\u201c (Projekt obnove)\u2026","rel":"","context":"U &quot;Novosti&quot;","block_context":{"text":"Novosti","link":"https:\/\/historiografija.hr\/?cat=3"},"img":{"alt_text":"","src":"https:\/\/i0.wp.com\/historiografija.hr\/wp-content\/uploads\/2026\/04\/Poljud-scaled.jpeg?fit=1200%2C800&ssl=1&resize=350%2C200","width":350,"height":200,"srcset":"https:\/\/i0.wp.com\/historiografija.hr\/wp-content\/uploads\/2026\/04\/Poljud-scaled.jpeg?fit=1200%2C800&ssl=1&resize=350%2C200 1x, https:\/\/i0.wp.com\/historiografija.hr\/wp-content\/uploads\/2026\/04\/Poljud-scaled.jpeg?fit=1200%2C800&ssl=1&resize=525%2C300 1.5x, https:\/\/i0.wp.com\/historiografija.hr\/wp-content\/uploads\/2026\/04\/Poljud-scaled.jpeg?fit=1200%2C800&ssl=1&resize=700%2C400 2x, https:\/\/i0.wp.com\/historiografija.hr\/wp-content\/uploads\/2026\/04\/Poljud-scaled.jpeg?fit=1200%2C800&ssl=1&resize=1050%2C600 3x"},"classes":[]}],"_links":{"self":[{"href":"https:\/\/historiografija.hr\/index.php?rest_route=\/wp\/v2\/posts\/6182","targetHints":{"allow":["GET"]}}],"collection":[{"href":"https:\/\/historiografija.hr\/index.php?rest_route=\/wp\/v2\/posts"}],"about":[{"href":"https:\/\/historiografija.hr\/index.php?rest_route=\/wp\/v2\/types\/post"}],"author":[{"embeddable":true,"href":"https:\/\/historiografija.hr\/index.php?rest_route=\/wp\/v2\/users\/2"}],"replies":[{"embeddable":true,"href":"https:\/\/historiografija.hr\/index.php?rest_route=%2Fwp%2Fv2%2Fcomments&post=6182"}],"version-history":[{"count":3,"href":"https:\/\/historiografija.hr\/index.php?rest_route=\/wp\/v2\/posts\/6182\/revisions"}],"predecessor-version":[{"id":6186,"href":"https:\/\/historiografija.hr\/index.php?rest_route=\/wp\/v2\/posts\/6182\/revisions\/6186"}],"wp:featuredmedia":[{"embeddable":true,"href":"https:\/\/historiografija.hr\/index.php?rest_route=\/wp\/v2\/media\/6183"}],"wp:attachment":[{"href":"https:\/\/historiografija.hr\/index.php?rest_route=%2Fwp%2Fv2%2Fmedia&parent=6182"}],"wp:term":[{"taxonomy":"category","embeddable":true,"href":"https:\/\/historiografija.hr\/index.php?rest_route=%2Fwp%2Fv2%2Fcategories&post=6182"},{"taxonomy":"post_tag","embeddable":true,"href":"https:\/\/historiografija.hr\/index.php?rest_route=%2Fwp%2Fv2%2Ftags&post=6182"}],"curies":[{"name":"wp","href":"https:\/\/api.w.org\/{rel}","templated":true}]}}