{"id":6139,"date":"2017-10-04T13:25:37","date_gmt":"2017-10-04T13:25:37","guid":{"rendered":"http:\/\/historiografija.hr\/?p=6139"},"modified":"2017-10-04T13:26:49","modified_gmt":"2017-10-04T13:26:49","slug":"jadranskamediteranska-radionica-2017-2018-kultura-i-priroda-u-jadranskimmediteranskim-studijima","status":"publish","type":"post","link":"https:\/\/historiografija.hr\/?p=6139","title":{"rendered":"Jadranska\/mediteranska radionica 2017.\/2018.: kultura i priroda u jadranskim\/mediteranskim studijima"},"content":{"rendered":"<p>U subotu, 7. listopada 2017. na Filozofskom fakultetu u Zagrebu odr\u017eat \u0107e se prva rasprava Jadranske\/mediteranske radionice na temu\u00a0 \u201cKako vrednovati osmansku ba\u0161tinu na Mediteranu i u Europi?Klju\u010dna pitanja pristupa\u201d.<\/p>\n<p>&nbsp;<\/p>\n<p>&#8212;<\/p>\n<p>&nbsp;<\/p>\n<p>FIOZOFSKI FAKULTET SVEU\u010cILI\u0160TA U ZAGREBU<\/p>\n<p>&nbsp;<\/p>\n<p>&nbsp;<\/p>\n<p>Centar za komparativnohistorijske i interkulturne studije<\/p>\n<p>&nbsp;<\/p>\n<p>i<\/p>\n<p>&nbsp;<\/p>\n<p>Poslijediplomski doktorski studij moderne i suvremene hrvatske povijesti u europskom i svjetskom kontekstu<\/p>\n<p>&nbsp;<\/p>\n<p>&nbsp;<\/p>\n<p>&nbsp;<\/p>\n<p>pozivaju Vas na izborni doktorski kolegij<\/p>\n<p>&nbsp;<\/p>\n<p>i<\/p>\n<p>&nbsp;<\/p>\n<p>seriju javnih rasprava<\/p>\n<p>&nbsp;<\/p>\n<p>&nbsp;<\/p>\n<p>&nbsp;<\/p>\n<p><strong>Jadranska\/mediteranska radionica 2017.\/2018.: kultura i priroda u jadranskim\/mediteranskim studijima<\/strong><\/p>\n<p>&nbsp;<\/p>\n<p>&nbsp;<\/p>\n<p>koja \u0107e zapo\u010deti s radom u subotu, 7. listopada 2017. godine, od 11.15 do 13.15, u Vije\u0107nici Filozofskog fakulteta Sveu\u010dili\u0161ta u Zagrebu, Ivana Lu\u010di\u0107a 3., svojom prvom raspravom na temu<\/p>\n<p>&nbsp;<\/p>\n<p>&nbsp;<\/p>\n<p>&nbsp;<\/p>\n<p><strong>Kako vrednovati osmansku ba\u0161tinu na Mediteranu i u Europi? Klju\u010dna pitanja pristupa<\/strong><\/p>\n<p>&nbsp;<\/p>\n<p>&nbsp;<\/p>\n<p>&nbsp;<\/p>\n<p>Rasprava \u0107e se odr\u017eati u suradnji s Badisches Landesmuseum (Karlsruhe), koji \u0107e svoju stotu obljetnicu obilje\u017eiti europski reprezentativnom izlo\u017ebom<\/p>\n<p>&nbsp;<\/p>\n<p>&nbsp;<\/p>\n<p>Zwischen Kaiser und Sultan. Kulturelle Vielfalt in Europas Mitte von 1600 \u2013 1700\/<\/p>\n<p>&nbsp;<\/p>\n<p>Between Emperor and Sultan. Cultural Diversity in Central Europe 1600 \u2013 1700<\/p>\n<p>&nbsp;<\/p>\n<p>(listopad 2019. \u2013 o\u017eujak 2020.).<\/p>\n<p>&nbsp;<\/p>\n<p>&nbsp;<\/p>\n<p>&nbsp;<\/p>\n<p>Tim \u0107e povodom u Zagrebu od 6. do 8. listopada 2017. godine u radnom posjetu boraviti \u010dlanovi Vije\u0107a Izlo\u017ebe koje je imenovao ravnatelj Muzeja, prof. dr. sc, Eckart K\u00f6hne, u sljede\u0107em sastavu:<\/p>\n<p>&nbsp;<\/p>\n<p>&nbsp;<\/p>\n<p>&nbsp;<\/p>\n<p>Dr. Zsuzsa Barbarics-Hermanik (Institut f\u00fcr Geschichte, Fachbereich S\u00fcdosteurop\u00e4ische Geschichte und Anthropologie, Karl-Franzens-Universit\u00e4t Graz)<\/p>\n<p>&nbsp;<\/p>\n<p>Michal Dziewulski (Curator at the National Museum Krakow)<\/p>\n<p>&nbsp;<\/p>\n<p>Dr. Markus L\u00f6rz (Siebenb\u00fcrgisches Museum, Gundelsheim)<\/p>\n<p>&nbsp;<\/p>\n<p>Prof. dr. sc. em. Hans Georg Majer (Geschichte und Kultur des Nahen Ostens und Turkologie, Ludwig Maximilian Universit\u00e4t M\u00fcnchen)<\/p>\n<p>&nbsp;<\/p>\n<p>Dr. sc. Schoole Mostafawy (Kuratorin am Badischen Landesmuseum, Karlsruhe)<\/p>\n<p>&nbsp;<\/p>\n<p>Prof. dr. sc. Christoph K. Neumann (Geschichte und Kultur des Nahen und Mittleren Ostens, Ludwig Maximilian Universit\u00e4t M\u00fcnchen)<\/p>\n<p>&nbsp;<\/p>\n<p>Prof. dr. sc. Matthias Pfaffenbichler (\u201eHofjagd- und R\u00fcstkammer\u201c, Kunsthistorisches Museum, Wien)<\/p>\n<p>&nbsp;<\/p>\n<p>Prof. dr. sc. Drago Roksandi\u0107 (Odsjek za povijest i Centar za komparativnohistorijske i interkulturne studije Filozofskog fakulteta Sveu\u010dili\u0161ta u Zagrebu)<\/p>\n<p>&nbsp;<\/p>\n<p>Prof. dr. sc. em. Anton Schindling (Fachbereich Geschichtswissenschaft, Seminar f\u00fcr Neuere Geschichte, Eberhard-Karls-Universit\u00e4t, T\u00fcbingen)<\/p>\n<p>&nbsp;<\/p>\n<p>Holger Schuckelt (Oberkonservator Staatliche Kunstsammlungen Dresden, R\u00fcstkammer, Dresden)<\/p>\n<p>&nbsp;<\/p>\n<p>Dr. sc. Gab\u00f3r Tomka (Curator of the Late Medieval Archaeological Collection Deputy, Hungarian National Museum, Budapest)<\/p>\n<p>&nbsp;<\/p>\n<p>&nbsp;<\/p>\n<p>&nbsp;<\/p>\n<p>Dogovoreno je da se tom prilikom, u suradnji s zainteresiranim hrvatskim stru\u010dnjacima, odr\u017ei prva rasprava u okviru Jadranske\/Mediteranske radionice 2017.\/2018. godine na najavljenu temu<\/p>\n<p>&nbsp;<\/p>\n<p>&nbsp;<\/p>\n<p>&nbsp;<\/p>\n<p>Kako vrednovati osmansku ba\u0161tinu na Mediteranu i u Europi? Klju\u010dna pitanja pristupa<\/p>\n<p>&nbsp;<\/p>\n<p>&nbsp;<\/p>\n<p>&nbsp;<\/p>\n<p>Kra\u0107a uvodna priop\u0107enja podnijet \u0107e s hrvatske strane (abecednim redoslijedom):<\/p>\n<p>&nbsp;<\/p>\n<p>&nbsp;<\/p>\n<p>&nbsp;<\/p>\n<p>Dora Bo\u0161kovi\u0107 (muzejska savjetnica, Zbirka oru\u017eja, Hrvatski povijesni muzej)<\/p>\n<p>&nbsp;<\/p>\n<p>Dr. sc. Marina Bregovac Pisk (muzejska savjetnica, Zbirka slika, grafika i<\/p>\n<p>skulptura, Hrvatski povijesni muzej)<\/p>\n<p>&nbsp;<\/p>\n<p>Dr. sc. Vjeran Kursar (Katedra za turkologiju i Odsjek za povijest Filozofskog fakulteta Sveu\u010dili\u0161ta u Zagrebu)<\/p>\n<p>&nbsp;<\/p>\n<p>Mag. hist. i arh. Edin Mufti\u0107 (Islamski enciklopedijski almanah, Leksikografski zavod Miroslav Krle\u017ea)<\/p>\n<p>&nbsp;<\/p>\n<p>Dr. sc. Tatjana Pai\u0107-Vuki\u0107 (vi\u0161a znanstvena suradnica, Arhiv Hrvatske akademije znanosti i umjetnosti i Katedra za turkologiju Filozofskog fakulteta Sveu\u010dili\u0161ta u Zagrebu)<\/p>\n<p>&nbsp;<\/p>\n<p>Dr. sc. An\u0111elko Vla\u0161i\u0107 (Hrvatski institut za povijest \u2013 Podru\u017enica za povijest Slavonije, Srijema i Baranje, Brod i Odsjek za povijest Filozofskog fakulteta Sveu\u010dili\u0161ta Josipa Jurja Strossmayera u Osijeku)<\/p>\n<p>&nbsp;<\/p>\n<p>&nbsp;<\/p>\n<p>&nbsp;<\/p>\n<p>Te\u017ei\u0161te \u0107e biti na aktualnim iskustvima i kontroverzama povijesnih, kulturolo\u0161kih i ekolo\u0161kih istra\u017eivanja osmanske ba\u0161tine na Mediteranu i Europi u dugom povijesnom trajanju od kasnoga srednjeg vijeka do 20. stolje\u0107a. Raspravu \u0107e moderirati prof. dr. sc. Drago Roksandi\u0107. Radni jezik skupa je engleski.<\/p>\n<p>&nbsp;<\/p>\n<p>&nbsp;<\/p>\n<p>&nbsp;<\/p>\n<p>Molimo doktorande zainteresirane za \u201eJadransku\/Mediteransku radionicu 2017.\/2018., koja \u0107e biti organizirana u vi\u0161e termina u zimskom i ljetnom semestru 2017.\/2018. godine, da se jave na adresu voditelja Radionice, prof. dr. sc. Drage Roksandi\u0107a (drago.roksandic@ffzg.hr).<\/p>\n<p>&nbsp;<\/p>\n<p>Izvor: <a href=\"http:\/\/www.ffzg.unizg.hr\/\">http:\/\/www.ffzg.unizg.hr\/<\/a><\/p>\n<p>&nbsp;<\/p>\n<p><a href=\"https:\/\/historiografija.hr\/wp-content\/uploads\/2017\/10\/Jadransko-mediteranska-radionica.pdf\">Jadransko-mediteranska-radionica<\/a><\/p>\n","protected":false},"excerpt":{"rendered":"","protected":false},"author":2,"featured_media":6141,"comment_status":"open","ping_status":"open","sticky":false,"template":"","format":"standard","meta":{"_acf_changed":false,"jetpack_post_was_ever_published":false,"_jetpack_newsletter_access":"","_jetpack_dont_email_post_to_subs":false,"_jetpack_newsletter_tier_id":0,"_jetpack_memberships_contains_paywalled_content":false,"_jetpack_memberships_contains_paid_content":false,"footnotes":"","jetpack_publicize_message":"","jetpack_publicize_feature_enabled":true,"jetpack_social_post_already_shared":true,"jetpack_social_options":{"image_generator_settings":{"template":"highway","default_image_id":0,"font":"","enabled":false},"version":2}},"categories":[3,9],"tags":[],"class_list":["post-6139","post","type-post","status-publish","format-standard","has-post-thumbnail","hentry","category-novosti","category-skupovi"],"acf":{"facebook_opis":""},"jetpack_publicize_connections":[],"jetpack_featured_media_url":"https:\/\/i0.wp.com\/historiografija.hr\/wp-content\/uploads\/2017\/10\/Jadranska-radionica.jpg?fit=748%2C1058&ssl=1","jetpack_sharing_enabled":true,"jetpack-related-posts":[{"id":52552,"url":"https:\/\/historiografija.hr\/?p=52552","url_meta":{"origin":6139,"position":0},"title":"Besplatni glazbeni antikvarijat","author":"Branimir Jankovi\u0107","date":"20. travnja 2026.","format":false,"excerpt":"Muzi\u010dka akademija Sveu\u010dili\u0161ta u Zagrebu 23. travnja 2026. od 10 do 17 sati Pozivamo Vas na Besplatni glazbeni antikvarijat, koji u sklopu manifestacije No\u0107 knjige 2026. organizira Hrvatska udruga muzi\u010dkih knji\u017enica, arhiva i dokumentacijskih centara (HUMKAD). Antikvarijat \u0107e se odr\u017eati na Svjetski dan knjige \u2013 u \u010detvrtak 23. travnja 2026.\u2026","rel":"","context":"U &quot;Novosti&quot;","block_context":{"text":"Novosti","link":"https:\/\/historiografija.hr\/?cat=3"},"img":{"alt_text":"","src":"https:\/\/i0.wp.com\/historiografija.hr\/wp-content\/uploads\/2026\/04\/Besplatni-glazbeni-antikvarijat-23.-4.-2026.jpg?fit=1200%2C848&ssl=1&resize=350%2C200","width":350,"height":200,"srcset":"https:\/\/i0.wp.com\/historiografija.hr\/wp-content\/uploads\/2026\/04\/Besplatni-glazbeni-antikvarijat-23.-4.-2026.jpg?fit=1200%2C848&ssl=1&resize=350%2C200 1x, https:\/\/i0.wp.com\/historiografija.hr\/wp-content\/uploads\/2026\/04\/Besplatni-glazbeni-antikvarijat-23.-4.-2026.jpg?fit=1200%2C848&ssl=1&resize=525%2C300 1.5x, https:\/\/i0.wp.com\/historiografija.hr\/wp-content\/uploads\/2026\/04\/Besplatni-glazbeni-antikvarijat-23.-4.-2026.jpg?fit=1200%2C848&ssl=1&resize=700%2C400 2x, https:\/\/i0.wp.com\/historiografija.hr\/wp-content\/uploads\/2026\/04\/Besplatni-glazbeni-antikvarijat-23.-4.-2026.jpg?fit=1200%2C848&ssl=1&resize=1050%2C600 3x"},"classes":[]},{"id":52439,"url":"https:\/\/historiografija.hr\/?p=52439","url_meta":{"origin":6139,"position":1},"title":"Tribina &#8220;Ahmi\u0107i 33 godine kasnije: Ne u na\u0161e ime&#8221;","author":"Branimir Jankovi\u0107","date":"16. travnja 2026.","format":false,"excerpt":"U \u010detvrtak, 16. travnja 2026. u 17 sati u Knji\u017enici i \u010ditaonici Bogdana Ogrizovi\u0107a u Zagrebu odr\u017eat \u0107e se tribina pod nazivom Ahmi\u0107i 33 godine kasnije: Ne u na\u0161e ime. Na tribini \u0107e govoriti Ivica \u0110iki\u0107, novinar, Mubera Masli\u0107 \u2013 \u017ddralovi\u0107, aktivistikinja, prevoditeljica za arapski, Domagoj Fuk, student politologije, \u010dlan\u2026","rel":"","context":"U &quot;Novosti&quot;","block_context":{"text":"Novosti","link":"https:\/\/historiografija.hr\/?cat=3"},"img":{"alt_text":"","src":"https:\/\/i0.wp.com\/historiografija.hr\/wp-content\/uploads\/2026\/04\/Zagreb_2026.jpeg?fit=1200%2C900&ssl=1&resize=350%2C200","width":350,"height":200,"srcset":"https:\/\/i0.wp.com\/historiografija.hr\/wp-content\/uploads\/2026\/04\/Zagreb_2026.jpeg?fit=1200%2C900&ssl=1&resize=350%2C200 1x, https:\/\/i0.wp.com\/historiografija.hr\/wp-content\/uploads\/2026\/04\/Zagreb_2026.jpeg?fit=1200%2C900&ssl=1&resize=525%2C300 1.5x, https:\/\/i0.wp.com\/historiografija.hr\/wp-content\/uploads\/2026\/04\/Zagreb_2026.jpeg?fit=1200%2C900&ssl=1&resize=700%2C400 2x, https:\/\/i0.wp.com\/historiografija.hr\/wp-content\/uploads\/2026\/04\/Zagreb_2026.jpeg?fit=1200%2C900&ssl=1&resize=1050%2C600 3x"},"classes":[]},{"id":52666,"url":"https:\/\/historiografija.hr\/?p=52666","url_meta":{"origin":6139,"position":2},"title":"Najava programa Festivala povijesti Kliofest (5-8. V. 2026)","author":"Branimir Jankovi\u0107","date":"24. travnja 2026.","format":false,"excerpt":"Po trinaesti put odr\u017eava se Festival povijesti Kliofest! Do petka \u0107emo odr\u017eati osam okruglih stolova i dva kolokvija te niz predstavljanja knjiga i projekata razli\u010dite tematike, od antike do suvremenosti. Bit \u0107e predstavljeno i nekoliko izlo\u017ebi te odr\u017ean jedan povijesni kviz. Prikazat \u0107emo i jedan film \u2013 o generalu Boroevi\u0107u.\u2026","rel":"","context":"U &quot;Novosti&quot;","block_context":{"text":"Novosti","link":"https:\/\/historiografija.hr\/?cat=3"},"img":{"alt_text":"","src":"https:\/\/i0.wp.com\/historiografija.hr\/wp-content\/uploads\/2026\/04\/Kliofest-2026.jpg?fit=526%2C526&ssl=1&resize=350%2C200","width":350,"height":200,"srcset":"https:\/\/i0.wp.com\/historiografija.hr\/wp-content\/uploads\/2026\/04\/Kliofest-2026.jpg?fit=526%2C526&ssl=1&resize=350%2C200 1x, https:\/\/i0.wp.com\/historiografija.hr\/wp-content\/uploads\/2026\/04\/Kliofest-2026.jpg?fit=526%2C526&ssl=1&resize=525%2C300 1.5x"},"classes":[]},{"id":52654,"url":"https:\/\/historiografija.hr\/?p=52654","url_meta":{"origin":6139,"position":3},"title":"Gostuju\u0107e predavanje &#8211; Danijel D\u017eino \u201eKasnoanti\u010dke i ranosrednjovjekovne gra\u0111evine u Brezi: Spomenici nepotpune biografije\u201c","author":"Branimir Jankovi\u0107","date":"24. travnja 2026.","format":false,"excerpt":"Doktorski studij predmoderne povijesti poziva na predavanje \"Kasnoanti\u010dke i ranosrednjovjekovne gra\u0111evine u Brezi: Spomenici nepotpune biografije\u201d koje \u0107e odr\u017eati profesor Danijel D\u017eino sa Sveu\u010dili\u0161ta Macquarie u Sydneyu u\u00a0utorak 28. travnja 2026. u 17h u Konferencijskoj dvorani Knji\u017enice Filozofskog fakulteta u Zagrebu. Predavanje \u0107e predo\u010diti nova saznanja dobivena kroz arhivsko-dokumentarna istra\u017eivanja\u2026","rel":"","context":"U &quot;Novosti&quot;","block_context":{"text":"Novosti","link":"https:\/\/historiografija.hr\/?cat=3"},"img":{"alt_text":"","src":"https:\/\/i0.wp.com\/historiografija.hr\/wp-content\/uploads\/2026\/04\/Dzino.jpg?fit=980%2C819&ssl=1&resize=350%2C200","width":350,"height":200,"srcset":"https:\/\/i0.wp.com\/historiografija.hr\/wp-content\/uploads\/2026\/04\/Dzino.jpg?fit=980%2C819&ssl=1&resize=350%2C200 1x, https:\/\/i0.wp.com\/historiografija.hr\/wp-content\/uploads\/2026\/04\/Dzino.jpg?fit=980%2C819&ssl=1&resize=525%2C300 1.5x, https:\/\/i0.wp.com\/historiografija.hr\/wp-content\/uploads\/2026\/04\/Dzino.jpg?fit=980%2C819&ssl=1&resize=700%2C400 2x"},"classes":[]},{"id":52563,"url":"https:\/\/historiografija.hr\/?p=52563","url_meta":{"origin":6139,"position":4},"title":"Predavanje Nenada Fabijani\u0107a o stadionu Poljud u Splitu","author":"Branimir Jankovi\u0107","date":"21. travnja 2026.","format":false,"excerpt":"Znanstveno vije\u0107e za arhitekturu, urbanizam i ure\u0111enje prostora Hrvatske akademije znanosti i umjetnosti organizira predavanje \u201cPo Poljudu\u201d koje \u0107e u srijedu 22. travnja 2026. s po\u010detkom u 14 sati u Knji\u017enici HAZU, Strossmayerov trg 14 u Zagrebu, odr\u017eati\u00a0prof. emerit. dr. art. Nenad Fabijani\u0107,\u00a0\u010dlan suradnik HAZU. Predavanje \u201ePo Poljudu\u201c (Projekt obnove)\u2026","rel":"","context":"U &quot;Novosti&quot;","block_context":{"text":"Novosti","link":"https:\/\/historiografija.hr\/?cat=3"},"img":{"alt_text":"","src":"https:\/\/i0.wp.com\/historiografija.hr\/wp-content\/uploads\/2026\/04\/Poljud-scaled.jpeg?fit=1200%2C800&ssl=1&resize=350%2C200","width":350,"height":200,"srcset":"https:\/\/i0.wp.com\/historiografija.hr\/wp-content\/uploads\/2026\/04\/Poljud-scaled.jpeg?fit=1200%2C800&ssl=1&resize=350%2C200 1x, https:\/\/i0.wp.com\/historiografija.hr\/wp-content\/uploads\/2026\/04\/Poljud-scaled.jpeg?fit=1200%2C800&ssl=1&resize=525%2C300 1.5x, https:\/\/i0.wp.com\/historiografija.hr\/wp-content\/uploads\/2026\/04\/Poljud-scaled.jpeg?fit=1200%2C800&ssl=1&resize=700%2C400 2x, https:\/\/i0.wp.com\/historiografija.hr\/wp-content\/uploads\/2026\/04\/Poljud-scaled.jpeg?fit=1200%2C800&ssl=1&resize=1050%2C600 3x"},"classes":[]},{"id":52607,"url":"https:\/\/historiografija.hr\/?p=52607","url_meta":{"origin":6139,"position":5},"title":"No\u0107 knjige: Kako je prije 410 godina smr\u0107u Shakespearea i Cervantesa zavr\u0161ilo razdoblje renesanse u knji\u017eevnosti","author":"Branimir Jankovi\u0107","date":"22. travnja 2026.","format":false,"excerpt":"\u010cetvrtak, 23. travnja 2026. u 18:00 sati, Knji\u017eara Matice hrvatske, Ulica Matice hrvatske 2, Zagreb Uvodna rije\u010d: dr. sc.\u00a0Dubravka Brezak Stama\u0107, pro\u010delnica Odjela za knji\u017eevnost Matice hrvatske Prof. dr. sc. Ivan Lupi\u0107, redoviti profesor u Odsjeku za anglistiku i Odsjeku za kroatistiku Sveu\u010dili\u0161ta u RijeciShakespeare, kazali\u0161te, glazbaKada se susre\u0107emo sa\u2026","rel":"","context":"U &quot;Novosti&quot;","block_context":{"text":"Novosti","link":"https:\/\/historiografija.hr\/?cat=3"},"img":{"alt_text":"","src":"https:\/\/i0.wp.com\/historiografija.hr\/wp-content\/uploads\/2026\/04\/noc_knjige_2026.jpg?fit=680%2C276&ssl=1&resize=350%2C200","width":350,"height":200,"srcset":"https:\/\/i0.wp.com\/historiografija.hr\/wp-content\/uploads\/2026\/04\/noc_knjige_2026.jpg?fit=680%2C276&ssl=1&resize=350%2C200 1x, https:\/\/i0.wp.com\/historiografija.hr\/wp-content\/uploads\/2026\/04\/noc_knjige_2026.jpg?fit=680%2C276&ssl=1&resize=525%2C300 1.5x"},"classes":[]}],"_links":{"self":[{"href":"https:\/\/historiografija.hr\/index.php?rest_route=\/wp\/v2\/posts\/6139","targetHints":{"allow":["GET"]}}],"collection":[{"href":"https:\/\/historiografija.hr\/index.php?rest_route=\/wp\/v2\/posts"}],"about":[{"href":"https:\/\/historiografija.hr\/index.php?rest_route=\/wp\/v2\/types\/post"}],"author":[{"embeddable":true,"href":"https:\/\/historiografija.hr\/index.php?rest_route=\/wp\/v2\/users\/2"}],"replies":[{"embeddable":true,"href":"https:\/\/historiografija.hr\/index.php?rest_route=%2Fwp%2Fv2%2Fcomments&post=6139"}],"version-history":[{"count":3,"href":"https:\/\/historiografija.hr\/index.php?rest_route=\/wp\/v2\/posts\/6139\/revisions"}],"predecessor-version":[{"id":6144,"href":"https:\/\/historiografija.hr\/index.php?rest_route=\/wp\/v2\/posts\/6139\/revisions\/6144"}],"wp:featuredmedia":[{"embeddable":true,"href":"https:\/\/historiografija.hr\/index.php?rest_route=\/wp\/v2\/media\/6141"}],"wp:attachment":[{"href":"https:\/\/historiografija.hr\/index.php?rest_route=%2Fwp%2Fv2%2Fmedia&parent=6139"}],"wp:term":[{"taxonomy":"category","embeddable":true,"href":"https:\/\/historiografija.hr\/index.php?rest_route=%2Fwp%2Fv2%2Fcategories&post=6139"},{"taxonomy":"post_tag","embeddable":true,"href":"https:\/\/historiografija.hr\/index.php?rest_route=%2Fwp%2Fv2%2Ftags&post=6139"}],"curies":[{"name":"wp","href":"https:\/\/api.w.org\/{rel}","templated":true}]}}