{"id":6122,"date":"2017-10-03T08:47:17","date_gmt":"2017-10-03T08:47:17","guid":{"rendered":"http:\/\/historiografija.hr\/?p=6122"},"modified":"2017-10-03T08:47:17","modified_gmt":"2017-10-03T08:47:17","slug":"the-saints-of-rome-diffusion-and-reception-from-late-antiquity-to-the-early-modern-period-international-conference-in-rome-october-4-6-2017","status":"publish","type":"post","link":"https:\/\/historiografija.hr\/?p=6122","title":{"rendered":"The Saints of Rome: Diffusion and Reception from Late Antiquity to the Early Modern Period: International Conference in Rome (October 4-6, 2017)"},"content":{"rendered":"<p>Ma\u0111arsko hagiografsko dru\u0161tvo i Hrvatsko hagiografsko dru\u0161tvo organiziraju u Rimu (4-6.X.2017) \u0161estu me\u0111unarodnu hagiografsku konferenciju.<\/p>\n<p>&nbsp;<\/p>\n<p>&nbsp;<\/p>\n<p>&#8212;<\/p>\n<p>&nbsp;<\/p>\n<p>&nbsp;<\/p>\n<p><strong>6th International Hagiotheca Conference &#8211; The Saints of Rome<\/strong><\/p>\n<p>&nbsp;<\/p>\n<p>The Hungarian Association for Hagiographical Studies,<\/p>\n<p>in cooperation with Hagiotheca, the Croatian Hagiography Society,<\/p>\n<p>&nbsp;<\/p>\n<p>with the patronage of the Pontifical Council for Culture,<\/p>\n<p>&nbsp;<\/p>\n<p>present<\/p>\n<p>&nbsp;<\/p>\n<p>the 6th International Hagiotheca Conference<\/p>\n<p>&nbsp;<\/p>\n<p>The Saints of Rome: Diffusion and Reception from Late Antiquity to the Early Modern Period<\/p>\n<p>&nbsp;<\/p>\n<p>Rome, 4-6 October 2017<\/p>\n<p>&nbsp;<\/p>\n<p>&nbsp;<\/p>\n<p>Accademia d\u2019Ungheria in Roma<br \/>\nPalazzo Falconieri, Via Giulia 1<\/p>\n<p>&nbsp;<\/p>\n<p>&nbsp;<\/p>\n<p><strong>PROGRAMME:<\/strong><\/p>\n<p>OCTOBER 4, WEDNESDAY<\/p>\n<p>3:00-6:00 pm registration<\/p>\n<p>5:00 pm BOOK PRESENTATION<\/p>\n<p>Pagans and Christians in the Late Roman Empire: New Evidence, New Approaches (4th-8thcenturies). Edited by Marianne S\u00e1ghy \u2013 Edward M. Schoolman. Budapest: CEU Press, 2017.<br \/>\nPresented by Rita LizziTesta (University of Perugia) and Trpimir Vedri\u0161 (University of Zagreb, Hagiotheca)<\/p>\n<p>Les saints face aux barbares au haut Moyen Age. R\u00e9alit\u00e9s et l\u00e9gendes. Edited by Edina Bozoky. Rennes: Presses Universitaires de Rennes, 2017.<br \/>\nPresented by Hugh Doherty (University of East Anglia)<\/p>\n<p>6:00 pm coffee break<\/p>\n<p>6:30 pm Opening of the conference<\/p>\n<p>Istv\u00e1n Pusk\u00e1s, Director of the Hungarian Academy of Rome<br \/>\nG\u00e1bor Klaniczay, Professor, Central European University, Budapest<br \/>\nH.E. Eduard Habsburg-Lothringen, Ambassador of Hungary to the Holy See<br \/>\nH. E. Neven Pelicari\u0107, Ambassador of Croatia to the Holy See<br \/>\nH.E. Pierre-Yves Fux, Ambassador of Switzerland to the Holy See and in Slovenia<\/p>\n<p>7:00 pm Keynote Lecture<\/p>\n<p>Alessandra Bartolomei Romagnoli (Pontifical Gregorian University)<br \/>\nLa citt\u00e0 delle reliquie. La reinvenzione del mito di Roma nello specchio delle fonti letterarie del Medio Evo<\/p>\n<p>chaired by G\u00e1bor Klaniczay (Central European University, Budapest)<\/p>\n<p>OCTOBER 5 THURSDAY<\/p>\n<p>First Morning session (9:00-10:30 am)<\/p>\n<p>Chair: Mons. Pasquale Iacobone, Secretary of the Pontifical Commission for Sacred Archeology<\/p>\n<p>The Patrons of Rome<\/p>\n<p>Agnese Pergola (Pontifical Institute of Christian Archaeology, Rome)<br \/>\nThe Promotion of Saints\u2019 Cults through Images in the Roman Catacombs: Private and Ecclesiastical Commissions<br \/>\nSamuel Cohen (Sonoma State University)<br \/>\nRelics and Reconciliation: The Papacy, the Cult of Saints, and the Creation of Sacred Space in Late Antique Rome<br \/>\nAndr\u00e1s Handl (University of Leuven)<br \/>\nCalixtus martyr et episcopus Romae: (Re)Invention and Afterlife of a Forgotten Saint<\/p>\n<p>Coffee break (10:30-11:00 am)<\/p>\n<p>Second Morning session (11:00\u2013 12:00 pm)<\/p>\n<p>Chair: Ana Marinkovi\u0107, University of Zagreb<\/p>\n<p>Text and Devotion<\/p>\n<p>D\u00e1vid Falvay (E\u00f6tv\u00f6s Lor\u00e1nd University, Budapest)<br \/>\nSaint Cecilia: a Roman Martyr in Late Medieval Devotional Literature<br \/>\nMathilde van Dijk (University of Groningen)<br \/>\nSaint Lawrence and Reform in the Low Countries<\/p>\n<p>Lunch break<br \/>\n(12:00-1:30 pm)<\/p>\n<p>Poster presentations and discussion (1:30-3:30 pm)<\/p>\n<p>Chair: Edward M. Schoolman, University of Nevada, Reno<\/p>\n<p>David Franz Hobelleitner (University of Graz)<br \/>\nSaint Clement of Rome &#8211; A Saint and His City?<br \/>\nInes Ivi\u0107 (Central European University, Budapest)<br \/>\nJerome as a Roman Saint: The Translation of His Relics and the Construction of His Cult in Santa Maria Maggiore<br \/>\nIliana Kandzha (Central European University, Budapest)<br \/>\nAppropriating Saint Lawrence in the Imperial Hagiography and Iconography of Saint Henry II<br \/>\nLilla M\u00e1ty\u00f3k-Engel (Humboldt University, Berlin)<br \/>\nSienese Success in Rome. A Procession Crucifixus and a Relic Box as Agents in the Recognition of the Stigmatization of Saint Catherine of Siena<br \/>\nEszter Konr\u00e1d (Central European University, Budapest)<br \/>\nThe Bride of Christ Goes to the Urbs: Saint Catherine of Siena and Rome in Late Medieval Hungarian Codices<br \/>\nNina Niedermeier (Ludwig-Maximilians University, M\u00fcnchen)<br \/>\nLocalizing Miracles: Local Spanish Cults and Ignatius of Loyola&#8217;s Career<br \/>\nas \u00absanto di Roma\u00bb<\/p>\n<p>Lena Terlisten (Philipps University, Marburg)<br \/>\nRoman Catacomb Saints in Milan<br \/>\nDorottya Uhrin (E\u00f6tv\u00f6s Lor\u00e1nd University, Budapest)<br \/>\nItalian Influences in the Cult of Saint Barbara in Hungary?<\/p>\n<p>Coffee break (3:30-4:00 pm)<\/p>\n<p>Afternoon session (4:00-6:00 pm)<\/p>\n<p>Chair: Angelo di Berardino, Institutum Patristicum Augustinianum<\/p>\n<p>Roman Saints Abroad: Early Medieval I<\/p>\n<p>Marianne S\u00e1ghy (Central European University and E\u00f6tv\u00f6s Lor\u00e1nd University, Budapest)<br \/>\nThe Cult of Saint Peter and Paul from Pannonia to Hungary<br \/>\nEdward M. Schoolman (University of Nevada, Reno)<br \/>\nTranslating Saints from Rome to Romagna: Building Medieval Ravenna&#8217;s Hagiographic Landscape<br \/>\nEdina Boz\u00f3ky (University of Poitiers)<br \/>\nThe Relationship of Local Apostolic Saints with Saint Peter and Saint Clement<br \/>\nHugh Doherty (University of East Anglia)<br \/>\nThe Saints of Rome in Anglo-Norman England<\/p>\n<p>Coffee break (6:30-7 pm)<\/p>\n<p>7 pm: Keynote Lecture<br \/>\nRoberto Rusconi(AISSCA)<\/p>\n<p>\u00abRomanus pontifex indubitanter efficitur sanctus\u00bb: Between (Supposed) Martyrdom and (Failed) Canonization Process<\/p>\n<p>chaired by Francesco Scorza Barcellona (University of Rome &#8220;Tor Vergata&#8221; &#8211; AISSCA)<\/p>\n<p>8:30 pm Organ Concert of L\u00e1szl\u00f3 Alm\u00e1sy<br \/>\nChiesa di Santa Dorotea (via di Santa Dorotea, 23)<\/p>\n<p>OCTOBER 6 FRIDAY<\/p>\n<p>First Morning session (9:00-10:30 am)<\/p>\n<p>Chair: Marianne S\u00e1ghy, Central European University, Budapest<\/p>\n<p>Roman Saints Abroad: Early Medieval II<\/p>\n<p>Eric Devos (Archive and the heritage council, Ronse)<br \/>\nTracing the Itinerary of Saint Hermes: Iconography as an Indicator of the Whereabouts of a Roman Martyr<br \/>\nDiana Atanassova (University of Sofia \u201cSaint Clement of Ohrid\u201d)<br \/>\nThe Cult of Saint Clement of Rome in Medieval Bulgaria<br \/>\nAna Marinkovi\u0107 \u2013 Trpimir Vedri\u0161 (University of Zagreb, Hagiotheca)<br \/>\nMissing Link: The Roman Layer of Early Medieval East-Adriatic sanctorale<\/p>\n<p>Coffee break (10:30-11:00 am)<\/p>\n<p>Second Morning session (11:00am \u20131:30pm)<\/p>\n<p>Chair: Trpimir Vedri\u0161, University of Zagreb<\/p>\n<p>Roman Saints in Central Europe<br \/>\nEtele Kiss (Hungarian National Museum)<br \/>\nThe Holy Virgin and the Martyr Bishops of Rome on the Hungarian Coronation Mantle<br \/>\nB\u00e9la Zsolt Szak\u00e1cs (P\u00e1zm\u00e1ny P\u00e9ter Catholic University and CEU, Budapest)<br \/>\nRoman Saints in the Hungarian Angevin Court<br \/>\nDobros\u0142awa Horzela (Pontifical University of John Paul II, Cracow)<br \/>\nBetween Heresy and Sanctity: Visual Strategies in the Representation of the Life of Saint Alexis<br \/>\nJosipa Alvi\u017e (University of Zagreb)<br \/>\nSaint Felix of Cantalice: the \u201cSaint of the Roman Streets\u201c in Central Europe<\/p>\n<p>Marek Walczak (Jagiellonian University, Institute of Art History)<br \/>\nBetween the Eternal City and Cracow. Roman Aspects of the Cult of Saint Hyacinth of Poland OP (d. 1257)<\/p>\n<p>Lunch break (1:30-2:30 pm)<\/p>\n<p>Afternoon session (2:30-3:30pm)<\/p>\n<p>Chair: Jaime Garc\u00eda Bernal (University of Sevilla)<\/p>\n<p>Foreign Saints and Miracles in Rome<br \/>\nMaria H. Oen (Stockholm University)<br \/>\nRome and the Sanctity of Brigitta<br \/>\nJenni Kuuliala (University of Tampere)<br \/>\nCommunity and Veneration in Late Medieval and Early Modern Roman Miracles<\/p>\n<p>Coffee break (3:30-4:00 pm)<\/p>\n<p>Second Afternoon session (4:00 pm- 6 pm)<\/p>\n<p>Chair: Paolo Broggio, Universit\u00e0 Roma Tre<\/p>\n<p>Roman Saints in the Early Modern World<br \/>\nJasenka Gudelj (University of Zagreb)<br \/>\nSlavic Apostles Go to Rome: The Romanization of Saint Cyril and Saint Methodius in the Church of San Girolamo degli Schiavoni<br \/>\nIsabel Ruiz Garnelo (University of Valencia)<br \/>\nRoman Saints in Valencia? The Spiritual Legacy of the Borja Family<br \/>\nNicolette S. Trahoulia (Deree College, The American College of Greece)<br \/>\nCatherine of Siena in Viceregal Latin American Art<\/p>\n<p>Presentation of the conference project \u201cSaints And Sanctity in the Ibero-American Baroque\u201d (September 2018, Rome) by Fernando Quiles, Paolo Broggio, Jaime Garc\u00eda Bernal<\/p>\n<p>Coffee break (6pm-6:00 pm)<\/p>\n<p>6:30 pm: Concluding Remarks by G\u00e1bor Klaniczay<br \/>\n\u201cCatholic Sanctity and Roman Universalism\u201d<\/p>\n<p>&nbsp;<\/p>\n<p>&nbsp;<\/p>\n<p><a href=\"http:\/\/ungheriasantasede.blogspot.hr\/2017\/09\/6th-international-hagiotheca-conference.html\">http:\/\/ungheriasantasede.blogspot.hr\/2017\/09\/6th-international-hagiotheca-conference.html<\/a><\/p>\n<p>&nbsp;<\/p>\n","protected":false},"excerpt":{"rendered":"","protected":false},"author":2,"featured_media":6123,"comment_status":"open","ping_status":"open","sticky":false,"template":"","format":"standard","meta":{"_acf_changed":false,"jetpack_post_was_ever_published":false,"_jetpack_newsletter_access":"","_jetpack_dont_email_post_to_subs":false,"_jetpack_newsletter_tier_id":0,"_jetpack_memberships_contains_paywalled_content":false,"_jetpack_memberships_contains_paid_content":false,"footnotes":"","jetpack_publicize_message":"","jetpack_publicize_feature_enabled":true,"jetpack_social_post_already_shared":true,"jetpack_social_options":{"image_generator_settings":{"template":"highway","default_image_id":0,"font":"","enabled":false},"version":2}},"categories":[3,9],"tags":[],"class_list":["post-6122","post","type-post","status-publish","format-standard","has-post-thumbnail","hentry","category-novosti","category-skupovi"],"acf":{"facebook_opis":""},"jetpack_publicize_connections":[],"jetpack_featured_media_url":"https:\/\/i0.wp.com\/historiografija.hr\/wp-content\/uploads\/2017\/10\/SaintsofRome_net.jpg?fit=718%2C416&ssl=1","jetpack_sharing_enabled":true,"jetpack-related-posts":[{"id":52580,"url":"https:\/\/historiografija.hr\/?p=52580","url_meta":{"origin":6122,"position":0},"title":"Conference &#8220;Living in the aftermaths: Trauma, politics and survival in Yugoslavia and successor states, 1945 \u2013 present&#8221;","author":"Branimir Jankovi\u0107","date":"21. travnja 2026.","format":false,"excerpt":"The conference aims to explore how war-related psychological distress was experienced, narrated, debated and reframed in Yugoslavia in the second half of the twentieth century. It asks how the theme of wounded psyche and wartime suffering was addressed and acknowledged in political, psychiatric and broader cultural discourses of socialist Yugoslavia,\u2026","rel":"","context":"U &quot;Novosti&quot;","block_context":{"text":"Novosti","link":"https:\/\/historiografija.hr\/?cat=3"},"img":{"alt_text":"","src":"https:\/\/i0.wp.com\/historiografija.hr\/wp-content\/uploads\/2026\/04\/Battle_of_Neretva_Picasso_poster-Conference-Living-in-the-aftermaths.webp?fit=564%2C954&ssl=1&resize=350%2C200","width":350,"height":200,"srcset":"https:\/\/i0.wp.com\/historiografija.hr\/wp-content\/uploads\/2026\/04\/Battle_of_Neretva_Picasso_poster-Conference-Living-in-the-aftermaths.webp?fit=564%2C954&ssl=1&resize=350%2C200 1x, https:\/\/i0.wp.com\/historiografija.hr\/wp-content\/uploads\/2026\/04\/Battle_of_Neretva_Picasso_poster-Conference-Living-in-the-aftermaths.webp?fit=564%2C954&ssl=1&resize=525%2C300 1.5x"},"classes":[]},{"id":52622,"url":"https:\/\/historiografija.hr\/?p=52622","url_meta":{"origin":6122,"position":1},"title":"Annual CAPONEU conference: Political Novel in Europe Between Democracy and Authoritarianism","author":"Branimir Jankovi\u0107","date":"23. travnja 2026.","format":false,"excerpt":"Caponeu event 22.04.2026 - 24.04.2026 Location: The Faculty of Polish and Classical Philology AMU (Fredry 10, Pozna\u0144)Organized by: Tomasz Mizerkiewicz, Krystyna Pieni\u0105\u017cek-Markovi\u0107, Anna Gawarecka, Ewa Szperlik, Magda Potok, B\u0142a\u017cej Warkocki, Gerard Ronge (all Adam Mickiewicz University in Pozna\u0144)Contact: gerron@amu.edu.pl The Adam Mickiewicz University team, as part of the international CAPONEU\u2026","rel":"","context":"U &quot;Novosti&quot;","block_context":{"text":"Novosti","link":"https:\/\/historiografija.hr\/?cat=3"},"img":{"alt_text":"","src":"https:\/\/i0.wp.com\/historiografija.hr\/wp-content\/uploads\/2026\/04\/Caponeu-political-novel.jpg?fit=500%2C261&ssl=1&resize=350%2C200","width":350,"height":200},"classes":[]},{"id":52516,"url":"https:\/\/historiografija.hr\/?p=52516","url_meta":{"origin":6122,"position":2},"title":"Marko Grde\u0161i\u0107, Mislav \u017ditko, \u201eSocialist Economics in Yugoslavia: A Critical History\u201c","author":"Branimir Jankovi\u0107","date":"17. travnja 2026.","format":false,"excerpt":"This book presents a critical history of Yugoslav socialist economics, from its inception in the late 1940s to its dissolution in the late 1980s. After the dramatic break with the Soviet Union in 1948, Yugoslavia found itself in urgent need of a third way: A socialist trajectory which would not\u2026","rel":"","context":"U &quot;Knjige&quot;","block_context":{"text":"Knjige","link":"https:\/\/historiografija.hr\/?cat=8"},"img":{"alt_text":"","src":"https:\/\/i0.wp.com\/historiografija.hr\/wp-content\/uploads\/2026\/04\/Zitko_Grdesic.jpg?fit=350%2C535&ssl=1&resize=350%2C200","width":350,"height":200},"classes":[]},{"id":52531,"url":"https:\/\/historiografija.hr\/?p=52531","url_meta":{"origin":6122,"position":3},"title":"Jonathan G. Leslie, \u201eFear and Insecurity: Israel and the Iran Threat Narrative\u201c","author":"Branimir Jankovi\u0107","date":"17. travnja 2026.","format":false,"excerpt":"Why is Israel\u2019s former ally Iran now perceived as the country\u2019s greatest threat? Description To observers of the Iran-Israel conflict, its vitriolic rhetoric might suggest an ancient hatred between Jews and Muslims\u2013a biblical feud dating back hundreds, or thousands, of years. But this rivalry is a far more modern development.\u2026","rel":"","context":"U &quot;Knjige&quot;","block_context":{"text":"Knjige","link":"https:\/\/historiografija.hr\/?cat=8"},"img":{"alt_text":"","src":"https:\/\/i0.wp.com\/historiografija.hr\/wp-content\/uploads\/2026\/04\/Leslie.jpg?fit=391%2C612&ssl=1&resize=350%2C200","width":350,"height":200},"classes":[]},{"id":52641,"url":"https:\/\/historiografija.hr\/?p=52641","url_meta":{"origin":6122,"position":4},"title":"CfP: WHO OWNS THE PAST? VERNACULAR MEMORY, STATE MEMORY, AND THE POLITICS OF OWNERSHIP","author":"Branimir Jankovi\u0107","date":"24. travnja 2026.","format":false,"excerpt":"VIENNA, 31ST AUGUST\u20133RD SEPTEMBER 2026 (DEADLINE: 24TH APRIL 2026) The Center for Austrian Studies at the European Forum at the Hebrew University and the Austrian Academy of Sciences\/Institute of Culture Studies invite early postdocs, PhD candidates, and advanced Master\u2019s students from the Hebrew University of Jerusalem and universities and academic\u2026","rel":"","context":"U &quot;Novosti&quot;","block_context":{"text":"Novosti","link":"https:\/\/historiografija.hr\/?cat=3"},"img":{"alt_text":"","src":"https:\/\/i0.wp.com\/historiografija.hr\/wp-content\/uploads\/2017\/10\/hsozkult.png?fit=1006%2C241&ssl=1&resize=350%2C200","width":350,"height":200,"srcset":"https:\/\/i0.wp.com\/historiografija.hr\/wp-content\/uploads\/2017\/10\/hsozkult.png?fit=1006%2C241&ssl=1&resize=350%2C200 1x, https:\/\/i0.wp.com\/historiografija.hr\/wp-content\/uploads\/2017\/10\/hsozkult.png?fit=1006%2C241&ssl=1&resize=525%2C300 1.5x, https:\/\/i0.wp.com\/historiografija.hr\/wp-content\/uploads\/2017\/10\/hsozkult.png?fit=1006%2C241&ssl=1&resize=700%2C400 2x"},"classes":[]},{"id":52569,"url":"https:\/\/historiografija.hr\/?p=52569","url_meta":{"origin":6122,"position":5},"title":"[Predavanje] Ne \u010dekaju\u0107i inspiraciju \u2013 anga\u017eovane intelektualne, kulturalne i umetni\u010dke prakse u me\u0111uratnom periodu: teorija i praksa kriti\u010dke levice u jugoslovenskoj kulturi (YugoLab)","author":"Branimir Jankovi\u0107","date":"21. travnja 2026.","format":false,"excerpt":"U vreme agresivnog ja\u010danja globalne desnice, (pro)fa\u0161isti\u010dkih, rasisti\u010dkih i imperijalisti\u010dkih politika, dok je istovremeno globalna levica izrazito slaba, a progresivni pokreti atomizirani i fragmentisani, va\u017eno je iz savremene perspektive vratiti se revolucionarnim i emancipatorskim zbivanjima u jugoslovenskom (ali i s njima u vezi internacionalnim de\u0161avanjima), kao i dru\u0161tvenoj ulozi kulturalnih\u2026","rel":"","context":"U &quot;Novosti&quot;","block_context":{"text":"Novosti","link":"https:\/\/historiografija.hr\/?cat=3"},"img":{"alt_text":"","src":"","width":0,"height":0},"classes":[]}],"_links":{"self":[{"href":"https:\/\/historiografija.hr\/index.php?rest_route=\/wp\/v2\/posts\/6122","targetHints":{"allow":["GET"]}}],"collection":[{"href":"https:\/\/historiografija.hr\/index.php?rest_route=\/wp\/v2\/posts"}],"about":[{"href":"https:\/\/historiografija.hr\/index.php?rest_route=\/wp\/v2\/types\/post"}],"author":[{"embeddable":true,"href":"https:\/\/historiografija.hr\/index.php?rest_route=\/wp\/v2\/users\/2"}],"replies":[{"embeddable":true,"href":"https:\/\/historiografija.hr\/index.php?rest_route=%2Fwp%2Fv2%2Fcomments&post=6122"}],"version-history":[{"count":1,"href":"https:\/\/historiografija.hr\/index.php?rest_route=\/wp\/v2\/posts\/6122\/revisions"}],"predecessor-version":[{"id":6124,"href":"https:\/\/historiografija.hr\/index.php?rest_route=\/wp\/v2\/posts\/6122\/revisions\/6124"}],"wp:featuredmedia":[{"embeddable":true,"href":"https:\/\/historiografija.hr\/index.php?rest_route=\/wp\/v2\/media\/6123"}],"wp:attachment":[{"href":"https:\/\/historiografija.hr\/index.php?rest_route=%2Fwp%2Fv2%2Fmedia&parent=6122"}],"wp:term":[{"taxonomy":"category","embeddable":true,"href":"https:\/\/historiografija.hr\/index.php?rest_route=%2Fwp%2Fv2%2Fcategories&post=6122"},{"taxonomy":"post_tag","embeddable":true,"href":"https:\/\/historiografija.hr\/index.php?rest_route=%2Fwp%2Fv2%2Ftags&post=6122"}],"curies":[{"name":"wp","href":"https:\/\/api.w.org\/{rel}","templated":true}]}}