{"id":6099,"date":"2017-10-01T22:04:09","date_gmt":"2017-10-01T22:04:09","guid":{"rendered":"http:\/\/historiografija.hr\/?p=6099"},"modified":"2017-10-01T22:04:56","modified_gmt":"2017-10-01T22:04:56","slug":"15-festival-prvih-izmisljanje-tradicije","status":"publish","type":"post","link":"https:\/\/historiografija.hr\/?p=6099","title":{"rendered":"15. Festival prvih: izmi\u0161ljanje tradicije"},"content":{"rendered":"<p>Od 2. do 7. listopada 2017. u Zagrebu se\u00a0odr\u017eava 15. Festival prvih s temom \u201cizmi\u0161ljanja tradicije\u201d o kojoj \u0107e uz umjetnike i stru\u010dnjake raznih disciplina govoriti i povjesni\u010dari (2.10, 20h, Centar KNAP, Sejo Sexon i B.Jankovi\u0107).<\/p>\n<p>&nbsp;<\/p>\n<p>&nbsp;<\/p>\n<p>&#8212;<\/p>\n<p>&nbsp;<\/p>\n<p>&nbsp;<\/p>\n<p><strong>15. Festival prvih (2017)<\/strong><\/p>\n<p>&nbsp;<\/p>\n<p>&nbsp;<\/p>\n<p>Tema 15. Festivala prvih je: <strong>IZMI\u0160LJANJE TRADICIJE<\/strong><\/p>\n<p>&nbsp;<\/p>\n<p>&nbsp;<\/p>\n<p>Prema Hrvatskom enciklopedijskom rje\u010dniku (Novi Liber, Zagreb, 2003.), izmisliti (\u0161to), zna\u010di stvoriti ma\u0161tom ne\u010deg \u010dega nije bilo i nema [ ~ neprijatelja, ~ sukob ], a tradicija jest: 1. preno\u0161enje znanja, spoznaja, vjerovanja, legendi, obi\u010daja, kulturnih vrijednosti itd. s generacije na generaciju, iz jedne epohe u drugu, bilo usmenom predajom ili pismenom predajom, odgojem i dr. 2. dugotrajno uspostavljan na\u010din mi\u0161ljenja, ustaljeni obi\u010daji preuzeti iz ranijih razdoblja.<\/p>\n<p>&nbsp;<\/p>\n<p>&nbsp;<\/p>\n<p>Sintagmu izmi\u0161ljanje tradicije preuzimamo od britanskih povjesni\u010dara E.J. Hobsbawma (1917. \u2013 2012.) i T.O. Rangera (1929. \u2013 2015.) iz knjige istoga naslova (The Invention of Tradition) napisane 1983. godine. Prema Hobsbawmu: \u201cIzmi\u0161ljena tradicija\u201c ozna\u010dava skup praksi ritualne ili simboli\u010dke prirode, kojima u na\u010delu upravljaju javno ili pre\u0161utno prihva\u0107ena pravila \u010diji je cilj ponavljanjem usaditi odre\u0111ene vrijednosti, norme i pona\u0161anja. Ponavljanje automatski implicira kontinuitet s pro\u0161lo\u0161\u0107u. Kad god je to mogu\u0107e, \u201eizmi\u0161ljene tradicije\u201c te\u017ee uspostavi kontinuiteta s odre\u0111enom herojskom pro\u0161lo\u0161\u0107u. (&#8230;) Utoliko \u0161to pozivanje na herojsku pro\u0161lost postoji, posebnost je \u201eizmi\u0161ljenih tradicija\u201c u tome \u0161to je kontinuitet s tom pro\u0161lo\u0161\u0107u uglavnom umjetan. Ukratko, nastale kao odgovori na nove situacije, one se oblikuju kao aluzije na pro\u0161la doga\u0111anja ili same oblikuju svoju pro\u0161lost kroz kvaziobvezatno ponavljanje.\u201c (iz zbornika Kultura pam\u0107enja i historija, prir. Maja Brklja\u010di\u0107, Sandra Prlenda, Golden marketing-Tehni\u010dka knjiga, Zagreb 2006., 415 str.). U posljednjem (neprenesenom) retku Hobsbawmovog uvoda autor se nada kako \u0107e od knjige, i drugi, osim povjesni\u010dara, imati koristi.<\/p>\n<p>&nbsp;<\/p>\n<p>&nbsp;<\/p>\n<p>Koristi mo\u017ee biti od umjetni\u010dkog i teorijskog pro(e)tresanja uvrije\u017eenih introjeciranih stavova, te iniciranja promi\u0161ljanja dru\u0161tvenih pona\u0161anja koji nam se, na prvi pogled, mogu \u010diniti od stolje\u0107a 7., a zapravo, tek su nedavno dio svakodnevne prakse odre\u0111enih dru\u0161tvenih skupina. Drugi je smjer autoironijski, zaigran, pa se, koriste\u0107i prigodu obljetnice Festivala prvih, \u017eelimo baviti i pitanjem utjecaja vlastitog djelovanja, jesmo li tijekom ovih petnaest godina izmislili novum koji mo\u017ee postati tradicija?<\/p>\n<p>&nbsp;<\/p>\n<p>&nbsp;<\/p>\n<p><strong>PROGRAM 15. FESTIVALA PRVIH<\/strong><\/p>\n<p>&nbsp;<\/p>\n<p>&nbsp;<\/p>\n<p>KNAP, Ivani\u0107gradska 41a, Volov\u010dica<\/p>\n<p>&nbsp;<\/p>\n<p>&nbsp;<\/p>\n<p><strong>2. do 7.10.2017.<\/strong><\/p>\n<p>&nbsp;<\/p>\n<p>&nbsp;<\/p>\n<p>Ponedjeljak &#8211; 2.10 2017.<\/p>\n<p>&nbsp;<\/p>\n<p>17.00 \u2013 21.00<br \/>\nPINO J. IVAN\u010cI\u0106: KUHARSKI PERFORMANS<\/p>\n<p>&nbsp;<\/p>\n<p>GALERIJA DOGA\u0110ANJA<br \/>\n19.30<br \/>\notvaranje 15. Festivala prvih i izlo\u017ebe u Galeriji Doga\u0111anja<\/p>\n<p>&nbsp;<\/p>\n<p>FOAYER KNAP<br \/>\n20.00<br \/>\npredavanje<br \/>\nSEJO SEXON (Zabranjeno pu\u0161enje) i dr.sc. BRANIMIR JANKOVI\u0106 (povjesni\u010dar)<br \/>\nIZMI\u0160LJANJE TRADICIJE<\/p>\n<p>&nbsp;<\/p>\n<p>21.30<br \/>\nPINO J. IVAN\u010cI\u0106<br \/>\nPrezentacija performansa i degustacija<\/p>\n<p>&nbsp;<\/p>\n<p>&nbsp;<\/p>\n<p>Utorak &#8211; 3.10.2017.<\/p>\n<p>&nbsp;<\/p>\n<p>SCENA KNAP<br \/>\n19.00<br \/>\nNEVA LUKI\u0106 I SARA RAJAEI:<br \/>\nThe Motel in the Well, 2016. kratak film, 23&#8217;04&#8221;<br \/>\nproducenti: Geen Dank Produkties, Kreativni sindikat<br \/>\ndio kolekcije: Lima, Amsterdam<\/p>\n<p>&nbsp;<\/p>\n<p>20.00<br \/>\nTRIBINA<br \/>\ndr. sc. TANJA BUKOV\u010cAN<br \/>\nDOKUMENTACIJSKE PRAKSE U UMJETNOSTI KAO MATERIJAL ZA VIZUALNU ANTROPOLOGIJU<\/p>\n<p>&nbsp;<\/p>\n<p>Srijeda &#8211; 4.10.2017.<\/p>\n<p>back-stage, kod Glihinih groma\u010da<br \/>\n20.00<br \/>\nJOSIPA BUBA\u0160<br \/>\nDOZIVANJE, site-specific izvedba<\/p>\n<p>&nbsp;<\/p>\n<p>FOAYER<br \/>\n21.00<br \/>\nIVAN MARU\u0160I\u0106 KLIF<br \/>\nTATA KUPI MI SVE, glazbeni koloplet<\/p>\n<p>&nbsp;<\/p>\n<p>\u010cetvrtak &#8211; 5.10.2017.<\/p>\n<p>&nbsp;<\/p>\n<p>KONCERTNA DVORANA KNAP<br \/>\n18.00 \u2013 20.00<br \/>\nGLAZBENA RADIONICA ZA DJECU I ODRASLE<br \/>\nPREDRAG BOBI\u0106, profesor glazbene kulture i biv\u0161i basist Zabranjenog pu\u0161enja<br \/>\nUPOZNAJTE TRADICIJE GLAZBENIH LJESTVICA<\/p>\n<p>&nbsp;<\/p>\n<p>FOAYER KNAP<br \/>\n20.00<br \/>\nRAZGOVOR O SAMOSTALNOM KAZALI\u0160NOM RADU \u017dELJKA ZORICE NAKON KUGLA GLUMI\u0160TA<br \/>\nSudjeluju: Gordana Vnuk, Emil Mate\u0161i\u0107, Krunoslav Mavar, Vera Marelja i drugi<\/p>\n<p>&nbsp;<\/p>\n<p>GALERIJA DOGA\u0110ANJA<br \/>\n21.30<br \/>\nNIKOLA ISKRA I ANA ZORICA<br \/>\nPERFORMANS: JESMO LI NAPOKON SLOBODNI?<\/p>\n<p>&nbsp;<\/p>\n<p>&nbsp;<\/p>\n<p>Petak &#8211; 6.10.2017.<\/p>\n<p>SCENA KNAP<br \/>\n20.00<br \/>\nKEVIN DOYLE, SAD\/IRSKA<br \/>\nPREMIJERNA IZVEDBA: KONZUM\/CONSUME<\/p>\n<p>&nbsp;<\/p>\n<p>&nbsp;<\/p>\n<p>Subota &#8211; 7.10.2017.<\/p>\n<p>&nbsp;<\/p>\n<p>FOAYER KNAP<br \/>\n10.00 \u2013 13.00<br \/>\nMATIJA BOBEK<br \/>\nRADIONICA ZA DJECU I ODRASLE<br \/>\nSTVARANJE DIDAKTI\u010cKIH IGRA\u010cAKA OD PRIRODNIH MATERIJALA<\/p>\n<p>&nbsp;<\/p>\n<p>GALERIJA DOGA\u0110ANJA<br \/>\n18.00<br \/>\nRAZGOVOR<br \/>\nO FINANCIRANJU NEZAVISNE KULTURE I PREDSTAVLJANJE FONDA ZA DRUGE<br \/>\nSudjeluju ZVONIMIR DOBROVI\u0106 I KEVIN DOYLE<\/p>\n<p>&nbsp;<\/p>\n<p>&nbsp;<\/p>\n<p>Izvor i dodatne informacije: <a href=\"http:\/\/www.studio-artless.hr\/\">http:\/\/www.studio-artless.hr\/<\/a><\/p>\n<p>&nbsp;<\/p>\n<p>&nbsp;<\/p>\n<p>&nbsp;<\/p>\n","protected":false},"excerpt":{"rendered":"","protected":false},"author":2,"featured_media":6100,"comment_status":"open","ping_status":"open","sticky":false,"template":"","format":"standard","meta":{"_acf_changed":false,"jetpack_post_was_ever_published":false,"_jetpack_newsletter_access":"","_jetpack_dont_email_post_to_subs":false,"_jetpack_newsletter_tier_id":0,"_jetpack_memberships_contains_paywalled_content":false,"_jetpack_memberships_contains_paid_content":false,"footnotes":"","jetpack_publicize_message":"","jetpack_publicize_feature_enabled":true,"jetpack_social_post_already_shared":true,"jetpack_social_options":{"image_generator_settings":{"template":"highway","default_image_id":0,"font":"","enabled":false},"version":2}},"categories":[3],"tags":[],"class_list":["post-6099","post","type-post","status-publish","format-standard","has-post-thumbnail","hentry","category-novosti"],"acf":{"facebook_opis":""},"jetpack_publicize_connections":[],"jetpack_featured_media_url":"https:\/\/i0.wp.com\/historiografija.hr\/wp-content\/uploads\/2017\/10\/fp_1.jpg?fit=800%2C420&ssl=1","jetpack_sharing_enabled":true,"jetpack-related-posts":[{"id":52666,"url":"https:\/\/historiografija.hr\/?p=52666","url_meta":{"origin":6099,"position":0},"title":"Najava programa Festivala povijesti Kliofest (5-8. V. 2026)","author":"Branimir Jankovi\u0107","date":"24. travnja 2026.","format":false,"excerpt":"Po trinaesti put odr\u017eava se Festival povijesti Kliofest! Do petka \u0107emo odr\u017eati osam okruglih stolova i dva kolokvija te niz predstavljanja knjiga i projekata razli\u010dite tematike, od antike do suvremenosti. Bit \u0107e predstavljeno i nekoliko izlo\u017ebi te odr\u017ean jedan povijesni kviz. Prikazat \u0107emo i jedan film \u2013 o generalu Boroevi\u0107u.\u2026","rel":"","context":"U &quot;Novosti&quot;","block_context":{"text":"Novosti","link":"https:\/\/historiografija.hr\/?cat=3"},"img":{"alt_text":"","src":"https:\/\/i0.wp.com\/historiografija.hr\/wp-content\/uploads\/2026\/04\/Kliofest-2026.jpg?fit=526%2C526&ssl=1&resize=350%2C200","width":350,"height":200,"srcset":"https:\/\/i0.wp.com\/historiografija.hr\/wp-content\/uploads\/2026\/04\/Kliofest-2026.jpg?fit=526%2C526&ssl=1&resize=350%2C200 1x, https:\/\/i0.wp.com\/historiografija.hr\/wp-content\/uploads\/2026\/04\/Kliofest-2026.jpg?fit=526%2C526&ssl=1&resize=525%2C300 1.5x"},"classes":[]},{"id":52505,"url":"https:\/\/historiografija.hr\/?p=52505","url_meta":{"origin":6099,"position":1},"title":"Izlo\u017eba &#8220;Eschenstock \/ Jasenov prut&#8221;","author":"Branimir Jankovi\u0107","date":"17. travnja 2026.","format":false,"excerpt":"Srpsko narodno vije\u0107e (SNV) i Vizura aperta postavljaju izlo\u017ebu \u0161vicarskog slikara Velimira Ili\u0161evi\u0107a: Eschenstock \/ Jasenov prut. Izlo\u017eba se uz prisustvo autora otvara povodom 81. godi\u0161njice proboja logora\u0161a iz usta\u0161kog logora smrti Jasenovac 22. aprila 2026. u 19 sati u Srpskom kulturnom centru (SKC) u Preradovi\u0107evoj ulici 21 u Zagrebu.\u2026","rel":"","context":"U &quot;Izlo\u017ebe&quot;","block_context":{"text":"Izlo\u017ebe","link":"https:\/\/historiografija.hr\/?cat=10"},"img":{"alt_text":"","src":"https:\/\/i0.wp.com\/historiografija.hr\/wp-content\/uploads\/2026\/04\/Jasenov_prut.jpg?fit=1024%2C640&ssl=1&resize=350%2C200","width":350,"height":200,"srcset":"https:\/\/i0.wp.com\/historiografija.hr\/wp-content\/uploads\/2026\/04\/Jasenov_prut.jpg?fit=1024%2C640&ssl=1&resize=350%2C200 1x, https:\/\/i0.wp.com\/historiografija.hr\/wp-content\/uploads\/2026\/04\/Jasenov_prut.jpg?fit=1024%2C640&ssl=1&resize=525%2C300 1.5x, https:\/\/i0.wp.com\/historiografija.hr\/wp-content\/uploads\/2026\/04\/Jasenov_prut.jpg?fit=1024%2C640&ssl=1&resize=700%2C400 2x"},"classes":[]},{"id":52631,"url":"https:\/\/historiografija.hr\/?p=52631","url_meta":{"origin":6099,"position":2},"title":"Predavanje Ivana Tepe\u0161a: Djelovanje hrvatske politi\u010dke emigracije","author":"Branimir Jankovi\u0107","date":"23. travnja 2026.","format":false,"excerpt":"Odjel za me\u0111unarodnu suradnju i iseljeni\u0161tvo Matice hrvatske Predavanje Ivana Tepe\u0161a: Djelovanje hrvatske politi\u010dke emigracije Utorak, 28. travnja 2026. u 18:00 sati, Dvorana Ljudevita Jonkea (Mala dvorana MH), Strossmayerov trg 4, Zagreb dr. sc. Ivan Tepe\u0161, Institut za istra\u017eivanje migracija Hrvatska politi\u010dka emigracija obilje\u017eila je polustoljetnu hrvatsku povijest u drugoj\u2026","rel":"","context":"U &quot;Novosti&quot;","block_context":{"text":"Novosti","link":"https:\/\/historiografija.hr\/?cat=3"},"img":{"alt_text":"","src":"","width":0,"height":0},"classes":[]},{"id":52603,"url":"https:\/\/historiografija.hr\/?p=52603","url_meta":{"origin":6099,"position":3},"title":"No\u0107 knjige: Carska i kraljevska kuhinja","author":"Branimir Jankovi\u0107","date":"22. travnja 2026.","format":false,"excerpt":"Pozivamo vas da nam se pridru\u017eite 23. travnja 2026. u 18 sati u obilje\u017eavanju No\u0107i knjige u Pivnici Bobi&Rudi na Trgu Ivana Me\u0161trovi\u0107a u Zapru\u0111u u Zagrebu gdje uz kavu \u010ditamo recepte iz zemalja Austro-Ugarske Monarhije iz knjige Carska i kraljevska kuhinja, autora Roberta Mak\u0142owicza, u prijevodu Damira Agi\u010di\u0107a. Izvor:\u2026","rel":"","context":"U &quot;Novosti&quot;","block_context":{"text":"Novosti","link":"https:\/\/historiografija.hr\/?cat=3"},"img":{"alt_text":"","src":"https:\/\/i0.wp.com\/historiografija.hr\/wp-content\/uploads\/2026\/04\/Noc-knjige-Carska-i-kraljevska.jpg?fit=1200%2C1200&ssl=1&resize=350%2C200","width":350,"height":200,"srcset":"https:\/\/i0.wp.com\/historiografija.hr\/wp-content\/uploads\/2026\/04\/Noc-knjige-Carska-i-kraljevska.jpg?fit=1200%2C1200&ssl=1&resize=350%2C200 1x, https:\/\/i0.wp.com\/historiografija.hr\/wp-content\/uploads\/2026\/04\/Noc-knjige-Carska-i-kraljevska.jpg?fit=1200%2C1200&ssl=1&resize=525%2C300 1.5x, https:\/\/i0.wp.com\/historiografija.hr\/wp-content\/uploads\/2026\/04\/Noc-knjige-Carska-i-kraljevska.jpg?fit=1200%2C1200&ssl=1&resize=700%2C400 2x, https:\/\/i0.wp.com\/historiografija.hr\/wp-content\/uploads\/2026\/04\/Noc-knjige-Carska-i-kraljevska.jpg?fit=1200%2C1200&ssl=1&resize=1050%2C600 3x"},"classes":[]},{"id":52592,"url":"https:\/\/historiografija.hr\/?p=52592","url_meta":{"origin":6099,"position":4},"title":"Predstavljanje knjige &#8220;Turska ku\u0107a u Rijeci&#8221; u Zagrebu","author":"Branimir Jankovi\u0107","date":"22. travnja 2026.","format":false,"excerpt":"U prostorijama Turskog kulturnog centra Yunus Emre u Zagrebu, u utorak 21. travnja 2026. godine, odr\u017eano je sve\u010dano predstavljanje dopunjenog izdanja knjige Turska ku\u0107a u Rijeci, u organizaciji Hrvatsko-turskog dru\u0161tva Rijeka i partnerstvu sa Skupinom prijateljstva Hrvatska-Turska Hrvatskog sabora, Veleposlanstvom Republike Turske u Republici Hrvatskoj te Turskim kulturnim centrom Yunus\u2026","rel":"","context":"U &quot;Novosti&quot;","block_context":{"text":"Novosti","link":"https:\/\/historiografija.hr\/?cat=3"},"img":{"alt_text":"","src":"https:\/\/i0.wp.com\/historiografija.hr\/wp-content\/uploads\/2026\/04\/Turska-kuca-ZG.jpg?fit=1200%2C800&ssl=1&resize=350%2C200","width":350,"height":200,"srcset":"https:\/\/i0.wp.com\/historiografija.hr\/wp-content\/uploads\/2026\/04\/Turska-kuca-ZG.jpg?fit=1200%2C800&ssl=1&resize=350%2C200 1x, https:\/\/i0.wp.com\/historiografija.hr\/wp-content\/uploads\/2026\/04\/Turska-kuca-ZG.jpg?fit=1200%2C800&ssl=1&resize=525%2C300 1.5x, https:\/\/i0.wp.com\/historiografija.hr\/wp-content\/uploads\/2026\/04\/Turska-kuca-ZG.jpg?fit=1200%2C800&ssl=1&resize=700%2C400 2x, https:\/\/i0.wp.com\/historiografija.hr\/wp-content\/uploads\/2026\/04\/Turska-kuca-ZG.jpg?fit=1200%2C800&ssl=1&resize=1050%2C600 3x"},"classes":[]},{"id":52511,"url":"https:\/\/historiografija.hr\/?p=52511","url_meta":{"origin":6099,"position":5},"title":"Izlo\u017eba &#8220;Lica Sljemena&#8221;","author":"Branimir Jankovi\u0107","date":"17. travnja 2026.","format":false,"excerpt":"Srda\u010dno vas pozivamo na otvorenje izlo\u017ebe Lica Sljemena koje \u0107e se odr\u017eati u srijedu 22. travnja 2026. u 18 h ispred Muzeja Prigorja (Trg Dragutina Domjani\u0107a 5, Sesvete). Izlo\u017eba proizlazi iz istra\u017eivanja Nevene \u0160krbi\u0107 Alempijevi\u0107, Petre Kelemen i Sanje Potkonjak te intervjua sa Sljemena\u0161icama i Sljemena\u0161ima, koji su provedeni u\u2026","rel":"","context":"U &quot;Izlo\u017ebe&quot;","block_context":{"text":"Izlo\u017ebe","link":"https:\/\/historiografija.hr\/?cat=10"},"img":{"alt_text":"","src":"https:\/\/i0.wp.com\/historiografija.hr\/wp-content\/uploads\/2026\/04\/Izlozba-Lica-Sljemena.png?fit=1080%2C686&ssl=1&resize=350%2C200","width":350,"height":200,"srcset":"https:\/\/i0.wp.com\/historiografija.hr\/wp-content\/uploads\/2026\/04\/Izlozba-Lica-Sljemena.png?fit=1080%2C686&ssl=1&resize=350%2C200 1x, https:\/\/i0.wp.com\/historiografija.hr\/wp-content\/uploads\/2026\/04\/Izlozba-Lica-Sljemena.png?fit=1080%2C686&ssl=1&resize=525%2C300 1.5x, https:\/\/i0.wp.com\/historiografija.hr\/wp-content\/uploads\/2026\/04\/Izlozba-Lica-Sljemena.png?fit=1080%2C686&ssl=1&resize=700%2C400 2x, https:\/\/i0.wp.com\/historiografija.hr\/wp-content\/uploads\/2026\/04\/Izlozba-Lica-Sljemena.png?fit=1080%2C686&ssl=1&resize=1050%2C600 3x"},"classes":[]}],"_links":{"self":[{"href":"https:\/\/historiografija.hr\/index.php?rest_route=\/wp\/v2\/posts\/6099","targetHints":{"allow":["GET"]}}],"collection":[{"href":"https:\/\/historiografija.hr\/index.php?rest_route=\/wp\/v2\/posts"}],"about":[{"href":"https:\/\/historiografija.hr\/index.php?rest_route=\/wp\/v2\/types\/post"}],"author":[{"embeddable":true,"href":"https:\/\/historiografija.hr\/index.php?rest_route=\/wp\/v2\/users\/2"}],"replies":[{"embeddable":true,"href":"https:\/\/historiografija.hr\/index.php?rest_route=%2Fwp%2Fv2%2Fcomments&post=6099"}],"version-history":[{"count":2,"href":"https:\/\/historiografija.hr\/index.php?rest_route=\/wp\/v2\/posts\/6099\/revisions"}],"predecessor-version":[{"id":6102,"href":"https:\/\/historiografija.hr\/index.php?rest_route=\/wp\/v2\/posts\/6099\/revisions\/6102"}],"wp:featuredmedia":[{"embeddable":true,"href":"https:\/\/historiografija.hr\/index.php?rest_route=\/wp\/v2\/media\/6100"}],"wp:attachment":[{"href":"https:\/\/historiografija.hr\/index.php?rest_route=%2Fwp%2Fv2%2Fmedia&parent=6099"}],"wp:term":[{"taxonomy":"category","embeddable":true,"href":"https:\/\/historiografija.hr\/index.php?rest_route=%2Fwp%2Fv2%2Fcategories&post=6099"},{"taxonomy":"post_tag","embeddable":true,"href":"https:\/\/historiografija.hr\/index.php?rest_route=%2Fwp%2Fv2%2Ftags&post=6099"}],"curies":[{"name":"wp","href":"https:\/\/api.w.org\/{rel}","templated":true}]}}