{"id":6050,"date":"2017-09-22T13:26:14","date_gmt":"2017-09-22T13:26:14","guid":{"rendered":"http:\/\/historiografija.hr\/?p=6050"},"modified":"2017-09-22T13:26:14","modified_gmt":"2017-09-22T13:26:14","slug":"26-dani-frane-petrica","status":"publish","type":"post","link":"https:\/\/historiografija.hr\/?p=6050","title":{"rendered":"26. Dani Frane Petri\u0107a"},"content":{"rendered":"<p>Od 24. do 30. rujna 2017. u Cresu, u organizaciji Hrvatskog filozofskog dru\u0161tva, odr\u017eat \u0107e se dvadeset i \u0161esta po redu me\u0111unarodna znanstveno-kulturna manifestacija Dani Frane Petri\u0107a.<\/p>\n<p>&nbsp;<\/p>\n<p>&nbsp;<\/p>\n<p>&#8212;<\/p>\n<p>&nbsp;<\/p>\n<p>&nbsp;<\/p>\n<p><strong>26. Dani Frane Petri\u0107a<\/strong><\/p>\n<p>&nbsp;<\/p>\n<p>&nbsp;<\/p>\n<p>Dvadeset i \u0161esta po redu me\u0111unarodna znanstveno-kulturna manifestacija Dani Frane Petri\u0107a odr\u017eat \u0107e se od 24. do 30. rujna 2017. u Cresu, u organizaciji Hrvatskog filozofskog dru\u0161tva, a u suradnji s ustanovama Grada Cresa. Na njoj \u0107e sudjelovati oko stotinu znanstvenika i srednjo\u0161kolskih u\u010denika iz jedanaest zemalja (Bosna i Hercegovina, Bugarska, Finska, Hrvatska, Kanada, Kosovo, Njema\u010dka, Sjedinjene Ameri\u010dke Dr\u017eave, Slovenija, Srbija, Velika Britanija). Pokrovitelji manifestacije su predsjednica Republike Hrvatske, Kolinda Grabar-Kitarovi\u0107, Ministarstvo znanosti i obrazovanja Republike Hrvatske te Primorsko-goranska \u017eupanija.<\/p>\n<p>&nbsp;<\/p>\n<p>&nbsp;<\/p>\n<p>26. Dani Frane Petri\u0107a obuhva\u0107aju me\u0111unarodni simpozij \u201cFilozofija i ekonomija\u201d (24.-27. rujna), me\u0111unarodni simpozij \u201cHrvatska filozofija u interakciji i kontekstu\u201d (27.-30. rujna), 5. Znanstveni inkubator: Trening za znanstvena istra\u017eivanja (28.-30. rujna), u okviru kojega \u0107e se obilje\u017eavati \u201cEuropska no\u0107 istra\u017eiva\u010da\u201d, te popratna doga\u0111anja.<\/p>\n<p>&nbsp;<\/p>\n<p>&nbsp;<\/p>\n<p>Program skupa i cjelokupna publikacija skupa dostupni su na poveznici:<\/p>\n<p>&nbsp;<\/p>\n<blockquote data-secret=\"bwz0ICNUJM\" class=\"wp-embedded-content\"><p><a href=\"http:\/\/www.hrfd.hr\/26-dani-frane-petrica\/\">26. Dani Frane Petri\u0107a<\/a><\/p><\/blockquote>\n<p><iframe loading=\"lazy\" class=\"wp-embedded-content\" sandbox=\"allow-scripts\" security=\"restricted\" style=\"position: absolute; clip: rect(1px, 1px, 1px, 1px);\" src=\"http:\/\/www.hrfd.hr\/26-dani-frane-petrica\/embed\/#?secret=bwz0ICNUJM\" data-secret=\"bwz0ICNUJM\" width=\"600\" height=\"338\" title=\"Ugradi WordPress objavu\" frameborder=\"0\" marginwidth=\"0\" marginheight=\"0\" scrolling=\"no\"><\/iframe><\/p>\n<p>&nbsp;<\/p>\n<p>&nbsp;<\/p>\n<p>&#8212;<\/p>\n<p>&nbsp;<\/p>\n<p>&nbsp;<\/p>\n<p>U organizaciji Hrvatskog filozofskog dru\u0161tva, uz suradnju Grada Cresa, od 24. do 30. rujna, u Cresu \u0107e se odr\u017eati dvadeset i \u0161esta po redu me\u0111unarodna znanstveno-kulturna manifestacija Dani Frane Petri\u0107a. Sve\u010dano otvaranje odr\u017eat \u0107e se u ponedjeljak, 25. rujna, u 9 sati, u Velikoj dvorani hotela Kimen.<\/p>\n<p>&nbsp;<\/p>\n<p>&nbsp;<\/p>\n<p>U proteklih \u010detvrt stolje\u0107a Dani Frane Petri\u0107a izrasli su u jednu od najzna\u010dajnijih znanstvenih manifestacija u ovom dijelu Europe, s jedne strane njeguju\u0107i filozofski i interdisciplinarni dijalog o aktualnim problemima \u010dovje\u010danstva, a s druge strane poti\u010du\u0107i istra\u017eivanja djela velikog renesansnog filozofa, Cresanina Frane Petri\u0107a (Franciscus Patricius, 1529.\u20131527.) i drugih hrvatskih filozofa u europskom kontekstu.<\/p>\n<p>&nbsp;<\/p>\n<p>Program ovogodi\u0161njih, dvadeset i \u0161estih Dana Frane Petri\u0107a uklju\u010duje:<\/p>\n<p>-me\u0111unarodni interdisciplinarni simpozij Filozofija i ekonomija (24.\u201327. rujna);<br \/>\n&#8211; me\u0111unarodni simpozij Hrvatska filozofija u interakciji i kontekstu (27.\u201330. rujna);<br \/>\n&#8211; program popularizacije znanosti 5. Znanstveni inkubator: trening za znanstvena istra\u017eivanja, s temom \u00bbPutem znanosti do odr\u017eivog turizma\u00ab (28.\u201330. rujna);<br \/>\n&#8211; popratna doga\u0111anja (okrugli stol \u00bbAktualnost Marxove misli \u2013 povodom 150 godina od objavljivanja Kapitala\u00ab, predstavljanje projekta \u00bbEti\u010dna banka\u00ab, javno predavanje \u00bbKako mozak odlu\u010duje?\u00ab, radionice \u00bbIgra definiranja: \u0161to je turizam i \u010demu slu\u017ei?\u00ab, \u00bbSport i okoli\u0161\u00ab i \u00bbIstra\u017eivati poput znanstvenika\u00ab, obilje\u017eavanje \u00bbEuropske no\u0107i istra\u017eiva\u010da\u00ab, te predstavljanja recentnih izdanja).<\/p>\n<p>&nbsp;<\/p>\n<p>&nbsp;<\/p>\n<p>Tijekom otvaranja skupu \u0107e se obratiti: predsjednik Hrvatskog filozofskog dru\u0161tva, ujedno i predsjednik Organizacijskog odbora Dana Frane Petri\u0107a, prof. dr. sc. Zdravko Radman; predsjednik Programskog odbora simpozija Filozofija i ekonomija, izv. prof. dr. sc. Tomislav Krznar; gradona\u010delnik Cresa, Kristijan Jurjako; u ime hotela Kimen, Mirjana Parat; u ime Turisti\u010dke zajednice Grada Cresa, direktorica Sanja \u017divanovi\u0107; predstavnik Primorsko-goranske \u017eupanije, \u0110anino Su\u010di\u0107; te pomo\u0107nica ministrice znanosti i obrazovanja, prof. dr. sc. Ivana Frani\u0107, koja \u0107e ujedno i otvoriti 26. Dane Frane Petri\u0107a.<\/p>\n<p>&nbsp;<\/p>\n<p>Me\u0111unarodni interdisciplinarni simpozij Filozofija i ekonomija odr\u017eavat \u0107e se od 24. do 27. rujna (od nedjelje do srijede) u hotelu Kimen. Va\u017enost ekonomije za \u017eivot pojedinaca i ljudskih zajednica, kao i posebna pitanja vezana za ekonomiju, uklju\u010duju\u0107i i ona sasvim aktualna, propitivat \u0107e se u dijalogu znanstvenika razli\u010ditih usmjerenja: od filozofije, teologije, psihologije, pedagogije, mediologije, teorije knji\u017eevnosti i teologije, preko ekonomije, sociologije, prava i politologije, do prirodnih, biomedicinskih, tehni\u010dkih i okoli\u0161nih znanosti.<\/p>\n<p>&nbsp;<\/p>\n<p>&nbsp;<\/p>\n<p>Na simpoziju \u0107e biti izlo\u017eeno preko sedamdeset referata, a raznolikost tema i pristupa potvr\u0111uje interdisciplinarnu i pluriperspektivnu orijentaciju Dana Frane Petri\u0107a te nastojanje da ova manifestacija bude mjesto dijaloga o najva\u017enijim pitanjima suvremenog svijeta.<\/p>\n<p>&nbsp;<\/p>\n<p>Rad simpozija odvijat \u0107e se u tri paralelne sekcije (na hrvatskom, engleskom i njema\u010dkom jeziku), a bit \u0107e odr\u017eana i tri plenarna izlaganja na engleskom jeziku. U ponedjeljak, 25. rujna, odmah nakon sve\u010danog otvaranja, plenarna predavanja odr\u017eat \u0107e Predrag \u010ci\u010dova\u010dki, profesor na ameri\u010dkom Koled\u017eu \u00bbHoly Cross\u00ab (Ekonomija i vrijednosti) te Alpar Lo\u0161onc, profesor na Fakultetu tehni\u010dkih znanosti Sveu\u010dili\u0161ta u Novom Sadu (Mogu\u0107nosti kriti\u010dkog znanja o kapitalizmu, odnosno, konflikt izme\u0111u ekonomije i filozofije). U srijedu, 27. rujna, na samome zavr\u0161etku skupa, plenarno \u0107e predavanje odr\u017eati Dragomir Sunda\u0107, profesor na Ekonomskom fakultetu Sveu\u010dili\u0161ta u Rijeci (Gdje je nestala filozofija ekonomije?).<\/p>\n<p>&nbsp;<\/p>\n<p>&nbsp;<\/p>\n<p>Uz plenarna i sekcijska izlaganja, u okviru simpozija Filozofija i ekonomija odr\u017eat \u0107e se i tri popratna doga\u0111anja. U ponedjeljak, 25. rujna, u 21 sat, bit \u0107e uprili\u010deno tradicionalno predstavljanje recentnih izdanja, pri \u010demu \u0107e biti predstavljeno osam knjiga, me\u0111u kojima su i dva zbornika u izdanju Hrvatskog filozofskog dru\u0161tva. U utorak, 26. rujna, u 21 sat, bit \u0107e predstavljanje projekta \u00bbEti\u010dna banka\u00ab, odnosno razgovor s Goranom Jerasom iz Zadruge za eti\u010dno financiranje. U srijedu, 27. rujna, u 9 sati, odr\u017eat \u0107e se okrugli stol pod nazivom \u00bbAktualnost Marxove misli \u2013 povodom 150 godina od objavljivanja Kapitala\u00ab, gdje \u0107e o Marxovu djelu i njegovoj va\u017enosti za filozofiju i ekonomiju govoriti Lino Veljak, Stijepo Letuni\u0107, Alpar Lo\u0161onc i Goran Sunajko.<\/p>\n<p>&nbsp;<\/p>\n<p>Me\u0111unarodni simpozij Hrvatska filozofija u interakciji i kontekstu odr\u017eavat \u0107e se od 27. do 30. rujna (od srijede do subote) u hotelu Kimen. Na simpoziju \u0107e biti izlo\u017eeno dvadeset referata znanstvenika razli\u010ditih profila (filozofi, teolozi, povjesni\u010dari, fizi\u010dari), koji se bave istra\u017eivanjem i njegovanjem hrvatske filozofske i kulturne ba\u0161tine.<\/p>\n<p>&nbsp;<\/p>\n<p>&nbsp;<\/p>\n<p>Simpozij je tematski podijeljen u tri skupa. Prvi je skup posve\u0107en velikom hrvatskom znanstveniku Faustu Vran\u010di\u0107u (1551.\u20131617.), povodom 400. obljetnice njegove smrti, drugi skup, \u00bbS Petri\u0107em u \u017eari\u0161tu\u00ab, okuplja, kako govori i njegov naslov, izlaganja o rezultatima istra\u017eivanja \u017eivota i djela Frane Petri\u0107a, dok \u0107e tre\u0107i skup, \u00bbHrvatska filozofija u pro\u0161losti i sada\u0161njosti\u00ab, prezentirati istra\u017eivanja o razli\u010ditim temama vezanima uz stariju i noviju hrvatsku filozofiju, promatranu u europskom i svjetskom kontekstu.<\/p>\n<p>&nbsp;<\/p>\n<p>Projekt popularizacije znanosti Znanstveni inkubator: trening za znanstvena istra\u017eivanja po peti se put predstavlja u okviru Dana Frane Petri\u0107a, i to od 28. do 30. rujna (od \u010detvrtka do subote) u creskoj Osnovnoj \u0161koli Frane Petri\u0107a i hotelu Kimen. Projekt Znanstveni inkubator \u2013 \u010diji su idejni za\u010detnici i provoditelji Hrvatsko filozofsko dru\u0161tvo, Hrvatsko bioeti\u010dko dru\u0161tvo i Udruga Mala filozofija \u2013 \u017eeli u\u010denicima srednjih \u0161kola pribli\u017eiti na\u010din rada na znanstvenim istra\u017eivanjima i upoznati ih s osnovnim elementima takvoga istra\u017eivanja, metodama rada i na\u010delima znanstvene \u010destitosti. Projektom se nagla\u0161ava interdisciplinarni i pluriperspektivni pristup problemima, osvje\u0161tava va\u017enost njihova kriti\u010dkoga promi\u0161ljanja te promi\u010du inovativni na\u010dini rje\u0161avanja znanstvenih izazova.<\/p>\n<p>&nbsp;<\/p>\n<p>&nbsp;<\/p>\n<p>Sredi\u0161nja tema ovogodi\u0161njeg, petog po redu Znanstvenog inkubatora je \u00bbPutem znanosti do odr\u017eivog turizma\u00ab. U programu sudjeluje \u0161esnaest u\u010denika iz \u010detiri hrvatske srednje \u0161kole (iz Cresa, Zadra, Splita i Kri\u017eevaca). Oni \u0107e, u petak, 30. rujna, prezentirati svoja istra\u017eivanja na kojima su, uz pomo\u0107 mentora, radili tijekom 2016. i 2017. godine. Uz to, imat \u0107e priliku sudjelovati u radu simpozija Hrvatska filozofija u interakciji i kontekstu, koji se odr\u017eava u isto vrijeme, kao i u drugim elementima programa.<\/p>\n<p>&nbsp;<\/p>\n<p>&nbsp;<\/p>\n<p>U sklopu Znanstvenog inkubatora, u \u010detvrtak, 28. rujna, u 17 sati, odr\u017eat \u0107e se javno predavanje \u00bbKako mozak odlu\u010duje?\u00ab dr. sc. Julije Erhardt s Prirodoslovno-matemati\u010dkog fakulteta Sveu\u010dili\u0161ta u Zagrebu, namijenjeno srednjo\u0161kolskim u\u010denicima i gra\u0111anima Cresa, te radionica \u00bbIgra definiranja: \u0161to je turizam i \u010demu slu\u017ei\u00ab, koju \u0107e voditi doc. dr. sc. Bruno \u0106urko s Filozofskog fakulteta Sveu\u010dili\u0161ta u Splitu. Uz navedena doga\u0111anja u\u010denici \u0107e u subotu, 30. rujna, sudjelovati u jo\u0161 dvjema radionicama: \u00bbSport i okoli\u0161\u00ab (voditeljica: dr. sc. Julija Erhardt) te \u00bbIstra\u017eivati poput znanstvenika\u00ab (voditelj: Kre\u0161imir Babel).<\/p>\n<p>&nbsp;<\/p>\n<p>&nbsp;<\/p>\n<p>Naposljetku, ove \u0107emo se godine (u petak, 29. rujna) po \u010detvrti put pridru\u017eiti mnogim europskim gradovima u obilje\u017eavanju \u00bbEuropske no\u0107i istra\u017eiva\u010da\u00ab, \u010diji je cilj na pristupa\u010dan i zabavan na\u010din podizati svijest \u0161ire javnosti o va\u017enosti znanstvenih istra\u017eivanja za dru\u0161tvo, kako bi se sru\u0161ile predrasude koje \u010desto postoje prema znanstvenoistra\u017eiva\u010dkoj zajednici te pove\u0107ala zainteresiranost mladih za profesionalnu karijeru u znanosti. Tako \u0107e se u\u010denici i znanstvenici koji sudjeluju na 26. Danima Frane Petri\u0107a dru\u017eiti tijekom \u00bbFilozofske ve\u010dere\u00ab i \u00bbZnanstvene \u0161etnje po Sretnome Gradu\u00ab, u duhu otvorenosti te filozofskog i znanstvenog dijaloga.<\/p>\n<p>&nbsp;<\/p>\n<p>&nbsp;<\/p>\n<p>Izvor: <a href=\"http:\/\/www.culturenet.hr\/\">http:\/\/www.culturenet.hr\/<\/a><\/p>\n<p>&nbsp;<\/p>\n<p>&nbsp;<\/p>\n<p>&nbsp;<\/p>\n<p>&nbsp;<\/p>\n","protected":false},"excerpt":{"rendered":"","protected":false},"author":2,"featured_media":6051,"comment_status":"open","ping_status":"open","sticky":false,"template":"","format":"standard","meta":{"_acf_changed":false,"jetpack_post_was_ever_published":false,"_jetpack_newsletter_access":"","_jetpack_dont_email_post_to_subs":false,"_jetpack_newsletter_tier_id":0,"_jetpack_memberships_contains_paywalled_content":false,"_jetpack_memberships_contains_paid_content":false,"footnotes":"","jetpack_publicize_message":"","jetpack_publicize_feature_enabled":true,"jetpack_social_post_already_shared":true,"jetpack_social_options":{"image_generator_settings":{"template":"highway","default_image_id":0,"font":"","enabled":false},"version":2}},"categories":[3,9],"tags":[],"class_list":["post-6050","post","type-post","status-publish","format-standard","has-post-thumbnail","hentry","category-novosti","category-skupovi"],"acf":{"facebook_opis":""},"jetpack_publicize_connections":[],"jetpack_featured_media_url":"https:\/\/i0.wp.com\/historiografija.hr\/wp-content\/uploads\/2017\/09\/frane-petric.jpg?fit=640%2C442&ssl=1","jetpack_sharing_enabled":true,"jetpack-related-posts":[{"id":52666,"url":"https:\/\/historiografija.hr\/?p=52666","url_meta":{"origin":6050,"position":0},"title":"Najava programa Festivala povijesti Kliofest (5-8. V. 2026)","author":"Branimir Jankovi\u0107","date":"24. travnja 2026.","format":false,"excerpt":"Po trinaesti put odr\u017eava se Festival povijesti Kliofest! Do petka \u0107emo odr\u017eati osam okruglih stolova i dva kolokvija te niz predstavljanja knjiga i projekata razli\u010dite tematike, od antike do suvremenosti. Bit \u0107e predstavljeno i nekoliko izlo\u017ebi te odr\u017ean jedan povijesni kviz. Prikazat \u0107emo i jedan film \u2013 o generalu Boroevi\u0107u.\u2026","rel":"","context":"U &quot;Novosti&quot;","block_context":{"text":"Novosti","link":"https:\/\/historiografija.hr\/?cat=3"},"img":{"alt_text":"","src":"https:\/\/i0.wp.com\/historiografija.hr\/wp-content\/uploads\/2026\/04\/Kliofest-2026.jpg?fit=526%2C526&ssl=1&resize=350%2C200","width":350,"height":200,"srcset":"https:\/\/i0.wp.com\/historiografija.hr\/wp-content\/uploads\/2026\/04\/Kliofest-2026.jpg?fit=526%2C526&ssl=1&resize=350%2C200 1x, https:\/\/i0.wp.com\/historiografija.hr\/wp-content\/uploads\/2026\/04\/Kliofest-2026.jpg?fit=526%2C526&ssl=1&resize=525%2C300 1.5x"},"classes":[]},{"id":52592,"url":"https:\/\/historiografija.hr\/?p=52592","url_meta":{"origin":6050,"position":1},"title":"Predstavljanje knjige &#8220;Turska ku\u0107a u Rijeci&#8221; u Zagrebu","author":"Branimir Jankovi\u0107","date":"22. travnja 2026.","format":false,"excerpt":"U prostorijama Turskog kulturnog centra Yunus Emre u Zagrebu, u utorak 21. travnja 2026. godine, odr\u017eano je sve\u010dano predstavljanje dopunjenog izdanja knjige Turska ku\u0107a u Rijeci, u organizaciji Hrvatsko-turskog dru\u0161tva Rijeka i partnerstvu sa Skupinom prijateljstva Hrvatska-Turska Hrvatskog sabora, Veleposlanstvom Republike Turske u Republici Hrvatskoj te Turskim kulturnim centrom Yunus\u2026","rel":"","context":"U &quot;Novosti&quot;","block_context":{"text":"Novosti","link":"https:\/\/historiografija.hr\/?cat=3"},"img":{"alt_text":"","src":"https:\/\/i0.wp.com\/historiografija.hr\/wp-content\/uploads\/2026\/04\/Turska-kuca-ZG.jpg?fit=1200%2C800&ssl=1&resize=350%2C200","width":350,"height":200,"srcset":"https:\/\/i0.wp.com\/historiografija.hr\/wp-content\/uploads\/2026\/04\/Turska-kuca-ZG.jpg?fit=1200%2C800&ssl=1&resize=350%2C200 1x, https:\/\/i0.wp.com\/historiografija.hr\/wp-content\/uploads\/2026\/04\/Turska-kuca-ZG.jpg?fit=1200%2C800&ssl=1&resize=525%2C300 1.5x, https:\/\/i0.wp.com\/historiografija.hr\/wp-content\/uploads\/2026\/04\/Turska-kuca-ZG.jpg?fit=1200%2C800&ssl=1&resize=700%2C400 2x, https:\/\/i0.wp.com\/historiografija.hr\/wp-content\/uploads\/2026\/04\/Turska-kuca-ZG.jpg?fit=1200%2C800&ssl=1&resize=1050%2C600 3x"},"classes":[]},{"id":52499,"url":"https:\/\/historiografija.hr\/?p=52499","url_meta":{"origin":6050,"position":2},"title":"POTPISAN UGOVOR O ZNANSTVENO-ISTRA\u017dIVA\u010cKOJ SURADNJI: PROJEKT \u201eTEMELJI HRVATSKE SAMOSTALNOSTI\u201d","author":"Branimir Jankovi\u0107","date":"17. travnja 2026.","format":false,"excerpt":"Hrvatski institut za povijest, Sveu\u010dili\u0161te obrane i sigurnosti \u201eDr. Franjo Tu\u0111man\u201d, Institut dru\u0161tvenih znanosti Ivo Pilar i Hrvatski dr\u017eavni arhiv\u00a0potpisali su 23. o\u017eujka 2026.\u00a0Ugovor o znanstveno-istra\u017eiva\u010dkoj suradnji s ciljem provedbe projekta \u201eTemelji hrvatske samostalnosti\u201d. Tim projektom obuhva\u0107a se istra\u017eivanje arhivskoga gradiva, priprema znanstvenih publikacija, digitalizacija i javna prezentacija rezultata istra\u017eivanja\u2026","rel":"","context":"U &quot;Novosti&quot;","block_context":{"text":"Novosti","link":"https:\/\/historiografija.hr\/?cat=3"},"img":{"alt_text":"","src":"https:\/\/i0.wp.com\/historiografija.hr\/wp-content\/uploads\/2026\/04\/THS_sporazum.jpg?fit=1200%2C583&ssl=1&resize=350%2C200","width":350,"height":200,"srcset":"https:\/\/i0.wp.com\/historiografija.hr\/wp-content\/uploads\/2026\/04\/THS_sporazum.jpg?fit=1200%2C583&ssl=1&resize=350%2C200 1x, https:\/\/i0.wp.com\/historiografija.hr\/wp-content\/uploads\/2026\/04\/THS_sporazum.jpg?fit=1200%2C583&ssl=1&resize=525%2C300 1.5x, https:\/\/i0.wp.com\/historiografija.hr\/wp-content\/uploads\/2026\/04\/THS_sporazum.jpg?fit=1200%2C583&ssl=1&resize=700%2C400 2x, https:\/\/i0.wp.com\/historiografija.hr\/wp-content\/uploads\/2026\/04\/THS_sporazum.jpg?fit=1200%2C583&ssl=1&resize=1050%2C600 3x"},"classes":[]},{"id":52539,"url":"https:\/\/historiografija.hr\/?p=52539","url_meta":{"origin":6050,"position":3},"title":"Drugi po redu studentski simpozij &#8220;In fonte veritas&#8221;","author":"Branimir Jankovi\u0107","date":"20. travnja 2026.","format":false,"excerpt":"U srijedu, 22. travnja 2026. godine, u dvorani C 0.4 na Hrvatskom katoli\u010dkom sveu\u010dili\u0161tu odr\u017eat \u0107e se drugi studentski simpozij \u201eIn fonte veritas\". Ovogodi\u0161nja sredi\u0161nja tema simpozija je Papinstvo. Kroz istra\u017eiva\u010dko suo\u010davanje s povijesnim izvorima deset \u0107e studenata predstaviti rezultate svojih istra\u017eivanja o instituciji koja je stolje\u0107ima oblikovala europsku i\u2026","rel":"","context":"U &quot;Novosti&quot;","block_context":{"text":"Novosti","link":"https:\/\/historiografija.hr\/?cat=3"},"img":{"alt_text":"","src":"https:\/\/i0.wp.com\/historiografija.hr\/wp-content\/uploads\/2026\/04\/Papinstvo.png?fit=1024%2C500&ssl=1&resize=350%2C200","width":350,"height":200,"srcset":"https:\/\/i0.wp.com\/historiografija.hr\/wp-content\/uploads\/2026\/04\/Papinstvo.png?fit=1024%2C500&ssl=1&resize=350%2C200 1x, https:\/\/i0.wp.com\/historiografija.hr\/wp-content\/uploads\/2026\/04\/Papinstvo.png?fit=1024%2C500&ssl=1&resize=525%2C300 1.5x, https:\/\/i0.wp.com\/historiografija.hr\/wp-content\/uploads\/2026\/04\/Papinstvo.png?fit=1024%2C500&ssl=1&resize=700%2C400 2x"},"classes":[]},{"id":52616,"url":"https:\/\/historiografija.hr\/?p=52616","url_meta":{"origin":6050,"position":4},"title":"No\u0107 knjige 2026.","author":"Branimir Jankovi\u0107","date":"22. travnja 2026.","format":false,"excerpt":"Slavljeni\u010dka 15. No\u0107 knjige odr\u017eat \u0107e se 23. travnja diljem Hrvatske u povodu Svjetskog dana knjige i autorskih prava te Dana hrvatske knjige. S vi\u0161e od 1.000 prijavljenih programa i akcija s pravom nosi epitet najmasovnije doma\u0107e kulturne manifestacije, a ove \u0107e godine prote\u0107i u znaku mira, razumijevanja, tolerancije, srodnosti\u2026","rel":"","context":"U &quot;Novosti&quot;","block_context":{"text":"Novosti","link":"https:\/\/historiografija.hr\/?cat=3"},"img":{"alt_text":"","src":"https:\/\/i0.wp.com\/historiografija.hr\/wp-content\/uploads\/2026\/04\/noc_knjige_2026.jpg?fit=680%2C276&ssl=1&resize=350%2C200","width":350,"height":200,"srcset":"https:\/\/i0.wp.com\/historiografija.hr\/wp-content\/uploads\/2026\/04\/noc_knjige_2026.jpg?fit=680%2C276&ssl=1&resize=350%2C200 1x, https:\/\/i0.wp.com\/historiografija.hr\/wp-content\/uploads\/2026\/04\/noc_knjige_2026.jpg?fit=680%2C276&ssl=1&resize=525%2C300 1.5x"},"classes":[]},{"id":52578,"url":"https:\/\/historiografija.hr\/?p=52578","url_meta":{"origin":6050,"position":5},"title":"Poziv za sudjelovanje: XXII. Dani Julija Bene\u0161i\u0107a u Iloku","author":"Branimir Jankovi\u0107","date":"21. travnja 2026.","format":false,"excerpt":"Zavod za lingvisti\u010dka istra\u017eivanja Hrvatske akademije znanosti i umjetnosti, zajedno s Muzejom grada Iloka, organizira XXII. Dane Julija Bene\u0161i\u0107a, koji \u0107e se odr\u017eati od 28. do 30. listopada 2026. u Iloku.\u00a0Teme ovogodi\u0161njih Dana podijeljene su u dvije cjeline: Knji\u017eevno-jezikoslovni d\u00ecv\u0101n s Bene\u0161i\u0107em te Ilok i Srijem u povijesnim stalnicama i\u2026","rel":"","context":"U &quot;Novosti&quot;","block_context":{"text":"Novosti","link":"https:\/\/historiografija.hr\/?cat=3"},"img":{"alt_text":"","src":"https:\/\/i0.wp.com\/historiografija.hr\/wp-content\/uploads\/2019\/10\/HE2_Benesic.jpg?fit=413%2C591&ssl=1&resize=350%2C200","width":350,"height":200},"classes":[]}],"_links":{"self":[{"href":"https:\/\/historiografija.hr\/index.php?rest_route=\/wp\/v2\/posts\/6050","targetHints":{"allow":["GET"]}}],"collection":[{"href":"https:\/\/historiografija.hr\/index.php?rest_route=\/wp\/v2\/posts"}],"about":[{"href":"https:\/\/historiografija.hr\/index.php?rest_route=\/wp\/v2\/types\/post"}],"author":[{"embeddable":true,"href":"https:\/\/historiografija.hr\/index.php?rest_route=\/wp\/v2\/users\/2"}],"replies":[{"embeddable":true,"href":"https:\/\/historiografija.hr\/index.php?rest_route=%2Fwp%2Fv2%2Fcomments&post=6050"}],"version-history":[{"count":1,"href":"https:\/\/historiografija.hr\/index.php?rest_route=\/wp\/v2\/posts\/6050\/revisions"}],"predecessor-version":[{"id":6052,"href":"https:\/\/historiografija.hr\/index.php?rest_route=\/wp\/v2\/posts\/6050\/revisions\/6052"}],"wp:featuredmedia":[{"embeddable":true,"href":"https:\/\/historiografija.hr\/index.php?rest_route=\/wp\/v2\/media\/6051"}],"wp:attachment":[{"href":"https:\/\/historiografija.hr\/index.php?rest_route=%2Fwp%2Fv2%2Fmedia&parent=6050"}],"wp:term":[{"taxonomy":"category","embeddable":true,"href":"https:\/\/historiografija.hr\/index.php?rest_route=%2Fwp%2Fv2%2Fcategories&post=6050"},{"taxonomy":"post_tag","embeddable":true,"href":"https:\/\/historiografija.hr\/index.php?rest_route=%2Fwp%2Fv2%2Ftags&post=6050"}],"curies":[{"name":"wp","href":"https:\/\/api.w.org\/{rel}","templated":true}]}}