{"id":6035,"date":"2017-09-21T07:42:37","date_gmt":"2017-09-21T07:42:37","guid":{"rendered":"http:\/\/historiografija.hr\/?p=6035"},"modified":"2017-09-21T07:42:37","modified_gmt":"2017-09-21T07:42:37","slug":"fond-mjeseca-hr-dazg-1200-narodni-odbor-kotara-samobor","status":"publish","type":"post","link":"https:\/\/historiografija.hr\/?p=6035","title":{"rendered":"\u201cFond mjeseca\u201d: HR-DAZG-1200 Narodni odbor kotara Samobor"},"content":{"rendered":"<p>\u201cFond mjeseca\u201d (rujan 2017) Dr\u017eavnog arhiva u Zagrebu je fond HR-DAZG-1200 Narodni odbor kotara Samobor.<\/p>\n<p>&nbsp;<\/p>\n<p>&nbsp;<\/p>\n<p>&#8212;<\/p>\n<p>&nbsp;<\/p>\n<p>&nbsp;<\/p>\n<blockquote data-secret=\"jkCvVoNyXz\" class=\"wp-embedded-content\"><p><a href=\"http:\/\/daz.hr\/\">Dr\u017eavni arhiv u Zagrebu<\/a><\/p><\/blockquote>\n<p><iframe loading=\"lazy\" class=\"wp-embedded-content\" sandbox=\"allow-scripts\" security=\"restricted\" style=\"position: absolute; clip: rect(1px, 1px, 1px, 1px);\" src=\"http:\/\/daz.hr\/embed\/#?secret=jkCvVoNyXz\" data-secret=\"jkCvVoNyXz\" width=\"600\" height=\"338\" title=\"&#8220;Dr\u017eavni arhiv u Zagrebu&#8221; &#8212; Dr\u017eavni arhiv u Zagrebu\" frameborder=\"0\" marginwidth=\"0\" marginheight=\"0\" scrolling=\"no\"><\/iframe><\/p>\n<p>&nbsp;<\/p>\n<p>&nbsp;<\/p>\n<p><strong>Fond mjeseca<\/strong><\/p>\n<p><a href=\"http:\/\/daz.hr\/fond-mjeseca\/\">http:\/\/daz.hr\/fond-mjeseca\/<\/a><\/p>\n<p>&nbsp;<\/p>\n<p>&nbsp;<\/p>\n<p>Rujan 2017.<\/p>\n<p>&nbsp;<\/p>\n<p>&nbsp;<\/p>\n<p><strong>HR-DAZG-1200 Narodni odbor kotara Samobor<\/strong><\/p>\n<p>&nbsp;<\/p>\n<p>&nbsp;<\/p>\n<p>Arhivsko gradivo ovog fonda sa\u010duvano je fragmentarno, a sastoji se uglavnom od predmetnih spisa i malog broja registraturnih pomagala. Od registraturnih pomagala sa\u010duvane su samo dvije knjige evidencije gra\u0111evnih dozvola i urud\u017ebeni zapisnik Disciplinskog suda.<\/p>\n<p>&nbsp;<\/p>\n<p>&nbsp;<\/p>\n<p>S obzirom na nedostatak registraturnih pomagala, sa\u010duvano gradivo podijeljeno je u serije po sadr\u017eajnom na\u010delu. Formirane su slijede\u0107e serije: Zapisnici sjednica i op\u0107i spisi, Ratna \u0161teta, Nacionalizacija imovine, Konfiskacija imovine, Agrarna politika, Gra\u0111evinske dozvole, Statusna pitanja zanatskih, trgovinskih i ugostiteljskih radnji i Personalna dokumentacija. Sa\u010duvano gradivo mo\u017ee poslu\u017eiti prvenstveno za zadovoljavanje prakti\u010dnih potreba pojedinaca ili pravnih osoba u svezi s njihovim imovinskim pravima i interesima. Na osnovi gradiva mo\u017ee se prou\u010davati i razvoj lokalne uprave i komunalne izgradnje na prostoru koji je obuhva\u0107ao kotar Samobor u prvih deset godina nakon 2. svjetskog rata.<\/p>\n<p>&nbsp;<\/p>\n<p>&nbsp;<\/p>\n<p>Narodni odbor kotara Samobor osnovan je temeljem Zakona o promjeni naziva Narodno-oslobodila\u010dkih odbora (Narodne novine br. 3\/1945), a teritorijalna nadle\u017enost je utvr\u0111ena Zakonom o administrativno-teritorijalnoj podjeli NR Hrvatske (Narodne novine br. 60\/1947). Stvarna nadle\u017enost regulirana je saveznim (tzv. op\u0107im) zakonima o narodnim odborima (Slu\u017ebeni list br. 43\/1946, br. 49\/1949 i br. 22\/1952) te nizom posebnih zakona.<\/p>\n<p>&nbsp;<\/p>\n<p>&nbsp;<\/p>\n<p>Teritorijalna nadle\u017enost Narodnog odbora kotara Samobor obuhva\u0107ala je slijede\u0107a naselja: Braslovje, Bestovje, Bregana, Brezje, Cerje, Dol, Domaslovec, Draganje Selo, Dre\u017enik, Fala\u0161\u0107ak, Galgovo, Gradna, Grdanjci, Greguri\u0107 Breg, Hrastina, Jaru\u0161je, Javorek, Kalinovica, Kerestinec, Kladje, Klake, Kon\u0161\u010dica,Kotari, Mala Gorica, Mala Rakovica, Manja Vas, Molvice, Nor\u0161i\u0107 Selo, Novaki, Ore\u0161je, Otok, Otru\u0161evac, Pavu\u010dnjak, Petkov Breg, Podgradje Podoki\u0107ko, Podvrh, Poklek, Rakitje, Rakov Potok, Rude, Samobor, Savra\u0161\u0107ak, Slani Dol, Smerovi\u0161\u0107e, Strmec, Sveta Nedelja, Sveti Martin, Velika Jazbina, Veliki Lipovac, Vrbovec i Vrhov\u0107ak.<\/p>\n<p>&nbsp;<\/p>\n<p>&nbsp;<\/p>\n<p>Zakonom o provo\u0111enju reorganizacije narodnih odbora, koji je donesen 1952. godine radi uskla\u0111ivanja s Op\u0107im zakonom o narodnim odborima iz iste godine, ukidaju se mjesni narodni odbori i osnivaju op\u0107ine. Na podru\u010dju kotara Samobor Zakonom o podjeli Narodne Republike Hrvatske na kotare, gradove i op\u0107ine osnovano je \u0161est op\u0107ina: Bregana, Galgovo, Poklek, Samobor, Samobor Vanjski i Sv. Nedjelja. Kotar Samobor bio je u sastavu okruga Zagreb od srpnja 1947. do travnja 1949., a od tada do prosinca 1951. u sastavu oblasti Zagreb. Kotar Samobor ukinut je dono\u0161enjem Zakona o podru\u010dju kotara i op\u0107ina u Narodnoj Republici Hrvatskoj (Narodne novine br. 36\/1955), kojim je znatno smanjen broj kotara u NRH. Umjesto kotara Samobor osnovana je op\u0107ina Samobor, koja u cijelosti ulazi u sastav kotara Zagreb. Kotar Samobor prestao je s radom 31. kolovoza 1955.<\/p>\n<p>&nbsp;<\/p>\n<p>&nbsp;<\/p>\n","protected":false},"excerpt":{"rendered":"","protected":false},"author":2,"featured_media":6036,"comment_status":"open","ping_status":"open","sticky":false,"template":"","format":"standard","meta":{"_acf_changed":false,"jetpack_post_was_ever_published":false,"_jetpack_newsletter_access":"","_jetpack_dont_email_post_to_subs":false,"_jetpack_newsletter_tier_id":0,"_jetpack_memberships_contains_paywalled_content":false,"_jetpack_memberships_contains_paid_content":false,"footnotes":"","jetpack_publicize_message":"","jetpack_publicize_feature_enabled":true,"jetpack_social_post_already_shared":true,"jetpack_social_options":{"image_generator_settings":{"template":"highway","default_image_id":0,"font":"","enabled":false},"version":2}},"categories":[3],"tags":[],"class_list":["post-6035","post","type-post","status-publish","format-standard","has-post-thumbnail","hentry","category-novosti"],"acf":{"facebook_opis":""},"jetpack_publicize_connections":[],"jetpack_featured_media_url":"https:\/\/i0.wp.com\/historiografija.hr\/wp-content\/uploads\/2017\/09\/Ilustracija-1.jpg?fit=2480%2C3508&ssl=1","jetpack_sharing_enabled":true,"jetpack-related-posts":[{"id":52578,"url":"https:\/\/historiografija.hr\/?p=52578","url_meta":{"origin":6035,"position":0},"title":"Poziv za sudjelovanje: XXII. Dani Julija Bene\u0161i\u0107a u Iloku","author":"Branimir Jankovi\u0107","date":"21. travnja 2026.","format":false,"excerpt":"Zavod za lingvisti\u010dka istra\u017eivanja Hrvatske akademije znanosti i umjetnosti, zajedno s Muzejom grada Iloka, organizira XXII. Dane Julija Bene\u0161i\u0107a, koji \u0107e se odr\u017eati od 28. do 30. listopada 2026. u Iloku.\u00a0Teme ovogodi\u0161njih Dana podijeljene su u dvije cjeline: Knji\u017eevno-jezikoslovni d\u00ecv\u0101n s Bene\u0161i\u0107em te Ilok i Srijem u povijesnim stalnicama i\u2026","rel":"","context":"U &quot;Novosti&quot;","block_context":{"text":"Novosti","link":"https:\/\/historiografija.hr\/?cat=3"},"img":{"alt_text":"","src":"https:\/\/i0.wp.com\/historiografija.hr\/wp-content\/uploads\/2019\/10\/HE2_Benesic.jpg?fit=413%2C591&ssl=1&resize=350%2C200","width":350,"height":200},"classes":[]},{"id":52556,"url":"https:\/\/historiografija.hr\/?p=52556","url_meta":{"origin":6035,"position":1},"title":"ZagrebDox 2026.","author":"Branimir Jankovi\u0107","date":"20. travnja 2026.","format":false,"excerpt":"Me\u0111unarodni festival dokumentarnog filma 19. - 26. travnja 2026. Kaptol Boutique Cinema, Zagreb Program i dodatne obavijesti: https:\/\/zagrebdox.net\/hr","rel":"","context":"U &quot;Filmovi i serije&quot;","block_context":{"text":"Filmovi i serije","link":"https:\/\/historiografija.hr\/?cat=13"},"img":{"alt_text":"","src":"https:\/\/i0.wp.com\/historiografija.hr\/wp-content\/uploads\/2026\/04\/DOX-logo.jpg?fit=600%2C600&ssl=1&resize=350%2C200","width":350,"height":200,"srcset":"https:\/\/i0.wp.com\/historiografija.hr\/wp-content\/uploads\/2026\/04\/DOX-logo.jpg?fit=600%2C600&ssl=1&resize=350%2C200 1x, https:\/\/i0.wp.com\/historiografija.hr\/wp-content\/uploads\/2026\/04\/DOX-logo.jpg?fit=600%2C600&ssl=1&resize=525%2C300 1.5x"},"classes":[]},{"id":52547,"url":"https:\/\/historiografija.hr\/?p=52547","url_meta":{"origin":6035,"position":2},"title":"ISHA Zagreb \u2013 Filmska ve\u010der: Povratak Martina Guerrea","author":"Branimir Jankovi\u0107","date":"20. travnja 2026.","format":false,"excerpt":"Klub studenata povijesti \u2013 ISHA Zagreb poziva Vas na filmsku ve\u010der na kojoj \u0107e se prikazivati \u201ePovratak Martina Guerrea\u201c, povijesna drama iz 1982. godine s radnjom smje\u0161tenom u 16. stolje\u0107u. Radnja je utemeljena na stvarnoj povijesnoj li\u010dnosti Martina Guerrea koji se nakon mnogo godina izbivanja vra\u0107a u svoje rodno mjesto\u2026","rel":"","context":"U &quot;Filmovi i serije&quot;","block_context":{"text":"Filmovi i serije","link":"https:\/\/historiografija.hr\/?cat=13"},"img":{"alt_text":"","src":"https:\/\/i0.wp.com\/historiografija.hr\/wp-content\/uploads\/2026\/04\/M-Guerre.png?fit=702%2C1006&ssl=1&resize=350%2C200","width":350,"height":200,"srcset":"https:\/\/i0.wp.com\/historiografija.hr\/wp-content\/uploads\/2026\/04\/M-Guerre.png?fit=702%2C1006&ssl=1&resize=350%2C200 1x, https:\/\/i0.wp.com\/historiografija.hr\/wp-content\/uploads\/2026\/04\/M-Guerre.png?fit=702%2C1006&ssl=1&resize=525%2C300 1.5x, https:\/\/i0.wp.com\/historiografija.hr\/wp-content\/uploads\/2026\/04\/M-Guerre.png?fit=702%2C1006&ssl=1&resize=700%2C400 2x"},"classes":[]},{"id":52508,"url":"https:\/\/historiografija.hr\/?p=52508","url_meta":{"origin":6035,"position":3},"title":"Glazbena radionica \u201eDUGMETARA REVISITED\u201c","author":"Branimir Jankovi\u0107","date":"17. travnja 2026.","format":false,"excerpt":"DUGMETARA REVISITED glazbena radionica vodi: Ana Horvat 13., 20. i 27. travnja, od 18 do 20 sati Radiona, Nova cesta 186 Na tri radioni\u010dka susreta uranjamo u naslje\u0111e Dugmetare, biv\u0161e tvornice dugmadi na Savskoj cesti koja je po\u010detkom 2000-ih igrom slu\u010daja postala \u017eivo, jedinstveno mjesto glazbene proizvodnje. Svoje su probe\u2026","rel":"","context":"U &quot;Novosti&quot;","block_context":{"text":"Novosti","link":"https:\/\/historiografija.hr\/?cat=3"},"img":{"alt_text":"","src":"https:\/\/i0.wp.com\/historiografija.hr\/wp-content\/uploads\/2026\/04\/TRESNJA_TRESTI.jpg?fit=380%2C475&ssl=1&resize=350%2C200","width":350,"height":200},"classes":[]},{"id":52505,"url":"https:\/\/historiografija.hr\/?p=52505","url_meta":{"origin":6035,"position":4},"title":"Izlo\u017eba &#8220;Eschenstock \/ Jasenov prut&#8221;","author":"Branimir Jankovi\u0107","date":"17. travnja 2026.","format":false,"excerpt":"Srpsko narodno vije\u0107e (SNV) i Vizura aperta postavljaju izlo\u017ebu \u0161vicarskog slikara Velimira Ili\u0161evi\u0107a: Eschenstock \/ Jasenov prut. Izlo\u017eba se uz prisustvo autora otvara povodom 81. godi\u0161njice proboja logora\u0161a iz usta\u0161kog logora smrti Jasenovac 22. aprila 2026. u 19 sati u Srpskom kulturnom centru (SKC) u Preradovi\u0107evoj ulici 21 u Zagrebu.\u2026","rel":"","context":"U &quot;Izlo\u017ebe&quot;","block_context":{"text":"Izlo\u017ebe","link":"https:\/\/historiografija.hr\/?cat=10"},"img":{"alt_text":"","src":"https:\/\/i0.wp.com\/historiografija.hr\/wp-content\/uploads\/2026\/04\/Jasenov_prut.jpg?fit=1024%2C640&ssl=1&resize=350%2C200","width":350,"height":200,"srcset":"https:\/\/i0.wp.com\/historiografija.hr\/wp-content\/uploads\/2026\/04\/Jasenov_prut.jpg?fit=1024%2C640&ssl=1&resize=350%2C200 1x, https:\/\/i0.wp.com\/historiografija.hr\/wp-content\/uploads\/2026\/04\/Jasenov_prut.jpg?fit=1024%2C640&ssl=1&resize=525%2C300 1.5x, https:\/\/i0.wp.com\/historiografija.hr\/wp-content\/uploads\/2026\/04\/Jasenov_prut.jpg?fit=1024%2C640&ssl=1&resize=700%2C400 2x"},"classes":[]},{"id":52633,"url":"https:\/\/historiografija.hr\/?p=52633","url_meta":{"origin":6035,"position":5},"title":"POVIJEST TRE\u0160NJEVA\u010cKE GLAZBE: prikupljanje virtualnog fundusa Muzeja susjedstva Tre\u0161njevka","author":"Branimir Jankovi\u0107","date":"23. travnja 2026.","format":false,"excerpt":"utorak 28. 4. 2026. 14 - 18 h Nova BAZA, Nova cesta 66, Zagreb Prvi su dani ljeta 1957. godine. Bo\u017eica Kalafati\u0107 poha\u0111a drugi razred Osnovne \u0161kole Bratstvo i jedinstvo, danas kralja Tomislava, a ide i na muzi\u010dke satove u Mo\u0161\u0107eni\u010dkoj ulici. Na fotografiji s harmonikom u rukama stoji u\u2026","rel":"","context":"U &quot;Novosti&quot;","block_context":{"text":"Novosti","link":"https:\/\/historiografija.hr\/?cat=3"},"img":{"alt_text":"","src":"https:\/\/i0.wp.com\/historiografija.hr\/wp-content\/uploads\/2026\/04\/MST_prikupljanje.jpg?fit=380%2C475&ssl=1&resize=350%2C200","width":350,"height":200},"classes":[]}],"_links":{"self":[{"href":"https:\/\/historiografija.hr\/index.php?rest_route=\/wp\/v2\/posts\/6035","targetHints":{"allow":["GET"]}}],"collection":[{"href":"https:\/\/historiografija.hr\/index.php?rest_route=\/wp\/v2\/posts"}],"about":[{"href":"https:\/\/historiografija.hr\/index.php?rest_route=\/wp\/v2\/types\/post"}],"author":[{"embeddable":true,"href":"https:\/\/historiografija.hr\/index.php?rest_route=\/wp\/v2\/users\/2"}],"replies":[{"embeddable":true,"href":"https:\/\/historiografija.hr\/index.php?rest_route=%2Fwp%2Fv2%2Fcomments&post=6035"}],"version-history":[{"count":1,"href":"https:\/\/historiografija.hr\/index.php?rest_route=\/wp\/v2\/posts\/6035\/revisions"}],"predecessor-version":[{"id":6037,"href":"https:\/\/historiografija.hr\/index.php?rest_route=\/wp\/v2\/posts\/6035\/revisions\/6037"}],"wp:featuredmedia":[{"embeddable":true,"href":"https:\/\/historiografija.hr\/index.php?rest_route=\/wp\/v2\/media\/6036"}],"wp:attachment":[{"href":"https:\/\/historiografija.hr\/index.php?rest_route=%2Fwp%2Fv2%2Fmedia&parent=6035"}],"wp:term":[{"taxonomy":"category","embeddable":true,"href":"https:\/\/historiografija.hr\/index.php?rest_route=%2Fwp%2Fv2%2Fcategories&post=6035"},{"taxonomy":"post_tag","embeddable":true,"href":"https:\/\/historiografija.hr\/index.php?rest_route=%2Fwp%2Fv2%2Ftags&post=6035"}],"curies":[{"name":"wp","href":"https:\/\/api.w.org\/{rel}","templated":true}]}}