{"id":5921,"date":"2017-09-13T08:59:13","date_gmt":"2017-09-13T08:59:13","guid":{"rendered":"http:\/\/historiografija.hr\/?p=5921"},"modified":"2017-09-13T09:00:20","modified_gmt":"2017-09-13T09:00:20","slug":"conference-cultures-of-conservatism-in-the-united-states-and-western-europe-between-the-1970s-and-1990s","status":"publish","type":"post","link":"https:\/\/historiografija.hr\/?p=5921","title":{"rendered":"Conference \u201eCultures of Conservatism in the United States and Western Europe between the 1970s and 1990s\u201c"},"content":{"rendered":"<p>Od 14. do 16. rujna 2017. odr\u017eava se u Njema\u010dkom povijesnom institutu u Londonu me\u0111unarodni znanstveni skup o konzervativizmu kao kulturnom fenomenu iz povijesne perspektive, s primjerima SAD-a i Zapadne Europe od 1970-ih do 1990-ih godina.<\/p>\n<p>&nbsp;<\/p>\n<p>&#8212;<\/p>\n<p>&nbsp;<\/p>\n<p><strong>Cultures of Conservatism in the United States and Western Europe between the 1970s and 1990s<\/strong><\/p>\n<p>&nbsp;<\/p>\n<p>14-16 September 2017<\/p>\n<p>&nbsp;<\/p>\n<p>Conveners: Martina Steber (Institut f\u00fcr Zeitgeschichte M\u00fcnchen-Berlin), Anna von der Goltz (Georgetown University, Washington, DC) and Tobias Becker (German Historical Institute London).<\/p>\n<p>&nbsp;<\/p>\n<p>The event is co-funded by the Fritz Thyssen Stiftung, the GHIL, the BMW Center for German and European Studies at Georgetown University and the Institute for Contemporary History Munich.<\/p>\n<p>&nbsp;<\/p>\n<p>Venue: German Historical Institute London<\/p>\n<p>&nbsp;<\/p>\n<p>The decades from the 1970s to the 1990s are often seen as a time of revolutionary change triggered by economic crises, in which the parameters and conditions for our present times were set. Conservatism looms large in this narrative; after all, the Reagan and Thatcher governments in the United States and in Britain implemented economic and social policies that fundamentally changed the welfare state economies of the boom years. Conservatism is therefore often interpreted as neoliberalism in conservative guise, as the defining political ideology of finance capitalism. However, conservatism was a much more diverse phenomenon than these interpretations suggest. While economics and politics were certainly crucial in the fashioning of a new conservatism in Western Europe and the United States, conservatism was also a diverse cultural phenomenon, which is not adequately reflected in historical research to date.<\/p>\n<p>&nbsp;<\/p>\n<p>The conference \u201cCultures of Conservatism in the United States and Western Europe (1970s-1990s)\u201d seeks to fill this historiographical gap by questioning the primacy of economics and debating alternative interpretations of this age of change. Focusing on cultures of conservatism, the conference rethinks the general contours of conservatism. It pays close attention to the intersection of culture, politics and economics, in order to broaden our understanding of the processes of change that have unfolded since the 1970s.<\/p>\n<p>&nbsp;<\/p>\n<p>Conference programme (PDF file)<\/p>\n<p>Call for papers (PDF file)<\/p>\n<p>&nbsp;<\/p>\n<p><a href=\"https:\/\/www.ghil.ac.uk\/cultures_of_conservatism.html\">https:\/\/www.ghil.ac.uk\/cultures_of_conservatism.html<\/a><\/p>\n<p>&nbsp;<\/p>\n","protected":false},"excerpt":{"rendered":"","protected":false},"author":2,"featured_media":5922,"comment_status":"open","ping_status":"open","sticky":false,"template":"","format":"standard","meta":{"_acf_changed":false,"jetpack_post_was_ever_published":false,"_jetpack_newsletter_access":"","_jetpack_dont_email_post_to_subs":false,"_jetpack_newsletter_tier_id":0,"_jetpack_memberships_contains_paywalled_content":false,"_jetpack_memberships_contains_paid_content":false,"footnotes":"","jetpack_publicize_message":"","jetpack_publicize_feature_enabled":true,"jetpack_social_post_already_shared":true,"jetpack_social_options":{"image_generator_settings":{"template":"highway","default_image_id":0,"font":"","enabled":false},"version":2}},"categories":[3,9],"tags":[],"class_list":["post-5921","post","type-post","status-publish","format-standard","has-post-thumbnail","hentry","category-novosti","category-skupovi"],"acf":{"facebook_opis":""},"jetpack_publicize_connections":[],"jetpack_featured_media_url":"https:\/\/i0.wp.com\/historiografija.hr\/wp-content\/uploads\/2017\/09\/ghil.jpg?fit=285%2C235&ssl=1","jetpack_sharing_enabled":true,"jetpack-related-posts":[{"id":52631,"url":"https:\/\/historiografija.hr\/?p=52631","url_meta":{"origin":5921,"position":0},"title":"Predavanje Ivana Tepe\u0161a: Djelovanje hrvatske politi\u010dke emigracije","author":"Branimir Jankovi\u0107","date":"23. travnja 2026.","format":false,"excerpt":"Odjel za me\u0111unarodnu suradnju i iseljeni\u0161tvo Matice hrvatske Predavanje Ivana Tepe\u0161a: Djelovanje hrvatske politi\u010dke emigracije Utorak, 28. travnja 2026. u 18:00 sati, Dvorana Ljudevita Jonkea (Mala dvorana MH), Strossmayerov trg 4, Zagreb dr. sc. Ivan Tepe\u0161, Institut za istra\u017eivanje migracija Hrvatska politi\u010dka emigracija obilje\u017eila je polustoljetnu hrvatsku povijest u drugoj\u2026","rel":"","context":"U &quot;Novosti&quot;","block_context":{"text":"Novosti","link":"https:\/\/historiografija.hr\/?cat=3"},"img":{"alt_text":"","src":"","width":0,"height":0},"classes":[]},{"id":52633,"url":"https:\/\/historiografija.hr\/?p=52633","url_meta":{"origin":5921,"position":1},"title":"POVIJEST TRE\u0160NJEVA\u010cKE GLAZBE: prikupljanje virtualnog fundusa Muzeja susjedstva Tre\u0161njevka","author":"Branimir Jankovi\u0107","date":"23. travnja 2026.","format":false,"excerpt":"utorak 28. 4. 2026. 14 - 18 h Nova BAZA, Nova cesta 66, Zagreb Prvi su dani ljeta 1957. godine. Bo\u017eica Kalafati\u0107 poha\u0111a drugi razred Osnovne \u0161kole Bratstvo i jedinstvo, danas kralja Tomislava, a ide i na muzi\u010dke satove u Mo\u0161\u0107eni\u010dkoj ulici. Na fotografiji s harmonikom u rukama stoji u\u2026","rel":"","context":"U &quot;Novosti&quot;","block_context":{"text":"Novosti","link":"https:\/\/historiografija.hr\/?cat=3"},"img":{"alt_text":"","src":"https:\/\/i0.wp.com\/historiografija.hr\/wp-content\/uploads\/2026\/04\/MST_prikupljanje.jpg?fit=380%2C475&ssl=1&resize=350%2C200","width":350,"height":200},"classes":[]},{"id":52619,"url":"https:\/\/historiografija.hr\/?p=52619","url_meta":{"origin":5921,"position":2},"title":"Predavanje \u0110ur\u0111ice Vitkovi\u0107 &#8220;Izme\u0111u pera i objektiva: Zagorka i Foto Tonka&#8221;","author":"Branimir Jankovi\u0107","date":"23. travnja 2026.","format":false,"excerpt":"Memorijalni stan Marije Juri\u0107 Zagorke poziva Vas na predavanje \u0110ur\u0111ice Vitkovi\u0107 \u201eIzme\u0111u pera i objektiva: Zagorka i Foto Tonka\u201c koje \u0107e se odr\u017eati u utorak, 28. travnja 2026. s po\u010detkom u 18 h u sklopu Ciklusa predavanja u Memorijalnom stanu Marije Juri\u0107 Zagorke. Kako su se susrele knji\u017eevnost i fotografija\u2026","rel":"","context":"U &quot;Novosti&quot;","block_context":{"text":"Novosti","link":"https:\/\/historiografija.hr\/?cat=3"},"img":{"alt_text":"","src":"https:\/\/i0.wp.com\/historiografija.hr\/wp-content\/uploads\/2024\/11\/Zagorka_ciklus.jpg?fit=1200%2C1006&ssl=1&resize=350%2C200","width":350,"height":200,"srcset":"https:\/\/i0.wp.com\/historiografija.hr\/wp-content\/uploads\/2024\/11\/Zagorka_ciklus.jpg?fit=1200%2C1006&ssl=1&resize=350%2C200 1x, https:\/\/i0.wp.com\/historiografija.hr\/wp-content\/uploads\/2024\/11\/Zagorka_ciklus.jpg?fit=1200%2C1006&ssl=1&resize=525%2C300 1.5x, https:\/\/i0.wp.com\/historiografija.hr\/wp-content\/uploads\/2024\/11\/Zagorka_ciklus.jpg?fit=1200%2C1006&ssl=1&resize=700%2C400 2x, https:\/\/i0.wp.com\/historiografija.hr\/wp-content\/uploads\/2024\/11\/Zagorka_ciklus.jpg?fit=1200%2C1006&ssl=1&resize=1050%2C600 3x"},"classes":[]},{"id":52628,"url":"https:\/\/historiografija.hr\/?p=52628","url_meta":{"origin":5921,"position":3},"title":"Predavanje dopisnog \u010dlana HAZU Alaina Finkielkrauta Izrael, Europa, antisemitizam","author":"Branimir Jankovi\u0107","date":"23. travnja 2026.","format":false,"excerpt":"Francuski filozof Alain Finkielkraut, redoviti \u010dlan Francuske akademije i dopisni \u010dlan HAZU, odr\u017eat \u0107e predavanje\u00a0Izrael, Europa, antisemitizam u utorak 28. travnja 2026. u 13 sati u Knji\u017enici HAZU,\u00a0Strossmayerov trg 14 u Zagrebu. Uvodne rije\u010di odr\u017eat \u0107e\u00a0akademkinja \u017deljka \u010corak i\u00a0akademik Dra\u017een Katunari\u0107. Predavanje \u0107e se odr\u017eati na francuskom jeziku uz konsekutivno\u2026","rel":"","context":"U &quot;Novosti&quot;","block_context":{"text":"Novosti","link":"https:\/\/historiografija.hr\/?cat=3"},"img":{"alt_text":"","src":"https:\/\/i0.wp.com\/historiografija.hr\/wp-content\/uploads\/2026\/04\/Alain_Finkielkraut.jpg?fit=350%2C407&ssl=1&resize=350%2C200","width":350,"height":200},"classes":[]},{"id":52607,"url":"https:\/\/historiografija.hr\/?p=52607","url_meta":{"origin":5921,"position":4},"title":"No\u0107 knjige: Kako je prije 410 godina smr\u0107u Shakespearea i Cervantesa zavr\u0161ilo razdoblje renesanse u knji\u017eevnosti","author":"Branimir Jankovi\u0107","date":"22. travnja 2026.","format":false,"excerpt":"\u010cetvrtak, 23. travnja 2026. u 18:00 sati, Knji\u017eara Matice hrvatske, Ulica Matice hrvatske 2, Zagreb Uvodna rije\u010d: dr. sc.\u00a0Dubravka Brezak Stama\u0107, pro\u010delnica Odjela za knji\u017eevnost Matice hrvatske Prof. dr. sc. Ivan Lupi\u0107, redoviti profesor u Odsjeku za anglistiku i Odsjeku za kroatistiku Sveu\u010dili\u0161ta u RijeciShakespeare, kazali\u0161te, glazbaKada se susre\u0107emo sa\u2026","rel":"","context":"U &quot;Novosti&quot;","block_context":{"text":"Novosti","link":"https:\/\/historiografija.hr\/?cat=3"},"img":{"alt_text":"","src":"https:\/\/i0.wp.com\/historiografija.hr\/wp-content\/uploads\/2026\/04\/noc_knjige_2026.jpg?fit=680%2C276&ssl=1&resize=350%2C200","width":350,"height":200,"srcset":"https:\/\/i0.wp.com\/historiografija.hr\/wp-content\/uploads\/2026\/04\/noc_knjige_2026.jpg?fit=680%2C276&ssl=1&resize=350%2C200 1x, https:\/\/i0.wp.com\/historiografija.hr\/wp-content\/uploads\/2026\/04\/noc_knjige_2026.jpg?fit=680%2C276&ssl=1&resize=525%2C300 1.5x"},"classes":[]},{"id":52641,"url":"https:\/\/historiografija.hr\/?p=52641","url_meta":{"origin":5921,"position":5},"title":"CfP: WHO OWNS THE PAST? VERNACULAR MEMORY, STATE MEMORY, AND THE POLITICS OF OWNERSHIP","author":"Branimir Jankovi\u0107","date":"24. travnja 2026.","format":false,"excerpt":"VIENNA, 31ST AUGUST\u20133RD SEPTEMBER 2026 (DEADLINE: 24TH APRIL 2026) The Center for Austrian Studies at the European Forum at the Hebrew University and the Austrian Academy of Sciences\/Institute of Culture Studies invite early postdocs, PhD candidates, and advanced Master\u2019s students from the Hebrew University of Jerusalem and universities and academic\u2026","rel":"","context":"U &quot;Novosti&quot;","block_context":{"text":"Novosti","link":"https:\/\/historiografija.hr\/?cat=3"},"img":{"alt_text":"","src":"https:\/\/i0.wp.com\/historiografija.hr\/wp-content\/uploads\/2017\/10\/hsozkult.png?fit=1006%2C241&ssl=1&resize=350%2C200","width":350,"height":200,"srcset":"https:\/\/i0.wp.com\/historiografija.hr\/wp-content\/uploads\/2017\/10\/hsozkult.png?fit=1006%2C241&ssl=1&resize=350%2C200 1x, https:\/\/i0.wp.com\/historiografija.hr\/wp-content\/uploads\/2017\/10\/hsozkult.png?fit=1006%2C241&ssl=1&resize=525%2C300 1.5x, https:\/\/i0.wp.com\/historiografija.hr\/wp-content\/uploads\/2017\/10\/hsozkult.png?fit=1006%2C241&ssl=1&resize=700%2C400 2x"},"classes":[]}],"_links":{"self":[{"href":"https:\/\/historiografija.hr\/index.php?rest_route=\/wp\/v2\/posts\/5921","targetHints":{"allow":["GET"]}}],"collection":[{"href":"https:\/\/historiografija.hr\/index.php?rest_route=\/wp\/v2\/posts"}],"about":[{"href":"https:\/\/historiografija.hr\/index.php?rest_route=\/wp\/v2\/types\/post"}],"author":[{"embeddable":true,"href":"https:\/\/historiografija.hr\/index.php?rest_route=\/wp\/v2\/users\/2"}],"replies":[{"embeddable":true,"href":"https:\/\/historiografija.hr\/index.php?rest_route=%2Fwp%2Fv2%2Fcomments&post=5921"}],"version-history":[{"count":2,"href":"https:\/\/historiografija.hr\/index.php?rest_route=\/wp\/v2\/posts\/5921\/revisions"}],"predecessor-version":[{"id":5924,"href":"https:\/\/historiografija.hr\/index.php?rest_route=\/wp\/v2\/posts\/5921\/revisions\/5924"}],"wp:featuredmedia":[{"embeddable":true,"href":"https:\/\/historiografija.hr\/index.php?rest_route=\/wp\/v2\/media\/5922"}],"wp:attachment":[{"href":"https:\/\/historiografija.hr\/index.php?rest_route=%2Fwp%2Fv2%2Fmedia&parent=5921"}],"wp:term":[{"taxonomy":"category","embeddable":true,"href":"https:\/\/historiografija.hr\/index.php?rest_route=%2Fwp%2Fv2%2Fcategories&post=5921"},{"taxonomy":"post_tag","embeddable":true,"href":"https:\/\/historiografija.hr\/index.php?rest_route=%2Fwp%2Fv2%2Ftags&post=5921"}],"curies":[{"name":"wp","href":"https:\/\/api.w.org\/{rel}","templated":true}]}}