{"id":5876,"date":"2017-09-09T17:18:43","date_gmt":"2017-09-09T17:18:43","guid":{"rendered":"http:\/\/historiografija.hr\/?p=5876"},"modified":"2017-09-09T17:21:36","modified_gmt":"2017-09-09T17:21:36","slug":"nevenko-bartulin-boris-zarnik-and-his-entry-on-race-in-the-croatian-encyclopaedia-1942-croatian-studies-review-vol-12-2016","status":"publish","type":"post","link":"https:\/\/historiografija.hr\/?p=5876","title":{"rendered":"Nevenko Bartulin, &#8220;Boris Zarnik and his entry on race in the Croatian encyclopaedia (1942)&#8221;, Croatian Studies Review, Vol. 12, 2016."},"content":{"rendered":"<p>U 2017. godini objavljen je \u010dlanak Nevenka Bartulina &#8211; autora knjige &#8220;The Racial Idea in the Independent State of Croatia: Origins and Theory&#8221; (2014) &#8211; u kojem raspravlja o natuknici o rasi, odnosno rasnoj teoriji u &#8220;Hrvatskoj enciklopediji&#8221; (1942), koja je \u010desto navo\u0111ena kao dokaz \u2018antirasisti\u010dkog\u2019 ili \u2018antinacisti\u010dkog\u2019 stava usta\u0161kih vlasti.<\/p>\n<p>&nbsp;<\/p>\n<p>&#8212;<\/p>\n<p>&nbsp;<\/p>\n<p>Croatian studies review, Vol. 12, 2016.<\/p>\n<p>&nbsp;<\/p>\n<p>Izvorni znanstveni \u010dlanak<\/p>\n<p>&nbsp;<\/p>\n<p><strong><em>Boris Zarnik and his entry on race in the Croatian encyclopaedia (1942)<\/em><\/strong><\/p>\n<p>&nbsp;<\/p>\n<p><strong>Nevenko Bartulin<\/strong>; Macquarie University, Sydney<\/p>\n<p>&nbsp;<\/p>\n<p>Puni tekst: engleski, pdf\u00a0\u00a0\u00a0 str. 71-102<\/p>\n<p>&nbsp;<\/p>\n<p>Sa\u017eetak<\/p>\n<p>This article examines the short section on race theory found in the entry on \u2018Man\u2019 published in the fourth volume of the Croatian Encyclopaedia (the so-called \u2018Usta\u0161a\u2019 Encyclopaedia) in 1942 and written by the Slovenian-born Croatian biologist Boris Zarnik. Since Zarnik criticised the idea of racism, or what he also termed \u2018race theory\u2019, in this entry, a number of historians and other commentators have claimed that Zarnik, and even the Usta\u0161a government, were theoretically opposed to National Socialist racism. But through a close examination of both his pre-war articles on racial anthropology and the ideas expressed in his entry on race theory, this article will highlight that Zarnik\u2019s position on race and racism was actually completely in line with the tenets of National Socialism.<\/p>\n<p>&nbsp;<\/p>\n<p>Klju\u010dne rije\u010di<\/p>\n<p>racism; race theory; race laws; anthropology; science; Nordic; Dinaric<\/p>\n<p>&nbsp;<\/p>\n<p>&nbsp;<\/p>\n<p>URI<\/p>\n<p><a href=\"http:\/\/hrcak.srce.hr\/177348\">http:\/\/hrcak.srce.hr\/177348<\/a><\/p>\n<p>&nbsp;<\/p>\n<p>&nbsp;<\/p>\n<p><strong>Sa\u017eetak<\/strong><\/p>\n<p><strong>\u00a0<\/strong><\/p>\n<p>Ovaj rad raspravlja o natuknici \u2018\u010covjek\u2019 (uklju\u010duju\u0107i i znanstveni studij o rasama i rasnoj teoriji), koja je objavljena u Hrvatskoj enciklopediji iz 1942. godine. Natuknicu je napisao dugogodi\u0161nji profesor biologije na Medicinskom fakultetu na zagreba\u010dkom sveu\u010dili\u0161tu Slovenac Boris Zarnik (1883-1945). Tijekom me\u0111uratnog razdoblja, Zarnik je napisao nekoliko znanstvenih \u010dlanaka o rasi, rasnoj antropologiji, eugenici i teoriji evolucije. U ovim raspravama Zarnik je naglasio pozitivne odlike nordijske, dinarske i (do manje mjere) alpske rase, \u0161to je bilo potpuno u skladu s teorijama nekih zna\u010dajnih njema\u010dkih rasnih antropologa poput Eugena Fischera (1874-1967). Zarnik je posebno istaknuo vrijednost rasnog mije\u0161anja izme\u0111u nordijaca i dinaraca. Iako je bio nacionalno jugoslavenski orijentiran u me\u0111uratnom razdoblju (te \u010dak \u010dlan masonske lo\u017ee), Zarnik je ipak ostao u Zagrebu nakon progla\u0161enja Nezavisne Dr\u017eave Hrvatske te je, kao stru\u010dnjak za rasnu antropologiju i rasna pitanja, savjetovao usta\u0161ku vladu pri dono\u0161enju rasnih zakonskih odredbi, odnosno rasnih zakona, na kraju travnja 1941. godine. Iako je Zarnik ubrzo prisiljen po\u0107i u mirovinu, ostao je voditi istra\u017eivanja na Medicinskom fakultetu te je dr\u017eao predavanja o rasnoj antropologiji i biologiji sredinom 1942. godine u sklopu usta\u0161ke rasne politike.<\/p>\n<p>&nbsp;<\/p>\n<p>Zarnik je napisao du\u017eu raspravu o rasnoj antropologiji u svojoj natuknici \u2018\u010covjek\u2019 u tzv. \u2018Usta\u0161koj\u2019 enciklopediji iz 1942. godine. U posebnom odjeljku, unutar ove natuknice, Zarnik je tako\u0111er dao svoje tuma\u010denje o rasnoj teoriji, odnosno rasizmu. Zarnik je zapravo kritizirao rasizam, odnosno ideju o superiornosti jedne rase nad drugim rasama. Prema Zarniku, nordijski je rasizam, odnosno ideja da je nordijska rasa jedina rasa na svijetu sposobna za kulturni napredak te pozvana od Boga da vlada svijetom, znanstveno neprihvatljiva. Prema brojnim povjesni\u010darima i ostalim komentatorima ova kritika bi trebala biti dokaz da je Zarnik radikalno odbacio svoja prija\u0161nja stajali\u0161ta o rasi i rasnom pitanju te se priklonio kulturnom relativizmu. Prema ovakvom tuma\u010denju, Zarnikova kritika predstavlja odbacivanje nacional-socijalisti\u010dkog rasizma. Nadalje, prema nekim povjesni\u010darima, budu\u0107i da je Zarnikova natuknica objavljena u \u2018Usta\u0161koj\u2019 enciklopediji, tako se njegova kritika mo\u017ee tuma\u010diti \u010dak kao slu\u017ebeno stajali\u0161te same usta\u0161ke vlade (dakle i usta\u0161e navodno odbacuju, barem u teoriji, nacisti\u010dki rasizam). No, ovakva historiografska stajali\u0161ta su pogre\u0161na jer potpuno ignoriraju ostatak Zarnikove rasprave o rasnoj teoriji. Dakle, iako je Zarnik kritizirao rasizam, on je i dalje zastupao gledi\u0161te svih rasnih antropologa da svaka rasa ima svoje fizi\u010dke (somatske) i du\u0161evne osobine i da je svakom pojedincu \u2018du\u0161evni stil\u2019 njegove vlastite rase najvrijedniji i najbli\u017ei. I \u0161to je jo\u0161 va\u017enije, Zarnik je i dalje nagla\u0161avao vrijednost rasnog mije\u0161anja izme\u0111u nordijaca, dinaraca i alpinaca (dakle zagovarao je vrijednost mije\u0161anja izme\u0111u bliskih europskih rasa).<\/p>\n<p>&nbsp;<\/p>\n<p>Ovaj \u010dlanak pokazuje da njegova natuknica iz 1942. godine stoji u kontinuitetu s njegovim prija\u0161njim stajali\u0161tima o rasnim pitanjima. Ovaj rad tako\u0111er pokazuje da je Zarnikova natuknica zapravo potpuno u skladu sa stajali\u0161tima nacional socijalisti\u010dkih teoreti\u010dara i njema\u010dkih rasnih antropologa u Tre\u0107em Reichu. Suprotno od prevladavaju\u0107ih historiografskih stajali\u0161ta (naro\u010dito u hrvatskoj historiografiji), njema\u010dki nacional socijalisti su odbacili me\u0111unarodne optu\u017ebe da je njihova ideologija utemeljena na idejama o nordijskoj rasnoj superiornosti. Naprotiv, oni su isticali da njihova rasna ideologija samo priznaje rasne razlike ali ne vrednuje ljudske rase kao \u2018bolje\u2019 ili \u2018ni\u017ee.\u2019 Dakako da su nacional socijalisti \u010desto govorili o tzv. \u017eidovsko-mongolskom pod\u010dovjeku tijekom njema\u010dkog rata protiv Sovjetskog saveza, ali, barem u teoriji, njema\u010dki nacional socijalisti i rasni antropolozi su nagla\u0161avali \u2018jednakost\u2019 me\u0111u ljudskim rasama ili svojevrsni \u2018rasni relativizam.\u2019<\/p>\n<p>&nbsp;<\/p>\n<p>&nbsp;<\/p>\n<p>&#8212;<\/p>\n<p>&nbsp;<\/p>\n<p><strong>The Racial Idea in the Independent State of Croatia<\/strong><\/p>\n<p><strong>Origins and Theory<\/strong><\/p>\n<p>&nbsp;<\/p>\n<p>Nevenko Bartulin<\/p>\n<p>&nbsp;<\/p>\n<p>This book traces the intellectual origins of race theory in the pro-Nazi Ustasha Independent State of Croatia, 1941-1945. This race theory was not, as historians of the Ustasha state have hitherto argued, a product of a practical accommodation to the dominant Nazi racial ideology. Contrary to the general historiographical view, which has either downplayed or ignored the important place of race, not only in Ustasha ideology and politics, but more generally in modern Croatian and Yugoslav nationalism, this work stresses the significant role that theories of ethnolinguistic origin and racial anthropology played in defining Croat nationhood from the mid-nineteenth to the mid-twentieth century. Upon the basis of older ideological and cultural traditions, the Ustasha state constructed an ideal Aryan racial type.<\/p>\n<p>&nbsp;<\/p>\n<p><a href=\"http:\/\/www.brill.com\/products\/book\/racial-idea-independent-state-croatia\">http:\/\/www.brill.com\/products\/book\/racial-idea-independent-state-croatia<\/a><\/p>\n<p>&nbsp;<\/p>\n<p>&#8212;<\/p>\n<p>&nbsp;<\/p>\n<p>\u010casopis za povijest Zapadne Hrvatske, Vol.10, 2015.<\/p>\n<p>&nbsp;<\/p>\n<p><strong>Recenzija, Prikaz<\/strong><\/p>\n<p>&nbsp;<\/p>\n<p>Nevenko BARTULIN, The Racial Idea in the Independent State of Croatia: Origins and Theory, Leiden, Boston: Brill, 2014., 244. str.<\/p>\n<p>&nbsp;<\/p>\n<p><strong>Lovro Kralj<\/strong>; Central European University Budapest<\/p>\n<p>&nbsp;<\/p>\n<p>Puni tekst: hrvatski, pdf\u00a0 \u00a0\u00a0\u00a0 str. 175-180<\/p>\n<p>&nbsp;<\/p>\n<p>URI<\/p>\n<p><a href=\"http:\/\/hrcak.srce.hr\/172961\">http:\/\/hrcak.srce.hr\/172961<\/a><\/p>\n<p>&nbsp;<\/p>\n","protected":false},"excerpt":{"rendered":"","protected":false},"author":2,"featured_media":5877,"comment_status":"open","ping_status":"open","sticky":false,"template":"","format":"standard","meta":{"_acf_changed":false,"jetpack_post_was_ever_published":false,"_jetpack_newsletter_access":"","_jetpack_dont_email_post_to_subs":false,"_jetpack_newsletter_tier_id":0,"_jetpack_memberships_contains_paywalled_content":false,"_jetpack_memberships_contains_paid_content":false,"footnotes":"","jetpack_publicize_message":"","jetpack_publicize_feature_enabled":true,"jetpack_social_post_already_shared":true,"jetpack_social_options":{"image_generator_settings":{"template":"highway","default_image_id":0,"font":"","enabled":false},"version":2}},"categories":[3],"tags":[],"class_list":["post-5876","post","type-post","status-publish","format-standard","has-post-thumbnail","hentry","category-novosti"],"acf":{"facebook_opis":""},"jetpack_publicize_connections":[],"jetpack_featured_media_url":"https:\/\/i0.wp.com\/historiografija.hr\/wp-content\/uploads\/2017\/09\/62146.jpg?fit=195%2C297&ssl=1","jetpack_sharing_enabled":true,"jetpack-related-posts":[{"id":52660,"url":"https:\/\/historiografija.hr\/?p=52660","url_meta":{"origin":5876,"position":0},"title":"Medijski odjeci \u010dlanka Steve \u0110ura\u0161kovi\u0107a \u201e\u017dupanovljeva ne\u017eeljena djeca: ideolo\u0161ko pribli\u017eavanje neoliberala i kr\u0161\u0107anske radikalne desnice u Hrvatskoj\u201c","author":"Branimir Jankovi\u0107","date":"24. travnja 2026.","format":false,"excerpt":"U sklopu projekta \u201eIzazovi intelektualne povijesti: recepcije, preobrazbe i upotrebe politi\u010dkih ideja\u201c objavljen je polemi\u010dki \u010dlanak Steve \u0110ura\u0161kovi\u0107a \u201e\u017dupanovljeva ne\u017eeljena djeca: ideolo\u0161ko pribli\u017eavanje neoliberala i kr\u0161\u0107anske radikalne desnice u Hrvatskoj\u201c, koji je izazvao odre\u0111ene medijske reakcije. Stevo \u0110ura\u0161kovi\u0107 \u017dupanovljeva ne\u017eeljena djeca: ideolo\u0161ko pribli\u017eavanje neoliberala i kr\u0161\u0107anske radikalne desnice u Hrvatskoj\u2026","rel":"","context":"U &quot;Novosti&quot;","block_context":{"text":"Novosti","link":"https:\/\/historiografija.hr\/?cat=3"},"img":{"alt_text":"","src":"https:\/\/i0.wp.com\/historiografija.hr\/wp-content\/uploads\/2026\/04\/SD.png?fit=809%2C821&ssl=1&resize=350%2C200","width":350,"height":200,"srcset":"https:\/\/i0.wp.com\/historiografija.hr\/wp-content\/uploads\/2026\/04\/SD.png?fit=809%2C821&ssl=1&resize=350%2C200 1x, https:\/\/i0.wp.com\/historiografija.hr\/wp-content\/uploads\/2026\/04\/SD.png?fit=809%2C821&ssl=1&resize=525%2C300 1.5x, https:\/\/i0.wp.com\/historiografija.hr\/wp-content\/uploads\/2026\/04\/SD.png?fit=809%2C821&ssl=1&resize=700%2C400 2x"},"classes":[]},{"id":52589,"url":"https:\/\/historiografija.hr\/?p=52589","url_meta":{"origin":5876,"position":1},"title":"Predstavljena knjiga Miomira \u017du\u017eula &#8220;Dayton: Diplomacija &#8211; druga strana rata&#8221;","author":"Branimir Jankovi\u0107","date":"22. travnja 2026.","format":false,"excerpt":"Knjiga Miomira \u017du\u017eula \u201eDayton: Diplomacija \u2013 druga strana rata\u201d predstavljena je u srijedu, 22. travnja 2026. godine u foajeu Hrvatskoga narodnog kazali\u0161ta u Zagrebu. Op\u0161irnije: https:\/\/vijesti.hrt.hr\/hrvatska\/predstavljena-knjiga-miomira-zuzula-dayton-diplomacija-druga-strana-rata-12683259 https:\/\/www.vecernji.ba\/amp\/vijesti\/zuzulova-knjiga-o-daytonu-predstavljena-u-zagrebu-diplomacija-kao-druga-strana-rata-1953700 https:\/\/www.tportal.hr\/vijesti\/clanak\/bivsi-sanaderov-ministar-odrzao-promociju-evo-tko-je-sve-dosao-na-predstavljanje-knjige-miomira-zuzula-foto-20260422 https:\/\/direktno.hr\/zivot\/kultura\/zuzul-otkrio-sve-o-drugoj-strani-rata-za-hrvatsku-se-nije-libio-povuci-nekoga-i-za-kosu-395042 https:\/\/www.24sata.hr\/news\/miomir-zuzul-predstavio-je-knjigu-o-daytonu-diplomacija-je-bila-druga-strana-rata-1123152 https:\/\/www.vecernji.hr\/kultura\/kolinda-grabar-kitarovic-otvoreno-miomir-zuzul-nije-vukao-samo-za-rukav-nego-i-za-kosu-1953722 https:\/\/www.vecernji.hr\/kultura\/i-papa-lav-xiv-eksplicitno-je-daytonski-sporazum-istaknuo-kao-primjer-uspjesna-rjesavanja-sukoba-1952215","rel":"","context":"U &quot;Novosti&quot;","block_context":{"text":"Novosti","link":"https:\/\/historiografija.hr\/?cat=3"},"img":{"alt_text":"","src":"https:\/\/i0.wp.com\/historiografija.hr\/wp-content\/uploads\/2026\/04\/Dayton.jpg?fit=1024%2C683&ssl=1&resize=350%2C200","width":350,"height":200,"srcset":"https:\/\/i0.wp.com\/historiografija.hr\/wp-content\/uploads\/2026\/04\/Dayton.jpg?fit=1024%2C683&ssl=1&resize=350%2C200 1x, https:\/\/i0.wp.com\/historiografija.hr\/wp-content\/uploads\/2026\/04\/Dayton.jpg?fit=1024%2C683&ssl=1&resize=525%2C300 1.5x, https:\/\/i0.wp.com\/historiografija.hr\/wp-content\/uploads\/2026\/04\/Dayton.jpg?fit=1024%2C683&ssl=1&resize=700%2C400 2x"},"classes":[]},{"id":52569,"url":"https:\/\/historiografija.hr\/?p=52569","url_meta":{"origin":5876,"position":2},"title":"[Predavanje] Ne \u010dekaju\u0107i inspiraciju \u2013 anga\u017eovane intelektualne, kulturalne i umetni\u010dke prakse u me\u0111uratnom periodu: teorija i praksa kriti\u010dke levice u jugoslovenskoj kulturi (YugoLab)","author":"Branimir Jankovi\u0107","date":"21. travnja 2026.","format":false,"excerpt":"U vreme agresivnog ja\u010danja globalne desnice, (pro)fa\u0161isti\u010dkih, rasisti\u010dkih i imperijalisti\u010dkih politika, dok je istovremeno globalna levica izrazito slaba, a progresivni pokreti atomizirani i fragmentisani, va\u017eno je iz savremene perspektive vratiti se revolucionarnim i emancipatorskim zbivanjima u jugoslovenskom (ali i s njima u vezi internacionalnim de\u0161avanjima), kao i dru\u0161tvenoj ulozi kulturalnih\u2026","rel":"","context":"U &quot;Novosti&quot;","block_context":{"text":"Novosti","link":"https:\/\/historiografija.hr\/?cat=3"},"img":{"alt_text":"","src":"","width":0,"height":0},"classes":[]},{"id":52505,"url":"https:\/\/historiografija.hr\/?p=52505","url_meta":{"origin":5876,"position":3},"title":"Izlo\u017eba &#8220;Eschenstock \/ Jasenov prut&#8221;","author":"Branimir Jankovi\u0107","date":"17. travnja 2026.","format":false,"excerpt":"Srpsko narodno vije\u0107e (SNV) i Vizura aperta postavljaju izlo\u017ebu \u0161vicarskog slikara Velimira Ili\u0161evi\u0107a: Eschenstock \/ Jasenov prut. Izlo\u017eba se uz prisustvo autora otvara povodom 81. godi\u0161njice proboja logora\u0161a iz usta\u0161kog logora smrti Jasenovac 22. aprila 2026. u 19 sati u Srpskom kulturnom centru (SKC) u Preradovi\u0107evoj ulici 21 u Zagrebu.\u2026","rel":"","context":"U &quot;Izlo\u017ebe&quot;","block_context":{"text":"Izlo\u017ebe","link":"https:\/\/historiografija.hr\/?cat=10"},"img":{"alt_text":"","src":"https:\/\/i0.wp.com\/historiografija.hr\/wp-content\/uploads\/2026\/04\/Jasenov_prut.jpg?fit=1024%2C640&ssl=1&resize=350%2C200","width":350,"height":200,"srcset":"https:\/\/i0.wp.com\/historiografija.hr\/wp-content\/uploads\/2026\/04\/Jasenov_prut.jpg?fit=1024%2C640&ssl=1&resize=350%2C200 1x, https:\/\/i0.wp.com\/historiografija.hr\/wp-content\/uploads\/2026\/04\/Jasenov_prut.jpg?fit=1024%2C640&ssl=1&resize=525%2C300 1.5x, https:\/\/i0.wp.com\/historiografija.hr\/wp-content\/uploads\/2026\/04\/Jasenov_prut.jpg?fit=1024%2C640&ssl=1&resize=700%2C400 2x"},"classes":[]},{"id":52563,"url":"https:\/\/historiografija.hr\/?p=52563","url_meta":{"origin":5876,"position":4},"title":"Predavanje Nenada Fabijani\u0107a o stadionu Poljud u Splitu","author":"Branimir Jankovi\u0107","date":"21. travnja 2026.","format":false,"excerpt":"Znanstveno vije\u0107e za arhitekturu, urbanizam i ure\u0111enje prostora Hrvatske akademije znanosti i umjetnosti organizira predavanje \u201cPo Poljudu\u201d koje \u0107e u srijedu 22. travnja 2026. s po\u010detkom u 14 sati u Knji\u017enici HAZU, Strossmayerov trg 14 u Zagrebu, odr\u017eati\u00a0prof. emerit. dr. art. Nenad Fabijani\u0107,\u00a0\u010dlan suradnik HAZU. Predavanje \u201ePo Poljudu\u201c (Projekt obnove)\u2026","rel":"","context":"U &quot;Novosti&quot;","block_context":{"text":"Novosti","link":"https:\/\/historiografija.hr\/?cat=3"},"img":{"alt_text":"","src":"https:\/\/i0.wp.com\/historiografija.hr\/wp-content\/uploads\/2026\/04\/Poljud-scaled.jpeg?fit=1200%2C800&ssl=1&resize=350%2C200","width":350,"height":200,"srcset":"https:\/\/i0.wp.com\/historiografija.hr\/wp-content\/uploads\/2026\/04\/Poljud-scaled.jpeg?fit=1200%2C800&ssl=1&resize=350%2C200 1x, https:\/\/i0.wp.com\/historiografija.hr\/wp-content\/uploads\/2026\/04\/Poljud-scaled.jpeg?fit=1200%2C800&ssl=1&resize=525%2C300 1.5x, https:\/\/i0.wp.com\/historiografija.hr\/wp-content\/uploads\/2026\/04\/Poljud-scaled.jpeg?fit=1200%2C800&ssl=1&resize=700%2C400 2x, https:\/\/i0.wp.com\/historiografija.hr\/wp-content\/uploads\/2026\/04\/Poljud-scaled.jpeg?fit=1200%2C800&ssl=1&resize=1050%2C600 3x"},"classes":[]},{"id":52528,"url":"https:\/\/historiografija.hr\/?p=52528","url_meta":{"origin":5876,"position":5},"title":"[Promocija knjige] Banja Luka u ratu: Etnopolitika i svakodnevica (1990\u20131995) (ActiveLab, YugoLab)","author":"Branimir Jankovi\u0107","date":"17. travnja 2026.","format":false,"excerpt":"Institut za filozofiju i dru\u0161tvenu teoriju i O\u0161tra Nula organizuju promociju knjige Banja Luka u ratu: Etnopolitika i svakodnevica (1990\u20131995) autorke Armine Galija\u0161, koja \u0107e se odr\u017eati 20. aprila 2026. u 12.00 sati u prostorijama Instituta (Kraljice Natalije 45, Beograd). Re\u010d je o prvom nau\u010dno utemeljenom i sistematskom radu koji\u2026","rel":"","context":"U &quot;Novosti&quot;","block_context":{"text":"Novosti","link":"https:\/\/historiografija.hr\/?cat=3"},"img":{"alt_text":"","src":"https:\/\/i0.wp.com\/historiografija.hr\/wp-content\/uploads\/2026\/04\/20-april-RS.jpg?fit=1200%2C675&ssl=1&resize=350%2C200","width":350,"height":200,"srcset":"https:\/\/i0.wp.com\/historiografija.hr\/wp-content\/uploads\/2026\/04\/20-april-RS.jpg?fit=1200%2C675&ssl=1&resize=350%2C200 1x, https:\/\/i0.wp.com\/historiografija.hr\/wp-content\/uploads\/2026\/04\/20-april-RS.jpg?fit=1200%2C675&ssl=1&resize=525%2C300 1.5x, https:\/\/i0.wp.com\/historiografija.hr\/wp-content\/uploads\/2026\/04\/20-april-RS.jpg?fit=1200%2C675&ssl=1&resize=700%2C400 2x, https:\/\/i0.wp.com\/historiografija.hr\/wp-content\/uploads\/2026\/04\/20-april-RS.jpg?fit=1200%2C675&ssl=1&resize=1050%2C600 3x"},"classes":[]}],"_links":{"self":[{"href":"https:\/\/historiografija.hr\/index.php?rest_route=\/wp\/v2\/posts\/5876","targetHints":{"allow":["GET"]}}],"collection":[{"href":"https:\/\/historiografija.hr\/index.php?rest_route=\/wp\/v2\/posts"}],"about":[{"href":"https:\/\/historiografija.hr\/index.php?rest_route=\/wp\/v2\/types\/post"}],"author":[{"embeddable":true,"href":"https:\/\/historiografija.hr\/index.php?rest_route=\/wp\/v2\/users\/2"}],"replies":[{"embeddable":true,"href":"https:\/\/historiografija.hr\/index.php?rest_route=%2Fwp%2Fv2%2Fcomments&post=5876"}],"version-history":[{"count":4,"href":"https:\/\/historiografija.hr\/index.php?rest_route=\/wp\/v2\/posts\/5876\/revisions"}],"predecessor-version":[{"id":5881,"href":"https:\/\/historiografija.hr\/index.php?rest_route=\/wp\/v2\/posts\/5876\/revisions\/5881"}],"wp:featuredmedia":[{"embeddable":true,"href":"https:\/\/historiografija.hr\/index.php?rest_route=\/wp\/v2\/media\/5877"}],"wp:attachment":[{"href":"https:\/\/historiografija.hr\/index.php?rest_route=%2Fwp%2Fv2%2Fmedia&parent=5876"}],"wp:term":[{"taxonomy":"category","embeddable":true,"href":"https:\/\/historiografija.hr\/index.php?rest_route=%2Fwp%2Fv2%2Fcategories&post=5876"},{"taxonomy":"post_tag","embeddable":true,"href":"https:\/\/historiografija.hr\/index.php?rest_route=%2Fwp%2Fv2%2Ftags&post=5876"}],"curies":[{"name":"wp","href":"https:\/\/api.w.org\/{rel}","templated":true}]}}