{"id":5868,"date":"2017-09-09T16:24:08","date_gmt":"2017-09-09T16:24:08","guid":{"rendered":"http:\/\/historiografija.hr\/?p=5868"},"modified":"2017-09-09T17:27:04","modified_gmt":"2017-09-09T17:27:04","slug":"pino-adriano-giorgio-cingolani-nationalism-and-terror-ante-pavelic-and-ustasha-terrorism-from-fascism-to-the-cold-war","status":"publish","type":"post","link":"https:\/\/historiografija.hr\/?p=5868","title":{"rendered":"Pino Adriano, Giorgio Cingolani, \u201cNationalism and Terror: Ante Paveli\u0107 and Ustasha Terrorism from Fascism to the Cold War\u201d"},"content":{"rendered":"<p>Central European University Press najavljuje skoru objavu knjige o usta\u0161kom pokretu, kao (jo\u0161 jedno) izdanje koje usta\u0161ki pokret promatra u perspektivi europskog fa\u0161izma.<\/p>\n<p>&nbsp;<\/p>\n<p>&#8212;<\/p>\n<p>&nbsp;<\/p>\n<p>CEU PRESS<\/p>\n<p>&nbsp;<\/p>\n<p>Forthcoming<\/p>\n<p>&nbsp;<\/p>\n<p><strong>Nationalism and Terror<\/strong><\/p>\n<p><strong>\u00a0<\/strong><\/p>\n<p><strong>Ante Paveli\u0107 and Ustashe Terrorism from Fascism to the Cold War <\/strong><\/p>\n<p>&nbsp;<\/p>\n<p>Pino Adriano (Radio Televisione Italiana) and<\/p>\n<p>Giorgio Cingolani (Universit\u00e0 Politecnica delle Marche, Italy)<\/p>\n<p>&nbsp;<\/p>\n<p>This book covers the full story of the Ustasha, a fascist movement in Croatia, from its historic roots to its downfall. The authors address key questions: In what international context did Ustasha terrorism grow and develop? How did this movement rise to power, and then exterminate hundreds of thousands of innocents? Who was Ante Paveli\u0107, its leader? Was he a shrewd politician, able to exploit for his independent project Mussolini\u2019s imperial ambitions, Hitler\u2019s pan-German aims, and the anti-Bolshevism of the Holy See and the Western bloc? Or was he, consciously or not, a pawn in other hands, in a complex international scenario where Croatia was only arena among many? And after the movement\u2019s collapse, how were several of the most prominent Ustasha leaders able to evade capture by Tito\u2019s victorious army? The facts and documents confront us with the ambivalence of terrorism.<\/p>\n<p>The book places the appearance of the Ustasha movement not only in the context of the interwar Kingdom of Yugoslavia but also in the wider perspective of the emergence of European fascism.<\/p>\n<p>&nbsp;<\/p>\n<p>&nbsp;<\/p>\n<p><strong>Table of Contents <\/strong><\/p>\n<p>&nbsp;<\/p>\n<p><strong>PART 1 THE USTASHE MOVEMENT FROM ITS ORIGINS TO 1941 <\/strong><\/p>\n<p>CHAPTER 1 ORIGINS<\/p>\n<p>CHAPTER 2 THE KINGDOM OF SERBS, CROATS, AND SLOVENES AND ITALY<\/p>\n<p>CHAPTER 3 UNDER THE DUCE\u2019S WING<\/p>\n<p>CHAPTER 4 THE REGICIDE<\/p>\n<p>CHAPTER 5 FROM TURIN TO ZAGREB<\/p>\n<p>&nbsp;<\/p>\n<p><strong>PART 2 THE USTASHE IN POWER, 1941\u201345 <\/strong><\/p>\n<p>CHAPTER 1 THE INDEPENDENT STATE OF CROATIA<\/p>\n<p>CHAPTER 2 THE MASSACRES OF SERBS, JEWS, AND ROMANI<\/p>\n<p>CHAPTER 3 SURVIVAL PROBLEMS FOR THE INDEPENDENT STATE<\/p>\n<p>CHAPTER 4 CRISIS AND THE END OF THE CROATIAN STATE<\/p>\n<p>&nbsp;<\/p>\n<p><strong>PART 3 THE USTASHE AND THE COLD WAR, 1945\u201359 <\/strong><\/p>\n<p>CHAPTER 1 WAR CRIMINALS ON THE RUN<\/p>\n<p>CHAPTER 2 CAMPS AND MONASTERIES: THE USTASHE RETURN TO ITALY<\/p>\n<p>CHAPTER 3 THE ANTICOMMUNIST CRUSADE<\/p>\n<p>CHAPTER 4 TOWARD THE NEW WORLD<\/p>\n<p>CHAPTER 5 THE USTASHE IN ARGENTINA<\/p>\n<p>&nbsp;<\/p>\n<p><strong>EPILOGUE<\/strong> THE QUESTION OF THE USTASHE BETWEEN YUGOSLAVIA AND THE VATICAN, 1952\u201372<\/p>\n<p>&nbsp;<\/p>\n<p>BIBLIOGRAPHY<\/p>\n<p><strong>\u00a0<\/strong><\/p>\n<p><a href=\"http:\/\/www.ceupress.com\/books\/html\/Nationalism_and_Terror.htm\">http:\/\/www.ceupress.com\/books\/html\/Nationalism_and_Terror.htm<\/a><\/p>\n<p>&nbsp;<\/p>\n<p><a href=\"http:\/\/www.ceupress.com\/NewTitles.html\">http:\/\/www.ceupress.com\/NewTitles.html<\/a><\/p>\n<p>&nbsp;<\/p>\n<p>&nbsp;<\/p>\n","protected":false},"excerpt":{"rendered":"","protected":false},"author":2,"featured_media":5869,"comment_status":"open","ping_status":"open","sticky":false,"template":"","format":"standard","meta":{"_acf_changed":false,"jetpack_post_was_ever_published":false,"_jetpack_newsletter_access":"","_jetpack_dont_email_post_to_subs":false,"_jetpack_newsletter_tier_id":0,"_jetpack_memberships_contains_paywalled_content":false,"_jetpack_memberships_contains_paid_content":false,"footnotes":"","jetpack_publicize_message":"","jetpack_publicize_feature_enabled":true,"jetpack_social_post_already_shared":true,"jetpack_social_options":{"image_generator_settings":{"template":"highway","default_image_id":0,"font":"","enabled":false},"version":2}},"categories":[8,3],"tags":[],"class_list":["post-5868","post","type-post","status-publish","format-standard","has-post-thumbnail","hentry","category-knjige","category-novosti"],"acf":{"facebook_opis":""},"jetpack_publicize_connections":[],"jetpack_featured_media_url":"https:\/\/i0.wp.com\/historiografija.hr\/wp-content\/uploads\/2017\/09\/a-Pavelic-Ceu.jpg?fit=347%2C499&ssl=1","jetpack_sharing_enabled":true,"jetpack-related-posts":[{"id":52625,"url":"https:\/\/historiografija.hr\/?p=52625","url_meta":{"origin":5868,"position":0},"title":"Omer Bartov, \u201eIsrael: What Went Wrong?\u201c","author":"Branimir Jankovi\u0107","date":"23. travnja 2026.","format":false,"excerpt":"Professor Omer Bartov was born on a kibbutz, grew up in Tel Aviv and served in the Israel Defence Forces during the Yom Kippur War. He went on to become an expert on the German army and the Holocaust, before turning his attention to his native country.In Israel: What Went\u2026","rel":"","context":"U &quot;Knjige&quot;","block_context":{"text":"Knjige","link":"https:\/\/historiografija.hr\/?cat=8"},"img":{"alt_text":"","src":"https:\/\/i0.wp.com\/historiografija.hr\/wp-content\/uploads\/2026\/04\/Bartov.jpeg?fit=320%2C500&ssl=1&resize=350%2C200","width":350,"height":200},"classes":[]},{"id":52586,"url":"https:\/\/historiografija.hr\/?p=52586","url_meta":{"origin":5868,"position":1},"title":"Aur\u00e9lie Daher, \u201eHezbollah: Mobilisation and Power\u201c","author":"Branimir Jankovi\u0107","date":"22. travnja 2026.","format":false,"excerpt":"Morning Star \u2018Book of the Year\u2019 Social movement, liberation party or terrorist group? With Hezbollah\u2019s growing involvement in the war in Syria, this study of its impact on Lebanon, drawing heavily on first-hand interviews, could not be more timely. Description Almost forty years after its foundation, Hezbollah remains an enigma.\u2026","rel":"","context":"U &quot;Knjige&quot;","block_context":{"text":"Knjige","link":"https:\/\/historiografija.hr\/?cat=8"},"img":{"alt_text":"","src":"https:\/\/i0.wp.com\/historiografija.hr\/wp-content\/uploads\/2026\/04\/Daher-Hezbollah.jpg?fit=600%2C931&ssl=1&resize=350%2C200","width":350,"height":200,"srcset":"https:\/\/i0.wp.com\/historiografija.hr\/wp-content\/uploads\/2026\/04\/Daher-Hezbollah.jpg?fit=600%2C931&ssl=1&resize=350%2C200 1x, https:\/\/i0.wp.com\/historiografija.hr\/wp-content\/uploads\/2026\/04\/Daher-Hezbollah.jpg?fit=600%2C931&ssl=1&resize=525%2C300 1.5x"},"classes":[]},{"id":52516,"url":"https:\/\/historiografija.hr\/?p=52516","url_meta":{"origin":5868,"position":2},"title":"Marko Grde\u0161i\u0107, Mislav \u017ditko, \u201eSocialist Economics in Yugoslavia: A Critical History\u201c","author":"Branimir Jankovi\u0107","date":"17. travnja 2026.","format":false,"excerpt":"This book presents a critical history of Yugoslav socialist economics, from its inception in the late 1940s to its dissolution in the late 1980s. After the dramatic break with the Soviet Union in 1948, Yugoslavia found itself in urgent need of a third way: A socialist trajectory which would not\u2026","rel":"","context":"U &quot;Knjige&quot;","block_context":{"text":"Knjige","link":"https:\/\/historiografija.hr\/?cat=8"},"img":{"alt_text":"","src":"https:\/\/i0.wp.com\/historiografija.hr\/wp-content\/uploads\/2026\/04\/Zitko_Grdesic.jpg?fit=350%2C535&ssl=1&resize=350%2C200","width":350,"height":200},"classes":[]},{"id":52664,"url":"https:\/\/historiografija.hr\/?p=52664","url_meta":{"origin":5868,"position":3},"title":"CfP: CONFERENCE OF THE HISTORY OF CONCEPTS GROUP, HELSINKI, 19TH\u201321ST AUGUST 2026 (DEADLINE: 30TH APRIL 2026)","author":"Branimir Jankovi\u0107","date":"24. travnja 2026.","format":false,"excerpt":"The annual conference of the History of Concepts Group is held at the University of Helsinki, 19-21 August 2026. Conference of the History of Concepts Group Conceptual history studies the use of concepts and tries to understand how historical actors have linguistically articulated views of the world. Studying concepts from\u2026","rel":"","context":"U &quot;Novosti&quot;","block_context":{"text":"Novosti","link":"https:\/\/historiografija.hr\/?cat=3"},"img":{"alt_text":"","src":"https:\/\/i0.wp.com\/historiografija.hr\/wp-content\/uploads\/2017\/10\/hsozkult.png?fit=1006%2C241&ssl=1&resize=350%2C200","width":350,"height":200,"srcset":"https:\/\/i0.wp.com\/historiografija.hr\/wp-content\/uploads\/2017\/10\/hsozkult.png?fit=1006%2C241&ssl=1&resize=350%2C200 1x, https:\/\/i0.wp.com\/historiografija.hr\/wp-content\/uploads\/2017\/10\/hsozkult.png?fit=1006%2C241&ssl=1&resize=525%2C300 1.5x, https:\/\/i0.wp.com\/historiografija.hr\/wp-content\/uploads\/2017\/10\/hsozkult.png?fit=1006%2C241&ssl=1&resize=700%2C400 2x"},"classes":[]}],"_links":{"self":[{"href":"https:\/\/historiografija.hr\/index.php?rest_route=\/wp\/v2\/posts\/5868","targetHints":{"allow":["GET"]}}],"collection":[{"href":"https:\/\/historiografija.hr\/index.php?rest_route=\/wp\/v2\/posts"}],"about":[{"href":"https:\/\/historiografija.hr\/index.php?rest_route=\/wp\/v2\/types\/post"}],"author":[{"embeddable":true,"href":"https:\/\/historiografija.hr\/index.php?rest_route=\/wp\/v2\/users\/2"}],"replies":[{"embeddable":true,"href":"https:\/\/historiografija.hr\/index.php?rest_route=%2Fwp%2Fv2%2Fcomments&post=5868"}],"version-history":[{"count":4,"href":"https:\/\/historiografija.hr\/index.php?rest_route=\/wp\/v2\/posts\/5868\/revisions"}],"predecessor-version":[{"id":5882,"href":"https:\/\/historiografija.hr\/index.php?rest_route=\/wp\/v2\/posts\/5868\/revisions\/5882"}],"wp:featuredmedia":[{"embeddable":true,"href":"https:\/\/historiografija.hr\/index.php?rest_route=\/wp\/v2\/media\/5869"}],"wp:attachment":[{"href":"https:\/\/historiografija.hr\/index.php?rest_route=%2Fwp%2Fv2%2Fmedia&parent=5868"}],"wp:term":[{"taxonomy":"category","embeddable":true,"href":"https:\/\/historiografija.hr\/index.php?rest_route=%2Fwp%2Fv2%2Fcategories&post=5868"},{"taxonomy":"post_tag","embeddable":true,"href":"https:\/\/historiografija.hr\/index.php?rest_route=%2Fwp%2Fv2%2Ftags&post=5868"}],"curies":[{"name":"wp","href":"https:\/\/api.w.org\/{rel}","templated":true}]}}