{"id":5854,"date":"2017-09-08T08:53:10","date_gmt":"2017-09-08T08:53:10","guid":{"rendered":"http:\/\/historiografija.hr\/?p=5854"},"modified":"2017-09-08T08:56:00","modified_gmt":"2017-09-08T08:56:00","slug":"imperial-spheres-and-the-adriatic-byzantium-the-carolingians-and-the-treaty-of-aachen-812-edited-by-mladen-ancic-jonathan-shepard-trpimir-vedris","status":"publish","type":"post","link":"https:\/\/historiografija.hr\/?p=5854","title":{"rendered":"Imperial Spheres and the Adriatic: Byzantium, the Carolingians and the Treaty of Aachen (812). Edited by Mladen An\u010di\u0107, Jonathan Shepard, Trpimir Vedri\u0161"},"content":{"rendered":"<p>U nastavku donosimo informacije o va\u017enom zborniku radova \u2013 objavljenom u izdanju Routledgea \u2013 koji je proiza\u0161ao na osnovu me\u0111unarodne konferencije odr\u017eane u Zadru 2012.<\/p>\n<p>&nbsp;<\/p>\n<p>&nbsp;<\/p>\n<p>&#8212;<\/p>\n<p>&nbsp;<\/p>\n<p>&nbsp;<\/p>\n<p><strong>Imperial Spheres and the Adriatic<\/strong><\/p>\n<p><strong>Byzantium, the Carolingians and the Treaty of Aachen (812)<\/strong><\/p>\n<p>&nbsp;<\/p>\n<p>Edited by Mladen An\u010di\u0107, Jonathan Shepard, Trpimir Vedri\u0161<\/p>\n<p>&nbsp;<\/p>\n<p>2018 \u2013 <strong>Routledge<\/strong><\/p>\n<p>&nbsp;<\/p>\n<p>&nbsp;<\/p>\n<p>332 pages | 30 B\/W Illus.<\/p>\n<p>&nbsp;<\/p>\n<p>&nbsp;<\/p>\n<p><strong>Description<\/strong><\/p>\n<p>&nbsp;<\/p>\n<p>&nbsp;<\/p>\n<p>Although often mentioned in textbooks about the Carolingian and Byzantine empires, the Treaty of Aachen has not received much close attention. This volume attempts not just to fill the gap, but to view the episode through both micro- and macro-lenses. Introductory chapters review the state of relations between Byzantium and the Frankish realm in the eighth and early ninth centuries, crises facing Byzantine emperors much closer to home, and the relevance of the Bulgarian problem to affairs on the Adriatic. Dalmatia\u2019s coastal towns and the populations of the interior receive extensive attention, including the region\u2019s ecclesiastical history and cultural affiliations. So do the local politics of Dalmatia, Venice and the Carolingian marches, and their interaction with the Byzantino-Frankish confrontation. The dynamics of the Franks\u2019 relations with the Avars are analysed and, here too, the three-way play among the two empires and \u2018in-between\u2019 parties is a theme. Archaeological indications of the Franks\u2019 presence are collated with what the literary sources reveal about local elites\u2019 aspirations. The economic dimension to the Byzantino-Frankish competition for Venice is fully explored, a special feature of the volume being archaeological evidence for a resurgence of trade between the Upper Adriatic and the Eastern Mediterranean from the second half of the eighth century onwards.<\/p>\n<p>&nbsp;<\/p>\n<p>&nbsp;<\/p>\n<p><strong>Table of Contents<\/strong><\/p>\n<p>&nbsp;<\/p>\n<p>1. Introduction: Circles Overlapping in the Upper Adriatic<br \/>\nJonathan Shepard<\/p>\n<p>&nbsp;<\/p>\n<p>PART ONE: THE FRANKS MOVE EAST<\/p>\n<p>&nbsp;<\/p>\n<p>2. The Treaty of Aachen: How Many Empires?<br \/>\nMladen An\u010di\u0107<\/p>\n<p>3. Aemulatio imperii and the South-Eastern Frontier of the Carolingian World<br \/>\nIvan Majnari\u0107<\/p>\n<p>4. Imperial Politics and its Regional Consequences: Istria between Byzantium and the Franks 788\u2013812<br \/>\nPeter \u0160tih<\/p>\n<p>&nbsp;<\/p>\n<p>PART TWO: BYZANTIUM IN TURMOIL<\/p>\n<p>&nbsp;<\/p>\n<p>5. A Resurgent Empire? Byzantium in the Early 800s<br \/>\nPanos Sophoulis<\/p>\n<p>6. Franks and Bulgars in the First Half of the Ninth Century<br \/>\nAngel Nikolov<\/p>\n<p>7. Dangerous Neighbours: the Treaty of Aachen and the Defeat of Nikephoros I by the Bulgars in 811<br \/>\nDaniel Ziemann<\/p>\n<p>&nbsp;<\/p>\n<p>PART THREE: CIRCLES OVERLAPPING IN THE NORTHERN ADRIATIC<\/p>\n<p>&nbsp;<\/p>\n<p>8. Aachen, Venice and Archeology<br \/>\nSauro Gelichi<\/p>\n<p>9. Patriarchs as Patrons: the Attribution of the Ciboria in Santa Maria delle Grazie at Grado<br \/>\nMagdalena Skoblar<\/p>\n<p>10. Holding the Aquileian Patriarchate\u2019s Title: the Key Role of Local Early Ninth-Century Hagiography<br \/>\nMarianna Cerno<\/p>\n<p>&nbsp;<\/p>\n<p>&nbsp;<\/p>\n<p>PART FOUR: DALMATIA: THE LAND IN BETWEEN<\/p>\n<p>&nbsp;<\/p>\n<p>11. Post-Roman Dalmatia: Collapse and Regeneration of a Complex Social System<br \/>\nDanijel Dzino<\/p>\n<p>12. One More Renaissance? Dalmatia and the Revival of the European Economy<br \/>\nNeven Budak<\/p>\n<p>&nbsp;<\/p>\n<p>PART FIVE: PANNONIA BENEATH THE SURFACE<\/p>\n<p>&nbsp;<\/p>\n<p>&nbsp;<\/p>\n<p>13. What did the Treaty of Aachen do for the Peoples of the Carpathian Basin?<br \/>\nB\u00e9la Mikl\u00f3s Sz\u0151ke<\/p>\n<p>14. Lower Pannonia before and after the Treaty of Aachen<br \/>\nHrvoje Gra\u010danin<\/p>\n<p>15. Changing Political Landscapes in the Ninth-Century Central Carpathian Basin: Interpreting Recent Settlement Excavation Data<br \/>\nMikl\u00f3s Tak\u00e1cs<\/p>\n<p>&nbsp;<\/p>\n<p>PART SIX: THE CHURCH BETWEEN ROME AND CONSTANTINOPLE<\/p>\n<p>&nbsp;<\/p>\n<p>16. Rome and the Heritage of Ancient Illyricum in the Ninth Century<br \/>\nMaddalena Betti<\/p>\n<p>17. Dalmatian Bishops at the Council of Nicaea in 787 and the Status of the Dalmatian Church in the Eighth and Ninth Centuries<br \/>\nPredrag Komatina<\/p>\n<p>18. New Evidence for the Re-establishment of the Adriatic Dioceses in the Late Eighth Century<br \/>\nIvan Basi\u0107<\/p>\n<p>19. Amalarius\u2019 Stay in Zadar Reconsidered<br \/>\nTrpimir Vedri\u0161<\/p>\n<p>&nbsp;<\/p>\n<p>&nbsp;<\/p>\n<p><strong>About the Editors<\/strong><\/p>\n<p>&nbsp;<\/p>\n<p><strong>Mladen Ancic<\/strong> is Professor of History at the Universities of Zadar and Zagreb. He has published on the Hungarian-Croatian kingdom and Bosnia in the fourteenth century, the medieval city of Jajce, and on historiography and nationalism.<\/p>\n<p>&nbsp;<\/p>\n<p><strong>Jonathan Shepard<\/strong> was Lecturer in Russian History at the University of Cambridge. Co-author of The Emergence of Rus with Simon Franklin, his edited volumes include The Cambridge History of the Byzantine Empire.<\/p>\n<p>&nbsp;<\/p>\n<p><strong>Trpimir Vedri\u0161<\/strong> is Assistant Professor of Medieval History at the University of Zagreb. His co-edited volumes include Saintly Bishops and Bishops\u2019 Saints (with John Ott) and Cuius Patrocinio Tota Gaudet Regio (with Stanislava Kuzmov\u00e1 and Ana Marinkovic).<\/p>\n<p>&nbsp;<\/p>\n<p>&nbsp;<\/p>\n<p><a href=\"https:\/\/www.routledge.com\/Imperial-Spheres-and-the-Adriatic-Byzantium-the-Carolingians-and-the\/Ancic-Shepard-Vedris\/p\/book\/9781138225947\">https:\/\/www.routledge.com\/Imperial-Spheres-and-the-Adriatic-Byzantium-the-Carolingians-and-the\/Ancic-Shepard-Vedris\/p\/book\/9781138225947<\/a><\/p>\n<p>&nbsp;<\/p>\n<p>&nbsp;<\/p>\n<p><a href=\"https:\/\/www.academia.edu\/34221028\/Mladen_An%C4%8Di%C4%87_Jonathan_Shepard_and_Trpimir_Vedri%C5%A1_eds._Imperial_spheres_and_the_Adriatic_Byzantium_the_Carolingians_and_the_Treaty_of_Aachen_812_Oxford_Routledge_2018_\">https:\/\/www.academia.edu\/34221028\/Mladen_An%C4%8Di%C4%87_Jonathan_Shepard_and_Trpimir_Vedri%C5%A1_eds._Imperial_spheres_and_the_Adriatic_Byzantium_the_Carolingians_and_the_Treaty_of_Aachen_812_Oxford_Routledge_2018_<\/a><\/p>\n<p>&nbsp;<\/p>\n<p>&nbsp;<\/p>\n","protected":false},"excerpt":{"rendered":"","protected":false},"author":2,"featured_media":5855,"comment_status":"open","ping_status":"open","sticky":false,"template":"","format":"standard","meta":{"_acf_changed":false,"jetpack_post_was_ever_published":false,"_jetpack_newsletter_access":"","_jetpack_dont_email_post_to_subs":false,"_jetpack_newsletter_tier_id":0,"_jetpack_memberships_contains_paywalled_content":false,"_jetpack_memberships_contains_paid_content":false,"footnotes":"","jetpack_publicize_message":"","jetpack_publicize_feature_enabled":true,"jetpack_social_post_already_shared":true,"jetpack_social_options":{"image_generator_settings":{"template":"highway","default_image_id":0,"font":"","enabled":false},"version":2}},"categories":[8,3],"tags":[],"class_list":["post-5854","post","type-post","status-publish","format-standard","has-post-thumbnail","hentry","category-knjige","category-novosti"],"acf":{"facebook_opis":""},"jetpack_publicize_connections":[],"jetpack_featured_media_url":"https:\/\/i0.wp.com\/historiografija.hr\/wp-content\/uploads\/2017\/09\/9781138225947.jpg?fit=280%2C425&ssl=1","jetpack_sharing_enabled":true,"jetpack-related-posts":[{"id":52531,"url":"https:\/\/historiografija.hr\/?p=52531","url_meta":{"origin":5854,"position":0},"title":"Jonathan G. Leslie, \u201eFear and Insecurity: Israel and the Iran Threat Narrative\u201c","author":"Branimir Jankovi\u0107","date":"17. travnja 2026.","format":false,"excerpt":"Why is Israel\u2019s former ally Iran now perceived as the country\u2019s greatest threat? Description To observers of the Iran-Israel conflict, its vitriolic rhetoric might suggest an ancient hatred between Jews and Muslims\u2013a biblical feud dating back hundreds, or thousands, of years. But this rivalry is a far more modern development.\u2026","rel":"","context":"U &quot;Knjige&quot;","block_context":{"text":"Knjige","link":"https:\/\/historiografija.hr\/?cat=8"},"img":{"alt_text":"","src":"https:\/\/i0.wp.com\/historiografija.hr\/wp-content\/uploads\/2026\/04\/Leslie.jpg?fit=391%2C612&ssl=1&resize=350%2C200","width":350,"height":200},"classes":[]},{"id":52613,"url":"https:\/\/historiografija.hr\/?p=52613","url_meta":{"origin":5854,"position":1},"title":"No\u0107 knjige u Hrvatskom dr\u017eavnom arhivu","author":"Branimir Jankovi\u0107","date":"22. travnja 2026.","format":false,"excerpt":"Predstavljanje knjige Rajke Bu\u0107in \u201dLije\u010denje i zbrinjavanje \u017didova u Bolnici sestara milosrdnica u Zagrebu 1941. \u2013 1945.\u201d u \u010detvrtak, 23. travnja 2026. u 13 sati u Hrvatskom dr\u017eavnom arhivu u Zagrebu. Izvor: https:\/\/www.arhiv.hr\/hr-hr\/Kulturno-prosvjetne-aktivnosti\/ArticleId\/1986\/oamid\/1633","rel":"","context":"U &quot;Novosti&quot;","block_context":{"text":"Novosti","link":"https:\/\/historiografija.hr\/?cat=3"},"img":{"alt_text":"","src":"https:\/\/i0.wp.com\/historiografija.hr\/wp-content\/uploads\/2026\/04\/noc_knjige_2026.jpg?fit=680%2C276&ssl=1&resize=350%2C200","width":350,"height":200,"srcset":"https:\/\/i0.wp.com\/historiografija.hr\/wp-content\/uploads\/2026\/04\/noc_knjige_2026.jpg?fit=680%2C276&ssl=1&resize=350%2C200 1x, https:\/\/i0.wp.com\/historiografija.hr\/wp-content\/uploads\/2026\/04\/noc_knjige_2026.jpg?fit=680%2C276&ssl=1&resize=525%2C300 1.5x"},"classes":[]},{"id":52654,"url":"https:\/\/historiografija.hr\/?p=52654","url_meta":{"origin":5854,"position":2},"title":"Gostuju\u0107e predavanje &#8211; Danijel D\u017eino \u201eKasnoanti\u010dke i ranosrednjovjekovne gra\u0111evine u Brezi: Spomenici nepotpune biografije\u201c","author":"Branimir Jankovi\u0107","date":"24. travnja 2026.","format":false,"excerpt":"Doktorski studij predmoderne povijesti poziva na predavanje \"Kasnoanti\u010dke i ranosrednjovjekovne gra\u0111evine u Brezi: Spomenici nepotpune biografije\u201d koje \u0107e odr\u017eati profesor Danijel D\u017eino sa Sveu\u010dili\u0161ta Macquarie u Sydneyu u\u00a0utorak 28. travnja 2026. u 17h u Konferencijskoj dvorani Knji\u017enice Filozofskog fakulteta u Zagrebu. Predavanje \u0107e predo\u010diti nova saznanja dobivena kroz arhivsko-dokumentarna istra\u017eivanja\u2026","rel":"","context":"U &quot;Novosti&quot;","block_context":{"text":"Novosti","link":"https:\/\/historiografija.hr\/?cat=3"},"img":{"alt_text":"","src":"https:\/\/i0.wp.com\/historiografija.hr\/wp-content\/uploads\/2026\/04\/Dzino.jpg?fit=980%2C819&ssl=1&resize=350%2C200","width":350,"height":200,"srcset":"https:\/\/i0.wp.com\/historiografija.hr\/wp-content\/uploads\/2026\/04\/Dzino.jpg?fit=980%2C819&ssl=1&resize=350%2C200 1x, https:\/\/i0.wp.com\/historiografija.hr\/wp-content\/uploads\/2026\/04\/Dzino.jpg?fit=980%2C819&ssl=1&resize=525%2C300 1.5x, https:\/\/i0.wp.com\/historiografija.hr\/wp-content\/uploads\/2026\/04\/Dzino.jpg?fit=980%2C819&ssl=1&resize=700%2C400 2x"},"classes":[]},{"id":52651,"url":"https:\/\/historiografija.hr\/?p=52651","url_meta":{"origin":5854,"position":3},"title":"Promocija knjige Emira O. Filipovi\u0107a \u201cVite\u0161tvo u srednjovjekovnoj Bosni\u201d u Sarajevu","author":"Branimir Jankovi\u0107","date":"24. travnja 2026.","format":false,"excerpt":"Knji\u017eevni korner poziva na promociju knjige Emira O. Filipovi\u0107a \u201cVite\u0161tvo u srednjovjekovnoj Bosni\u201d koja \u0107e se odr\u017eati u srijedu, 29. aprila 2026. u 18 sati u Evropskoj ku\u0107i kulture i nacionalnih manjina (Austrijska ku\u0107a) u Sarajevu. Na promociji \u0107e govoriti Mirsad Sijari\u0107, Ema Mazrak i autor, a moderirat \u0107e Nikola\u2026","rel":"","context":"U &quot;Novosti&quot;","block_context":{"text":"Novosti","link":"https:\/\/historiografija.hr\/?cat=3"},"img":{"alt_text":"","src":"https:\/\/i0.wp.com\/historiografija.hr\/wp-content\/uploads\/2026\/04\/Vitestvo.jpg?fit=1080%2C565&ssl=1&resize=350%2C200","width":350,"height":200,"srcset":"https:\/\/i0.wp.com\/historiografija.hr\/wp-content\/uploads\/2026\/04\/Vitestvo.jpg?fit=1080%2C565&ssl=1&resize=350%2C200 1x, https:\/\/i0.wp.com\/historiografija.hr\/wp-content\/uploads\/2026\/04\/Vitestvo.jpg?fit=1080%2C565&ssl=1&resize=525%2C300 1.5x, https:\/\/i0.wp.com\/historiografija.hr\/wp-content\/uploads\/2026\/04\/Vitestvo.jpg?fit=1080%2C565&ssl=1&resize=700%2C400 2x, https:\/\/i0.wp.com\/historiografija.hr\/wp-content\/uploads\/2026\/04\/Vitestvo.jpg?fit=1080%2C565&ssl=1&resize=1050%2C600 3x"},"classes":[]},{"id":52569,"url":"https:\/\/historiografija.hr\/?p=52569","url_meta":{"origin":5854,"position":4},"title":"[Predavanje] Ne \u010dekaju\u0107i inspiraciju \u2013 anga\u017eovane intelektualne, kulturalne i umetni\u010dke prakse u me\u0111uratnom periodu: teorija i praksa kriti\u010dke levice u jugoslovenskoj kulturi (YugoLab)","author":"Branimir Jankovi\u0107","date":"21. travnja 2026.","format":false,"excerpt":"U vreme agresivnog ja\u010danja globalne desnice, (pro)fa\u0161isti\u010dkih, rasisti\u010dkih i imperijalisti\u010dkih politika, dok je istovremeno globalna levica izrazito slaba, a progresivni pokreti atomizirani i fragmentisani, va\u017eno je iz savremene perspektive vratiti se revolucionarnim i emancipatorskim zbivanjima u jugoslovenskom (ali i s njima u vezi internacionalnim de\u0161avanjima), kao i dru\u0161tvenoj ulozi kulturalnih\u2026","rel":"","context":"U &quot;Novosti&quot;","block_context":{"text":"Novosti","link":"https:\/\/historiografija.hr\/?cat=3"},"img":{"alt_text":"","src":"","width":0,"height":0},"classes":[]},{"id":52547,"url":"https:\/\/historiografija.hr\/?p=52547","url_meta":{"origin":5854,"position":5},"title":"ISHA Zagreb \u2013 Filmska ve\u010der: Povratak Martina Guerrea","author":"Branimir Jankovi\u0107","date":"20. travnja 2026.","format":false,"excerpt":"Klub studenata povijesti \u2013 ISHA Zagreb poziva Vas na filmsku ve\u010der na kojoj \u0107e se prikazivati \u201ePovratak Martina Guerrea\u201c, povijesna drama iz 1982. godine s radnjom smje\u0161tenom u 16. stolje\u0107u. Radnja je utemeljena na stvarnoj povijesnoj li\u010dnosti Martina Guerrea koji se nakon mnogo godina izbivanja vra\u0107a u svoje rodno mjesto\u2026","rel":"","context":"U &quot;Filmovi i serije&quot;","block_context":{"text":"Filmovi i serije","link":"https:\/\/historiografija.hr\/?cat=13"},"img":{"alt_text":"","src":"https:\/\/i0.wp.com\/historiografija.hr\/wp-content\/uploads\/2026\/04\/M-Guerre.png?fit=702%2C1006&ssl=1&resize=350%2C200","width":350,"height":200,"srcset":"https:\/\/i0.wp.com\/historiografija.hr\/wp-content\/uploads\/2026\/04\/M-Guerre.png?fit=702%2C1006&ssl=1&resize=350%2C200 1x, https:\/\/i0.wp.com\/historiografija.hr\/wp-content\/uploads\/2026\/04\/M-Guerre.png?fit=702%2C1006&ssl=1&resize=525%2C300 1.5x, https:\/\/i0.wp.com\/historiografija.hr\/wp-content\/uploads\/2026\/04\/M-Guerre.png?fit=702%2C1006&ssl=1&resize=700%2C400 2x"},"classes":[]}],"_links":{"self":[{"href":"https:\/\/historiografija.hr\/index.php?rest_route=\/wp\/v2\/posts\/5854","targetHints":{"allow":["GET"]}}],"collection":[{"href":"https:\/\/historiografija.hr\/index.php?rest_route=\/wp\/v2\/posts"}],"about":[{"href":"https:\/\/historiografija.hr\/index.php?rest_route=\/wp\/v2\/types\/post"}],"author":[{"embeddable":true,"href":"https:\/\/historiografija.hr\/index.php?rest_route=\/wp\/v2\/users\/2"}],"replies":[{"embeddable":true,"href":"https:\/\/historiografija.hr\/index.php?rest_route=%2Fwp%2Fv2%2Fcomments&post=5854"}],"version-history":[{"count":4,"href":"https:\/\/historiografija.hr\/index.php?rest_route=\/wp\/v2\/posts\/5854\/revisions"}],"predecessor-version":[{"id":5859,"href":"https:\/\/historiografija.hr\/index.php?rest_route=\/wp\/v2\/posts\/5854\/revisions\/5859"}],"wp:featuredmedia":[{"embeddable":true,"href":"https:\/\/historiografija.hr\/index.php?rest_route=\/wp\/v2\/media\/5855"}],"wp:attachment":[{"href":"https:\/\/historiografija.hr\/index.php?rest_route=%2Fwp%2Fv2%2Fmedia&parent=5854"}],"wp:term":[{"taxonomy":"category","embeddable":true,"href":"https:\/\/historiografija.hr\/index.php?rest_route=%2Fwp%2Fv2%2Fcategories&post=5854"},{"taxonomy":"post_tag","embeddable":true,"href":"https:\/\/historiografija.hr\/index.php?rest_route=%2Fwp%2Fv2%2Ftags&post=5854"}],"curies":[{"name":"wp","href":"https:\/\/api.w.org\/{rel}","templated":true}]}}