{"id":5841,"date":"2017-09-07T13:48:04","date_gmt":"2017-09-07T13:48:04","guid":{"rendered":"http:\/\/historiografija.hr\/?p=5841"},"modified":"2017-09-07T14:01:40","modified_gmt":"2017-09-07T14:01:40","slug":"povjesnicari-u-otvorenom-o-ploci-s-pozdravom-za-dom-spremni-u-jasenovcu","status":"publish","type":"post","link":"https:\/\/historiografija.hr\/?p=5841","title":{"rendered":"Povjesni\u010dari u &#8220;Otvorenom&#8221; o plo\u010di s pozdravom \u201cZa dom spremni\u201d u Jasenovcu"},"content":{"rendered":"<p>U emisiji \u201cOtvoreno\u201d 6. rujna 2017. gostovali su povjesni\u010dari Ante Nazor, Zlatko Hasanbegovi\u0107 i Tvrtko Jakovina \/ Tom prilikom stav portala Historiografija.hr je podr\u0161ka zahtjevima za uklanjanjem spomen-plo\u010de s usta\u0161kim pozdravom iz Jasenovca.<\/p>\n<p>&nbsp;<\/p>\n<p>&nbsp;<\/p>\n<p>&#8212;<\/p>\n<p>&nbsp;<\/p>\n<p>&nbsp;<\/p>\n<p><strong>Biskup Uzini\u0107: Bez pomirbe Hrvatska nema budu\u0107nost<\/strong><\/p>\n<p>&nbsp;<\/p>\n<p>HRT 06. 09. 2017.<\/p>\n<p>&nbsp;<\/p>\n<p>Treba li ukloniti plo\u010du poginulim pripadnicima HOS-a iz Jasenovca? Je li na njoj stari hrvatski pozdrav ili dio usta\u0161ke ikonografije? Kako \u0107e Vlada rije\u0161iti ovaj slu\u010daj? Bila je to tema ve\u010dera\u0161nje emisije Otvoreno u kojoj su gostovali povjesni\u010dari Zlatko Hasanbegovi\u0107, Tvrtko Jakovina i Ante Nazor te dubrova\u010dki biskup Mate Uzini\u0107.<\/p>\n<p>&nbsp;<\/p>\n<p>&nbsp;<\/p>\n<p>Pozdrav \u201cZa dom spremni\u201c javio se u razdoblju usta\u0161kog pokreta, ali plo\u010da HOS-a postavljena je u kontekstu Domovinskog rata, rekao je Ante Nazor. Momci koji su poginuli brane\u0107i Hrvatsku 1991.godine nisu birali mjesto gdje \u0107e poginuti. Istaknuo je razli\u010ditost konteksta Drugog svjetskog rata i Domovinskog rata. Bit \u0107e te\u0161ko pomiriti razli\u010dite svjetonazore, no treba prona\u0107i zajedni\u010dki temelj: empatiju prema \u017ertvama totalitarnih re\u017eima, zaklju\u010dio je Nazor. Plo\u010du ne treba micati bez dogovora, a o tome treba pitati udruge i njihove \u010dlanove obitelji; a najgore bi bilo prekrajati amblem HOS-a koji je legitiman, smatra Nazor. Oni koji su ga radili nisu imali na umu NDH i usta\u0161ki pokret.<\/p>\n<p>&nbsp;<\/p>\n<p>&nbsp;<\/p>\n<p>\u201cZa dom spremni\u201c nije nikakav stari hrvatski pozdrav, ve\u0107 usta\u0161ki pozdrav, istaknuo je Tvrtko Jakovina, dodav\u0161i da su o njemu lagali, ili nisu znali, i \u010cehok i predsjednica Grabar-Kitarovi\u0107. Jakovina je spomenuo Marka Skeju i mimohod na splitskim ulicama te logor u Jasenovcu kao dva najva\u017enija kontkesta ovog pozdrava. Nazor se nadovezao rekav\u0161i da je kontekst HOS-ovog pozdrava velikosrpska agresija. Jakovina je istaknuo da ta plo\u010da optere\u0107uje Hrvatsku te pitao za\u0161to je premijer ne mo\u017ee maknuti, dodav\u0161i da \u0107e mu svaki dan biti sve te\u017ee to u\u010diniti.<\/p>\n<p>&nbsp;<\/p>\n<p>&nbsp;<\/p>\n<p>Zlatko Hasanbegovi\u0107 rekao je da nema razloga za posezanjem za bilo kakvim simbolima propalih politi\u010dkih ba\u0161tina ili pora\u017eene NDH, posebice kad su u pitanju mladi. Pozdrav u kontekstu spomen plo\u010de objasnio je kao sastavni dio zakonitog znakovlje jedne od ratnih postrojbi iz Domovinskog rata. Neprihvatljivo je da ratni kontekst Drugog svjetskog rata i jasenova\u010dkog logora bude jedini kontekst koje \u0107e obilje\u017eiti dana\u0161nje mjesto Jasenovac, dodao je Hasanbegovi\u0107. Smatra da je ova kontroverza nametnuta od stanovitih politikanata koji su iskoristili to pitanje u svrhu politi\u010dke trgovine i ucjene hrvatske Vlade. Spornu spomen plo\u010du nazvao je politi\u010dkim pitanjem. Oni koji nisu u stanju nastupati kao dr\u017eavnici, ne mogu prenositi teret svoje nesposobnosti u povijest, rekao je Hasanbegovi\u0107. Potrebno je do\u0107i do minimalnog suglasja o tome koje su temeljne vrednote hrvatske dr\u017eave, a ovakva pitanja su pitanja sada\u0161njosti i budu\u0107nosti, a ne pro\u0161losti, smatra Hasanbegovi\u0107.<\/p>\n<p>&nbsp;<\/p>\n<p>&nbsp;<\/p>\n<p>Ovakve podjele vra\u0107aju hrvatsko dru\u0161tvo unatrag, a ovu situaciju biskup Uzini\u0107 nazvao je umjetnom. Ideologije i totalitarizmi pro\u0161lih vremena ko\u010de nas i dijele nas, a \u010dini se da jo\u0161 uvijek \u017eivimo u 2.svjetskom ratu, dodao je Uzini\u0107. Upravo je pomirba jedini na\u010din na koji \u0107e zemlja i\u0107i naprijed. Slo\u017eio se s Nazorom da treba razlikovati kontekst Domovinskog rata i Drugog svjetskog rata. Vjerujem da ve\u0107ina tih mladi\u0107a uopp\u0107e nije imala namjeru pozivati se na usta\u0161ku ideologiju, nego da je taj pozdrav slu\u017eio i kao nekakvo podizanje morala bi se sna\u017enije i zauzetije borili za domovinu, rekao je Uzini\u0107 o pozdravu HOS-a.<\/p>\n<p>&nbsp;<\/p>\n<p><strong>Emisiju pogledajte u cijelosti:<\/strong><\/p>\n<p><a href=\"http:\/\/vijesti.hrt.hr\/403939\/otvoreno-50\">http:\/\/vijesti.hrt.hr\/403939\/otvoreno-50<\/a><\/p>\n<p>&nbsp;<\/p>\n<hr \/>\n<p>&nbsp;<\/p>\n<p><strong>Mediji o emisiji:<\/strong><\/p>\n<p>&nbsp;<\/p>\n<p>&nbsp;<\/p>\n<p><a href=\"https:\/\/www.vecernji.hr\/vijesti\/zlatko-hasanbegovic-u-modernoj-hrvatskoj-nema-razloga-za-posezanje-za-simbolima-porazene-ndh-1192931\">https:\/\/www.vecernji.hr\/vijesti\/zlatko-hasanbegovic-u-modernoj-hrvatskoj-nema-razloga-za-posezanje-za-simbolima-porazene-ndh-1192931<\/a><\/p>\n<p>&nbsp;<\/p>\n<p>&nbsp;<\/p>\n<p><a href=\"http:\/\/www.jutarnji.hr\/vijesti\/hrvatska\/u-otvorenom-raspravljali-o-poklicu-za-dom-spremni-i-ploci-u-jasenovcu-hasanbegovic-jakovina-i-nazor-se-slozili-zds-je-nastao-u-vrijeme-ndh\/6526237\/\">http:\/\/www.jutarnji.hr\/vijesti\/hrvatska\/u-otvorenom-raspravljali-o-poklicu-za-dom-spremni-i-ploci-u-jasenovcu-hasanbegovic-jakovina-i-nazor-se-slozili-zds-je-nastao-u-vrijeme-ndh\/6526237\/<\/a><\/p>\n<p>&nbsp;<\/p>\n<p>&nbsp;<\/p>\n<p><a href=\"https:\/\/www.tportal.hr\/kultura\/clanak\/otvoreno-o-ploci-u-jasenovcu-pospani-hasanbegovic-i-ko-nas-bre-zavadi-biskup-uzinic-foto-20170907\">https:\/\/www.tportal.hr\/kultura\/clanak\/otvoreno-o-ploci-u-jasenovcu-pospani-hasanbegovic-i-ko-nas-bre-zavadi-biskup-uzinic-foto-20170907<\/a><\/p>\n<p>&nbsp;<\/p>\n<p><a href=\"https:\/\/www.24sata.hr\/news\/za-dom-spremni-je-ustaski-ali-mora-ostati-na-hos-ovoj-ploci-538951\">https:\/\/www.24sata.hr\/news\/za-dom-spremni-je-ustaski-ali-mora-ostati-na-hos-ovoj-ploci-538951<\/a><\/p>\n<p>&nbsp;<\/p>\n<p><a href=\"http:\/\/www.index.hr\/Vijesti\/clanak\/burno-u-otvorenom-tri-povjesnicara-i-biskup-raspravljali-o-ustaskom-pozdravu-za-dom-spremni\/992913.aspx\">http:\/\/www.index.hr\/Vijesti\/clanak\/burno-u-otvorenom-tri-povjesnicara-i-biskup-raspravljali-o-ustaskom-pozdravu-za-dom-spremni\/992913.aspx<\/a><\/p>\n<p>&nbsp;<\/p>\n<p><a href=\"http:\/\/direktno.hr\/direkt\/hasanbegovic-jakovina-i-nazor-zestoko-se-razracunali-otvorenom-96974\/\">http:\/\/direktno.hr\/direkt\/hasanbegovic-jakovina-i-nazor-zestoko-se-razracunali-otvorenom-96974\/<\/a><\/p>\n<p>&nbsp;<\/p>\n<p>&nbsp;<\/p>\n<blockquote data-secret=\"USg4kQkxhv\" class=\"wp-embedded-content\"><p><a href=\"https:\/\/narod.hr\/hrvatska\/rasprava-u-otvorenom-kontekst-hos-ovog-pozdrava-velikosrpska-je-agresija\">Rasprava u Otvorenom: Kontekst HOS-ovog pozdrava velikosrpska je agresija<\/a><\/p><\/blockquote>\n<p><iframe loading=\"lazy\" class=\"wp-embedded-content\" sandbox=\"allow-scripts\" security=\"restricted\" style=\"position: absolute; clip: rect(1px, 1px, 1px, 1px);\" src=\"https:\/\/narod.hr\/hrvatska\/rasprava-u-otvorenom-kontekst-hos-ovog-pozdrava-velikosrpska-je-agresija\/embed#?secret=USg4kQkxhv\" data-secret=\"USg4kQkxhv\" width=\"600\" height=\"338\" title=\"&#8220;Rasprava u Otvorenom: Kontekst HOS-ovog pozdrava velikosrpska je agresija&#8221; &#8212; narod.hr\" frameborder=\"0\" marginwidth=\"0\" marginheight=\"0\" scrolling=\"no\"><\/iframe><\/p>\n<blockquote data-secret=\"87DKU9sBN9\" class=\"wp-embedded-content\"><p><a href=\"http:\/\/www.telegram.hr\/politika-kriminal\/hasanbegovic-jakovina-i-nazor-veceras-raspravljali-o-za-dom-spremni-i-ploci-u-jasenovcu-izvukli-smo-sto-su-pricali\/\">Hasanbegovi\u0107, Jakovina i Nazor raspravljali o Za dom spremni i plo\u010di HOS-a, izvukli smo \u0161to su pri\u010dali<\/a><\/p><\/blockquote>\n<p><iframe loading=\"lazy\" class=\"wp-embedded-content\" sandbox=\"allow-scripts\" security=\"restricted\" style=\"position: absolute; clip: rect(1px, 1px, 1px, 1px);\" src=\"http:\/\/www.telegram.hr\/politika-kriminal\/hasanbegovic-jakovina-i-nazor-veceras-raspravljali-o-za-dom-spremni-i-ploci-u-jasenovcu-izvukli-smo-sto-su-pricali\/embed\/#?secret=87DKU9sBN9\" data-secret=\"87DKU9sBN9\" width=\"600\" height=\"338\" title=\"&#8220;Hasanbegovi\u0107, Jakovina i Nazor raspravljali o Za dom spremni i plo\u010di HOS-a, izvukli smo \u0161to su pri\u010dali&#8221; &#8212; Telegram.hr\" frameborder=\"0\" marginwidth=\"0\" marginheight=\"0\" scrolling=\"no\"><\/iframe><\/p>\n","protected":false},"excerpt":{"rendered":"","protected":false},"author":2,"featured_media":5842,"comment_status":"open","ping_status":"open","sticky":false,"template":"","format":"standard","meta":{"_acf_changed":false,"jetpack_post_was_ever_published":false,"_jetpack_newsletter_access":"","_jetpack_dont_email_post_to_subs":false,"_jetpack_newsletter_tier_id":0,"_jetpack_memberships_contains_paywalled_content":false,"_jetpack_memberships_contains_paid_content":false,"footnotes":"","jetpack_publicize_message":"","jetpack_publicize_feature_enabled":true,"jetpack_social_post_already_shared":true,"jetpack_social_options":{"image_generator_settings":{"template":"highway","default_image_id":0,"font":"","enabled":false},"version":2}},"categories":[3],"tags":[],"class_list":["post-5841","post","type-post","status-publish","format-standard","has-post-thumbnail","hentry","category-novosti"],"acf":{"facebook_opis":""},"jetpack_publicize_connections":[],"jetpack_featured_media_url":"https:\/\/i0.wp.com\/historiografija.hr\/wp-content\/uploads\/2017\/09\/Otvoreno-ZDS.png?fit=688%2C388&ssl=1","jetpack_sharing_enabled":true,"jetpack-related-posts":[{"id":52589,"url":"https:\/\/historiografija.hr\/?p=52589","url_meta":{"origin":5841,"position":0},"title":"Predstavljena knjiga Miomira \u017du\u017eula &#8220;Dayton: Diplomacija &#8211; druga strana rata&#8221;","author":"Branimir Jankovi\u0107","date":"22. travnja 2026.","format":false,"excerpt":"Knjiga Miomira \u017du\u017eula \u201eDayton: Diplomacija \u2013 druga strana rata\u201d predstavljena je u srijedu, 22. travnja 2026. godine u foajeu Hrvatskoga narodnog kazali\u0161ta u Zagrebu. Op\u0161irnije: https:\/\/vijesti.hrt.hr\/hrvatska\/predstavljena-knjiga-miomira-zuzula-dayton-diplomacija-druga-strana-rata-12683259 https:\/\/www.vecernji.ba\/amp\/vijesti\/zuzulova-knjiga-o-daytonu-predstavljena-u-zagrebu-diplomacija-kao-druga-strana-rata-1953700 https:\/\/www.tportal.hr\/vijesti\/clanak\/bivsi-sanaderov-ministar-odrzao-promociju-evo-tko-je-sve-dosao-na-predstavljanje-knjige-miomira-zuzula-foto-20260422 https:\/\/direktno.hr\/zivot\/kultura\/zuzul-otkrio-sve-o-drugoj-strani-rata-za-hrvatsku-se-nije-libio-povuci-nekoga-i-za-kosu-395042 https:\/\/www.24sata.hr\/news\/miomir-zuzul-predstavio-je-knjigu-o-daytonu-diplomacija-je-bila-druga-strana-rata-1123152 https:\/\/www.vecernji.hr\/kultura\/kolinda-grabar-kitarovic-otvoreno-miomir-zuzul-nije-vukao-samo-za-rukav-nego-i-za-kosu-1953722 https:\/\/www.vecernji.hr\/kultura\/i-papa-lav-xiv-eksplicitno-je-daytonski-sporazum-istaknuo-kao-primjer-uspjesna-rjesavanja-sukoba-1952215","rel":"","context":"U &quot;Novosti&quot;","block_context":{"text":"Novosti","link":"https:\/\/historiografija.hr\/?cat=3"},"img":{"alt_text":"","src":"https:\/\/i0.wp.com\/historiografija.hr\/wp-content\/uploads\/2026\/04\/Dayton.jpg?fit=1024%2C683&ssl=1&resize=350%2C200","width":350,"height":200,"srcset":"https:\/\/i0.wp.com\/historiografija.hr\/wp-content\/uploads\/2026\/04\/Dayton.jpg?fit=1024%2C683&ssl=1&resize=350%2C200 1x, https:\/\/i0.wp.com\/historiografija.hr\/wp-content\/uploads\/2026\/04\/Dayton.jpg?fit=1024%2C683&ssl=1&resize=525%2C300 1.5x, https:\/\/i0.wp.com\/historiografija.hr\/wp-content\/uploads\/2026\/04\/Dayton.jpg?fit=1024%2C683&ssl=1&resize=700%2C400 2x"},"classes":[]},{"id":52563,"url":"https:\/\/historiografija.hr\/?p=52563","url_meta":{"origin":5841,"position":1},"title":"Predavanje Nenada Fabijani\u0107a o stadionu Poljud u Splitu","author":"Branimir Jankovi\u0107","date":"21. travnja 2026.","format":false,"excerpt":"Znanstveno vije\u0107e za arhitekturu, urbanizam i ure\u0111enje prostora Hrvatske akademije znanosti i umjetnosti organizira predavanje \u201cPo Poljudu\u201d koje \u0107e u srijedu 22. travnja 2026. s po\u010detkom u 14 sati u Knji\u017enici HAZU, Strossmayerov trg 14 u Zagrebu, odr\u017eati\u00a0prof. emerit. dr. art. Nenad Fabijani\u0107,\u00a0\u010dlan suradnik HAZU. Predavanje \u201ePo Poljudu\u201c (Projekt obnove)\u2026","rel":"","context":"U &quot;Novosti&quot;","block_context":{"text":"Novosti","link":"https:\/\/historiografija.hr\/?cat=3"},"img":{"alt_text":"","src":"https:\/\/i0.wp.com\/historiografija.hr\/wp-content\/uploads\/2026\/04\/Poljud-scaled.jpeg?fit=1200%2C800&ssl=1&resize=350%2C200","width":350,"height":200,"srcset":"https:\/\/i0.wp.com\/historiografija.hr\/wp-content\/uploads\/2026\/04\/Poljud-scaled.jpeg?fit=1200%2C800&ssl=1&resize=350%2C200 1x, https:\/\/i0.wp.com\/historiografija.hr\/wp-content\/uploads\/2026\/04\/Poljud-scaled.jpeg?fit=1200%2C800&ssl=1&resize=525%2C300 1.5x, https:\/\/i0.wp.com\/historiografija.hr\/wp-content\/uploads\/2026\/04\/Poljud-scaled.jpeg?fit=1200%2C800&ssl=1&resize=700%2C400 2x, https:\/\/i0.wp.com\/historiografija.hr\/wp-content\/uploads\/2026\/04\/Poljud-scaled.jpeg?fit=1200%2C800&ssl=1&resize=1050%2C600 3x"},"classes":[]},{"id":52536,"url":"https:\/\/historiografija.hr\/?p=52536","url_meta":{"origin":5841,"position":2},"title":"Kader Abdolah, \u201ePrije nego \u0161to bude kasno\u201c","author":"Branimir Jankovi\u0107","date":"20. travnja 2026.","format":false,"excerpt":"Kader Abdolah \u017eeli se vratiti ku\u0107i. Ali povratak je nemogu\u0107: u Iranu bi bio uhap\u0161en. Pod la\u017enim imenom i s krivotvorenim paso\u0161em ipak uspijeva u\u0107i u domovinu i sti\u017ee do roditeljske ku\u0107e, visoko u planinama. Majka ga ne prepoznaje, otac je mrtav, a sve \u0161to je tra\u017eio izmi\u010de mu pred\u2026","rel":"","context":"U &quot;Novosti&quot;","block_context":{"text":"Novosti","link":"https:\/\/historiografija.hr\/?cat=3"},"img":{"alt_text":"","src":"https:\/\/i0.wp.com\/historiografija.hr\/wp-content\/uploads\/2026\/04\/Prije-nego-sto-bude-kasno.webp?fit=566%2C872&ssl=1&resize=350%2C200","width":350,"height":200,"srcset":"https:\/\/i0.wp.com\/historiografija.hr\/wp-content\/uploads\/2026\/04\/Prije-nego-sto-bude-kasno.webp?fit=566%2C872&ssl=1&resize=350%2C200 1x, https:\/\/i0.wp.com\/historiografija.hr\/wp-content\/uploads\/2026\/04\/Prije-nego-sto-bude-kasno.webp?fit=566%2C872&ssl=1&resize=525%2C300 1.5x"},"classes":[]},{"id":52660,"url":"https:\/\/historiografija.hr\/?p=52660","url_meta":{"origin":5841,"position":3},"title":"Medijski odjeci \u010dlanka Steve \u0110ura\u0161kovi\u0107a \u201e\u017dupanovljeva ne\u017eeljena djeca: ideolo\u0161ko pribli\u017eavanje neoliberala i kr\u0161\u0107anske radikalne desnice u Hrvatskoj\u201c","author":"Branimir Jankovi\u0107","date":"24. travnja 2026.","format":false,"excerpt":"U sklopu projekta \u201eIzazovi intelektualne povijesti: recepcije, preobrazbe i upotrebe politi\u010dkih ideja\u201c objavljen je polemi\u010dki \u010dlanak Steve \u0110ura\u0161kovi\u0107a \u201e\u017dupanovljeva ne\u017eeljena djeca: ideolo\u0161ko pribli\u017eavanje neoliberala i kr\u0161\u0107anske radikalne desnice u Hrvatskoj\u201c, koji je izazvao odre\u0111ene medijske reakcije. Stevo \u0110ura\u0161kovi\u0107 \u017dupanovljeva ne\u017eeljena djeca: ideolo\u0161ko pribli\u017eavanje neoliberala i kr\u0161\u0107anske radikalne desnice u Hrvatskoj\u2026","rel":"","context":"U &quot;Novosti&quot;","block_context":{"text":"Novosti","link":"https:\/\/historiografija.hr\/?cat=3"},"img":{"alt_text":"","src":"https:\/\/i0.wp.com\/historiografija.hr\/wp-content\/uploads\/2026\/04\/SD.png?fit=809%2C821&ssl=1&resize=350%2C200","width":350,"height":200,"srcset":"https:\/\/i0.wp.com\/historiografija.hr\/wp-content\/uploads\/2026\/04\/SD.png?fit=809%2C821&ssl=1&resize=350%2C200 1x, https:\/\/i0.wp.com\/historiografija.hr\/wp-content\/uploads\/2026\/04\/SD.png?fit=809%2C821&ssl=1&resize=525%2C300 1.5x, https:\/\/i0.wp.com\/historiografija.hr\/wp-content\/uploads\/2026\/04\/SD.png?fit=809%2C821&ssl=1&resize=700%2C400 2x"},"classes":[]},{"id":52505,"url":"https:\/\/historiografija.hr\/?p=52505","url_meta":{"origin":5841,"position":4},"title":"Izlo\u017eba &#8220;Eschenstock \/ Jasenov prut&#8221;","author":"Branimir Jankovi\u0107","date":"17. travnja 2026.","format":false,"excerpt":"Srpsko narodno vije\u0107e (SNV) i Vizura aperta postavljaju izlo\u017ebu \u0161vicarskog slikara Velimira Ili\u0161evi\u0107a: Eschenstock \/ Jasenov prut. Izlo\u017eba se uz prisustvo autora otvara povodom 81. godi\u0161njice proboja logora\u0161a iz usta\u0161kog logora smrti Jasenovac 22. aprila 2026. u 19 sati u Srpskom kulturnom centru (SKC) u Preradovi\u0107evoj ulici 21 u Zagrebu.\u2026","rel":"","context":"U &quot;Izlo\u017ebe&quot;","block_context":{"text":"Izlo\u017ebe","link":"https:\/\/historiografija.hr\/?cat=10"},"img":{"alt_text":"","src":"https:\/\/i0.wp.com\/historiografija.hr\/wp-content\/uploads\/2026\/04\/Jasenov_prut.jpg?fit=1024%2C640&ssl=1&resize=350%2C200","width":350,"height":200,"srcset":"https:\/\/i0.wp.com\/historiografija.hr\/wp-content\/uploads\/2026\/04\/Jasenov_prut.jpg?fit=1024%2C640&ssl=1&resize=350%2C200 1x, https:\/\/i0.wp.com\/historiografija.hr\/wp-content\/uploads\/2026\/04\/Jasenov_prut.jpg?fit=1024%2C640&ssl=1&resize=525%2C300 1.5x, https:\/\/i0.wp.com\/historiografija.hr\/wp-content\/uploads\/2026\/04\/Jasenov_prut.jpg?fit=1024%2C640&ssl=1&resize=700%2C400 2x"},"classes":[]},{"id":52508,"url":"https:\/\/historiografija.hr\/?p=52508","url_meta":{"origin":5841,"position":5},"title":"Glazbena radionica \u201eDUGMETARA REVISITED\u201c","author":"Branimir Jankovi\u0107","date":"17. travnja 2026.","format":false,"excerpt":"DUGMETARA REVISITED glazbena radionica vodi: Ana Horvat 13., 20. i 27. travnja, od 18 do 20 sati Radiona, Nova cesta 186 Na tri radioni\u010dka susreta uranjamo u naslje\u0111e Dugmetare, biv\u0161e tvornice dugmadi na Savskoj cesti koja je po\u010detkom 2000-ih igrom slu\u010daja postala \u017eivo, jedinstveno mjesto glazbene proizvodnje. Svoje su probe\u2026","rel":"","context":"U &quot;Novosti&quot;","block_context":{"text":"Novosti","link":"https:\/\/historiografija.hr\/?cat=3"},"img":{"alt_text":"","src":"https:\/\/i0.wp.com\/historiografija.hr\/wp-content\/uploads\/2026\/04\/TRESNJA_TRESTI.jpg?fit=380%2C475&ssl=1&resize=350%2C200","width":350,"height":200},"classes":[]}],"_links":{"self":[{"href":"https:\/\/historiografija.hr\/index.php?rest_route=\/wp\/v2\/posts\/5841","targetHints":{"allow":["GET"]}}],"collection":[{"href":"https:\/\/historiografija.hr\/index.php?rest_route=\/wp\/v2\/posts"}],"about":[{"href":"https:\/\/historiografija.hr\/index.php?rest_route=\/wp\/v2\/types\/post"}],"author":[{"embeddable":true,"href":"https:\/\/historiografija.hr\/index.php?rest_route=\/wp\/v2\/users\/2"}],"replies":[{"embeddable":true,"href":"https:\/\/historiografija.hr\/index.php?rest_route=%2Fwp%2Fv2%2Fcomments&post=5841"}],"version-history":[{"count":5,"href":"https:\/\/historiografija.hr\/index.php?rest_route=\/wp\/v2\/posts\/5841\/revisions"}],"predecessor-version":[{"id":5847,"href":"https:\/\/historiografija.hr\/index.php?rest_route=\/wp\/v2\/posts\/5841\/revisions\/5847"}],"wp:featuredmedia":[{"embeddable":true,"href":"https:\/\/historiografija.hr\/index.php?rest_route=\/wp\/v2\/media\/5842"}],"wp:attachment":[{"href":"https:\/\/historiografija.hr\/index.php?rest_route=%2Fwp%2Fv2%2Fmedia&parent=5841"}],"wp:term":[{"taxonomy":"category","embeddable":true,"href":"https:\/\/historiografija.hr\/index.php?rest_route=%2Fwp%2Fv2%2Fcategories&post=5841"},{"taxonomy":"post_tag","embeddable":true,"href":"https:\/\/historiografija.hr\/index.php?rest_route=%2Fwp%2Fv2%2Ftags&post=5841"}],"curies":[{"name":"wp","href":"https:\/\/api.w.org\/{rel}","templated":true}]}}