{"id":5803,"date":"2017-09-05T08:20:48","date_gmt":"2017-09-05T08:20:48","guid":{"rendered":"http:\/\/historiografija.hr\/?p=5803"},"modified":"2017-09-11T10:35:57","modified_gmt":"2017-09-11T10:35:57","slug":"video-snimka-konferencije-identities-categories-of-identification-and-identifications-between-the-danube-the-alps-and-the-adriatic","status":"publish","type":"post","link":"https:\/\/historiografija.hr\/?p=5803","title":{"rendered":"Video-snimka konferencije &#8220;Identities, Categories of Identification, and Identifications between the Danube, the Alps, and the Adriatic&#8221;"},"content":{"rendered":"<p>Na portalu slovenske historiografije SIstory objavljena je snimka konferencije &#8220;Identities, Categories of Identification, and Identifications between the Danube, the Alps, and the Adriatic&#8221; odr\u017eane u Ljubljani u travnju 2017.<\/p>\n<p>&nbsp;<\/p>\n<p>&nbsp;<\/p>\n<p>&#8212;<\/p>\n<p>&nbsp;<\/p>\n<p>&nbsp;<\/p>\n<p><strong>SISTORY<\/strong><\/p>\n<p>&nbsp;<\/p>\n<p>&nbsp;<\/p>\n<p>HISTORY OF SLOVENIA<\/p>\n<p>&nbsp;<\/p>\n<p>&nbsp;<\/p>\n<p><strong>Identities, Categories of Identification, and Identifications between the Danube, the Alps, and the Adriatic<\/strong><\/p>\n<p>&nbsp;<\/p>\n<p>&nbsp;<\/p>\n<p>Language: English<\/p>\n<p>&nbsp;<\/p>\n<p>&nbsp;<\/p>\n<p>Type of publication: Video<\/p>\n<p>&nbsp;<\/p>\n<p>&nbsp;<\/p>\n<p>Year: 2017<\/p>\n<p>&nbsp;<\/p>\n<p>&nbsp;<\/p>\n<p>Keywords: identitete, identifikacija, nacionalizem, habsbur\u0161ka dedi\u0161\u010dina, identities, identification, nationalism, Habsburg legacy<\/p>\n<p>&nbsp;<\/p>\n<p>&nbsp;<\/p>\n<p>Publisher(s): Oddelek za zgodovino Filozofske fakultete Univerze v Ljubljani, Ljubljana, In\u0161titut za novej\u0161o zgodovino, Ljubljana, Ludwig Boltzmann-Institut f\u00fcr Historische Sozialwissenschaft, Wien, Muzej novej\u0161e zgodovine Slovenije, Ljubljana<\/p>\n<p>&nbsp;<\/p>\n<p>&nbsp;<\/p>\n<p>Co-author(s): Tamara Scheer, Kaja \u0160irok, Marko Zajc, Rok Stergar<\/p>\n<p>&nbsp;<\/p>\n<p>&nbsp;<\/p>\n<p>Permalink: http:\/\/hdl.handle.net\/11686\/37958<\/p>\n<p>&nbsp;<\/p>\n<p>&nbsp;<\/p>\n<p>Contributions:<\/p>\n<p>&nbsp;<\/p>\n<p>Stefan Donecker: Identity and Identification in Premodernity: The State of the Debate 35 years after John Armstrong\u2019 s Nations before Nationalism<\/p>\n<p>\u00dcmit Eser: Before Becoming Bulgarians: Pre-National Identities of the Orthodox Christian Communities in Eastern Rumelia, 1878-1908<\/p>\n<p>Jernej Kosi: When the Slovenes Encountered the Slovenes: Ethnic Boundaries and the Process of Nationalisation in Prekmurje after the Dissolution of Austria-Hungary<\/p>\n<p>Daniel Heler: Ethno-Genesis of Gorani People and \u2018Deviant\u2019 Contemporary Histories of Kosovo<\/p>\n<p>&nbsp;<\/p>\n<p>&nbsp;<\/p>\n<p>Before the Nations, Beyond the Nations &#8211; Panel 1 Discussion<\/p>\n<p>&nbsp;<\/p>\n<p>&nbsp;<\/p>\n<p>Tamara Scheer \/ John Paul Newman: Donations Requested: The Imperial, National, and Transnational Identities of The Ban Jela\u010di\u0107 Association for Disabled Veterans and their Families in Vienna and Zagreb<\/p>\n<p>Robert Shields Mevissen: Identification in the Danube Empire: Shaping Riverine Transformations in the Late Habsburg State<\/p>\n<p>Igor Vrani\u0107: Political Patriotism in the Late Habsburg Empire: The Case of Izidor Kr\u0161njavi<\/p>\n<p>&nbsp;<\/p>\n<p>&nbsp;<\/p>\n<p>Imperial, National, Non-National &#8211; Panel 2 Discussion<\/p>\n<p>&nbsp;<\/p>\n<p>&nbsp;<\/p>\n<p>Karin Almasy: Postcarding Identities in Lower Styria (1890\u20131920): The Linguistic and Visual Portrayal of Identities on Picture Postcards<\/p>\n<p>Susanne Korbel: Staging Similarities, Staging Differences: (Jewish) Volkss\u00e4nger and Their Performance of Habsburg Identities<\/p>\n<p>Clemens Ruthner: Colonial Habsburg: The Bosnian Foreigner in Literary Texts of Imperial Austria, ca 1900<\/p>\n<p>Anita Buhin: \u201cNa\u0161e malo misto\u201d (Our Small Town): Yugoslav Mediterranean Dream<\/p>\n<p>&nbsp;<\/p>\n<p>&nbsp;<\/p>\n<p>Defining, Performing, and Staging Identities &#8211; Panel 3 discussion<\/p>\n<p>&nbsp;<\/p>\n<p>&nbsp;<\/p>\n<p>Pieter M. Judson: People and their Categories: Creating Difference from Below and from Above in the Context of Empire<\/p>\n<p>Daniel Brett: It\u2019 s Not About the Nation or Ethnicity: Identity, Politics, and Society in the Romanian and Irish Countryside 1900-1947<\/p>\n<p>Ivan Jeli\u010di\u0107: The Typographers\u2019 Community of Fiume: Between Spirit of Category, Class Identity, Local Patriotism, Socialism, and Nationalism(s)<\/p>\n<p>Martin Jemelka \/ Jakub \u0160tofan\u00edk: Being Modern Christian and Worker in the Czechoslovak National State 1918-1938<\/p>\n<p>&nbsp;<\/p>\n<p>Peasants, Professionals, Workers &#8211; Panel 4 discussion<\/p>\n<p>&nbsp;<\/p>\n<p>Marta Verginella \/ Irena Seli\u0161nik: The First Publicly Active Slovene Women on the Intersection of National Identities and Multinational Space<\/p>\n<p>Martina Salvante: Renegotiating Identity: Disabled Veterans in Trentino and South Tyrol<\/p>\n<p>Marco Bresciani: Country for Nationalists? State- and Nation-Building in Post-Habsburg Interwar Istria<\/p>\n<p>&nbsp;<\/p>\n<p>&nbsp;<\/p>\n<p>Identities in Transition &#8211; Panel 5 discussion<\/p>\n<p>&nbsp;<\/p>\n<p>&nbsp;<\/p>\n<p>Etienne Boisserie: Family Networks and \u201cGeneration Key\u201d in the Renewed Approaches of Social Questioning of the Slovak Elite at the Beginning of the 20th Century<\/p>\n<p>Nikola Toma\u0161egovi\u0107: Statistical Nation-Building in Civil Croatia and Slavonia during the Second Half of 19th Century<\/p>\n<p>Filip Tomi\u0107: Serbs in Croatia and Slavonia 1908 \u2013 1914: The Contested Construction of an Ethnic Category, Conditions of its Deployment and the Issue of Its Reception<\/p>\n<p>Luka Lisjak: \u201cChanging the Nation\u2019s Character\u201d: The Slovenian Tradition of Critical National Characterology and Its Role in the Intellectual Definitions of National Identity in the 20th Century<\/p>\n<p>&nbsp;<\/p>\n<p>&nbsp;<\/p>\n<p>Panel 6 discussion<\/p>\n<p>&nbsp;<\/p>\n<p>&nbsp;<\/p>\n<p>Tomasz Kamusella: Concluding remarks<\/p>\n<p>&nbsp;<\/p>\n<p>&nbsp;<\/p>\n<p><a href=\"http:\/\/www.sistory.si\/SISTORY:ID:37958?language=en\">http:\/\/www.sistory.si\/SISTORY:ID:37958?language=en<\/a><\/p>\n<p>&nbsp;<\/p>\n","protected":false},"excerpt":{"rendered":"","protected":false},"author":2,"featured_media":5804,"comment_status":"open","ping_status":"open","sticky":false,"template":"","format":"standard","meta":{"_acf_changed":false,"jetpack_post_was_ever_published":false,"_jetpack_newsletter_access":"","_jetpack_dont_email_post_to_subs":false,"_jetpack_newsletter_tier_id":0,"_jetpack_memberships_contains_paywalled_content":false,"_jetpack_memberships_contains_paid_content":false,"footnotes":"","jetpack_publicize_message":"","jetpack_publicize_feature_enabled":true,"jetpack_social_post_already_shared":true,"jetpack_social_options":{"image_generator_settings":{"template":"highway","default_image_id":0,"font":"","enabled":false},"version":2}},"categories":[3,9],"tags":[],"class_list":["post-5803","post","type-post","status-publish","format-standard","has-post-thumbnail","hentry","category-novosti","category-skupovi"],"acf":{"facebook_opis":""},"jetpack_publicize_connections":[],"jetpack_featured_media_url":"https:\/\/i0.wp.com\/historiografija.hr\/wp-content\/uploads\/2017\/09\/Conf-SI.png?fit=247%2C350&ssl=1","jetpack_sharing_enabled":true,"jetpack-related-posts":[{"id":52148,"url":"https:\/\/historiografija.hr\/?p=52148","url_meta":{"origin":5803,"position":0},"title":"Poziv za prijavu na me\u0111unarodnu znanstvenu konferenciju \u201eGranice (ne)slobode: Zadarski krug 1966. Intelektualna opozicija u totalitarnom dru\u0161tvu\u201c","author":"Branimir Jankovi\u0107","date":"27. o\u017eujka 2026.","format":false,"excerpt":"\u00a0\u00a0\u00a0\u00a0 Povodom \u0161ezdesete obljetnice poku\u0161aja osnivanja \u010dasopisa Slobodan glas u Zadru 1966. godine, pozivamo vas na znanstvenu konferenciju posve\u0107enu istra\u017eivanju disidentstva, intelektualne opozicije i granica divergentnog mi\u0161ljenja nasuprot slu\u017ebenoj ideologiji u komunisti\u010dkoj Jugoslaviji. Ideja konferencije je analizirati konkretan fenomen zadarskog slu\u010daja razloge i okolnosti njegove pojave, ali uz otvaranje komparativnih\u2026","rel":"","context":"U &quot;Novosti&quot;","block_context":{"text":"Novosti","link":"https:\/\/historiografija.hr\/?cat=3"},"img":{"alt_text":"","src":"https:\/\/i0.wp.com\/historiografija.hr\/wp-content\/uploads\/2026\/03\/Poziv-konferencija-Zadar.jpg?fit=1200%2C509&ssl=1&resize=350%2C200","width":350,"height":200,"srcset":"https:\/\/i0.wp.com\/historiografija.hr\/wp-content\/uploads\/2026\/03\/Poziv-konferencija-Zadar.jpg?fit=1200%2C509&ssl=1&resize=350%2C200 1x, https:\/\/i0.wp.com\/historiografija.hr\/wp-content\/uploads\/2026\/03\/Poziv-konferencija-Zadar.jpg?fit=1200%2C509&ssl=1&resize=525%2C300 1.5x, https:\/\/i0.wp.com\/historiografija.hr\/wp-content\/uploads\/2026\/03\/Poziv-konferencija-Zadar.jpg?fit=1200%2C509&ssl=1&resize=700%2C400 2x, https:\/\/i0.wp.com\/historiografija.hr\/wp-content\/uploads\/2026\/03\/Poziv-konferencija-Zadar.jpg?fit=1200%2C509&ssl=1&resize=1050%2C600 3x"},"classes":[]},{"id":52573,"url":"https:\/\/historiografija.hr\/?p=52573","url_meta":{"origin":5803,"position":1},"title":"Znanstvena konferencija &#8220;Filozofija odgoja: povijest, praksa, perspektive&#8221;","author":"Branimir Jankovi\u0107","date":"21. travnja 2026.","format":false,"excerpt":"Znanstvena konferencija \"Filozofija odgoja: povijest, praksa, perspektive\" odr\u017eat \u0107e se 23. i 24. travnja 2026. u Konferencijskoj dvorani Knji\u017enice Filozofskog fakulteta u Zagrebu (2. kat).\u00a0Konferencija je organizirana u okviru projekta\u00a0SUMKOS (voditeljica prof. dr. sc. Ivana Zagorac, financiran\u00a0sredstvima NextGenerationEU), uz potporu Odsjeka za filozofiju.\u00a0 Uz izlaga\u010dki dio, konferencija obuhva\u0107a i izlo\u017ebu\u2026","rel":"","context":"U &quot;Novosti&quot;","block_context":{"text":"Novosti","link":"https:\/\/historiografija.hr\/?cat=3"},"img":{"alt_text":"","src":"","width":0,"height":0},"classes":[]},{"id":52543,"url":"https:\/\/historiografija.hr\/?p=52543","url_meta":{"origin":5803,"position":2},"title":"Znanstveno-stru\u010dni skup \u201eOto\u010dne pu\u010dke pobo\u017enosti: kontinuiteti i transformacije\u201c","author":"Branimir Jankovi\u0107","date":"20. travnja 2026.","format":false,"excerpt":"Najavljujemo\u00a0znanstveno-stru\u010dni skup \u201eOto\u010dne pu\u010dke pobo\u017enosti: kontinuiteti i transformacije\u201c,\u00a0koji \u0107e se odr\u017eati\u00a0u Rabu od 24. do 26. travnja 2026.,\u00a0u organizaciji i uz potporu\u00a0Instituta za etnologiju i folkloristiku, Zagreb, \u00a0Grada Raba, Pu\u010dkog otvorenog u\u010dili\u0161ta Rab i Centra za istra\u017eivanje srednjovjekovne ba\u0161tine Jadrana RIMAH. Skup okuplja vode\u0107e doma\u0107e stru\u010dnjake koji \u0107e kroz niz\u2026","rel":"","context":"U &quot;Novosti&quot;","block_context":{"text":"Novosti","link":"https:\/\/historiografija.hr\/?cat=3"},"img":{"alt_text":"","src":"https:\/\/i0.wp.com\/historiografija.hr\/wp-content\/uploads\/2026\/04\/Skup_Rab.jpg?fit=848%2C1200&ssl=1&resize=350%2C200","width":350,"height":200,"srcset":"https:\/\/i0.wp.com\/historiografija.hr\/wp-content\/uploads\/2026\/04\/Skup_Rab.jpg?fit=848%2C1200&ssl=1&resize=350%2C200 1x, https:\/\/i0.wp.com\/historiografija.hr\/wp-content\/uploads\/2026\/04\/Skup_Rab.jpg?fit=848%2C1200&ssl=1&resize=525%2C300 1.5x, https:\/\/i0.wp.com\/historiografija.hr\/wp-content\/uploads\/2026\/04\/Skup_Rab.jpg?fit=848%2C1200&ssl=1&resize=700%2C400 2x"},"classes":[]},{"id":52539,"url":"https:\/\/historiografija.hr\/?p=52539","url_meta":{"origin":5803,"position":3},"title":"Drugi po redu studentski simpozij &#8220;In fonte veritas&#8221;","author":"Branimir Jankovi\u0107","date":"20. travnja 2026.","format":false,"excerpt":"U srijedu, 22. travnja 2026. godine, u dvorani C 0.4 na Hrvatskom katoli\u010dkom sveu\u010dili\u0161tu odr\u017eat \u0107e se drugi studentski simpozij \u201eIn fonte veritas\". Ovogodi\u0161nja sredi\u0161nja tema simpozija je Papinstvo. Kroz istra\u017eiva\u010dko suo\u010davanje s povijesnim izvorima deset \u0107e studenata predstaviti rezultate svojih istra\u017eivanja o instituciji koja je stolje\u0107ima oblikovala europsku i\u2026","rel":"","context":"U &quot;Novosti&quot;","block_context":{"text":"Novosti","link":"https:\/\/historiografija.hr\/?cat=3"},"img":{"alt_text":"","src":"https:\/\/i0.wp.com\/historiografija.hr\/wp-content\/uploads\/2026\/04\/Papinstvo.png?fit=1024%2C500&ssl=1&resize=350%2C200","width":350,"height":200,"srcset":"https:\/\/i0.wp.com\/historiografija.hr\/wp-content\/uploads\/2026\/04\/Papinstvo.png?fit=1024%2C500&ssl=1&resize=350%2C200 1x, https:\/\/i0.wp.com\/historiografija.hr\/wp-content\/uploads\/2026\/04\/Papinstvo.png?fit=1024%2C500&ssl=1&resize=525%2C300 1.5x, https:\/\/i0.wp.com\/historiografija.hr\/wp-content\/uploads\/2026\/04\/Papinstvo.png?fit=1024%2C500&ssl=1&resize=700%2C400 2x"},"classes":[]},{"id":52578,"url":"https:\/\/historiografija.hr\/?p=52578","url_meta":{"origin":5803,"position":4},"title":"Poziv za sudjelovanje: XXII. Dani Julija Bene\u0161i\u0107a u Iloku","author":"Branimir Jankovi\u0107","date":"21. travnja 2026.","format":false,"excerpt":"Zavod za lingvisti\u010dka istra\u017eivanja Hrvatske akademije znanosti i umjetnosti, zajedno s Muzejom grada Iloka, organizira XXII. Dane Julija Bene\u0161i\u0107a, koji \u0107e se odr\u017eati od 28. do 30. listopada 2026. u Iloku.\u00a0Teme ovogodi\u0161njih Dana podijeljene su u dvije cjeline: Knji\u017eevno-jezikoslovni d\u00ecv\u0101n s Bene\u0161i\u0107em te Ilok i Srijem u povijesnim stalnicama i\u2026","rel":"","context":"U &quot;Novosti&quot;","block_context":{"text":"Novosti","link":"https:\/\/historiografija.hr\/?cat=3"},"img":{"alt_text":"","src":"https:\/\/i0.wp.com\/historiografija.hr\/wp-content\/uploads\/2019\/10\/HE2_Benesic.jpg?fit=413%2C591&ssl=1&resize=350%2C200","width":350,"height":200},"classes":[]},{"id":52641,"url":"https:\/\/historiografija.hr\/?p=52641","url_meta":{"origin":5803,"position":5},"title":"CfP: WHO OWNS THE PAST? VERNACULAR MEMORY, STATE MEMORY, AND THE POLITICS OF OWNERSHIP","author":"Branimir Jankovi\u0107","date":"24. travnja 2026.","format":false,"excerpt":"VIENNA, 31ST AUGUST\u20133RD SEPTEMBER 2026 (DEADLINE: 24TH APRIL 2026) The Center for Austrian Studies at the European Forum at the Hebrew University and the Austrian Academy of Sciences\/Institute of Culture Studies invite early postdocs, PhD candidates, and advanced Master\u2019s students from the Hebrew University of Jerusalem and universities and academic\u2026","rel":"","context":"U &quot;Novosti&quot;","block_context":{"text":"Novosti","link":"https:\/\/historiografija.hr\/?cat=3"},"img":{"alt_text":"","src":"https:\/\/i0.wp.com\/historiografija.hr\/wp-content\/uploads\/2017\/10\/hsozkult.png?fit=1006%2C241&ssl=1&resize=350%2C200","width":350,"height":200,"srcset":"https:\/\/i0.wp.com\/historiografija.hr\/wp-content\/uploads\/2017\/10\/hsozkult.png?fit=1006%2C241&ssl=1&resize=350%2C200 1x, https:\/\/i0.wp.com\/historiografija.hr\/wp-content\/uploads\/2017\/10\/hsozkult.png?fit=1006%2C241&ssl=1&resize=525%2C300 1.5x, https:\/\/i0.wp.com\/historiografija.hr\/wp-content\/uploads\/2017\/10\/hsozkult.png?fit=1006%2C241&ssl=1&resize=700%2C400 2x"},"classes":[]}],"_links":{"self":[{"href":"https:\/\/historiografija.hr\/index.php?rest_route=\/wp\/v2\/posts\/5803","targetHints":{"allow":["GET"]}}],"collection":[{"href":"https:\/\/historiografija.hr\/index.php?rest_route=\/wp\/v2\/posts"}],"about":[{"href":"https:\/\/historiografija.hr\/index.php?rest_route=\/wp\/v2\/types\/post"}],"author":[{"embeddable":true,"href":"https:\/\/historiografija.hr\/index.php?rest_route=\/wp\/v2\/users\/2"}],"replies":[{"embeddable":true,"href":"https:\/\/historiografija.hr\/index.php?rest_route=%2Fwp%2Fv2%2Fcomments&post=5803"}],"version-history":[{"count":5,"href":"https:\/\/historiografija.hr\/index.php?rest_route=\/wp\/v2\/posts\/5803\/revisions"}],"predecessor-version":[{"id":5901,"href":"https:\/\/historiografija.hr\/index.php?rest_route=\/wp\/v2\/posts\/5803\/revisions\/5901"}],"wp:featuredmedia":[{"embeddable":true,"href":"https:\/\/historiografija.hr\/index.php?rest_route=\/wp\/v2\/media\/5804"}],"wp:attachment":[{"href":"https:\/\/historiografija.hr\/index.php?rest_route=%2Fwp%2Fv2%2Fmedia&parent=5803"}],"wp:term":[{"taxonomy":"category","embeddable":true,"href":"https:\/\/historiografija.hr\/index.php?rest_route=%2Fwp%2Fv2%2Fcategories&post=5803"},{"taxonomy":"post_tag","embeddable":true,"href":"https:\/\/historiografija.hr\/index.php?rest_route=%2Fwp%2Fv2%2Ftags&post=5803"}],"curies":[{"name":"wp","href":"https:\/\/api.w.org\/{rel}","templated":true}]}}