{"id":5794,"date":"2017-09-04T10:39:25","date_gmt":"2017-09-04T10:39:25","guid":{"rendered":"http:\/\/historiografija.hr\/?p=5794"},"modified":"2017-09-04T11:05:50","modified_gmt":"2017-09-04T11:05:50","slug":"5-festival-alternative-i-ljevice-u-sibenik-falis-2017","status":"publish","type":"post","link":"https:\/\/historiografija.hr\/?p=5794","title":{"rendered":"5. Festival alternative i ljevice \u0160ibenik \u2013 Fali\u0161 2017."},"content":{"rendered":"<p>Od 6. do 9. rujna 2017. odr\u017eat \u0107e se peti Festival alternative i ljevice u \u0160ibeniku \u2013 Fali\u0161, \u010diji program tematizira izme\u0111u ostalog Oktobarsku revoluciju i \u0160panjolski gra\u0111anski rat.<\/p>\n<p>&nbsp;<\/p>\n<p>&nbsp;<\/p>\n<p>&#8212;<\/p>\n<p>&nbsp;<\/p>\n<p>&nbsp;<\/p>\n<p><strong>Festival alternative i ljevice \u0160ibenik &#8211; FALI\u0160 2017.<\/strong><\/p>\n<p>&nbsp;<\/p>\n<p>6-9. rujna 2017.<\/p>\n<p>&nbsp;<\/p>\n<p><a href=\"http:\/\/www.falis.com.hr\/\">http:\/\/www.falis.com.hr\/<\/a><\/p>\n<p>&nbsp;<\/p>\n<p>&nbsp;<\/p>\n<p><strong>Program<\/strong><\/p>\n<p>&nbsp;<\/p>\n<p>&nbsp;<\/p>\n<p><strong>Utorak, 5.9. (nulti dan, Betina)<\/strong><\/p>\n<p>&nbsp;<\/p>\n<p>20:00: Izvor ideja: \u0160panjolski gra\u0111anski rat \u2013 okrugli stol (sudjeluju: Enis Zebi\u0107, Vjeran Pavlakovi\u0107, Josip Jagi\u0107; moderator: Kruno Lokotar); Trg na moru<br \/>\n21:00: Reprint \u010cede Kapora: projekcija dokumentarnog filma (autor: Almir Berkovac); Trg na moru<br \/>\n22:00: The Strings: koncert; Trg na moru<\/p>\n<p>&nbsp;<\/p>\n<p><strong>Srijeda, 6.9.<\/strong><\/p>\n<p>&nbsp;<\/p>\n<p>18:00: Iz Rusije s ljubavlju i mr\u017enjom: otvaranje izlo\u017ebe plakata posve\u0107enih stogodi\u0161njici Oktobarske revolucije (sudjeluju: Bojan Kri\u0161tofi\u0107, Ante Filipovi\u0107 Gr\u010di\u0107, Emir Imamovi\u0107 Pirke, Kruno Lokotar); Galerija Matija<br \/>\n20:00: Izvor ideja: \u0160panjolski gra\u0111anski rat \u2013 okrugli stol (sudjeluju: Enis Zebi\u0107, Vjeran Pavlakovi\u0107, Josip Jagi\u0107; moderator: Kruno Lokotar); Mala lo\u017ea<br \/>\n21:00: Kurdistan: revolucija koja ne prestaje (sudjeluju: Jerko Bakotin i Nikola Kupre\u0161anin; moderator: Sre\u0107ko Horvat); Mala lo\u017ea<br \/>\n22:00: Neposredna proizvodnja u\u017easa: tko \u0107e naslijediti Islamsku dr\u017eavu? \u2013 razgovor (sudjeluju: Zlatko Dizdarevi\u0107 i Pavle Kalini\u0107; moderator: Emir Imamovi\u0107 Pirke); Mala lo\u017ea<br \/>\n23:30: Crna je nova crna: otvaranje izlo\u017ebe ilustracija Tomislava Fiketa; cafe Domald<\/p>\n<p>&nbsp;<\/p>\n<p><strong>\u010cetvrtak, 7.9.<\/strong><\/p>\n<p>&nbsp;<\/p>\n<p>19:00 Ma\u0111arska re\u010denica: predstavljanje romana Andreja Nikolaidisa (sudjeluju: Andrej Nikolaidis, Emir Imamovi\u0107 Pirke, Kruno Lokotar); Mala lo\u017ea<br \/>\n20:00: Ima li Bog naciju? \u2013 okrugli stol (sudjeluju: Zoran Grozdanov, Neboj\u0161a Zeli\u0107 i Viktor Ivan\u010di\u0107; moderator: Branko Sekuli\u0107); Mala lo\u017ea<br \/>\n22:00 &#8220;Kratko 20. stolje\u0107e pod crvenom zvijezdom: utjecaj bolj\u0161evi\u010dke revolucije na europsku politiku&#8221;: predavanje dr. Cirile Toplak; Mala lo\u017ea<br \/>\n22: 00 Europa, zabranjena kolonija: projekcija dokumentarnog filma Sre\u0107ka Horvata (sudjeluju: Sre\u0107ko Horvat i Emir Imamovi\u0107 Pirke); Mala lo\u017ea<\/p>\n<p>&nbsp;<\/p>\n<p><strong>Petak, 8.9.<\/strong><\/p>\n<p>&nbsp;<\/p>\n<p>19:30: Reformacija i osobna sloboda pojedinca: predavanje vele\u010dasni dr. Benjamin Simon; Mala lo\u017ea<br \/>\n20:30: Prirodna selekcija: kapitalizam ili socijalizam \u2013 debata (sudjeluju: Damir Pili\u0107 i Andrej Nikolaidis, moderator: Lovro Krni\u0107); Mala lo\u017ea<br \/>\n21:30 Oktobar: U sumraku posttotalitarne svijesti, predavanje dr. Borisa Budena; Mala lo\u017ea<br \/>\n22:30 Othello \u2013 nezakonita liturgija: predstava (Teatro VeRRdi, re\u017eija: Zlatko Pakovi\u0107; igraju: Hrvojka Begovi\u0107, Jure Aras i Zlatko Pakovi\u0107); Mala lo\u017ea<\/p>\n<p>&nbsp;<\/p>\n<p><strong>Subota, 9.9.<\/strong><\/p>\n<p>&nbsp;<\/p>\n<p>19:00: Staljinove ubojice, Tito i Krle\u017ea: predstavljanje knjige Borisa Ra\u0161ete (sudjeluju: Boris Ra\u0161eta, Kruno Lokotar, Emir Imamovi\u0107 Pirke); Mala lo\u017ea<br \/>\n21:00: Da li je ljevici dopu\u0161teno vladati? \u2013 okrugli stol (sudjeluju: Danijela Dolenec \u2013 Zagreb je na\u0161; Rada Bori\u0107 \u2013 Nova ljevica; Grega Ciglar \u2013 Zdru\u017eena levica Slovenije; moderatorica: Ivana Dragi\u010devi\u0107); Mala lo\u017ea<br \/>\n22:00: Moj put s Engelsom: javni intervju s Philom Collinsom (sudjeluju: Phil Collins i Jurica Pavi\u010di\u0107); Mala lo\u017ea<\/p>\n<p>&nbsp;<\/p>\n<p>&nbsp;<\/p>\n","protected":false},"excerpt":{"rendered":"","protected":false},"author":2,"featured_media":5797,"comment_status":"open","ping_status":"open","sticky":false,"template":"","format":"standard","meta":{"_acf_changed":false,"jetpack_post_was_ever_published":false,"_jetpack_newsletter_access":"","_jetpack_dont_email_post_to_subs":false,"_jetpack_newsletter_tier_id":0,"_jetpack_memberships_contains_paywalled_content":false,"_jetpack_memberships_contains_paid_content":false,"footnotes":"","jetpack_publicize_message":"","jetpack_publicize_feature_enabled":true,"jetpack_social_post_already_shared":true,"jetpack_social_options":{"image_generator_settings":{"template":"highway","default_image_id":0,"font":"","enabled":false},"version":2}},"categories":[3],"tags":[],"class_list":["post-5794","post","type-post","status-publish","format-standard","has-post-thumbnail","hentry","category-novosti"],"acf":{"facebook_opis":""},"jetpack_publicize_connections":[],"jetpack_featured_media_url":"https:\/\/i0.wp.com\/historiografija.hr\/wp-content\/uploads\/2017\/09\/falis_festival_2017_plakat_web-1.jpg?fit=420%2C235&ssl=1","jetpack_sharing_enabled":true,"jetpack-related-posts":[{"id":52631,"url":"https:\/\/historiografija.hr\/?p=52631","url_meta":{"origin":5794,"position":0},"title":"Predavanje Ivana Tepe\u0161a: Djelovanje hrvatske politi\u010dke emigracije","author":"Branimir Jankovi\u0107","date":"23. travnja 2026.","format":false,"excerpt":"Odjel za me\u0111unarodnu suradnju i iseljeni\u0161tvo Matice hrvatske Predavanje Ivana Tepe\u0161a: Djelovanje hrvatske politi\u010dke emigracije Utorak, 28. travnja 2026. u 18:00 sati, Dvorana Ljudevita Jonkea (Mala dvorana MH), Strossmayerov trg 4, Zagreb dr. sc. Ivan Tepe\u0161, Institut za istra\u017eivanje migracija Hrvatska politi\u010dka emigracija obilje\u017eila je polustoljetnu hrvatsku povijest u drugoj\u2026","rel":"","context":"U &quot;Novosti&quot;","block_context":{"text":"Novosti","link":"https:\/\/historiografija.hr\/?cat=3"},"img":{"alt_text":"","src":"","width":0,"height":0},"classes":[]},{"id":52511,"url":"https:\/\/historiografija.hr\/?p=52511","url_meta":{"origin":5794,"position":1},"title":"Izlo\u017eba &#8220;Lica Sljemena&#8221;","author":"Branimir Jankovi\u0107","date":"17. travnja 2026.","format":false,"excerpt":"Srda\u010dno vas pozivamo na otvorenje izlo\u017ebe Lica Sljemena koje \u0107e se odr\u017eati u srijedu 22. travnja 2026. u 18 h ispred Muzeja Prigorja (Trg Dragutina Domjani\u0107a 5, Sesvete). Izlo\u017eba proizlazi iz istra\u017eivanja Nevene \u0160krbi\u0107 Alempijevi\u0107, Petre Kelemen i Sanje Potkonjak te intervjua sa Sljemena\u0161icama i Sljemena\u0161ima, koji su provedeni u\u2026","rel":"","context":"U &quot;Izlo\u017ebe&quot;","block_context":{"text":"Izlo\u017ebe","link":"https:\/\/historiografija.hr\/?cat=10"},"img":{"alt_text":"","src":"https:\/\/i0.wp.com\/historiografija.hr\/wp-content\/uploads\/2026\/04\/Izlozba-Lica-Sljemena.png?fit=1080%2C686&ssl=1&resize=350%2C200","width":350,"height":200,"srcset":"https:\/\/i0.wp.com\/historiografija.hr\/wp-content\/uploads\/2026\/04\/Izlozba-Lica-Sljemena.png?fit=1080%2C686&ssl=1&resize=350%2C200 1x, https:\/\/i0.wp.com\/historiografija.hr\/wp-content\/uploads\/2026\/04\/Izlozba-Lica-Sljemena.png?fit=1080%2C686&ssl=1&resize=525%2C300 1.5x, https:\/\/i0.wp.com\/historiografija.hr\/wp-content\/uploads\/2026\/04\/Izlozba-Lica-Sljemena.png?fit=1080%2C686&ssl=1&resize=700%2C400 2x, https:\/\/i0.wp.com\/historiografija.hr\/wp-content\/uploads\/2026\/04\/Izlozba-Lica-Sljemena.png?fit=1080%2C686&ssl=1&resize=1050%2C600 3x"},"classes":[]},{"id":52552,"url":"https:\/\/historiografija.hr\/?p=52552","url_meta":{"origin":5794,"position":2},"title":"Besplatni glazbeni antikvarijat","author":"Branimir Jankovi\u0107","date":"20. travnja 2026.","format":false,"excerpt":"Muzi\u010dka akademija Sveu\u010dili\u0161ta u Zagrebu 23. travnja 2026. od 10 do 17 sati Pozivamo Vas na Besplatni glazbeni antikvarijat, koji u sklopu manifestacije No\u0107 knjige 2026. organizira Hrvatska udruga muzi\u010dkih knji\u017enica, arhiva i dokumentacijskih centara (HUMKAD). Antikvarijat \u0107e se odr\u017eati na Svjetski dan knjige \u2013 u \u010detvrtak 23. travnja 2026.\u2026","rel":"","context":"U &quot;Novosti&quot;","block_context":{"text":"Novosti","link":"https:\/\/historiografija.hr\/?cat=3"},"img":{"alt_text":"","src":"https:\/\/i0.wp.com\/historiografija.hr\/wp-content\/uploads\/2026\/04\/Besplatni-glazbeni-antikvarijat-23.-4.-2026.jpg?fit=1200%2C848&ssl=1&resize=350%2C200","width":350,"height":200,"srcset":"https:\/\/i0.wp.com\/historiografija.hr\/wp-content\/uploads\/2026\/04\/Besplatni-glazbeni-antikvarijat-23.-4.-2026.jpg?fit=1200%2C848&ssl=1&resize=350%2C200 1x, https:\/\/i0.wp.com\/historiografija.hr\/wp-content\/uploads\/2026\/04\/Besplatni-glazbeni-antikvarijat-23.-4.-2026.jpg?fit=1200%2C848&ssl=1&resize=525%2C300 1.5x, https:\/\/i0.wp.com\/historiografija.hr\/wp-content\/uploads\/2026\/04\/Besplatni-glazbeni-antikvarijat-23.-4.-2026.jpg?fit=1200%2C848&ssl=1&resize=700%2C400 2x, https:\/\/i0.wp.com\/historiografija.hr\/wp-content\/uploads\/2026\/04\/Besplatni-glazbeni-antikvarijat-23.-4.-2026.jpg?fit=1200%2C848&ssl=1&resize=1050%2C600 3x"},"classes":[]},{"id":52666,"url":"https:\/\/historiografija.hr\/?p=52666","url_meta":{"origin":5794,"position":3},"title":"Najava programa Festivala povijesti Kliofest (5-8. V. 2026)","author":"Branimir Jankovi\u0107","date":"24. travnja 2026.","format":false,"excerpt":"Po trinaesti put odr\u017eava se Festival povijesti Kliofest! Do petka \u0107emo odr\u017eati osam okruglih stolova i dva kolokvija te niz predstavljanja knjiga i projekata razli\u010dite tematike, od antike do suvremenosti. Bit \u0107e predstavljeno i nekoliko izlo\u017ebi te odr\u017ean jedan povijesni kviz. Prikazat \u0107emo i jedan film \u2013 o generalu Boroevi\u0107u.\u2026","rel":"","context":"U &quot;Novosti&quot;","block_context":{"text":"Novosti","link":"https:\/\/historiografija.hr\/?cat=3"},"img":{"alt_text":"","src":"https:\/\/i0.wp.com\/historiografija.hr\/wp-content\/uploads\/2026\/04\/Kliofest-2026.jpg?fit=526%2C526&ssl=1&resize=350%2C200","width":350,"height":200,"srcset":"https:\/\/i0.wp.com\/historiografija.hr\/wp-content\/uploads\/2026\/04\/Kliofest-2026.jpg?fit=526%2C526&ssl=1&resize=350%2C200 1x, https:\/\/i0.wp.com\/historiografija.hr\/wp-content\/uploads\/2026\/04\/Kliofest-2026.jpg?fit=526%2C526&ssl=1&resize=525%2C300 1.5x"},"classes":[]},{"id":52628,"url":"https:\/\/historiografija.hr\/?p=52628","url_meta":{"origin":5794,"position":4},"title":"Predavanje dopisnog \u010dlana HAZU Alaina Finkielkrauta Izrael, Europa, antisemitizam","author":"Branimir Jankovi\u0107","date":"23. travnja 2026.","format":false,"excerpt":"Francuski filozof Alain Finkielkraut, redoviti \u010dlan Francuske akademije i dopisni \u010dlan HAZU, odr\u017eat \u0107e predavanje\u00a0Izrael, Europa, antisemitizam u utorak 28. travnja 2026. u 13 sati u Knji\u017enici HAZU,\u00a0Strossmayerov trg 14 u Zagrebu. Uvodne rije\u010di odr\u017eat \u0107e\u00a0akademkinja \u017deljka \u010corak i\u00a0akademik Dra\u017een Katunari\u0107. Predavanje \u0107e se odr\u017eati na francuskom jeziku uz konsekutivno\u2026","rel":"","context":"U &quot;Novosti&quot;","block_context":{"text":"Novosti","link":"https:\/\/historiografija.hr\/?cat=3"},"img":{"alt_text":"","src":"https:\/\/i0.wp.com\/historiografija.hr\/wp-content\/uploads\/2026\/04\/Alain_Finkielkraut.jpg?fit=350%2C407&ssl=1&resize=350%2C200","width":350,"height":200},"classes":[]},{"id":52563,"url":"https:\/\/historiografija.hr\/?p=52563","url_meta":{"origin":5794,"position":5},"title":"Predavanje Nenada Fabijani\u0107a o stadionu Poljud u Splitu","author":"Branimir Jankovi\u0107","date":"21. travnja 2026.","format":false,"excerpt":"Znanstveno vije\u0107e za arhitekturu, urbanizam i ure\u0111enje prostora Hrvatske akademije znanosti i umjetnosti organizira predavanje \u201cPo Poljudu\u201d koje \u0107e u srijedu 22. travnja 2026. s po\u010detkom u 14 sati u Knji\u017enici HAZU, Strossmayerov trg 14 u Zagrebu, odr\u017eati\u00a0prof. emerit. dr. art. Nenad Fabijani\u0107,\u00a0\u010dlan suradnik HAZU. Predavanje \u201ePo Poljudu\u201c (Projekt obnove)\u2026","rel":"","context":"U &quot;Novosti&quot;","block_context":{"text":"Novosti","link":"https:\/\/historiografija.hr\/?cat=3"},"img":{"alt_text":"","src":"https:\/\/i0.wp.com\/historiografija.hr\/wp-content\/uploads\/2026\/04\/Poljud-scaled.jpeg?fit=1200%2C800&ssl=1&resize=350%2C200","width":350,"height":200,"srcset":"https:\/\/i0.wp.com\/historiografija.hr\/wp-content\/uploads\/2026\/04\/Poljud-scaled.jpeg?fit=1200%2C800&ssl=1&resize=350%2C200 1x, https:\/\/i0.wp.com\/historiografija.hr\/wp-content\/uploads\/2026\/04\/Poljud-scaled.jpeg?fit=1200%2C800&ssl=1&resize=525%2C300 1.5x, https:\/\/i0.wp.com\/historiografija.hr\/wp-content\/uploads\/2026\/04\/Poljud-scaled.jpeg?fit=1200%2C800&ssl=1&resize=700%2C400 2x, https:\/\/i0.wp.com\/historiografija.hr\/wp-content\/uploads\/2026\/04\/Poljud-scaled.jpeg?fit=1200%2C800&ssl=1&resize=1050%2C600 3x"},"classes":[]}],"_links":{"self":[{"href":"https:\/\/historiografija.hr\/index.php?rest_route=\/wp\/v2\/posts\/5794","targetHints":{"allow":["GET"]}}],"collection":[{"href":"https:\/\/historiografija.hr\/index.php?rest_route=\/wp\/v2\/posts"}],"about":[{"href":"https:\/\/historiografija.hr\/index.php?rest_route=\/wp\/v2\/types\/post"}],"author":[{"embeddable":true,"href":"https:\/\/historiografija.hr\/index.php?rest_route=\/wp\/v2\/users\/2"}],"replies":[{"embeddable":true,"href":"https:\/\/historiografija.hr\/index.php?rest_route=%2Fwp%2Fv2%2Fcomments&post=5794"}],"version-history":[{"count":3,"href":"https:\/\/historiografija.hr\/index.php?rest_route=\/wp\/v2\/posts\/5794\/revisions"}],"predecessor-version":[{"id":5802,"href":"https:\/\/historiografija.hr\/index.php?rest_route=\/wp\/v2\/posts\/5794\/revisions\/5802"}],"wp:featuredmedia":[{"embeddable":true,"href":"https:\/\/historiografija.hr\/index.php?rest_route=\/wp\/v2\/media\/5797"}],"wp:attachment":[{"href":"https:\/\/historiografija.hr\/index.php?rest_route=%2Fwp%2Fv2%2Fmedia&parent=5794"}],"wp:term":[{"taxonomy":"category","embeddable":true,"href":"https:\/\/historiografija.hr\/index.php?rest_route=%2Fwp%2Fv2%2Fcategories&post=5794"},{"taxonomy":"post_tag","embeddable":true,"href":"https:\/\/historiografija.hr\/index.php?rest_route=%2Fwp%2Fv2%2Ftags&post=5794"}],"curies":[{"name":"wp","href":"https:\/\/api.w.org\/{rel}","templated":true}]}}