{"id":5787,"date":"2017-09-02T21:34:02","date_gmt":"2017-09-02T21:34:02","guid":{"rendered":"http:\/\/historiografija.hr\/?p=5787"},"modified":"2017-09-02T21:34:02","modified_gmt":"2017-09-02T21:34:02","slug":"historiografska-misao-dana-les-nationalistes-sont-donc-incapables-de-produire-une-histoire-veritable-de-la-nation-francaise","status":"publish","type":"post","link":"https:\/\/historiografija.hr\/?p=5787","title":{"rendered":"Historiografska misao dana: \u00ab Les nationalistes sont donc incapables de produire une histoire v\u00e9ritable de la nation fran\u00e7aise \u00bb"},"content":{"rendered":"<p>Nedavno izre\u010deno mi\u0161ljenje istaknutog francuskog povjesni\u010dara Patricka Boucherona da su nacionalisti nesposobni proizvesti stvarnu povijest francuske nacije komentar je urednika Historiografije.hr povodom recentnog (uvijek iznova) podvrgavanja povijesti u Hrvatskoj i regiji njezinom veli\u010danstvu \u2013 Naciji.<\/p>\n<p>&nbsp;<\/p>\n<p>&nbsp;<\/p>\n<p>&#8212;<\/p>\n<p>&nbsp;<\/p>\n<p>&nbsp;<\/p>\n<p><strong>Patrick Boucheron: &#8220;L&#8217;histoire sert \u00e0 &#8216;d\u00e9fataliser&#8217; le cours du temps&#8221;<\/strong><\/p>\n<p>&nbsp;<\/p>\n<p>&nbsp;<\/p>\n<p>12\/08\/2017<\/p>\n<p>&nbsp;<\/p>\n<p>&nbsp;<\/p>\n<p><strong><em>L&#8217;Express<\/em><\/strong><\/p>\n<p>&nbsp;<\/p>\n<p>&nbsp;<\/p>\n<p>(&#8230;)<\/p>\n<p>&nbsp;<\/p>\n<p>&nbsp;<\/p>\n<p><strong>Pour autant, vous n&#8217;avez pas omis la question de la nation, dans le livre&#8230;<\/strong><\/p>\n<p>&nbsp;<\/p>\n<p>&nbsp;<\/p>\n<p>Il convenait de d\u00e9samorcer la question des origines et de ne pas se limiter \u00e0 la seule question de l&#8217;identit\u00e9. Il faut le redire: chercher la sp\u00e9cificit\u00e9 de la France est une question int\u00e9ressante, mais ce n&#8217;est pas la seule! Et c&#8217;est en sortant du cadre national qu&#8217;on comprend la nation! <strong>Marcel Mauss avait bien compris que le nationalisme exalte la nation, mais ne la comprend pas.<\/strong> <strong>Les nationalistes sont donc incapables de produire une histoire v\u00e9ritable de la nation fran\u00e7aise<\/strong>.<\/p>\n<p>&nbsp;<\/p>\n<p>&nbsp;<\/p>\n<p>(&#8230;)<\/p>\n<p>&nbsp;<\/p>\n<p>&nbsp;<\/p>\n<p>Izvor: <a href=\"http:\/\/www.lexpress.fr\/culture\/livre\/patrick-boucheron-l-histoire-sert-a-defataliser-le-cours-du-temps_1933509.html\">http:\/\/www.lexpress.fr\/culture\/livre\/patrick-boucheron-l-histoire-sert-a-defataliser-le-cours-du-temps_1933509.html<\/a><\/p>\n<p>&nbsp;<\/p>\n<p>&nbsp;<\/p>\n<p>&nbsp;<\/p>\n","protected":false},"excerpt":{"rendered":"","protected":false},"author":2,"featured_media":5788,"comment_status":"open","ping_status":"open","sticky":false,"template":"","format":"standard","meta":{"_acf_changed":false,"jetpack_post_was_ever_published":false,"_jetpack_newsletter_access":"","_jetpack_dont_email_post_to_subs":false,"_jetpack_newsletter_tier_id":0,"_jetpack_memberships_contains_paywalled_content":false,"_jetpack_memberships_contains_paid_content":false,"footnotes":"","jetpack_publicize_message":"","jetpack_publicize_feature_enabled":true,"jetpack_social_post_already_shared":true,"jetpack_social_options":{"image_generator_settings":{"template":"highway","default_image_id":0,"font":"","enabled":false},"version":2}},"categories":[3,11],"tags":[],"class_list":["post-5787","post","type-post","status-publish","format-standard","has-post-thumbnail","hentry","category-novosti","category-rubrike"],"acf":{"facebook_opis":""},"jetpack_publicize_connections":[],"jetpack_featured_media_url":"https:\/\/i0.wp.com\/historiografija.hr\/wp-content\/uploads\/2017\/09\/patrick-boucheron.jpg?fit=1520%2C855&ssl=1","jetpack_sharing_enabled":true,"jetpack-related-posts":[{"id":52628,"url":"https:\/\/historiografija.hr\/?p=52628","url_meta":{"origin":5787,"position":0},"title":"Predavanje dopisnog \u010dlana HAZU Alaina Finkielkrauta Izrael, Europa, antisemitizam","author":"Branimir Jankovi\u0107","date":"23. travnja 2026.","format":false,"excerpt":"Francuski filozof Alain Finkielkraut, redoviti \u010dlan Francuske akademije i dopisni \u010dlan HAZU, odr\u017eat \u0107e predavanje\u00a0Izrael, Europa, antisemitizam u utorak 28. travnja 2026. u 13 sati u Knji\u017enici HAZU,\u00a0Strossmayerov trg 14 u Zagrebu. Uvodne rije\u010di odr\u017eat \u0107e\u00a0akademkinja \u017deljka \u010corak i\u00a0akademik Dra\u017een Katunari\u0107. Predavanje \u0107e se odr\u017eati na francuskom jeziku uz konsekutivno\u2026","rel":"","context":"U &quot;Novosti&quot;","block_context":{"text":"Novosti","link":"https:\/\/historiografija.hr\/?cat=3"},"img":{"alt_text":"","src":"https:\/\/i0.wp.com\/historiografija.hr\/wp-content\/uploads\/2026\/04\/Alain_Finkielkraut.jpg?fit=350%2C407&ssl=1&resize=350%2C200","width":350,"height":200},"classes":[]},{"id":52586,"url":"https:\/\/historiografija.hr\/?p=52586","url_meta":{"origin":5787,"position":1},"title":"Aur\u00e9lie Daher, \u201eHezbollah: Mobilisation and Power\u201c","author":"Branimir Jankovi\u0107","date":"22. travnja 2026.","format":false,"excerpt":"Morning Star \u2018Book of the Year\u2019 Social movement, liberation party or terrorist group? With Hezbollah\u2019s growing involvement in the war in Syria, this study of its impact on Lebanon, drawing heavily on first-hand interviews, could not be more timely. Description Almost forty years after its foundation, Hezbollah remains an enigma.\u2026","rel":"","context":"U &quot;Knjige&quot;","block_context":{"text":"Knjige","link":"https:\/\/historiografija.hr\/?cat=8"},"img":{"alt_text":"","src":"https:\/\/i0.wp.com\/historiografija.hr\/wp-content\/uploads\/2026\/04\/Daher-Hezbollah.jpg?fit=600%2C931&ssl=1&resize=350%2C200","width":350,"height":200,"srcset":"https:\/\/i0.wp.com\/historiografija.hr\/wp-content\/uploads\/2026\/04\/Daher-Hezbollah.jpg?fit=600%2C931&ssl=1&resize=350%2C200 1x, https:\/\/i0.wp.com\/historiografija.hr\/wp-content\/uploads\/2026\/04\/Daher-Hezbollah.jpg?fit=600%2C931&ssl=1&resize=525%2C300 1.5x"},"classes":[]},{"id":52664,"url":"https:\/\/historiografija.hr\/?p=52664","url_meta":{"origin":5787,"position":2},"title":"CfP: CONFERENCE OF THE HISTORY OF CONCEPTS GROUP, HELSINKI, 19TH\u201321ST AUGUST 2026 (DEADLINE: 30TH APRIL 2026)","author":"Branimir Jankovi\u0107","date":"24. travnja 2026.","format":false,"excerpt":"The annual conference of the History of Concepts Group is held at the University of Helsinki, 19-21 August 2026. Conference of the History of Concepts Group Conceptual history studies the use of concepts and tries to understand how historical actors have linguistically articulated views of the world. Studying concepts from\u2026","rel":"","context":"U &quot;Novosti&quot;","block_context":{"text":"Novosti","link":"https:\/\/historiografija.hr\/?cat=3"},"img":{"alt_text":"","src":"https:\/\/i0.wp.com\/historiografija.hr\/wp-content\/uploads\/2017\/10\/hsozkult.png?fit=1006%2C241&ssl=1&resize=350%2C200","width":350,"height":200,"srcset":"https:\/\/i0.wp.com\/historiografija.hr\/wp-content\/uploads\/2017\/10\/hsozkult.png?fit=1006%2C241&ssl=1&resize=350%2C200 1x, https:\/\/i0.wp.com\/historiografija.hr\/wp-content\/uploads\/2017\/10\/hsozkult.png?fit=1006%2C241&ssl=1&resize=525%2C300 1.5x, https:\/\/i0.wp.com\/historiografija.hr\/wp-content\/uploads\/2017\/10\/hsozkult.png?fit=1006%2C241&ssl=1&resize=700%2C400 2x"},"classes":[]}],"_links":{"self":[{"href":"https:\/\/historiografija.hr\/index.php?rest_route=\/wp\/v2\/posts\/5787","targetHints":{"allow":["GET"]}}],"collection":[{"href":"https:\/\/historiografija.hr\/index.php?rest_route=\/wp\/v2\/posts"}],"about":[{"href":"https:\/\/historiografija.hr\/index.php?rest_route=\/wp\/v2\/types\/post"}],"author":[{"embeddable":true,"href":"https:\/\/historiografija.hr\/index.php?rest_route=\/wp\/v2\/users\/2"}],"replies":[{"embeddable":true,"href":"https:\/\/historiografija.hr\/index.php?rest_route=%2Fwp%2Fv2%2Fcomments&post=5787"}],"version-history":[{"count":1,"href":"https:\/\/historiografija.hr\/index.php?rest_route=\/wp\/v2\/posts\/5787\/revisions"}],"predecessor-version":[{"id":5789,"href":"https:\/\/historiografija.hr\/index.php?rest_route=\/wp\/v2\/posts\/5787\/revisions\/5789"}],"wp:featuredmedia":[{"embeddable":true,"href":"https:\/\/historiografija.hr\/index.php?rest_route=\/wp\/v2\/media\/5788"}],"wp:attachment":[{"href":"https:\/\/historiografija.hr\/index.php?rest_route=%2Fwp%2Fv2%2Fmedia&parent=5787"}],"wp:term":[{"taxonomy":"category","embeddable":true,"href":"https:\/\/historiografija.hr\/index.php?rest_route=%2Fwp%2Fv2%2Fcategories&post=5787"},{"taxonomy":"post_tag","embeddable":true,"href":"https:\/\/historiografija.hr\/index.php?rest_route=%2Fwp%2Fv2%2Ftags&post=5787"}],"curies":[{"name":"wp","href":"https:\/\/api.w.org\/{rel}","templated":true}]}}