{"id":5745,"date":"2017-08-28T13:07:05","date_gmt":"2017-08-28T13:07:05","guid":{"rendered":"http:\/\/historiografija.hr\/?p=5745"},"modified":"2017-08-28T13:07:59","modified_gmt":"2017-08-28T13:07:59","slug":"workshop-islands-of-memory-hvar-august-31-september-1-2017","status":"publish","type":"post","link":"https:\/\/historiografija.hr\/?p=5745","title":{"rendered":"Workshop \u201cIslands of Memory\u201d (Hvar, August 31 &#8211; September 1, 2017)"},"content":{"rendered":"<p>Me\u0111unarodna radionica \u201cIslands of Memory\u201d odr\u017eat \u0107e se u Starom Gradu na Hvaru (31.VIII-1.IX.2017) \u2013 program u prilogu.<\/p>\n<p>&nbsp;<\/p>\n<p>&nbsp;<\/p>\n<p>&#8212;<\/p>\n<p>&nbsp;<\/p>\n<p>&nbsp;<\/p>\n<p>Workshop \u201cIslands of Memory\u201d<\/p>\n<p>&nbsp;<\/p>\n<p>&nbsp;<\/p>\n<p>Stari Grad, Hvar<\/p>\n<p>&nbsp;<\/p>\n<p>&nbsp;<\/p>\n<p>31.08. \u2013 02.09.1017<\/p>\n<p>&nbsp;<\/p>\n<p>&nbsp;<\/p>\n<p>Program<\/p>\n<p>&nbsp;<\/p>\n<p>&nbsp;<\/p>\n<p>Day 1: Movie Screening and Discusssion (Hotel Arkada, Stari Grad)<\/p>\n<p>&nbsp;<\/p>\n<p>&nbsp;<\/p>\n<p>17.00-18.00 Movie: Vila M\u00fcnz<\/p>\n<p>&nbsp;<\/p>\n<p>Discussion with director Naum Panovski (Poiesis Theatre Project, New York)<\/p>\n<p>&nbsp;<\/p>\n<p>&nbsp;<\/p>\n<p>Day 2: Workshop and Movie Screening (Croatia Hrvatski dom &#8211; \u010citaonica)<\/p>\n<p>&nbsp;<\/p>\n<p>&nbsp;<\/p>\n<p>9.15-9.45 Welcome and Opening<\/p>\n<p>&nbsp;<\/p>\n<p>Vjeran Pavlakovi\u0107 (University of Rijeka) &amp; Florian Bieber (University of Graz)<\/p>\n<p>&nbsp;<\/p>\n<p>&nbsp;<\/p>\n<p>9.45-10.45 Panel 1: Film and Literature on Islands<\/p>\n<p>&nbsp;<\/p>\n<p>Ana Devi\u0107 (University of Bologna): Yugoslav and Post-Yugoslav \u2018Island\u2019 Cinema: The Transnational Integrations and Their Remains<\/p>\n<p>&nbsp;<\/p>\n<p>Mirko Milivojevi\u0107 (Justus-Liebig University Giessen): Islands of memory and memories on islands: heterotopic images and conceptual figurations in (post-)Yugoslav films and literature<\/p>\n<p>&nbsp;<\/p>\n<p>&nbsp;<\/p>\n<p>10.45-11.15 Coffee Break<\/p>\n<p>&nbsp;<\/p>\n<p>&nbsp;<\/p>\n<p>11.15-13.15 Panel 2: Island Memories<\/p>\n<p>&nbsp;<\/p>\n<p>Bojan Aleksov (University College London): Forgotten Jewish War Experience on the island of Kor\u010dula<\/p>\n<p>&nbsp;<\/p>\n<p>Mateo Bratani\u0107 (University of Zadar): The Uses of the Collective Memory on the Island of Hvar (case studies of the Hvar People&#8217;s Uprising and Golden Age of Maritime Activity)<\/p>\n<p>&nbsp;<\/p>\n<p>Ljubica Knezevi\u0107 Cvelbar &amp; Tamara Pavasovi\u0107 Tro\u0161t (University of Ljubljana): Memorial Sites as Tourist Destinations in Post-Conflict Societies: The Case of the Commercialization of Goli Otok<\/p>\n<p>&nbsp;<\/p>\n<p>Vicko Mareli\u0107 (University of Vienna): The lion, the music and the drawbridge &#8211; winged monuments on the Curzolari islands<\/p>\n<p>&nbsp;<\/p>\n<p>&nbsp;<\/p>\n<p>14.30-15.30 Panel 3: Minorities as Islands<\/p>\n<p>&nbsp;<\/p>\n<p>Taylor McConnell (University of Edinburgh): Rising Waters: The increasing isolation of the Croatian Serb community in Eastern Slavonia<\/p>\n<p>&nbsp;<\/p>\n<p>Emilie Fort (Laval University): From mainland narratives to local reality: resonance and responsiveness of the Serbian enclaved population in Kosovo to the narratives from Serbia<\/p>\n<p>&nbsp;<\/p>\n<p>&nbsp;<\/p>\n<p>15.30-16.00 Coffee Break<\/p>\n<p>&nbsp;<\/p>\n<p>&nbsp;<\/p>\n<p>16.00-17.30 Panel 4: Imagined Islands of the Adriatic<\/p>\n<p>&nbsp;<\/p>\n<p>Davor Paukovi\u0107 (University of Dubrovnik): Commemorating Communist (Partisans) Crimes in Dubrovnik: A Case Study of Daksa<\/p>\n<p>&nbsp;<\/p>\n<p>Irena Sentevska (University of Arts, Belgrade): Remembering Haludovo: The Penthouse Years and What Came Later<\/p>\n<p>&nbsp;<\/p>\n<p>Nevenka Tromp (University of Amsterdam): ICTY Records as Islands of Memory: Serbia&#8217;s geopolitical designs for the Adriatic Coast and the fight for Dubrovnik, Zadar and Prevlaka<\/p>\n<p>&nbsp;<\/p>\n<p>&nbsp;<\/p>\n<p>17.30-17.45 Conclusion &amp; Wrap-up<\/p>\n<p>&nbsp;<\/p>\n<p>&nbsp;<\/p>\n<p>20.30 Movie Screening and Discussion<\/p>\n<p>&nbsp;<\/p>\n<p>&nbsp;<\/p>\n<p>Lordan Zafranovic (director) and Natasa Mi\u0161kovi\u0107 (University of Basel): &#8220;Pad Italije&#8221; as a Historical Review of War and Occupation in the Island of \u0160olta<\/p>\n<p>&nbsp;<\/p>\n<p>&nbsp;<\/p>\n<p>Movie: Pad Italije (114 min)<\/p>\n<p>&nbsp;<\/p>\n<p>&nbsp;<\/p>\n<p>Workshop convenors: Vjeran Pavlakovi\u0107 (University of Rijeka) and Florian Bieber (University of Graz).<\/p>\n<p>&nbsp;<\/p>\n<p>&nbsp;<\/p>\n<p>The workshop and movie screenings are open to public and all presentations will be held in English.<\/p>\n<p>&nbsp;<\/p>\n<p>&nbsp;<\/p>\n<p>For further questions contact Florian Bieber florian.bieber@uni-graz.at. See also <a href=\"http:\/\/www.suedosteuropa.uni-graz.at\/\">http:\/\/www.suedosteuropa.uni-graz.at\/<\/a><\/p>\n<p>&nbsp;<\/p>\n<p>&nbsp;<\/p>\n<p>&nbsp;<\/p>\n<p>Related file(s):<br \/>\n<a href=\"http:\/\/www.suedosteuropa.uni-graz.at\/sites\/default\/files\/event_attach\/Islands%20of%20Memory_draft%20programme%20080817.pdf\">http:\/\/www.suedosteuropa.uni-graz.at\/sites\/default\/files\/event_attach\/Islands%20of%20Memory_draft%20programme%20080817.pdf<\/a><\/p>\n<p>&nbsp;<\/p>\n<p><a href=\"http:\/\/www.suedosteuropa.uni-graz.at\/en\/event\/2017\/program-islands-memory\">http:\/\/www.suedosteuropa.uni-graz.at\/en\/event\/2017\/program-islands-memory<\/a><\/p>\n<p>&nbsp;<\/p>\n","protected":false},"excerpt":{"rendered":"","protected":false},"author":2,"featured_media":5746,"comment_status":"open","ping_status":"open","sticky":false,"template":"","format":"standard","meta":{"_acf_changed":false,"jetpack_post_was_ever_published":false,"_jetpack_newsletter_access":"","_jetpack_dont_email_post_to_subs":false,"_jetpack_newsletter_tier_id":0,"_jetpack_memberships_contains_paywalled_content":false,"_jetpack_memberships_contains_paid_content":false,"footnotes":"","jetpack_publicize_message":"","jetpack_publicize_feature_enabled":true,"jetpack_social_post_already_shared":true,"jetpack_social_options":{"image_generator_settings":{"template":"highway","default_image_id":0,"font":"","enabled":false},"version":2}},"categories":[3,9],"tags":[],"class_list":["post-5745","post","type-post","status-publish","format-standard","has-post-thumbnail","hentry","category-novosti","category-skupovi"],"acf":{"facebook_opis":""},"jetpack_publicize_connections":[],"jetpack_featured_media_url":"https:\/\/i0.wp.com\/historiografija.hr\/wp-content\/uploads\/2017\/08\/IMG_7920_0.jpg?fit=340%2C200&ssl=1","jetpack_sharing_enabled":true,"jetpack-related-posts":[{"id":52580,"url":"https:\/\/historiografija.hr\/?p=52580","url_meta":{"origin":5745,"position":0},"title":"Conference &#8220;Living in the aftermaths: Trauma, politics and survival in Yugoslavia and successor states, 1945 \u2013 present&#8221;","author":"Branimir Jankovi\u0107","date":"21. travnja 2026.","format":false,"excerpt":"The conference aims to explore how war-related psychological distress was experienced, narrated, debated and reframed in Yugoslavia in the second half of the twentieth century. It asks how the theme of wounded psyche and wartime suffering was addressed and acknowledged in political, psychiatric and broader cultural discourses of socialist Yugoslavia,\u2026","rel":"","context":"U &quot;Novosti&quot;","block_context":{"text":"Novosti","link":"https:\/\/historiografija.hr\/?cat=3"},"img":{"alt_text":"","src":"https:\/\/i0.wp.com\/historiografija.hr\/wp-content\/uploads\/2026\/04\/Battle_of_Neretva_Picasso_poster-Conference-Living-in-the-aftermaths.webp?fit=564%2C954&ssl=1&resize=350%2C200","width":350,"height":200,"srcset":"https:\/\/i0.wp.com\/historiografija.hr\/wp-content\/uploads\/2026\/04\/Battle_of_Neretva_Picasso_poster-Conference-Living-in-the-aftermaths.webp?fit=564%2C954&ssl=1&resize=350%2C200 1x, https:\/\/i0.wp.com\/historiografija.hr\/wp-content\/uploads\/2026\/04\/Battle_of_Neretva_Picasso_poster-Conference-Living-in-the-aftermaths.webp?fit=564%2C954&ssl=1&resize=525%2C300 1.5x"},"classes":[]},{"id":52516,"url":"https:\/\/historiografija.hr\/?p=52516","url_meta":{"origin":5745,"position":1},"title":"Marko Grde\u0161i\u0107, Mislav \u017ditko, \u201eSocialist Economics in Yugoslavia: A Critical History\u201c","author":"Branimir Jankovi\u0107","date":"17. travnja 2026.","format":false,"excerpt":"This book presents a critical history of Yugoslav socialist economics, from its inception in the late 1940s to its dissolution in the late 1980s. After the dramatic break with the Soviet Union in 1948, Yugoslavia found itself in urgent need of a third way: A socialist trajectory which would not\u2026","rel":"","context":"U &quot;Knjige&quot;","block_context":{"text":"Knjige","link":"https:\/\/historiografija.hr\/?cat=8"},"img":{"alt_text":"","src":"https:\/\/i0.wp.com\/historiografija.hr\/wp-content\/uploads\/2026\/04\/Zitko_Grdesic.jpg?fit=350%2C535&ssl=1&resize=350%2C200","width":350,"height":200},"classes":[]},{"id":52536,"url":"https:\/\/historiografija.hr\/?p=52536","url_meta":{"origin":5745,"position":2},"title":"Kader Abdolah, \u201ePrije nego \u0161to bude kasno\u201c","author":"Branimir Jankovi\u0107","date":"20. travnja 2026.","format":false,"excerpt":"Kader Abdolah \u017eeli se vratiti ku\u0107i. Ali povratak je nemogu\u0107: u Iranu bi bio uhap\u0161en. Pod la\u017enim imenom i s krivotvorenim paso\u0161em ipak uspijeva u\u0107i u domovinu i sti\u017ee do roditeljske ku\u0107e, visoko u planinama. Majka ga ne prepoznaje, otac je mrtav, a sve \u0161to je tra\u017eio izmi\u010de mu pred\u2026","rel":"","context":"U &quot;Novosti&quot;","block_context":{"text":"Novosti","link":"https:\/\/historiografija.hr\/?cat=3"},"img":{"alt_text":"","src":"https:\/\/i0.wp.com\/historiografija.hr\/wp-content\/uploads\/2026\/04\/Prije-nego-sto-bude-kasno.webp?fit=566%2C872&ssl=1&resize=350%2C200","width":350,"height":200,"srcset":"https:\/\/i0.wp.com\/historiografija.hr\/wp-content\/uploads\/2026\/04\/Prije-nego-sto-bude-kasno.webp?fit=566%2C872&ssl=1&resize=350%2C200 1x, https:\/\/i0.wp.com\/historiografija.hr\/wp-content\/uploads\/2026\/04\/Prije-nego-sto-bude-kasno.webp?fit=566%2C872&ssl=1&resize=525%2C300 1.5x"},"classes":[]},{"id":52641,"url":"https:\/\/historiografija.hr\/?p=52641","url_meta":{"origin":5745,"position":3},"title":"CfP: WHO OWNS THE PAST? VERNACULAR MEMORY, STATE MEMORY, AND THE POLITICS OF OWNERSHIP","author":"Branimir Jankovi\u0107","date":"24. travnja 2026.","format":false,"excerpt":"VIENNA, 31ST AUGUST\u20133RD SEPTEMBER 2026 (DEADLINE: 24TH APRIL 2026) The Center for Austrian Studies at the European Forum at the Hebrew University and the Austrian Academy of Sciences\/Institute of Culture Studies invite early postdocs, PhD candidates, and advanced Master\u2019s students from the Hebrew University of Jerusalem and universities and academic\u2026","rel":"","context":"U &quot;Novosti&quot;","block_context":{"text":"Novosti","link":"https:\/\/historiografija.hr\/?cat=3"},"img":{"alt_text":"","src":"https:\/\/i0.wp.com\/historiografija.hr\/wp-content\/uploads\/2017\/10\/hsozkult.png?fit=1006%2C241&ssl=1&resize=350%2C200","width":350,"height":200,"srcset":"https:\/\/i0.wp.com\/historiografija.hr\/wp-content\/uploads\/2017\/10\/hsozkult.png?fit=1006%2C241&ssl=1&resize=350%2C200 1x, https:\/\/i0.wp.com\/historiografija.hr\/wp-content\/uploads\/2017\/10\/hsozkult.png?fit=1006%2C241&ssl=1&resize=525%2C300 1.5x, https:\/\/i0.wp.com\/historiografija.hr\/wp-content\/uploads\/2017\/10\/hsozkult.png?fit=1006%2C241&ssl=1&resize=700%2C400 2x"},"classes":[]},{"id":52619,"url":"https:\/\/historiografija.hr\/?p=52619","url_meta":{"origin":5745,"position":4},"title":"Predavanje \u0110ur\u0111ice Vitkovi\u0107 &#8220;Izme\u0111u pera i objektiva: Zagorka i Foto Tonka&#8221;","author":"Branimir Jankovi\u0107","date":"23. travnja 2026.","format":false,"excerpt":"Memorijalni stan Marije Juri\u0107 Zagorke poziva Vas na predavanje \u0110ur\u0111ice Vitkovi\u0107 \u201eIzme\u0111u pera i objektiva: Zagorka i Foto Tonka\u201c koje \u0107e se odr\u017eati u utorak, 28. travnja 2026. s po\u010detkom u 18 h u sklopu Ciklusa predavanja u Memorijalnom stanu Marije Juri\u0107 Zagorke. Kako su se susrele knji\u017eevnost i fotografija\u2026","rel":"","context":"U &quot;Novosti&quot;","block_context":{"text":"Novosti","link":"https:\/\/historiografija.hr\/?cat=3"},"img":{"alt_text":"","src":"https:\/\/i0.wp.com\/historiografija.hr\/wp-content\/uploads\/2024\/11\/Zagorka_ciklus.jpg?fit=1200%2C1006&ssl=1&resize=350%2C200","width":350,"height":200,"srcset":"https:\/\/i0.wp.com\/historiografija.hr\/wp-content\/uploads\/2024\/11\/Zagorka_ciklus.jpg?fit=1200%2C1006&ssl=1&resize=350%2C200 1x, https:\/\/i0.wp.com\/historiografija.hr\/wp-content\/uploads\/2024\/11\/Zagorka_ciklus.jpg?fit=1200%2C1006&ssl=1&resize=525%2C300 1.5x, https:\/\/i0.wp.com\/historiografija.hr\/wp-content\/uploads\/2024\/11\/Zagorka_ciklus.jpg?fit=1200%2C1006&ssl=1&resize=700%2C400 2x, https:\/\/i0.wp.com\/historiografija.hr\/wp-content\/uploads\/2024\/11\/Zagorka_ciklus.jpg?fit=1200%2C1006&ssl=1&resize=1050%2C600 3x"},"classes":[]},{"id":52528,"url":"https:\/\/historiografija.hr\/?p=52528","url_meta":{"origin":5745,"position":5},"title":"[Promocija knjige] Banja Luka u ratu: Etnopolitika i svakodnevica (1990\u20131995) (ActiveLab, YugoLab)","author":"Branimir Jankovi\u0107","date":"17. travnja 2026.","format":false,"excerpt":"Institut za filozofiju i dru\u0161tvenu teoriju i O\u0161tra Nula organizuju promociju knjige Banja Luka u ratu: Etnopolitika i svakodnevica (1990\u20131995) autorke Armine Galija\u0161, koja \u0107e se odr\u017eati 20. aprila 2026. u 12.00 sati u prostorijama Instituta (Kraljice Natalije 45, Beograd). Re\u010d je o prvom nau\u010dno utemeljenom i sistematskom radu koji\u2026","rel":"","context":"U &quot;Novosti&quot;","block_context":{"text":"Novosti","link":"https:\/\/historiografija.hr\/?cat=3"},"img":{"alt_text":"","src":"https:\/\/i0.wp.com\/historiografija.hr\/wp-content\/uploads\/2026\/04\/20-april-RS.jpg?fit=1200%2C675&ssl=1&resize=350%2C200","width":350,"height":200,"srcset":"https:\/\/i0.wp.com\/historiografija.hr\/wp-content\/uploads\/2026\/04\/20-april-RS.jpg?fit=1200%2C675&ssl=1&resize=350%2C200 1x, https:\/\/i0.wp.com\/historiografija.hr\/wp-content\/uploads\/2026\/04\/20-april-RS.jpg?fit=1200%2C675&ssl=1&resize=525%2C300 1.5x, https:\/\/i0.wp.com\/historiografija.hr\/wp-content\/uploads\/2026\/04\/20-april-RS.jpg?fit=1200%2C675&ssl=1&resize=700%2C400 2x, https:\/\/i0.wp.com\/historiografija.hr\/wp-content\/uploads\/2026\/04\/20-april-RS.jpg?fit=1200%2C675&ssl=1&resize=1050%2C600 3x"},"classes":[]}],"_links":{"self":[{"href":"https:\/\/historiografija.hr\/index.php?rest_route=\/wp\/v2\/posts\/5745","targetHints":{"allow":["GET"]}}],"collection":[{"href":"https:\/\/historiografija.hr\/index.php?rest_route=\/wp\/v2\/posts"}],"about":[{"href":"https:\/\/historiografija.hr\/index.php?rest_route=\/wp\/v2\/types\/post"}],"author":[{"embeddable":true,"href":"https:\/\/historiografija.hr\/index.php?rest_route=\/wp\/v2\/users\/2"}],"replies":[{"embeddable":true,"href":"https:\/\/historiografija.hr\/index.php?rest_route=%2Fwp%2Fv2%2Fcomments&post=5745"}],"version-history":[{"count":2,"href":"https:\/\/historiografija.hr\/index.php?rest_route=\/wp\/v2\/posts\/5745\/revisions"}],"predecessor-version":[{"id":5748,"href":"https:\/\/historiografija.hr\/index.php?rest_route=\/wp\/v2\/posts\/5745\/revisions\/5748"}],"wp:featuredmedia":[{"embeddable":true,"href":"https:\/\/historiografija.hr\/index.php?rest_route=\/wp\/v2\/media\/5746"}],"wp:attachment":[{"href":"https:\/\/historiografija.hr\/index.php?rest_route=%2Fwp%2Fv2%2Fmedia&parent=5745"}],"wp:term":[{"taxonomy":"category","embeddable":true,"href":"https:\/\/historiografija.hr\/index.php?rest_route=%2Fwp%2Fv2%2Fcategories&post=5745"},{"taxonomy":"post_tag","embeddable":true,"href":"https:\/\/historiografija.hr\/index.php?rest_route=%2Fwp%2Fv2%2Ftags&post=5745"}],"curies":[{"name":"wp","href":"https:\/\/api.w.org\/{rel}","templated":true}]}}